{"id":18082,"date":"2022-02-04T21:48:43","date_gmt":"2022-02-04T20:48:43","guid":{"rendered":"https:\/\/www.newsendip.com\/?p=18082"},"modified":"2023-09-05T17:13:39","modified_gmt":"2023-09-05T15:13:39","slug":"les-reformes-sur-lelectricite-au-mexique-entre-debat-dans-le-pays-et-inquietudes-aux-etats-unis","status":"publish","type":"post","link":"https:\/\/www.newsendip.com\/fr\/les-reformes-sur-lelectricite-au-mexique-entre-debat-dans-le-pays-et-inquietudes-aux-etats-unis\/","title":{"rendered":"Les r\u00e9formes sur l\u2019\u00e9lectricit\u00e9 au Mexique, entre d\u00e9bat dans le pays et inqui\u00e9tudes aux \u00c9tats-Unis"},"content":{"rendered":"<p><strong>Le pr\u00e9sident mexicain Andr\u00e9s Manuel Lopez Obrador souhaite une r\u00e9forme constitutionnelle sur l\u2019\u00e9lectricit\u00e9 mais le secteur priv\u00e9 et les \u00c9tats-Unis s\u2019inqui\u00e8tent du pouvoir accru de l\u2019\u00c9tat.<br>\n<\/strong><\/p>\n<figure id=\"attachment_14026\" aria-describedby=\"caption-attachment-14026\" style=\"width: 1024px\" class=\"wp-caption aligncenter\"><img decoding=\"async\" class=\"size-large wp-image-14026\" src=\"https:\/\/www.newsendip.com\/wp-content\/uploads\/2022\/02\/electricity-power-grid-mexico-1024x576.webp\" alt=\"Pyl\u00f4ne \u00e9lectrique\" width=\"1024\" height=\"576\" srcset=\"https:\/\/www.newsendip.com\/wp-content\/uploads\/2022\/02\/electricity-power-grid-mexico-1024x576.webp 1024w, https:\/\/www.newsendip.com\/wp-content\/uploads\/2022\/02\/electricity-power-grid-mexico-60x34.webp 60w, https:\/\/www.newsendip.com\/wp-content\/uploads\/2022\/02\/electricity-power-grid-mexico-300x169.webp 300w, https:\/\/www.newsendip.com\/wp-content\/uploads\/2022\/02\/electricity-power-grid-mexico-768x432.webp 768w, https:\/\/www.newsendip.com\/wp-content\/uploads\/2022\/02\/electricity-power-grid-mexico-1536x864.webp 1536w, https:\/\/www.newsendip.com\/wp-content\/uploads\/2022\/02\/electricity-power-grid-mexico.webp 1920w\" sizes=\"(max-width: 1024px) 100vw, 1024px\"><figcaption id=\"caption-attachment-14026\" class=\"wp-caption-text\">\u00a9 draoomx<\/figcaption><\/figure>\n<p>Le pr\u00e9sident de gauche du Mexique Andr\u00e9s Manuel L\u00f3pez Obrador, \u00e9galement connu sous le nom d\u2019AMLO, veut <strong>accro\u00eetre la souverainet\u00e9 \u00e9nerg\u00e9tique du Mexique<\/strong>. \u00c0 ce titre, il pr\u00e9voit de r\u00e9former l\u2019industrie \u00e9lectrique mexicaine en renfor\u00e7ant les positions sur le march\u00e9 de la Commission f\u00e9d\u00e9rale de l\u2019\u00e9lectricit\u00e9 (CFE), l\u2019entreprise d\u2019\u00e9lectricit\u00e9 publique.<\/p>\n<p>Le projet de loi pr\u00e9sent\u00e9 en septembre dernier \u00e0 la Chambre des d\u00e9put\u00e9s proposait de revenir partiellement sur la lib\u00e9ralisation de l\u2019\u00e9lectricit\u00e9 mexicaine.<\/p>\n<p>Son pr\u00e9d\u00e9cesseur lib\u00e9ral \u00e0 la t\u00eate du Mexique Enrique Pe\u00f1a Nieto avait proc\u00e9d\u00e9 \u00e0 une pr\u00e9c\u00e9dente r\u00e9forme en 2013. \u00ab\u202f<em>Nous essayons de r\u00e9parer les dommages caus\u00e9s par la soi-disant r\u00e9forme \u00e9nerg\u00e9tique et de reprendre le contr\u00f4le des prix de l\u2019\u00e9nergie<\/em>\u202f\u00bb, a <a href=\"#post-bottom-source\">d\u00e9clar\u00e9 AMLO<\/a> en octobre.<\/p>\n<p>Si le changement constitutionnel est approuv\u00e9, la CFE contr\u00f4lerait <strong>56% de la r\u00e9partition de l\u2019\u00e9lectricit\u00e9 dans le pays au lieu des 38% actuels<\/strong>. L\u2019\u00c9tat mexicain deviendrait l\u2019acteur majoritaire.<\/p>\n<p>Le Centre national de contr\u00f4le de l\u2019\u00e9nergie (Cenace), qui contr\u00f4le les tarifs de l\u2019\u00e9lectricit\u00e9, serait int\u00e9gr\u00e9 \u00e0 la CFE. Les autres r\u00e9gulateurs ind\u00e9pendants de l\u2019\u00e9nergie dispara\u00eetraient \u00e9galement. Et le Mexique conserverait le monopole de l\u2019extraction du lithium, excluant l\u2019octroi de concessions \u00e0 des entreprises priv\u00e9es.<\/p>\n<p>Les experts ne s\u2019accordent pas sur la question de savoir si le prix de l\u2019\u00e9lectricit\u00e9 pour les Mexicains augmentera ou diminuera avec la r\u00e9forme.<\/p>\n<p>Le d\u00e9bat est intense parmi les politiques mexicains et entre les acteurs de l\u2019industrie de l\u2019\u00e9nergie, car <strong>deux visions de l\u2019\u00e9conomie s\u2019opposent<\/strong>.<\/p>\n<p>Pour Carlos Salazar Lomel\u00edn, pr\u00e9sident du plus grand organe de repr\u00e9sentation des entreprises, la lib\u00e9ralisation du secteur de l\u2019\u00e9nergie le rend plus dynamique.<\/p>\n<h2>Le lobbying des entreprises contre la r\u00e9forme de l\u2019\u00e9lectricit\u00e9 du Mexique<\/h2>\n<p>Mais <a href=\"https:\/\/www.infobae.com\/america\/mexico\/2022\/02\/04\/reforma-electrica-fox-acuso-a-ken-salazar-de-intervenir-en-la-politica-mexicana\/\">il estime<\/a> que la r\u00e9forme ram\u00e8nerait le secteur de l\u2019\u00e9lectricit\u00e9 aux ann\u00e9es 1960&nbsp;: \u00ab\u202f<em>Notre pays a beaucoup chang\u00e9 au cours des derni\u00e8res d\u00e9cennies. Nous avons aujourd\u2019hui une \u00e9conomie moderne, ouverte au commerce et aux investissements du monde entier, et nous aspirons \u00e0 devenir l\u2019un des plus grands pays du monde.<\/em>\u202f\u00bb La r\u00e9forme donnerait un mauvais signal \u00e0 l\u2019investissement priv\u00e9, les entreprises mettant en pause plusieurs projets pour voir comment les choses vont se d\u00e9rouler.<\/p>\n<p>Pour Miguel Reyes Hern\u00e1ndez, directeur g\u00e9n\u00e9ral de CFE, le secteur priv\u00e9 vole l\u2019argent public et b\u00e9n\u00e9ficie de 490 milliards de pesos (23,6 milliards de dollars) de subventions.<\/p>\n<p>Les opposants \u00e0 la r\u00e9forme d\u2019AMLO affirment que cela ferait fuir les investissements priv\u00e9s et<strong> ralentirait la modernisation du secteur<\/strong>, notamment dans le domaine des <a href=\"https:\/\/www.newsendip.com\/fr\/la-norvege-et-le-dilemme-entre-exporter-son-electricite-offshore-et-privilegier-sa-population\/\">\u00e9nergies renouvelables<\/a>.<!--more--><\/p>\n<p>De l\u2019autre c\u00f4t\u00e9, le gouvernement avance que ce changement est dans l\u2019int\u00e9r\u00eat de la population et qu\u2019il fournira des prix plus justes aux Mexicains. En r\u00e9duisant le pouvoir des entreprises priv\u00e9es, il r\u00e9duirait \u00e9galement la corruption et la fraude.<\/p>\n<p>Depuis 2013, davantage d\u2019entreprises comme le distributeur, embouteilleur et brasseur Femsa, ont obtenu des permis d\u2019auto-approvisionnement pour produire leur propre \u00e9lectricit\u00e9 et devenir plus ind\u00e9pendant du r\u00e9seau \u00e9lectrique. Mais pour la <a href=\"https:\/\/www.uni2noticias.com\/ni-un-tornillo-rocio-nahle-asegura-que-no-habra-expropiacion-con-reforma-electrica\/\">ministre de l\u2019\u00c9nergie Roc\u00edo Nahle<\/a>, certaines entreprises vendent leur \u00e9lectricit\u00e9 et utilisent le r\u00e9seau de la CFE pour la distribuer sans payer, cr\u00e9ant un march\u00e9 parall\u00e8le ill\u00e9gal et de l\u2019instabilit\u00e9 dans le <a href=\"https:\/\/www.newsendip.com\/fr\/la-turquie-a-t-elle-vraiment-economise-de-lelectricite-en-supprimant-lheure-dete\/\">r\u00e9seau \u00e9lectrique<\/a>.<\/p>\n<p>La pr\u00e9sence accrue de l\u2019\u00c9tat mexicain sur le march\u00e9 de l\u2019\u00e9lectricit\u00e9 inqui\u00e8te \u00e9galement les \u00c9tats-Unis. Elle ne donne pas un signal rassurant pour les investissements des entreprises am\u00e9ricaines du secteur de l\u2019\u00e9nergie.<\/p>\n<p>Comme pr\u00e9c\u00e9dent marquant, le Mexique avait d\u00e9cid\u00e9 de nationaliser tout le p\u00e9trole mexicain et a expropri\u00e9 les entreprises am\u00e9ricaines et britanniques op\u00e9rant dans le pays en&nbsp;1938.<\/p>\n<p>Plusieurs l\u00e9gislateurs r\u00e9publicains ont demand\u00e9 que l\u2019<strong>administration am\u00e9ricaine mette un terme \u00e0 la r\u00e9forme mexicaine<\/strong>. La Chambre de commerce am\u00e9ricaine a affirm\u00e9 qu\u2019elle violerait les <a href=\"https:\/\/www.newsendip.com\/fr\/le-canada-defend-son-industrie-automobile-contre-les-credits-dimpot-americains-pour-les-vehicules-electriques\/\">accords commerciaux nord-am\u00e9ricains<\/a>, fausserait la libre concurrence et <strong>d\u00e9favoriserait les entreprises am\u00e9ricaines au Mexique<\/strong>.<\/p>\n<p>La CFE a r\u00e9pondu que les changements n\u2019affecteraient pas les accords internationaux ou l\u2019approvisionnement en \u00e9lectricit\u00e9.<\/p>\n<h2>Incertitudes environnementales concernant l\u2019approvisionnement en \u00e9lectricit\u00e9<\/h2>\n<p>L\u2019\u00e9lectricit\u00e9 fournie aux Mexicains pourrait \u00e9galement devenir plus polluante, un autre argument avanc\u00e9 contre AMLO.<\/p>\n<p><a href=\"https:\/\/www.greenpeace.org\/mexico\/noticia\/49342\/combustoleo-y-carbon-los-combustibles-mas-contaminantes-los-preferidos-de-la-reforma-electrica\/\">Greenpeace Mexique<\/a> estime que les r\u00e9formes de l\u2019\u00e9nergie augmenteraient l\u2019utilisation du p\u00e9trole et du charbon. Le ministre de l\u2019\u00e9nergie affirme que seulement 3\u202f% de l\u2019\u00e9lectricit\u00e9 au Mexique provient du charbon, soit beaucoup moins qu\u2019aux \u00c9tats-Unis.<\/p>\n<p>En novembre, un document non finalis\u00e9 du National Renewable Energy Laboratory (NREL) du minist\u00e8re am\u00e9ricain de l\u2019\u00e9nergie montrait que la r\u00e9forme pourrait entra\u00eener une augmentation de 26\u202f% \u00e0 65\u202f% des \u00e9missions de carbone au Mexique, une hausse des co\u00fbts de production d\u2019\u00e9lectricit\u00e9 et des <a href=\"https:\/\/www.newsendip.com\/fr\/ladministration-argentine-invitee-a-teletravailler-pour-eviter-une-nouvelle-panne-delectricite\/\">coupures de courant<\/a> plus fr\u00e9quentes. Les dirigeants mexicains ont contest\u00e9 ces conclusions en affirmant que d\u2019ancienne donn\u00e9es avaient \u00e9t\u00e9 utilis\u00e9es.<\/p>\n<p>Mais le <a href=\"#post-bottom-source\">NREL a publi\u00e9 en janvier<\/a> un rapport selon lequel les <strong>co\u00fbts de production de l\u2019\u00e9lectricit\u00e9 augmenteraient de 32\u202f% \u00e0 53\u202f% selon diff\u00e9rents sc\u00e9narios<\/strong>. Cela g\u00e9n\u00e9rerait davantage d\u2019<strong>\u00e9missions de gaz \u00e0 effet de serre<\/strong> et entra\u00eenerait une <strong>plus grande consommation de combustibles fossiles<\/strong>, notamment avec une hausse consid\u00e9rable de l\u2019utilisation de&nbsp;fioul.<\/p>\n<p>Pour augmenter sa capacit\u00e9 de production, la CFE utiliserait du fioul, un r\u00e9sidu de p\u00e9trole brut raffin\u00e9. Cette solution charg\u00e9e en carbone serait utilis\u00e9e pour produire de l\u2019\u00e9lectricit\u00e9. Cela aggraverait l\u2019empreinte carbone du Mexique mais, d\u2019un autre c\u00f4t\u00e9, cela pourrait aider PEMEX, la compagnie p\u00e9troli\u00e8re publique mexicaine, \u00e0 \u00e9liminer ses d\u00e9chets.<\/p>\n<p>La <a href=\"#post-bottom-source\">secr\u00e9taire am\u00e9ricaine \u00e0 l\u2019\u00e9nergie<\/a>, Jennifer Granholm, s\u2019est rendue au Mexique et a rencontr\u00e9 le pr\u00e9sident mexicain en janvier. Au cours de son voyage, elle a \u00ab\u202f<em><strong>express\u00e9ment fait part des r\u00e9elles pr\u00e9occupations de l\u2019administration Biden-Harris quant \u00e0 l\u2019impact potentiellement n\u00e9gatif des r\u00e9formes de l\u2019\u00e9nergie<\/strong> propos\u00e9es par le Mexique sur les investissements priv\u00e9s am\u00e9ricains au Mexique. La r\u00e9forme propos\u00e9e pourrait \u00e9galement entraver les efforts conjoints des \u00c9tats-Unis et du Mexique en mati\u00e8re d\u2019\u00e9nergie propre et de climat<\/em>\u202f\u00bb, a d\u00e9clar\u00e9 Jennifer Granholm dans un communiqu\u00e9 le 21 janvier.<\/p>\n<p>La r\u00e9forme doit \u00eatre approuv\u00e9e par deux tiers des membres du Congr\u00e8s et du S\u00e9nat. Le processus l\u00e9gislatif devrait s\u2019achever au Congr\u00e8s en avril&nbsp;2022.<\/p>\n<p><em>Mise \u00e0 jour&nbsp;: la r\u00e9forme fut rejet\u00e9e.<\/em><\/p>\n<p><a href=\"https:\/\/www.newsendip.com\/fr\/etiquette\/mexique\/\"><strong>D\u00e9couvrez plus d\u2019actualit\u00e9s sur le Mexique<\/strong><\/a><\/p>\n","protected":false},"excerpt":{"rendered":"<p>Le pr\u00e9sident mexicain Andr\u00e9s Manuel Lopez Obrador souhaite une r\u00e9forme constitutionnelle sur l\u2019\u00e9lectricit\u00e9 mais le secteur priv\u00e9 et les \u00c9tats-Unis s\u2019inqui\u00e8tent du pouvoir accru de l\u2019\u00c9tat.<\/p>\n","protected":false},"author":1,"featured_media":14026,"comment_status":"closed","ping_status":"closed","sticky":false,"template":"","format":"standard","meta":{"wp_typography_post_enhancements_disabled":false,"footnotes":""},"categories":[414],"tags":[419,421],"class_list":["post-18082","post","type-post","status-publish","format-standard","has-post-thumbnail","hentry","category-economie","tag-mexique","tag-vieux"],"yoast_head":"<!-- This site is optimized with the Yoast SEO Premium plugin v27.4 (Yoast SEO v27.4) - https:\/\/yoast.com\/product\/yoast-seo-premium-wordpress\/ -->\n<title>Les r\u00e9formes sur l&#039;\u00e9lectricit\u00e9 au Mexique, entre d\u00e9bat dans le pays et inqui\u00e9tudes aux \u00c9tats-Unis<\/title>\n<meta name=\"description\" content=\"Le pr\u00e9sident mexicain Andr\u00e9s Manuel Lopez Obrador souhaite une r\u00e9forme constitutionnelle sur l&#039;\u00e9lectricit\u00e9 mais le secteur priv\u00e9 et les \u00c9tats-Unis s&#039;inqui\u00e8tent du pouvoir accru de l&#039;\u00c9tat.\" \/>\n<meta name=\"robots\" content=\"index, follow, max-snippet:-1, max-image-preview:large, max-video-preview:-1\" \/>\n<link rel=\"canonical\" href=\"https:\/\/www.newsendip.com\/fr\/les-reformes-sur-lelectricite-au-mexique-entre-debat-dans-le-pays-et-inquietudes-aux-etats-unis\/\" \/>\n<meta property=\"og:locale\" content=\"fr_FR\" \/>\n<meta property=\"og:type\" content=\"article\" \/>\n<meta property=\"og:title\" content=\"Les r\u00e9formes sur l&#039;\u00e9lectricit\u00e9 au Mexique, entre d\u00e9bat dans le pays et inqui\u00e9tudes aux \u00c9tats-Unis\" \/>\n<meta property=\"og:description\" content=\"Le pr\u00e9sident mexicain Andr\u00e9s Manuel Lopez Obrador souhaite une r\u00e9forme constitutionnelle sur l&#039;\u00e9lectricit\u00e9 mais le secteur priv\u00e9 et les \u00c9tats-Unis s&#039;inqui\u00e8tent du pouvoir accru de l&#039;\u00c9tat.\" \/>\n<meta property=\"og:url\" content=\"https:\/\/www.newsendip.com\/fr\/les-reformes-sur-lelectricite-au-mexique-entre-debat-dans-le-pays-et-inquietudes-aux-etats-unis\/\" \/>\n<meta property=\"og:site_name\" content=\"Newsendip\" \/>\n<meta property=\"article:publisher\" content=\"https:\/\/www.facebook.com\/newsendip\" \/>\n<meta property=\"article:published_time\" content=\"2022-02-04T20:48:43+00:00\" \/>\n<meta property=\"article:modified_time\" content=\"2023-09-05T15:13:39+00:00\" \/>\n<meta property=\"og:image\" content=\"https:\/\/www.newsendip.com\/wp-content\/uploads\/2022\/02\/electricity-power-grid-mexico-progressive.jpeg\" \/>\n\t<meta property=\"og:image:width\" content=\"1920\" \/>\n\t<meta property=\"og:image:height\" content=\"1080\" \/>\n\t<meta property=\"og:image:type\" content=\"image\/jpeg\" \/>\n<meta name=\"author\" content=\"Cl\u00e9ment V\u00e9rit\u00e9\" \/>\n<meta name=\"twitter:card\" content=\"summary_large_image\" \/>\n<meta name=\"twitter:image\" content=\"https:\/\/www.newsendip.com\/wp-content\/uploads\/2022\/02\/electricity-power-grid-mexico-progressive.jpeg\" \/>\n<meta name=\"twitter:creator\" content=\"@https:\/\/twitter.com\/cverite\" \/>\n<meta name=\"twitter:site\" content=\"@newsendip\" \/>\n<meta name=\"twitter:label1\" content=\"\u00c9crit par\" \/>\n\t<meta name=\"twitter:data1\" content=\"Cl\u00e9ment V\u00e9rit\u00e9\" \/>\n\t<meta name=\"twitter:label2\" content=\"Dur\u00e9e de lecture estim\u00e9e\" \/>\n\t<meta name=\"twitter:data2\" content=\"5 minutes\" \/>\n<!-- \/ Yoast SEO Premium plugin. -->","yoast_head_json":{"title":"Les r\u00e9formes sur l'\u00e9lectricit\u00e9 au Mexique, entre d\u00e9bat dans le pays et inqui\u00e9tudes aux \u00c9tats-Unis","description":"Le pr\u00e9sident mexicain Andr\u00e9s Manuel Lopez Obrador souhaite une r\u00e9forme constitutionnelle sur l'\u00e9lectricit\u00e9 mais le secteur priv\u00e9 et les \u00c9tats-Unis s'inqui\u00e8tent du pouvoir accru de l'\u00c9tat.","robots":{"index":"index","follow":"follow","max-snippet":"max-snippet:-1","max-image-preview":"max-image-preview:large","max-video-preview":"max-video-preview:-1"},"canonical":"https:\/\/www.newsendip.com\/fr\/les-reformes-sur-lelectricite-au-mexique-entre-debat-dans-le-pays-et-inquietudes-aux-etats-unis\/","og_locale":"fr_FR","og_type":"article","og_title":"Les r\u00e9formes sur l'\u00e9lectricit\u00e9 au Mexique, entre d\u00e9bat dans le pays et inqui\u00e9tudes aux \u00c9tats-Unis","og_description":"Le pr\u00e9sident mexicain Andr\u00e9s Manuel Lopez Obrador souhaite une r\u00e9forme constitutionnelle sur l'\u00e9lectricit\u00e9 mais le secteur priv\u00e9 et les \u00c9tats-Unis s'inqui\u00e8tent du pouvoir accru de l'\u00c9tat.","og_url":"https:\/\/www.newsendip.com\/fr\/les-reformes-sur-lelectricite-au-mexique-entre-debat-dans-le-pays-et-inquietudes-aux-etats-unis\/","og_site_name":"Newsendip","article_publisher":"https:\/\/www.facebook.com\/newsendip","article_published_time":"2022-02-04T20:48:43+00:00","article_modified_time":"2023-09-05T15:13:39+00:00","og_image":[{"width":1920,"height":1080,"url":"https:\/\/www.newsendip.com\/wp-content\/uploads\/2022\/02\/electricity-power-grid-mexico-progressive.jpeg","type":"image\/jpeg"}],"author":"Cl\u00e9ment V\u00e9rit\u00e9","twitter_card":"summary_large_image","twitter_image":"https:\/\/www.newsendip.com\/wp-content\/uploads\/2022\/02\/electricity-power-grid-mexico-progressive.jpeg","twitter_creator":"@https:\/\/twitter.com\/cverite","twitter_site":"@newsendip","twitter_misc":{"\u00c9crit par":"Cl\u00e9ment V\u00e9rit\u00e9","Dur\u00e9e de lecture estim\u00e9e":"5 minutes"},"schema":{"@context":"https:\/\/schema.org","@graph":[{"@type":"NewsArticle","@id":"https:\/\/www.newsendip.com\/fr\/les-reformes-sur-lelectricite-au-mexique-entre-debat-dans-le-pays-et-inquietudes-aux-etats-unis\/#article","isPartOf":{"@id":"https:\/\/www.newsendip.com\/fr\/les-reformes-sur-lelectricite-au-mexique-entre-debat-dans-le-pays-et-inquietudes-aux-etats-unis\/"},"author":{"name":"Cl\u00e9ment V\u00e9rit\u00e9","@id":"https:\/\/www.newsendip.com\/fr\/#\/schema\/person\/ea22c01755f464a3cbc2c619584d6363"},"headline":"Les r\u00e9formes sur l\u2019\u00e9lectricit\u00e9 au Mexique, entre d\u00e9bat dans le pays et inqui\u00e9tudes aux \u00c9tats-Unis","datePublished":"2022-02-04T20:48:43+00:00","dateModified":"2023-09-05T15:13:39+00:00","mainEntityOfPage":{"@id":"https:\/\/www.newsendip.com\/fr\/les-reformes-sur-lelectricite-au-mexique-entre-debat-dans-le-pays-et-inquietudes-aux-etats-unis\/"},"wordCount":1202,"publisher":{"@id":"https:\/\/www.newsendip.com\/fr\/#organization"},"image":{"@id":"https:\/\/www.newsendip.com\/fr\/les-reformes-sur-lelectricite-au-mexique-entre-debat-dans-le-pays-et-inquietudes-aux-etats-unis\/#primaryimage"},"thumbnailUrl":"https:\/\/www.newsendip.com\/wp-content\/uploads\/2022\/02\/electricity-power-grid-mexico.webp","keywords":["Mexique","Vieux"],"articleSection":["\u00c9conomie"],"inLanguage":"fr-FR","copyrightYear":"2022","copyrightHolder":{"@id":"https:\/\/www.newsendip.com\/#organization"}},{"@type":"WebPage","@id":"https:\/\/www.newsendip.com\/fr\/les-reformes-sur-lelectricite-au-mexique-entre-debat-dans-le-pays-et-inquietudes-aux-etats-unis\/","url":"https:\/\/www.newsendip.com\/fr\/les-reformes-sur-lelectricite-au-mexique-entre-debat-dans-le-pays-et-inquietudes-aux-etats-unis\/","name":"Les r\u00e9formes sur l'\u00e9lectricit\u00e9 au Mexique, entre d\u00e9bat dans le pays et inqui\u00e9tudes aux \u00c9tats-Unis","isPartOf":{"@id":"https:\/\/www.newsendip.com\/fr\/#website"},"primaryImageOfPage":{"@id":"https:\/\/www.newsendip.com\/fr\/les-reformes-sur-lelectricite-au-mexique-entre-debat-dans-le-pays-et-inquietudes-aux-etats-unis\/#primaryimage"},"image":{"@id":"https:\/\/www.newsendip.com\/fr\/les-reformes-sur-lelectricite-au-mexique-entre-debat-dans-le-pays-et-inquietudes-aux-etats-unis\/#primaryimage"},"thumbnailUrl":"https:\/\/www.newsendip.com\/wp-content\/uploads\/2022\/02\/electricity-power-grid-mexico.webp","datePublished":"2022-02-04T20:48:43+00:00","dateModified":"2023-09-05T15:13:39+00:00","description":"Le pr\u00e9sident mexicain Andr\u00e9s Manuel Lopez Obrador souhaite une r\u00e9forme constitutionnelle sur l'\u00e9lectricit\u00e9 mais le secteur priv\u00e9 et les \u00c9tats-Unis s'inqui\u00e8tent du pouvoir accru de l'\u00c9tat.","breadcrumb":{"@id":"https:\/\/www.newsendip.com\/fr\/les-reformes-sur-lelectricite-au-mexique-entre-debat-dans-le-pays-et-inquietudes-aux-etats-unis\/#breadcrumb"},"inLanguage":"fr-FR","potentialAction":[{"@type":"ReadAction","target":["https:\/\/www.newsendip.com\/fr\/les-reformes-sur-lelectricite-au-mexique-entre-debat-dans-le-pays-et-inquietudes-aux-etats-unis\/"]}]},{"@type":"ImageObject","inLanguage":"fr-FR","@id":"https:\/\/www.newsendip.com\/fr\/les-reformes-sur-lelectricite-au-mexique-entre-debat-dans-le-pays-et-inquietudes-aux-etats-unis\/#primaryimage","url":"https:\/\/www.newsendip.com\/wp-content\/uploads\/2022\/02\/electricity-power-grid-mexico.webp","contentUrl":"https:\/\/www.newsendip.com\/wp-content\/uploads\/2022\/02\/electricity-power-grid-mexico.webp","width":1920,"height":1080,"caption":"\u00a9 draoomx"},{"@type":"BreadcrumbList","@id":"https:\/\/www.newsendip.com\/fr\/les-reformes-sur-lelectricite-au-mexique-entre-debat-dans-le-pays-et-inquietudes-aux-etats-unis\/#breadcrumb","itemListElement":[{"@type":"ListItem","position":1,"name":"Accueil","item":"https:\/\/www.newsendip.com\/fr\/"},{"@type":"ListItem","position":2,"name":"Les r\u00e9formes sur l&#8217;\u00e9lectricit\u00e9 au Mexique, entre d\u00e9bat dans le pays et inqui\u00e9tudes aux \u00c9tats-Unis"}]},{"@type":"WebSite","@id":"https:\/\/www.newsendip.com\/fr\/#website","url":"https:\/\/www.newsendip.com\/fr\/","name":"Newsendip","description":"Red\u00e9couvrez l&#039;actualit\u00e9 internationale","publisher":{"@id":"https:\/\/www.newsendip.com\/fr\/#organization"},"potentialAction":[{"@type":"SearchAction","target":{"@type":"EntryPoint","urlTemplate":"https:\/\/www.newsendip.com\/fr\/?s={search_term_string}"},"query-input":{"@type":"PropertyValueSpecification","valueRequired":true,"valueName":"search_term_string"}}],"inLanguage":"fr-FR"},{"@type":"Organization","@id":"https:\/\/www.newsendip.com\/fr\/#organization","name":"Newsendip","url":"https:\/\/www.newsendip.com\/fr\/","logo":{"@type":"ImageObject","inLanguage":"fr-FR","@id":"https:\/\/www.newsendip.com\/fr\/#\/schema\/logo\/image\/","url":"https:\/\/www.newsendip.com\/wp-content\/uploads\/2023\/12\/512x512.svg","contentUrl":"https:\/\/www.newsendip.com\/wp-content\/uploads\/2023\/12\/512x512.svg","width":1,"height":1,"caption":"Newsendip"},"image":{"@id":"https:\/\/www.newsendip.com\/fr\/#\/schema\/logo\/image\/"},"sameAs":["https:\/\/www.facebook.com\/newsendip","https:\/\/x.com\/newsendip","https:\/\/mastodon.social\/@newsendip","https:\/\/www.linkedin.com\/company\/newsendip"],"description":"Newsendip est un site qui a pour mission de rendre l'actualit\u00e9 internationale accessible et diversifi\u00e9e","email":"contact@newsendip.com","legalName":"Newsendip SAS","foundingDate":"2022-11-04","vatID":"FR60921124723","numberOfEmployees":{"@type":"QuantitativeValue","minValue":"1","maxValue":"10"},"publishingPrinciples":"https:\/\/www.newsendip.com\/about-us\/","ownershipFundingInfo":"https:\/\/www.newsendip.com\/legal-notice\/","actionableFeedbackPolicy":"https:\/\/www.newsendip.com\/about-us\/","correctionsPolicy":"https:\/\/www.newsendip.com\/about-us\/","ethicsPolicy":"https:\/\/www.newsendip.com\/about-us\/","diversityPolicy":"https:\/\/www.newsendip.com\/about-us\/"},{"@type":"Person","@id":"https:\/\/www.newsendip.com\/fr\/#\/schema\/person\/ea22c01755f464a3cbc2c619584d6363","name":"Cl\u00e9ment V\u00e9rit\u00e9","description":"Cl\u00e9ment is the executive editor and founder of Newsendip. He started in the media industry as a freelance reporter at 16 for a local French newspaper after school and has never left it. He later worked for seven years at The New York Times, notably as a data analyst. He holds a Master of Management in France and a Master of Arts in the United Kingdom in International Marketing &amp; Communications Strategy. He has lived in France, the United Kingdom, and Italy.","sameAs":["https:\/\/www.newsendip.com\/","https:\/\/www.linkedin.com\/in\/clementverite\/","https:\/\/x.com\/https:\/\/twitter.com\/cverite"],"knowsAbout":["News","International","Business","Media monitoring"],"knowsLanguage":["English","French","Italian","Spanish"],"url":"https:\/\/www.newsendip.com\/fr\/author\/clement-verite\/"}]}},"_links":{"self":[{"href":"https:\/\/www.newsendip.com\/fr\/wp-json\/wp\/v2\/posts\/18082","targetHints":{"allow":["GET"]}}],"collection":[{"href":"https:\/\/www.newsendip.com\/fr\/wp-json\/wp\/v2\/posts"}],"about":[{"href":"https:\/\/www.newsendip.com\/fr\/wp-json\/wp\/v2\/types\/post"}],"author":[{"embeddable":true,"href":"https:\/\/www.newsendip.com\/fr\/wp-json\/wp\/v2\/users\/1"}],"replies":[{"embeddable":true,"href":"https:\/\/www.newsendip.com\/fr\/wp-json\/wp\/v2\/comments?post=18082"}],"version-history":[{"count":0,"href":"https:\/\/www.newsendip.com\/fr\/wp-json\/wp\/v2\/posts\/18082\/revisions"}],"wp:featuredmedia":[{"embeddable":true,"href":"https:\/\/www.newsendip.com\/fr\/wp-json\/wp\/v2\/media\/14026"}],"wp:attachment":[{"href":"https:\/\/www.newsendip.com\/fr\/wp-json\/wp\/v2\/media?parent=18082"}],"wp:term":[{"taxonomy":"category","embeddable":true,"href":"https:\/\/www.newsendip.com\/fr\/wp-json\/wp\/v2\/categories?post=18082"},{"taxonomy":"post_tag","embeddable":true,"href":"https:\/\/www.newsendip.com\/fr\/wp-json\/wp\/v2\/tags?post=18082"}],"curies":[{"name":"wp","href":"https:\/\/api.w.org\/{rel}","templated":true}]}}