{"id":18093,"date":"2021-12-08T16:38:00","date_gmt":"2021-12-08T15:38:00","guid":{"rendered":"https:\/\/www.newsendip.com\/?p=18093"},"modified":"2022-11-11T01:09:58","modified_gmt":"2022-11-11T00:09:58","slug":"la-ville-de-mexico-va-debattre-de-linterdiction-de-la-corrida","status":"publish","type":"post","link":"https:\/\/www.newsendip.com\/fr\/la-ville-de-mexico-va-debattre-de-linterdiction-de-la-corrida\/","title":{"rendered":"La ville de Mexico va d\u00e9battre de l\u2019interdiction de la corrida"},"content":{"rendered":"<p><strong>Le Congr\u00e8s de la ville de Mexico d\u00e9cidera s\u2019il interdit la tauromachie apr\u00e8s qu\u2019une commission a approuv\u00e9 un projet de loi interdisant la corrida.<br>\n<\/strong><\/p>\n<figure id=\"attachment_13816\" aria-describedby=\"caption-attachment-13816\" style=\"width: 1024px\" class=\"wp-caption aligncenter\"><img decoding=\"async\" class=\"size-large wp-image-13816\" src=\"https:\/\/www.newsendip.com\/wp-content\/uploads\/2021\/12\/mexico-city-bullfighting-legislation-congress-1024x692.webp\" alt=\"Tauromachie au Plaza de toros Monumental de M\u00e9xico\" width=\"1024\" height=\"692\" srcset=\"https:\/\/www.newsendip.com\/wp-content\/uploads\/2021\/12\/mexico-city-bullfighting-legislation-congress-1024x692.webp 1024w, https:\/\/www.newsendip.com\/wp-content\/uploads\/2021\/12\/mexico-city-bullfighting-legislation-congress-60x41.webp 60w, https:\/\/www.newsendip.com\/wp-content\/uploads\/2021\/12\/mexico-city-bullfighting-legislation-congress-300x203.webp 300w, https:\/\/www.newsendip.com\/wp-content\/uploads\/2021\/12\/mexico-city-bullfighting-legislation-congress-768x519.webp 768w, https:\/\/www.newsendip.com\/wp-content\/uploads\/2021\/12\/mexico-city-bullfighting-legislation-congress.webp 1280w\" sizes=\"(max-width: 1024px) 100vw, 1024px\"><figcaption id=\"caption-attachment-13816\" class=\"wp-caption-text\">Le Congr\u00e8s de Mexico votera pour d\u00e9cider s\u2019il interdit la corrida | \u00a9 Plaza de toros Monumental de M\u00e9xico<\/figcaption><\/figure>\n<p>Le 7 d\u00e9cembre, la <a href=\"#post-bottom-source\">Commission du bien-\u00eatre animal du Congr\u00e8s de la ville de Mexico<\/a> a approuv\u00e9 un avis visant \u00e0 modifier la loi sur la protection des animaux afin d\u2019interdire la corrida. La ville de Mexico est consid\u00e9r\u00e9e comme l\u2019une des capitales mondiales de la tauromachie.<\/p>\n<p>La commission a approuv\u00e9 l\u2019initiative de la r\u00e9forme de la l\u00e9gislation sur la tauromachie par 5 voix pour et 0 contre. Quatre membres \u00e9taient absents. La nouvelle l\u00e9gislation<strong> interdirait les spectacles o\u00f9 les taureaux sont maltrait\u00e9s, tortur\u00e9s ou dont leur vie leur est \u00f4t\u00e9e<\/strong>.<\/p>\n<p>L\u2019initiative a \u00e9t\u00e9 pr\u00e9sent\u00e9e par six des <a href=\"https:\/\/elpais.com\/mexico\/2021-12-07\/ciudad-de-mexico-debatira-la-prohibicion-de-las-corridas-de-toros.html\">sept partis politiques qui sont repr\u00e9sent\u00e9s au Congr\u00e8s<\/a>, rapporte El Pais. Morena, le parti au pouvoir au Mexique et dans la ville de Mexico, n\u2019a pas particip\u00e9 \u00e0 la commission. Il occupe 48% des si\u00e8ges au Congr\u00e8s de Mexico.<\/p>\n<p><strong>Le projet de loi doit ensuite \u00eatre vot\u00e9 en s\u00e9ance pl\u00e9ni\u00e8re au Congr\u00e8s<\/strong>. La commission dispose de 45 jours pour introduire la proposition au Congr\u00e8s. Les membres de la commission qui ont approuv\u00e9 l\u2019initiative sont convaincus que le projet de loi sera adopt\u00e9.<\/p>\n<p>Mais avant cela, la commission du bien-\u00eatre animal rencontrera l\u2019industrie taurine pour trouver des solutions et un soutien financier aux familles et aux entreprises qui seraient \u00e9conomiquement affect\u00e9es par l\u2019interdiction.<\/p>\n<p>L\u2019<a href=\"https:\/\/tauromaquiamexicana.com.mx\/tauromaquia-mexicana-expresa-su-preocupacion-por-las-iniciativas-de-bienestar-animal-promovidas-en-el-congreso-de-la-cdmx\/\">Association mexicaine de tauromachie<\/a> a exprim\u00e9 son inqui\u00e9tude quant \u00e0 l\u2019initiative promue au Congr\u00e8s de Mexico. Elle consid\u00e8re la corrida comme \u00ab\u202f<em>une activit\u00e9 culturelle et populaire enracin\u00e9e dans notre soci\u00e9t\u00e9 depuis pr\u00e8s de 500 ans, qui rassemble plus de quatre millions de personnes chaque ann\u00e9e<\/em>\u202f\u00bb.<\/p>\n<h2>L\u2019\u00c9tat de Sinaloa a interdit les corridas en f\u00e9vrier 2021<\/h2>\n<p><!--more--><\/p>\n<p>En octobre, la Plaza de toros Monumental de M\u00e9xico, la plus grande ar\u00e8ne du monde, a accueilli devant 19 000 personnes la Corrida de las Luces ouvrant la saison des corridas apr\u00e8s presque deux ans d\u2019inactivit\u00e9 en raison de la pand\u00e9mie de Covid-19. <em>La Monumental<\/em> accueille \u00e9galement des \u00e9v\u00e9nements sportifs ou des concerts.<\/p>\n<p>Pour l\u2019Association mexicaine de tauromachie, la corrida a rapport\u00e9 6,9 milliards de pesos \u00e0 l\u2019\u00e9conomie mexicaine en 2019 (330 millions de dollars), cr\u00e9\u00e9 <strong>80 000 emplois directs<\/strong> et employ\u00e9 indirectement 146 000 personnes.<\/p>\n<p>\u00ab\u202f<em>Nous sommes sensibles \u00e0 la situation \u00e9conomique, mais nous sommes aussi sensibles \u00e0 ce que nous voulons&nbsp;: un changement dans la ville de Mexico. Cela signifie qu\u2019il faut \u00e9viter tout type d\u2019abus qui entra\u00eene la mort d\u2019\u00eatres vivants<\/em>\u202f\u00bb, a expliqu\u00e9 Jes\u00fas Sesma, membre de la commission du bien-\u00eatre animal.<\/p>\n<p>La loi pr\u00e9voit \u00e9galement <strong>une amende pouvant aller jusqu\u2019\u00e0 4,9 millions de pesos par jour<\/strong> (234 000 dollars).<\/p>\n<p>Plus t\u00f4t cette ann\u00e9e, l\u2019\u00c9tat de Sinaloa a mis fin aux corridas et aux combats de chiens. Quatre autres \u00c9tats ont interdit les corridas au cours de la derni\u00e8re d\u00e9cennie. En revanche, six autres \u00c9tats ont introduit la tauromachie en tant que patrimoine culturel.<\/p>\n<p>Entre 1916 et 1920, la tauromachie \u00e9tait interdite \u00e0 Mexico, mais l\u2019interdiction a pris fin car elle n\u2019\u00e9tait pas respect\u00e9e et que des \u00e9v\u00e9nements clandestins avaient lieu fr\u00e9quemment.<\/p>\n<p>Au niveau national, l\u2019\u00c9tat f\u00e9d\u00e9ral du Mexique autorise toujours cette activit\u00e9.<\/p>\n<p><a href=\"https:\/\/www.newsendip.com\/fr\/etiquette\/mexique\/\"><strong>D\u00e9couvrez plus d\u2019actualit\u00e9s du Mexique<\/strong><\/a><\/p>\n","protected":false},"excerpt":{"rendered":"<p>Le Congr\u00e8s de la ville de Mexico d\u00e9cidera s\u2019il interdit la tauromachie apr\u00e8s qu\u2019une commission a approuv\u00e9 un projet de loi interdisant la corrida.<\/p>\n","protected":false},"author":1,"featured_media":13816,"comment_status":"closed","ping_status":"closed","sticky":false,"template":"","format":"standard","meta":{"wp_typography_post_enhancements_disabled":false,"footnotes":""},"categories":[431],"tags":[411,419],"class_list":["post-18093","post","type-post","status-publish","format-standard","has-post-thumbnail","hentry","category-culture-et-sport","tag-actuel","tag-mexique"],"yoast_head":"<!-- This site is optimized with the Yoast SEO Premium plugin v27.4 (Yoast SEO v27.4) - https:\/\/yoast.com\/product\/yoast-seo-premium-wordpress\/ -->\n<title>La ville de Mexico va d\u00e9battre de l&#039;interdiction de la corrida<\/title>\n<meta name=\"description\" content=\"Le Congr\u00e8s de la ville de Mexico d\u00e9cidera s&#039;il interdit la tauromachie apr\u00e8s qu&#039;une commission a approuv\u00e9 un projet de loi interdisant la corrida.\" \/>\n<meta name=\"robots\" content=\"index, follow, max-snippet:-1, max-image-preview:large, max-video-preview:-1\" \/>\n<link rel=\"canonical\" href=\"https:\/\/www.newsendip.com\/fr\/la-ville-de-mexico-va-debattre-de-linterdiction-de-la-corrida\/\" \/>\n<meta property=\"og:locale\" content=\"fr_FR\" \/>\n<meta property=\"og:type\" content=\"article\" \/>\n<meta property=\"og:title\" content=\"La ville de Mexico va d\u00e9battre de l&#039;interdiction de la corrida\" \/>\n<meta property=\"og:description\" content=\"Le Congr\u00e8s de la ville de Mexico d\u00e9cidera s&#039;il interdit la tauromachie apr\u00e8s qu&#039;une commission a approuv\u00e9 un projet de loi interdisant la corrida.\" \/>\n<meta property=\"og:url\" content=\"https:\/\/www.newsendip.com\/fr\/la-ville-de-mexico-va-debattre-de-linterdiction-de-la-corrida\/\" \/>\n<meta property=\"og:site_name\" content=\"Newsendip\" \/>\n<meta property=\"article:publisher\" content=\"https:\/\/www.facebook.com\/newsendip\" \/>\n<meta property=\"article:published_time\" content=\"2021-12-08T15:38:00+00:00\" \/>\n<meta property=\"article:modified_time\" content=\"2022-11-11T00:09:58+00:00\" \/>\n<meta property=\"og:image\" content=\"https:\/\/www.newsendip.com\/wp-content\/uploads\/2021\/12\/monumental-mexico-city-bullfighting-progressive.jpeg\" \/>\n\t<meta property=\"og:image:width\" content=\"975\" \/>\n\t<meta property=\"og:image:height\" content=\"650\" \/>\n\t<meta property=\"og:image:type\" content=\"image\/jpeg\" \/>\n<meta name=\"author\" content=\"Cl\u00e9ment V\u00e9rit\u00e9\" \/>\n<meta name=\"twitter:card\" content=\"summary_large_image\" \/>\n<meta name=\"twitter:image\" content=\"https:\/\/www.newsendip.com\/wp-content\/uploads\/2021\/12\/monumental-mexico-city-bullfighting-progressive.jpeg\" \/>\n<meta name=\"twitter:creator\" content=\"@https:\/\/twitter.com\/cverite\" \/>\n<meta name=\"twitter:site\" content=\"@newsendip\" \/>\n<meta name=\"twitter:label1\" content=\"\u00c9crit par\" \/>\n\t<meta name=\"twitter:data1\" content=\"Cl\u00e9ment V\u00e9rit\u00e9\" \/>\n\t<meta name=\"twitter:label2\" content=\"Dur\u00e9e de lecture estim\u00e9e\" \/>\n\t<meta name=\"twitter:data2\" content=\"3 minutes\" \/>\n<!-- \/ Yoast SEO Premium plugin. -->","yoast_head_json":{"title":"La ville de Mexico va d\u00e9battre de l'interdiction de la corrida","description":"Le Congr\u00e8s de la ville de Mexico d\u00e9cidera s'il interdit la tauromachie apr\u00e8s qu'une commission a approuv\u00e9 un projet de loi interdisant la corrida.","robots":{"index":"index","follow":"follow","max-snippet":"max-snippet:-1","max-image-preview":"max-image-preview:large","max-video-preview":"max-video-preview:-1"},"canonical":"https:\/\/www.newsendip.com\/fr\/la-ville-de-mexico-va-debattre-de-linterdiction-de-la-corrida\/","og_locale":"fr_FR","og_type":"article","og_title":"La ville de Mexico va d\u00e9battre de l'interdiction de la corrida","og_description":"Le Congr\u00e8s de la ville de Mexico d\u00e9cidera s'il interdit la tauromachie apr\u00e8s qu'une commission a approuv\u00e9 un projet de loi interdisant la corrida.","og_url":"https:\/\/www.newsendip.com\/fr\/la-ville-de-mexico-va-debattre-de-linterdiction-de-la-corrida\/","og_site_name":"Newsendip","article_publisher":"https:\/\/www.facebook.com\/newsendip","article_published_time":"2021-12-08T15:38:00+00:00","article_modified_time":"2022-11-11T00:09:58+00:00","og_image":[{"width":975,"height":650,"url":"https:\/\/www.newsendip.com\/wp-content\/uploads\/2021\/12\/monumental-mexico-city-bullfighting-progressive.jpeg","type":"image\/jpeg"}],"author":"Cl\u00e9ment V\u00e9rit\u00e9","twitter_card":"summary_large_image","twitter_image":"https:\/\/www.newsendip.com\/wp-content\/uploads\/2021\/12\/monumental-mexico-city-bullfighting-progressive.jpeg","twitter_creator":"@https:\/\/twitter.com\/cverite","twitter_site":"@newsendip","twitter_misc":{"\u00c9crit par":"Cl\u00e9ment V\u00e9rit\u00e9","Dur\u00e9e de lecture estim\u00e9e":"3 minutes"},"schema":{"@context":"https:\/\/schema.org","@graph":[{"@type":"NewsArticle","@id":"https:\/\/www.newsendip.com\/fr\/la-ville-de-mexico-va-debattre-de-linterdiction-de-la-corrida\/#article","isPartOf":{"@id":"https:\/\/www.newsendip.com\/fr\/la-ville-de-mexico-va-debattre-de-linterdiction-de-la-corrida\/"},"author":{"name":"Cl\u00e9ment V\u00e9rit\u00e9","@id":"https:\/\/www.newsendip.com\/fr\/#\/schema\/person\/ea22c01755f464a3cbc2c619584d6363"},"headline":"La ville de Mexico va d\u00e9battre de l\u2019interdiction de la corrida","datePublished":"2021-12-08T15:38:00+00:00","dateModified":"2022-11-11T00:09:58+00:00","mainEntityOfPage":{"@id":"https:\/\/www.newsendip.com\/fr\/la-ville-de-mexico-va-debattre-de-linterdiction-de-la-corrida\/"},"wordCount":623,"publisher":{"@id":"https:\/\/www.newsendip.com\/fr\/#organization"},"image":{"@id":"https:\/\/www.newsendip.com\/fr\/la-ville-de-mexico-va-debattre-de-linterdiction-de-la-corrida\/#primaryimage"},"thumbnailUrl":"https:\/\/www.newsendip.com\/wp-content\/uploads\/2021\/12\/mexico-city-bullfighting-legislation-congress.webp","keywords":["Actuel","Mexique"],"articleSection":["Culture et sport"],"inLanguage":"fr-FR","copyrightYear":"2021","copyrightHolder":{"@id":"https:\/\/www.newsendip.com\/#organization"}},{"@type":"WebPage","@id":"https:\/\/www.newsendip.com\/fr\/la-ville-de-mexico-va-debattre-de-linterdiction-de-la-corrida\/","url":"https:\/\/www.newsendip.com\/fr\/la-ville-de-mexico-va-debattre-de-linterdiction-de-la-corrida\/","name":"La ville de Mexico va d\u00e9battre de l'interdiction de la corrida","isPartOf":{"@id":"https:\/\/www.newsendip.com\/fr\/#website"},"primaryImageOfPage":{"@id":"https:\/\/www.newsendip.com\/fr\/la-ville-de-mexico-va-debattre-de-linterdiction-de-la-corrida\/#primaryimage"},"image":{"@id":"https:\/\/www.newsendip.com\/fr\/la-ville-de-mexico-va-debattre-de-linterdiction-de-la-corrida\/#primaryimage"},"thumbnailUrl":"https:\/\/www.newsendip.com\/wp-content\/uploads\/2021\/12\/mexico-city-bullfighting-legislation-congress.webp","datePublished":"2021-12-08T15:38:00+00:00","dateModified":"2022-11-11T00:09:58+00:00","description":"Le Congr\u00e8s de la ville de Mexico d\u00e9cidera s'il interdit la tauromachie apr\u00e8s qu'une commission a approuv\u00e9 un projet de loi interdisant la corrida.","breadcrumb":{"@id":"https:\/\/www.newsendip.com\/fr\/la-ville-de-mexico-va-debattre-de-linterdiction-de-la-corrida\/#breadcrumb"},"inLanguage":"fr-FR","potentialAction":[{"@type":"ReadAction","target":["https:\/\/www.newsendip.com\/fr\/la-ville-de-mexico-va-debattre-de-linterdiction-de-la-corrida\/"]}]},{"@type":"ImageObject","inLanguage":"fr-FR","@id":"https:\/\/www.newsendip.com\/fr\/la-ville-de-mexico-va-debattre-de-linterdiction-de-la-corrida\/#primaryimage","url":"https:\/\/www.newsendip.com\/wp-content\/uploads\/2021\/12\/mexico-city-bullfighting-legislation-congress.webp","contentUrl":"https:\/\/www.newsendip.com\/wp-content\/uploads\/2021\/12\/mexico-city-bullfighting-legislation-congress.webp","width":1280,"height":865,"caption":"Le Congr\u00e8s de Mexico votera pour d\u00e9cider s'il interdit la corrida | \u00a9 Plaza de toros Monumental de M\u00e9xico"},{"@type":"BreadcrumbList","@id":"https:\/\/www.newsendip.com\/fr\/la-ville-de-mexico-va-debattre-de-linterdiction-de-la-corrida\/#breadcrumb","itemListElement":[{"@type":"ListItem","position":1,"name":"Accueil","item":"https:\/\/www.newsendip.com\/fr\/"},{"@type":"ListItem","position":2,"name":"La ville de Mexico va d\u00e9battre de l\u2019interdiction de la corrida"}]},{"@type":"WebSite","@id":"https:\/\/www.newsendip.com\/fr\/#website","url":"https:\/\/www.newsendip.com\/fr\/","name":"Newsendip","description":"Red\u00e9couvrez l&#039;actualit\u00e9 internationale","publisher":{"@id":"https:\/\/www.newsendip.com\/fr\/#organization"},"potentialAction":[{"@type":"SearchAction","target":{"@type":"EntryPoint","urlTemplate":"https:\/\/www.newsendip.com\/fr\/?s={search_term_string}"},"query-input":{"@type":"PropertyValueSpecification","valueRequired":true,"valueName":"search_term_string"}}],"inLanguage":"fr-FR"},{"@type":"Organization","@id":"https:\/\/www.newsendip.com\/fr\/#organization","name":"Newsendip","url":"https:\/\/www.newsendip.com\/fr\/","logo":{"@type":"ImageObject","inLanguage":"fr-FR","@id":"https:\/\/www.newsendip.com\/fr\/#\/schema\/logo\/image\/","url":"https:\/\/www.newsendip.com\/wp-content\/uploads\/2023\/12\/512x512.svg","contentUrl":"https:\/\/www.newsendip.com\/wp-content\/uploads\/2023\/12\/512x512.svg","width":1,"height":1,"caption":"Newsendip"},"image":{"@id":"https:\/\/www.newsendip.com\/fr\/#\/schema\/logo\/image\/"},"sameAs":["https:\/\/www.facebook.com\/newsendip","https:\/\/x.com\/newsendip","https:\/\/mastodon.social\/@newsendip","https:\/\/www.linkedin.com\/company\/newsendip"],"description":"Newsendip est un site qui a pour mission de rendre l'actualit\u00e9 internationale accessible et diversifi\u00e9e","email":"contact@newsendip.com","legalName":"Newsendip SAS","foundingDate":"2022-11-04","vatID":"FR60921124723","numberOfEmployees":{"@type":"QuantitativeValue","minValue":"1","maxValue":"10"},"publishingPrinciples":"https:\/\/www.newsendip.com\/about-us\/","ownershipFundingInfo":"https:\/\/www.newsendip.com\/legal-notice\/","actionableFeedbackPolicy":"https:\/\/www.newsendip.com\/about-us\/","correctionsPolicy":"https:\/\/www.newsendip.com\/about-us\/","ethicsPolicy":"https:\/\/www.newsendip.com\/about-us\/","diversityPolicy":"https:\/\/www.newsendip.com\/about-us\/"},{"@type":"Person","@id":"https:\/\/www.newsendip.com\/fr\/#\/schema\/person\/ea22c01755f464a3cbc2c619584d6363","name":"Cl\u00e9ment V\u00e9rit\u00e9","description":"Cl\u00e9ment is the executive editor and founder of Newsendip. He started in the media industry as a freelance reporter at 16 for a local French newspaper after school and has never left it. He later worked for seven years at The New York Times, notably as a data analyst. He holds a Master of Management in France and a Master of Arts in the United Kingdom in International Marketing &amp; Communications Strategy. He has lived in France, the United Kingdom, and Italy.","sameAs":["https:\/\/www.newsendip.com\/","https:\/\/www.linkedin.com\/in\/clementverite\/","https:\/\/x.com\/https:\/\/twitter.com\/cverite"],"knowsAbout":["News","International","Business","Media monitoring"],"knowsLanguage":["English","French","Italian","Spanish"],"url":"https:\/\/www.newsendip.com\/fr\/author\/clement-verite\/"}]}},"_links":{"self":[{"href":"https:\/\/www.newsendip.com\/fr\/wp-json\/wp\/v2\/posts\/18093","targetHints":{"allow":["GET"]}}],"collection":[{"href":"https:\/\/www.newsendip.com\/fr\/wp-json\/wp\/v2\/posts"}],"about":[{"href":"https:\/\/www.newsendip.com\/fr\/wp-json\/wp\/v2\/types\/post"}],"author":[{"embeddable":true,"href":"https:\/\/www.newsendip.com\/fr\/wp-json\/wp\/v2\/users\/1"}],"replies":[{"embeddable":true,"href":"https:\/\/www.newsendip.com\/fr\/wp-json\/wp\/v2\/comments?post=18093"}],"version-history":[{"count":0,"href":"https:\/\/www.newsendip.com\/fr\/wp-json\/wp\/v2\/posts\/18093\/revisions"}],"wp:featuredmedia":[{"embeddable":true,"href":"https:\/\/www.newsendip.com\/fr\/wp-json\/wp\/v2\/media\/13816"}],"wp:attachment":[{"href":"https:\/\/www.newsendip.com\/fr\/wp-json\/wp\/v2\/media?parent=18093"}],"wp:term":[{"taxonomy":"category","embeddable":true,"href":"https:\/\/www.newsendip.com\/fr\/wp-json\/wp\/v2\/categories?post=18093"},{"taxonomy":"post_tag","embeddable":true,"href":"https:\/\/www.newsendip.com\/fr\/wp-json\/wp\/v2\/tags?post=18093"}],"curies":[{"name":"wp","href":"https:\/\/api.w.org\/{rel}","templated":true}]}}