{"id":18105,"date":"2022-02-19T15:55:27","date_gmt":"2022-02-19T14:55:27","guid":{"rendered":"https:\/\/www.newsendip.com\/?p=18105"},"modified":"2023-03-09T16:52:00","modified_gmt":"2023-03-09T15:52:00","slug":"des-centaines-de-volontaires-pour-tester-une-prison-en-suisse-zurich-avant-daccueillir-ses-premiers-detenus","status":"publish","type":"post","link":"https:\/\/www.newsendip.com\/fr\/des-centaines-de-volontaires-pour-tester-une-prison-en-suisse-zurich-avant-daccueillir-ses-premiers-detenus\/","title":{"rendered":"Des centaines de volontaires pour tester une prison en Suisse avant d\u2019accueillir ses premiers d\u00e9tenus"},"content":{"rendered":"<p><strong>La prison suisse de Zurich Ouest accueillera des volontaires pendant trois jours dans le cadre d\u2019un exercice avant d\u2019\u00eatre v\u00e9ritablement op\u00e9rationnelle.<br>\n<\/strong><\/p>\n<figure id=\"attachment_14084\" aria-describedby=\"caption-attachment-14084\" style=\"width: 1024px\" class=\"wp-caption aligncenter\"><img decoding=\"async\" class=\"size-large wp-image-14084\" src=\"https:\/\/www.newsendip.com\/wp-content\/uploads\/2022\/02\/Switzerland-zurich-prison-1024x439.webp\" alt=\"La prison de Zurich Ouest en Suisse\" width=\"1024\" height=\"439\" srcset=\"https:\/\/www.newsendip.com\/wp-content\/uploads\/2022\/02\/Switzerland-zurich-prison-1024x439.webp 1024w, https:\/\/www.newsendip.com\/wp-content\/uploads\/2022\/02\/Switzerland-zurich-prison-60x26.webp 60w, https:\/\/www.newsendip.com\/wp-content\/uploads\/2022\/02\/Switzerland-zurich-prison-300x129.webp 300w, https:\/\/www.newsendip.com\/wp-content\/uploads\/2022\/02\/Switzerland-zurich-prison-768x329.webp 768w, https:\/\/www.newsendip.com\/wp-content\/uploads\/2022\/02\/Switzerland-zurich-prison-1536x659.webp 1536w, https:\/\/www.newsendip.com\/wp-content\/uploads\/2022\/02\/Switzerland-zurich-prison.webp 1656w\" sizes=\"(max-width: 1024px) 100vw, 1024px\"><figcaption id=\"caption-attachment-14084\" class=\"wp-caption-text\">La prison de Zurich Ouest en Suisse<\/figcaption><\/figure>\n<p>Des centaines de personnes se sont port\u00e9es volontaires pour passer quelque temps dans un \u00e9tablissement p\u00e9nitentiaire de Zurich avant qu\u2019il n\u2019accueille ses premiers d\u00e9tenus.<\/p>\n<p>Les autorit\u00e9s correctionnelles de Zurich ont d\u00e9clar\u00e9 le 17 f\u00e9vrier avoir re\u00e7u <strong>832 demandes pour tester les cellules du 24 au 27 mars<\/strong>. Les d\u00e9tails sont encore en cours d\u2019\u00e9laboration, notamment le nombre de places qui seront attribu\u00e9es dans la \u00ab\u202f<em>Gef\u00e4ngnis Z\u00fcrich West<\/em>\u202f\u00bb, la prison de Zurich Ouest.<\/p>\n<p>Les volontaires s\u00e9lectionn\u00e9s doivent habiter dans la r\u00e9gion, \u00eatre \u00e2g\u00e9s d\u2019au moins 18 ans et obtenir une habilitation de s\u00e9curit\u00e9.<\/p>\n<p>L\u2019essai du mois prochain permettra aux responsables de l\u2019administration p\u00e9nitentiaire de tester sa capacit\u00e9 d\u2019accueil, les services et le <a href=\"https:\/\/www.newsendip.com\/fr\/inquiets-par-son-usage-les-pays-bas-suspendent-un-outil-de-communication-emates-destine-aux-detenusridouan-taghi\/\">fonctionnement de la prison<\/a>, ainsi que d\u2019examiner leur coop\u00e9ration et leur communication avec d\u2019autres autorit\u00e9s, telles que la police et les procureurs.<\/p>\n<p>L\u2019\u00e9tablissement devrait pouvoir accueillir jusqu\u2019\u00e0 124 personnes en \u00e9tat d\u2019arrestation et disposer de 117 places pour les personnes en d\u00e9tention provisoire. La prison emploiera 146 personnes.<\/p>\n<p>Les participants ne paieront rien mais ne recevront pas non plus de compensation financi\u00e8re. <strong>Ils seront trait\u00e9s comme des d\u00e9tenus \u00e0 certains \u00e9gards&nbsp;: ils testeront la nourriture, subiront les proc\u00e9dures d\u2019admission, marcheront dans la cour,&nbsp;etc.<\/strong><\/p>\n<h2>Une occasion de changer les id\u00e9es re\u00e7ues sur le personnel p\u00e9nitentiaire<\/h2>\n<p><!--more--><\/p>\n<p>Les volontaires ne peuvent pas non plus apporter de t\u00e9l\u00e9phones portables ou d\u2019autres appareils \u00e9lectroniques \u00e0 l\u2019int\u00e9rieur. Chaque participant devra se soumettre \u00e0 des contr\u00f4les similaires \u00e0 ceux effectu\u00e9s dans les a\u00e9roports, mais la fouille \u00e0 nu \u00e0 l\u2019entr\u00e9e restera facultative.<\/p>\n<p>Les volontaires recevront \u00e9galement un \u00ab\u202fmot de s\u00e9curit\u00e9\u202f\u00bb qu\u2019ils pourront donner au personnel pour mettre fin imm\u00e9diatement \u00e0 l\u2019exp\u00e9rience s\u2019ils ne supportent pas les conditions de d\u00e9tention.<\/p>\n<p>Les autorit\u00e9s de l\u2019\u00e9tablissement p\u00e9nitentiaire esp\u00e8rent \u00e9galement que l\u2019exercice contribuera \u00e0 dissiper ce qu\u2019elles consid\u00e8rent comme des id\u00e9es fausses sur la mani\u00e8re dont les gardiens, les directeurs et les autres employ\u00e9s op\u00e8rent dans ces \u00e9tablissements.<\/p>\n<p>\u00ab\u202f<em>Nous voulions profiter de cette occasion pour montrer comment nous travaillons r\u00e9ellement avec le professionnalisme et l\u2019exp\u00e9rience n\u00e9cessaires pour travailler avec les d\u00e9tenus<\/em>\u202f\u00bb, a d\u00e9clar\u00e9 Marc Eiermann, responsable de la gestion p\u00e9nitentiaire \u00e0 la prison de Zurich Ouest, dans un&nbsp;email.<\/p>\n<p>Elena Tankovski, une porte-parole du d\u00e9partement des services correctionnels et de r\u00e9habilitation de la r\u00e9gion de Zurich, a d\u00e9clar\u00e9 par t\u00e9l\u00e9phone&nbsp;: \u00ab\u202f<em>Beaucoup de nos gardiens ont beaucoup de savoir-\u00eatre. Ils savent comment traiter les personnes correctement. [\u2026] Ils sont en fait plus des soignants que des gardiens.<\/em>\u202f\u00bb<\/p>\n<p><a href=\"https:\/\/www.newsendip.com\/fr\/etiquette\/suisse\/\"><strong>D\u00e9couvrez plus d\u2019actualit\u00e9s de Suisse<\/strong><\/a><\/p>\n","protected":false},"excerpt":{"rendered":"<p>La prison suisse de Zurich Ouest accueillera des volontaires pendant trois jours dans le cadre d\u2019un exercice avant d\u2019\u00eatre v\u00e9ritablement op\u00e9rationnelle<\/p>\n","protected":false},"author":4,"featured_media":14084,"comment_status":"closed","ping_status":"closed","sticky":false,"template":"","format":"standard","meta":{"wp_typography_post_enhancements_disabled":false,"footnotes":""},"categories":[409],"tags":[411,449],"class_list":["post-18105","post","type-post","status-publish","format-standard","has-post-thumbnail","hentry","category-societe","tag-actuel","tag-suisse"],"yoast_head":"<!-- This site is optimized with the Yoast SEO Premium plugin v27.4 (Yoast SEO v27.4) - https:\/\/yoast.com\/product\/yoast-seo-premium-wordpress\/ -->\n<title>Des centaines de volontaires pour tester une prison en Suisse avant d&#039;accueillir ses premiers d\u00e9tenus<\/title>\n<meta name=\"description\" content=\"La prison suisse de Zurich Ouest accueillera des volontaires pendant trois jours dans le cadre d&#039;un exercice avant d&#039;\u00eatre v\u00e9ritablement op\u00e9rationnelle\" \/>\n<meta name=\"robots\" content=\"index, follow, max-snippet:-1, max-image-preview:large, max-video-preview:-1\" \/>\n<link rel=\"canonical\" href=\"https:\/\/www.newsendip.com\/fr\/des-centaines-de-volontaires-pour-tester-une-prison-en-suisse-zurich-avant-daccueillir-ses-premiers-detenus\/\" \/>\n<meta property=\"og:locale\" content=\"fr_FR\" \/>\n<meta property=\"og:type\" content=\"article\" \/>\n<meta property=\"og:title\" content=\"Des centaines de volontaires pour tester une prison en Suisse avant d&#039;accueillir ses premiers d\u00e9tenus\" \/>\n<meta property=\"og:description\" content=\"La prison suisse de Zurich Ouest accueillera des volontaires pendant trois jours dans le cadre d&#039;un exercice avant d&#039;\u00eatre v\u00e9ritablement op\u00e9rationnelle\" \/>\n<meta property=\"og:url\" content=\"https:\/\/www.newsendip.com\/fr\/des-centaines-de-volontaires-pour-tester-une-prison-en-suisse-zurich-avant-daccueillir-ses-premiers-detenus\/\" \/>\n<meta property=\"og:site_name\" content=\"Newsendip\" \/>\n<meta property=\"article:publisher\" content=\"https:\/\/www.facebook.com\/newsendip\" \/>\n<meta property=\"article:published_time\" content=\"2022-02-19T14:55:27+00:00\" \/>\n<meta property=\"article:modified_time\" content=\"2023-03-09T15:52:00+00:00\" \/>\n<meta property=\"og:image\" content=\"https:\/\/www.newsendip.com\/wp-content\/uploads\/2022\/02\/Switzerland-zurich-prison-progressive.jpeg\" \/>\n\t<meta property=\"og:image:width\" content=\"1656\" \/>\n\t<meta property=\"og:image:height\" content=\"710\" \/>\n\t<meta property=\"og:image:type\" content=\"image\/jpeg\" \/>\n<meta name=\"author\" content=\"Newsendip with AP\" \/>\n<meta name=\"twitter:card\" content=\"summary_large_image\" \/>\n<meta name=\"twitter:image\" content=\"https:\/\/www.newsendip.com\/wp-content\/uploads\/2022\/02\/Switzerland-zurich-prison-progressive.jpeg\" \/>\n<meta name=\"twitter:creator\" content=\"@newsendip\" \/>\n<meta name=\"twitter:site\" content=\"@newsendip\" \/>\n<meta name=\"twitter:label1\" content=\"\u00c9crit par\" \/>\n\t<meta name=\"twitter:data1\" content=\"Newsendip avec AP\" \/>\n\t<meta name=\"twitter:label2\" content=\"Dur\u00e9e de lecture estim\u00e9e\" \/>\n\t<meta name=\"twitter:data2\" content=\"3 minutes\" \/>\n<!-- \/ Yoast SEO Premium plugin. -->","yoast_head_json":{"title":"Des centaines de volontaires pour tester une prison en Suisse avant d'accueillir ses premiers d\u00e9tenus","description":"La prison suisse de Zurich Ouest accueillera des volontaires pendant trois jours dans le cadre d'un exercice avant d'\u00eatre v\u00e9ritablement op\u00e9rationnelle","robots":{"index":"index","follow":"follow","max-snippet":"max-snippet:-1","max-image-preview":"max-image-preview:large","max-video-preview":"max-video-preview:-1"},"canonical":"https:\/\/www.newsendip.com\/fr\/des-centaines-de-volontaires-pour-tester-une-prison-en-suisse-zurich-avant-daccueillir-ses-premiers-detenus\/","og_locale":"fr_FR","og_type":"article","og_title":"Des centaines de volontaires pour tester une prison en Suisse avant d'accueillir ses premiers d\u00e9tenus","og_description":"La prison suisse de Zurich Ouest accueillera des volontaires pendant trois jours dans le cadre d'un exercice avant d'\u00eatre v\u00e9ritablement op\u00e9rationnelle","og_url":"https:\/\/www.newsendip.com\/fr\/des-centaines-de-volontaires-pour-tester-une-prison-en-suisse-zurich-avant-daccueillir-ses-premiers-detenus\/","og_site_name":"Newsendip","article_publisher":"https:\/\/www.facebook.com\/newsendip","article_published_time":"2022-02-19T14:55:27+00:00","article_modified_time":"2023-03-09T15:52:00+00:00","og_image":[{"width":1656,"height":710,"url":"https:\/\/www.newsendip.com\/wp-content\/uploads\/2022\/02\/Switzerland-zurich-prison-progressive.jpeg","type":"image\/jpeg"}],"author":"Newsendip with AP","twitter_card":"summary_large_image","twitter_image":"https:\/\/www.newsendip.com\/wp-content\/uploads\/2022\/02\/Switzerland-zurich-prison-progressive.jpeg","twitter_creator":"@newsendip","twitter_site":"@newsendip","twitter_misc":{"\u00c9crit par":"Newsendip avec AP","Dur\u00e9e de lecture estim\u00e9e":"3 minutes"},"schema":{"@context":"https:\/\/schema.org","@graph":[{"@type":"NewsArticle","@id":"https:\/\/www.newsendip.com\/fr\/des-centaines-de-volontaires-pour-tester-une-prison-en-suisse-zurich-avant-daccueillir-ses-premiers-detenus\/#article","isPartOf":{"@id":"https:\/\/www.newsendip.com\/fr\/des-centaines-de-volontaires-pour-tester-une-prison-en-suisse-zurich-avant-daccueillir-ses-premiers-detenus\/"},"author":{"name":"Newsendip with AP","@id":"https:\/\/www.newsendip.com\/fr\/#\/schema\/person\/b39c439f25219d252080349ee96644f3"},"headline":"Des centaines de volontaires pour tester une prison en Suisse avant d\u2019accueillir ses premiers d\u00e9tenus","datePublished":"2022-02-19T14:55:27+00:00","dateModified":"2023-03-09T15:52:00+00:00","mainEntityOfPage":{"@id":"https:\/\/www.newsendip.com\/fr\/des-centaines-de-volontaires-pour-tester-une-prison-en-suisse-zurich-avant-daccueillir-ses-premiers-detenus\/"},"wordCount":524,"publisher":{"@id":"https:\/\/www.newsendip.com\/fr\/#organization"},"image":{"@id":"https:\/\/www.newsendip.com\/fr\/des-centaines-de-volontaires-pour-tester-une-prison-en-suisse-zurich-avant-daccueillir-ses-premiers-detenus\/#primaryimage"},"thumbnailUrl":"https:\/\/www.newsendip.com\/wp-content\/uploads\/2022\/02\/Switzerland-zurich-prison.webp","keywords":["Actuel","Suisse"],"articleSection":["Soci\u00e9t\u00e9"],"inLanguage":"fr-FR","copyrightYear":"2022","copyrightHolder":{"@id":"https:\/\/www.newsendip.com\/#organization"}},{"@type":"WebPage","@id":"https:\/\/www.newsendip.com\/fr\/des-centaines-de-volontaires-pour-tester-une-prison-en-suisse-zurich-avant-daccueillir-ses-premiers-detenus\/","url":"https:\/\/www.newsendip.com\/fr\/des-centaines-de-volontaires-pour-tester-une-prison-en-suisse-zurich-avant-daccueillir-ses-premiers-detenus\/","name":"Des centaines de volontaires pour tester une prison en Suisse avant d'accueillir ses premiers d\u00e9tenus","isPartOf":{"@id":"https:\/\/www.newsendip.com\/fr\/#website"},"primaryImageOfPage":{"@id":"https:\/\/www.newsendip.com\/fr\/des-centaines-de-volontaires-pour-tester-une-prison-en-suisse-zurich-avant-daccueillir-ses-premiers-detenus\/#primaryimage"},"image":{"@id":"https:\/\/www.newsendip.com\/fr\/des-centaines-de-volontaires-pour-tester-une-prison-en-suisse-zurich-avant-daccueillir-ses-premiers-detenus\/#primaryimage"},"thumbnailUrl":"https:\/\/www.newsendip.com\/wp-content\/uploads\/2022\/02\/Switzerland-zurich-prison.webp","datePublished":"2022-02-19T14:55:27+00:00","dateModified":"2023-03-09T15:52:00+00:00","description":"La prison suisse de Zurich Ouest accueillera des volontaires pendant trois jours dans le cadre d'un exercice avant d'\u00eatre v\u00e9ritablement op\u00e9rationnelle","breadcrumb":{"@id":"https:\/\/www.newsendip.com\/fr\/des-centaines-de-volontaires-pour-tester-une-prison-en-suisse-zurich-avant-daccueillir-ses-premiers-detenus\/#breadcrumb"},"inLanguage":"fr-FR","potentialAction":[{"@type":"ReadAction","target":["https:\/\/www.newsendip.com\/fr\/des-centaines-de-volontaires-pour-tester-une-prison-en-suisse-zurich-avant-daccueillir-ses-premiers-detenus\/"]}]},{"@type":"ImageObject","inLanguage":"fr-FR","@id":"https:\/\/www.newsendip.com\/fr\/des-centaines-de-volontaires-pour-tester-une-prison-en-suisse-zurich-avant-daccueillir-ses-premiers-detenus\/#primaryimage","url":"https:\/\/www.newsendip.com\/wp-content\/uploads\/2022\/02\/Switzerland-zurich-prison.webp","contentUrl":"https:\/\/www.newsendip.com\/wp-content\/uploads\/2022\/02\/Switzerland-zurich-prison.webp","width":1656,"height":710,"caption":"La prison de Zurich Ouest en Suisse"},{"@type":"BreadcrumbList","@id":"https:\/\/www.newsendip.com\/fr\/des-centaines-de-volontaires-pour-tester-une-prison-en-suisse-zurich-avant-daccueillir-ses-premiers-detenus\/#breadcrumb","itemListElement":[{"@type":"ListItem","position":1,"name":"Accueil","item":"https:\/\/www.newsendip.com\/fr\/"},{"@type":"ListItem","position":2,"name":"Des centaines de volontaires pour tester une prison en Suisse avant d\u2019accueillir ses premiers d\u00e9tenus"}]},{"@type":"WebSite","@id":"https:\/\/www.newsendip.com\/fr\/#website","url":"https:\/\/www.newsendip.com\/fr\/","name":"Newsendip","description":"Red\u00e9couvrez l&#039;actualit\u00e9 internationale","publisher":{"@id":"https:\/\/www.newsendip.com\/fr\/#organization"},"potentialAction":[{"@type":"SearchAction","target":{"@type":"EntryPoint","urlTemplate":"https:\/\/www.newsendip.com\/fr\/?s={search_term_string}"},"query-input":{"@type":"PropertyValueSpecification","valueRequired":true,"valueName":"search_term_string"}}],"inLanguage":"fr-FR"},{"@type":"Organization","@id":"https:\/\/www.newsendip.com\/fr\/#organization","name":"Newsendip","url":"https:\/\/www.newsendip.com\/fr\/","logo":{"@type":"ImageObject","inLanguage":"fr-FR","@id":"https:\/\/www.newsendip.com\/fr\/#\/schema\/logo\/image\/","url":"https:\/\/www.newsendip.com\/wp-content\/uploads\/2023\/12\/512x512.svg","contentUrl":"https:\/\/www.newsendip.com\/wp-content\/uploads\/2023\/12\/512x512.svg","width":1,"height":1,"caption":"Newsendip"},"image":{"@id":"https:\/\/www.newsendip.com\/fr\/#\/schema\/logo\/image\/"},"sameAs":["https:\/\/www.facebook.com\/newsendip","https:\/\/x.com\/newsendip","https:\/\/mastodon.social\/@newsendip","https:\/\/www.linkedin.com\/company\/newsendip"],"description":"Newsendip est un site qui a pour mission de rendre l'actualit\u00e9 internationale accessible et diversifi\u00e9e","email":"contact@newsendip.com","legalName":"Newsendip SAS","foundingDate":"2022-11-04","vatID":"FR60921124723","numberOfEmployees":{"@type":"QuantitativeValue","minValue":"1","maxValue":"10"},"publishingPrinciples":"https:\/\/www.newsendip.com\/about-us\/","ownershipFundingInfo":"https:\/\/www.newsendip.com\/legal-notice\/","actionableFeedbackPolicy":"https:\/\/www.newsendip.com\/about-us\/","correctionsPolicy":"https:\/\/www.newsendip.com\/about-us\/","ethicsPolicy":"https:\/\/www.newsendip.com\/about-us\/","diversityPolicy":"https:\/\/www.newsendip.com\/about-us\/"},{"@type":"Person","@id":"https:\/\/www.newsendip.com\/fr\/#\/schema\/person\/b39c439f25219d252080349ee96644f3","name":"Newsendip with AP","description":"Newsendip newsroom articles with the support of Associated Press newswire","knowsAbout":["News"],"url":"https:\/\/www.newsendip.com\/fr\/author\/newsendip-associated-press\/"}]}},"_links":{"self":[{"href":"https:\/\/www.newsendip.com\/fr\/wp-json\/wp\/v2\/posts\/18105","targetHints":{"allow":["GET"]}}],"collection":[{"href":"https:\/\/www.newsendip.com\/fr\/wp-json\/wp\/v2\/posts"}],"about":[{"href":"https:\/\/www.newsendip.com\/fr\/wp-json\/wp\/v2\/types\/post"}],"author":[{"embeddable":true,"href":"https:\/\/www.newsendip.com\/fr\/wp-json\/wp\/v2\/users\/4"}],"replies":[{"embeddable":true,"href":"https:\/\/www.newsendip.com\/fr\/wp-json\/wp\/v2\/comments?post=18105"}],"version-history":[{"count":0,"href":"https:\/\/www.newsendip.com\/fr\/wp-json\/wp\/v2\/posts\/18105\/revisions"}],"wp:featuredmedia":[{"embeddable":true,"href":"https:\/\/www.newsendip.com\/fr\/wp-json\/wp\/v2\/media\/14084"}],"wp:attachment":[{"href":"https:\/\/www.newsendip.com\/fr\/wp-json\/wp\/v2\/media?parent=18105"}],"wp:term":[{"taxonomy":"category","embeddable":true,"href":"https:\/\/www.newsendip.com\/fr\/wp-json\/wp\/v2\/categories?post=18105"},{"taxonomy":"post_tag","embeddable":true,"href":"https:\/\/www.newsendip.com\/fr\/wp-json\/wp\/v2\/tags?post=18105"}],"curies":[{"name":"wp","href":"https:\/\/api.w.org\/{rel}","templated":true}]}}