{"id":18116,"date":"2022-01-26T14:46:15","date_gmt":"2022-01-26T13:46:15","guid":{"rendered":"https:\/\/www.newsendip.com\/?p=18116"},"modified":"2024-07-16T23:43:55","modified_gmt":"2024-07-16T21:43:55","slug":"fete-nationale-en-australie-et-manifestations-pour-changer-la-date","status":"publish","type":"post","link":"https:\/\/www.newsendip.com\/fr\/fete-nationale-en-australie-et-manifestations-pour-changer-la-date\/","title":{"rendered":"F\u00eate nationale en Australie et manifestations pour changer la&nbsp;date"},"content":{"rendered":"<p><strong>La f\u00eate nationale australienne est controvers\u00e9e car certains la consid\u00e8rent comme l\u2019Invasion Day, le jour de l\u2019invasion. Une majorit\u00e9 d\u2019Australiens semble vouloir conserver la f\u00eate nationale \u00e0 cette&nbsp;date.<br>\n<\/strong><\/p>\n<figure id=\"attachment_13973\" aria-describedby=\"caption-attachment-13973\" style=\"width: 1024px\" class=\"wp-caption aligncenter\"><img decoding=\"async\" class=\"size-large wp-image-13973\" src=\"https:\/\/www.newsendip.com\/wp-content\/uploads\/2022\/01\/sydney-opera-house-david-miller-national-day-invasion-aboriginal-1024x474.webp\" alt=\"L'Op\u00e9ra de Sydney pour la f\u00eate nationale de l'Australie\" width=\"1024\" height=\"474\" srcset=\"https:\/\/www.newsendip.com\/wp-content\/uploads\/2022\/01\/sydney-opera-house-david-miller-national-day-invasion-aboriginal-1024x474.webp 1024w, https:\/\/www.newsendip.com\/wp-content\/uploads\/2022\/01\/sydney-opera-house-david-miller-national-day-invasion-aboriginal-60x28.webp 60w, https:\/\/www.newsendip.com\/wp-content\/uploads\/2022\/01\/sydney-opera-house-david-miller-national-day-invasion-aboriginal-300x139.webp 300w, https:\/\/www.newsendip.com\/wp-content\/uploads\/2022\/01\/sydney-opera-house-david-miller-national-day-invasion-aboriginal-768x355.webp 768w, https:\/\/www.newsendip.com\/wp-content\/uploads\/2022\/01\/sydney-opera-house-david-miller-national-day-invasion-aboriginal-1536x710.webp 1536w, https:\/\/www.newsendip.com\/wp-content\/uploads\/2022\/01\/sydney-opera-house-david-miller-national-day-invasion-aboriginal-2048x947.webp 2048w\" sizes=\"(max-width: 1024px) 100vw, 1024px\"><figcaption id=\"caption-attachment-13973\" class=\"wp-caption-text\">Op\u00e9ra de Sydney le matin du 26 janvier 2022 | \u00a9 MPX_Trader, Twitter<\/figcaption><\/figure>\n<p>Le 26 janvier est le jour de la f\u00eate nationale australienne, mais des milliers de personnes ont protest\u00e9 contre les mauvais traitements inflig\u00e9s aux populations autochtones dans toute l\u2019Australie mercredi.<\/p>\n<p>Cette date c\u00e9l\u00e8bre la naissance de l\u2019Australie moderne, lorsque la flotte britannique est entr\u00e9e dans le port de Sydney en 1788 pour y \u00e9tablir une colonie p\u00e9nitentiaire. Les Britanniques consid\u00e9raient que la terre \u00e9tait inoccup\u00e9e malgr\u00e9 la pr\u00e9sence d\u2019Australiens indig\u00e8nes.<\/p>\n<p>Mais pour de nombreux Australiens des Premi\u00e8res Nations, cette date, autrefois connue sous le nom de \u00ab\u202f<em>Foundation Day<\/em>\u202f\u00bb, le jour de la fondation, est plut\u00f4t appel\u00e9e \u00ab\u202fInvasion Day\u202f\u00bb, le jour de l\u2019invasion.<\/p>\n<p>De nombreux manifestants \u00e0 travers les villes se sont habill\u00e9s en noir en signe de deuil pour cette journ\u00e9e et ont brandi des pancartes demandant de changer la&nbsp;date.<\/p>\n<p>Un monument repr\u00e9sentant le capitaine James Cook, qui est arriv\u00e9 dans le Pacifique il y a 252 ans et qui marque la colonisation britannique de la r\u00e9gion, a \u00e9t\u00e9 arros\u00e9 de peinture rouge pendant la nuit \u00e0 Melbourne.<\/p>\n<p>L\u2019Australie a annonc\u00e9 un jour avant la f\u00eate nationale qu\u2019elle avait <a href=\"https:\/\/www.newsendip.com\/fr\/australie-a-depense-us14-millions-et-achete-les-droits-du-drapeau-aborigene\/\">rachet\u00e9 les droits du drapeau aborig\u00e8ne<\/a>, un drapeau national depuis 1995, pour mettre fin \u00e0 un diff\u00e9rend commercial. Les drapeaux australien et aborig\u00e8ne ont \u00e9t\u00e9 hiss\u00e9s c\u00f4te \u00e0 c\u00f4te sur les b\u00e2timents publics en ce 26 janvier.<\/p>\n<p>Bien que certains \u00e9v\u00e9nements aient \u00e9t\u00e9 annul\u00e9s en raison du variant Omicron, des c\u00e9l\u00e9brations ont eu lieu cette ann\u00e9e dans tout le&nbsp;pays.<\/p>\n<p>Des repr\u00e9sentations indig\u00e8nes r\u00e9alis\u00e9es par l\u2019artiste Pitjantjara David Miller \u00e9taient projet\u00e9es sur l\u2019op\u00e9ra de Sydney. Les Pitjantjatjara sont un peuple aborig\u00e8ne du d\u00e9sert d\u2019Australie centrale.<\/p>\n<p>Dans la <a href=\"https:\/\/www.youtube.com\/watch?v=uN8-8UzEzcM\">r\u00e9serve de Barangaroo<\/a>, le nouveau parc Harbour Foreshore Park de Sydney, l\u2019hymne national \u00e9tait chant\u00e9 en iora, la langue traditionnelle de Sydney.<\/p>\n<p>La population australienne semble plut\u00f4t dispos\u00e9e \u00e0 conserver l\u2019actuelle f\u00eate nationale. Cette semaine, un sondage r\u00e9alis\u00e9 par la soci\u00e9t\u00e9 d\u2019\u00e9tudes de march\u00e9 Roy Morgan a montr\u00e9 que pr\u00e8s des deux tiers des Australiens consid\u00e8rent que l\u201d\u202f\u202f\u00bbAustralia Day\u202f\u00bb devrait \u00eatre le 26 janvier. L\u2019autre tiers la consid\u00e8re comme le jour de l\u2019invasion.<\/p>\n<p>Mais cette vision semble toucher au-del\u00e0 des communaut\u00e9s des Australiens autochtones. Il y a environ 750 000 Australiens aborig\u00e8nes sur une population de 26 millions d\u2019Australiens, soit 3\u202f% de la population.<\/p>\n<p>Et dans l\u2019ensemble, ils vivent dans des conditions \u00e9conomiques et sociales plus difficiles que la moyenne australienne.<\/p>\n<p><strong><a href=\"https:\/\/www.newsendip.com\/fr\/etiquette\/australie\/\">D\u00e9couvrez plus d\u2019actualit\u00e9s d\u2019Australie<\/a><\/strong><\/p>\n","protected":false},"excerpt":{"rendered":"<p>La f\u00eate nationale australienne est controvers\u00e9e car certains la consid\u00e8rent comme l\u2019Invasion Day, le jour de l\u2019invasion.<\/p>\n","protected":false},"author":2,"featured_media":13973,"comment_status":"closed","ping_status":"closed","sticky":false,"template":"","format":"standard","meta":{"wp_typography_post_enhancements_disabled":false,"footnotes":""},"categories":[409],"tags":[413,421],"class_list":["post-18116","post","type-post","status-publish","format-standard","has-post-thumbnail","hentry","category-societe","tag-australie","tag-vieux"],"yoast_head":"<!-- This site is optimized with the Yoast SEO Premium plugin v27.4 (Yoast SEO v27.4) - https:\/\/yoast.com\/product\/yoast-seo-premium-wordpress\/ -->\n<title>F\u00eate nationale en Australie et manifestations pour changer la date<\/title>\n<meta name=\"description\" content=\"La f\u00eate nationale australienne est controvers\u00e9e car certains la consid\u00e8rent comme l&#039;Invasion Day, le jour de l&#039;invasion.\" \/>\n<meta name=\"robots\" content=\"index, follow, max-snippet:-1, max-image-preview:large, max-video-preview:-1\" \/>\n<link rel=\"canonical\" href=\"https:\/\/www.newsendip.com\/fr\/fete-nationale-en-australie-et-manifestations-pour-changer-la-date\/\" \/>\n<meta property=\"og:locale\" content=\"fr_FR\" \/>\n<meta property=\"og:type\" content=\"article\" \/>\n<meta property=\"og:title\" content=\"F\u00eate nationale en Australie et manifestations pour changer la date\" \/>\n<meta property=\"og:description\" content=\"La f\u00eate nationale australienne est controvers\u00e9e car certains la consid\u00e8rent comme l&#039;Invasion Day, le jour de l&#039;invasion.\" \/>\n<meta property=\"og:url\" content=\"https:\/\/www.newsendip.com\/fr\/fete-nationale-en-australie-et-manifestations-pour-changer-la-date\/\" \/>\n<meta property=\"og:site_name\" content=\"Newsendip\" \/>\n<meta property=\"article:publisher\" content=\"https:\/\/www.facebook.com\/newsendip\" \/>\n<meta property=\"article:published_time\" content=\"2022-01-26T13:46:15+00:00\" \/>\n<meta property=\"article:modified_time\" content=\"2024-07-16T21:43:55+00:00\" \/>\n<meta property=\"og:image\" content=\"https:\/\/www.newsendip.com\/wp-content\/uploads\/2022\/01\/sydney-opera-house-david-miller-national-day-invasion-aboriginal-progressive-scaled.jpeg\" \/>\n\t<meta property=\"og:image:width\" content=\"2560\" \/>\n\t<meta property=\"og:image:height\" content=\"1184\" \/>\n\t<meta property=\"og:image:type\" content=\"image\/jpeg\" \/>\n<meta name=\"author\" content=\"Newsendip with Reuters\" \/>\n<meta name=\"twitter:card\" content=\"summary_large_image\" \/>\n<meta name=\"twitter:image\" content=\"https:\/\/www.newsendip.com\/wp-content\/uploads\/2022\/01\/sydney-opera-house-david-miller-national-day-invasion-aboriginal-progressive-scaled.jpeg\" \/>\n<meta name=\"twitter:creator\" content=\"@newsendip\" \/>\n<meta name=\"twitter:site\" content=\"@newsendip\" \/>\n<meta name=\"twitter:label1\" content=\"\u00c9crit par\" \/>\n\t<meta name=\"twitter:data1\" content=\"Newsendip avec Reuters\" \/>\n\t<meta name=\"twitter:label2\" content=\"Dur\u00e9e de lecture estim\u00e9e\" \/>\n\t<meta name=\"twitter:data2\" content=\"3 minutes\" \/>\n<!-- \/ Yoast SEO Premium plugin. -->","yoast_head_json":{"title":"F\u00eate nationale en Australie et manifestations pour changer la date","description":"La f\u00eate nationale australienne est controvers\u00e9e car certains la consid\u00e8rent comme l'Invasion Day, le jour de l'invasion.","robots":{"index":"index","follow":"follow","max-snippet":"max-snippet:-1","max-image-preview":"max-image-preview:large","max-video-preview":"max-video-preview:-1"},"canonical":"https:\/\/www.newsendip.com\/fr\/fete-nationale-en-australie-et-manifestations-pour-changer-la-date\/","og_locale":"fr_FR","og_type":"article","og_title":"F\u00eate nationale en Australie et manifestations pour changer la date","og_description":"La f\u00eate nationale australienne est controvers\u00e9e car certains la consid\u00e8rent comme l'Invasion Day, le jour de l'invasion.","og_url":"https:\/\/www.newsendip.com\/fr\/fete-nationale-en-australie-et-manifestations-pour-changer-la-date\/","og_site_name":"Newsendip","article_publisher":"https:\/\/www.facebook.com\/newsendip","article_published_time":"2022-01-26T13:46:15+00:00","article_modified_time":"2024-07-16T21:43:55+00:00","og_image":[{"width":2560,"height":1184,"url":"https:\/\/www.newsendip.com\/wp-content\/uploads\/2022\/01\/sydney-opera-house-david-miller-national-day-invasion-aboriginal-progressive-scaled.jpeg","type":"image\/jpeg"}],"author":"Newsendip with Reuters","twitter_card":"summary_large_image","twitter_image":"https:\/\/www.newsendip.com\/wp-content\/uploads\/2022\/01\/sydney-opera-house-david-miller-national-day-invasion-aboriginal-progressive-scaled.jpeg","twitter_creator":"@newsendip","twitter_site":"@newsendip","twitter_misc":{"\u00c9crit par":"Newsendip avec Reuters","Dur\u00e9e de lecture estim\u00e9e":"3 minutes"},"schema":{"@context":"https:\/\/schema.org","@graph":[{"@type":"NewsArticle","@id":"https:\/\/www.newsendip.com\/fr\/fete-nationale-en-australie-et-manifestations-pour-changer-la-date\/#article","isPartOf":{"@id":"https:\/\/www.newsendip.com\/fr\/fete-nationale-en-australie-et-manifestations-pour-changer-la-date\/"},"author":{"name":"Newsendip with Reuters","@id":"https:\/\/www.newsendip.com\/fr\/#\/schema\/person\/182bec5d3cd42e6d99fd38038be46ccb"},"headline":"F\u00eate nationale en Australie et manifestations pour changer la&nbsp;date","datePublished":"2022-01-26T13:46:15+00:00","dateModified":"2024-07-16T21:43:55+00:00","mainEntityOfPage":{"@id":"https:\/\/www.newsendip.com\/fr\/fete-nationale-en-australie-et-manifestations-pour-changer-la-date\/"},"wordCount":511,"publisher":{"@id":"https:\/\/www.newsendip.com\/fr\/#organization"},"image":{"@id":"https:\/\/www.newsendip.com\/fr\/fete-nationale-en-australie-et-manifestations-pour-changer-la-date\/#primaryimage"},"thumbnailUrl":"https:\/\/www.newsendip.com\/wp-content\/uploads\/2022\/01\/sydney-opera-house-david-miller-national-day-invasion-aboriginal-scaled.webp","keywords":["Australie","Vieux"],"articleSection":["Soci\u00e9t\u00e9"],"inLanguage":"fr-FR","copyrightYear":"2022","copyrightHolder":{"@id":"https:\/\/www.newsendip.com\/#organization"}},{"@type":"WebPage","@id":"https:\/\/www.newsendip.com\/fr\/fete-nationale-en-australie-et-manifestations-pour-changer-la-date\/","url":"https:\/\/www.newsendip.com\/fr\/fete-nationale-en-australie-et-manifestations-pour-changer-la-date\/","name":"F\u00eate nationale en Australie et manifestations pour changer la date","isPartOf":{"@id":"https:\/\/www.newsendip.com\/fr\/#website"},"primaryImageOfPage":{"@id":"https:\/\/www.newsendip.com\/fr\/fete-nationale-en-australie-et-manifestations-pour-changer-la-date\/#primaryimage"},"image":{"@id":"https:\/\/www.newsendip.com\/fr\/fete-nationale-en-australie-et-manifestations-pour-changer-la-date\/#primaryimage"},"thumbnailUrl":"https:\/\/www.newsendip.com\/wp-content\/uploads\/2022\/01\/sydney-opera-house-david-miller-national-day-invasion-aboriginal-scaled.webp","datePublished":"2022-01-26T13:46:15+00:00","dateModified":"2024-07-16T21:43:55+00:00","description":"La f\u00eate nationale australienne est controvers\u00e9e car certains la consid\u00e8rent comme l'Invasion Day, le jour de l'invasion.","breadcrumb":{"@id":"https:\/\/www.newsendip.com\/fr\/fete-nationale-en-australie-et-manifestations-pour-changer-la-date\/#breadcrumb"},"inLanguage":"fr-FR","potentialAction":[{"@type":"ReadAction","target":["https:\/\/www.newsendip.com\/fr\/fete-nationale-en-australie-et-manifestations-pour-changer-la-date\/"]}]},{"@type":"ImageObject","inLanguage":"fr-FR","@id":"https:\/\/www.newsendip.com\/fr\/fete-nationale-en-australie-et-manifestations-pour-changer-la-date\/#primaryimage","url":"https:\/\/www.newsendip.com\/wp-content\/uploads\/2022\/01\/sydney-opera-house-david-miller-national-day-invasion-aboriginal-scaled.webp","contentUrl":"https:\/\/www.newsendip.com\/wp-content\/uploads\/2022\/01\/sydney-opera-house-david-miller-national-day-invasion-aboriginal-scaled.webp","width":2560,"height":1184,"caption":"Op\u00e9ra de Sydney le matin du 26 janvier 2022 | \u00a9 MPX_Trader, Twitter"},{"@type":"BreadcrumbList","@id":"https:\/\/www.newsendip.com\/fr\/fete-nationale-en-australie-et-manifestations-pour-changer-la-date\/#breadcrumb","itemListElement":[{"@type":"ListItem","position":1,"name":"Accueil","item":"https:\/\/www.newsendip.com\/fr\/"},{"@type":"ListItem","position":2,"name":"F\u00eate nationale en Australie et manifestations pour changer la date"}]},{"@type":"WebSite","@id":"https:\/\/www.newsendip.com\/fr\/#website","url":"https:\/\/www.newsendip.com\/fr\/","name":"Newsendip","description":"Red\u00e9couvrez l&#039;actualit\u00e9 internationale","publisher":{"@id":"https:\/\/www.newsendip.com\/fr\/#organization"},"potentialAction":[{"@type":"SearchAction","target":{"@type":"EntryPoint","urlTemplate":"https:\/\/www.newsendip.com\/fr\/?s={search_term_string}"},"query-input":{"@type":"PropertyValueSpecification","valueRequired":true,"valueName":"search_term_string"}}],"inLanguage":"fr-FR"},{"@type":"Organization","@id":"https:\/\/www.newsendip.com\/fr\/#organization","name":"Newsendip","url":"https:\/\/www.newsendip.com\/fr\/","logo":{"@type":"ImageObject","inLanguage":"fr-FR","@id":"https:\/\/www.newsendip.com\/fr\/#\/schema\/logo\/image\/","url":"https:\/\/www.newsendip.com\/wp-content\/uploads\/2023\/12\/512x512.svg","contentUrl":"https:\/\/www.newsendip.com\/wp-content\/uploads\/2023\/12\/512x512.svg","width":1,"height":1,"caption":"Newsendip"},"image":{"@id":"https:\/\/www.newsendip.com\/fr\/#\/schema\/logo\/image\/"},"sameAs":["https:\/\/www.facebook.com\/newsendip","https:\/\/x.com\/newsendip","https:\/\/mastodon.social\/@newsendip","https:\/\/www.linkedin.com\/company\/newsendip"],"description":"Newsendip est un site qui a pour mission de rendre l'actualit\u00e9 internationale accessible et diversifi\u00e9e","email":"contact@newsendip.com","legalName":"Newsendip SAS","foundingDate":"2022-11-04","vatID":"FR60921124723","numberOfEmployees":{"@type":"QuantitativeValue","minValue":"1","maxValue":"10"},"publishingPrinciples":"https:\/\/www.newsendip.com\/about-us\/","ownershipFundingInfo":"https:\/\/www.newsendip.com\/legal-notice\/","actionableFeedbackPolicy":"https:\/\/www.newsendip.com\/about-us\/","correctionsPolicy":"https:\/\/www.newsendip.com\/about-us\/","ethicsPolicy":"https:\/\/www.newsendip.com\/about-us\/","diversityPolicy":"https:\/\/www.newsendip.com\/about-us\/"},{"@type":"Person","@id":"https:\/\/www.newsendip.com\/fr\/#\/schema\/person\/182bec5d3cd42e6d99fd38038be46ccb","name":"Newsendip with Reuters","description":"Newsendip newsroom articles with the support of Reuters newswire","knowsAbout":["News"],"url":"https:\/\/www.newsendip.com\/fr\/author\/newsendip-reuters\/"}]}},"_links":{"self":[{"href":"https:\/\/www.newsendip.com\/fr\/wp-json\/wp\/v2\/posts\/18116","targetHints":{"allow":["GET"]}}],"collection":[{"href":"https:\/\/www.newsendip.com\/fr\/wp-json\/wp\/v2\/posts"}],"about":[{"href":"https:\/\/www.newsendip.com\/fr\/wp-json\/wp\/v2\/types\/post"}],"author":[{"embeddable":true,"href":"https:\/\/www.newsendip.com\/fr\/wp-json\/wp\/v2\/users\/2"}],"replies":[{"embeddable":true,"href":"https:\/\/www.newsendip.com\/fr\/wp-json\/wp\/v2\/comments?post=18116"}],"version-history":[{"count":0,"href":"https:\/\/www.newsendip.com\/fr\/wp-json\/wp\/v2\/posts\/18116\/revisions"}],"wp:featuredmedia":[{"embeddable":true,"href":"https:\/\/www.newsendip.com\/fr\/wp-json\/wp\/v2\/media\/13973"}],"wp:attachment":[{"href":"https:\/\/www.newsendip.com\/fr\/wp-json\/wp\/v2\/media?parent=18116"}],"wp:term":[{"taxonomy":"category","embeddable":true,"href":"https:\/\/www.newsendip.com\/fr\/wp-json\/wp\/v2\/categories?post=18116"},{"taxonomy":"post_tag","embeddable":true,"href":"https:\/\/www.newsendip.com\/fr\/wp-json\/wp\/v2\/tags?post=18116"}],"curies":[{"name":"wp","href":"https:\/\/api.w.org\/{rel}","templated":true}]}}