{"id":18133,"date":"2021-12-06T09:30:00","date_gmt":"2021-12-06T08:30:00","guid":{"rendered":"https:\/\/www.newsendip.com\/?p=18133"},"modified":"2022-11-11T01:17:40","modified_gmt":"2022-11-11T00:17:40","slug":"laustralie-veut-rendre-les-reseaux-sociaux-potentiellement-responsables-des-contenus-publies","status":"publish","type":"post","link":"https:\/\/www.newsendip.com\/fr\/laustralie-veut-rendre-les-reseaux-sociaux-potentiellement-responsables-des-contenus-publies\/","title":{"rendered":"L\u2019Australie veut rendre les r\u00e9seaux sociaux potentiellement responsables des contenus publi\u00e9s"},"content":{"rendered":"<p><strong>Le Premier ministre australien a annonc\u00e9 que le gouvernement souhaitait que les r\u00e9seaux sociaux r\u00e9v\u00e8lent l\u2019identit\u00e9 des utilisateurs malveillants et les rendent responsables du contenu publi\u00e9 si elles ne le font pas. Mais la mise en \u0153uvre de la loi ne s\u2019annonce pas de tout&nbsp;repos.<br>\n<\/strong><\/p>\n<figure id=\"attachment_13804\" aria-describedby=\"caption-attachment-13804\" style=\"width: 700px\" class=\"wp-caption aligncenter\"><img decoding=\"async\" class=\"size-full wp-image-13804\" src=\"https:\/\/www.newsendip.com\/wp-content\/uploads\/2021\/12\/scott-morrison-australia-facebook-twitter-law.webp\" alt=\"Scott Morrison, Premier ministre australien\" width=\"700\" height=\"574\" srcset=\"https:\/\/www.newsendip.com\/wp-content\/uploads\/2021\/12\/scott-morrison-australia-facebook-twitter-law.webp 700w, https:\/\/www.newsendip.com\/wp-content\/uploads\/2021\/12\/scott-morrison-australia-facebook-twitter-law-60x49.webp 60w, https:\/\/www.newsendip.com\/wp-content\/uploads\/2021\/12\/scott-morrison-australia-facebook-twitter-law-300x246.webp 300w\" sizes=\"(max-width: 700px) 100vw, 700px\"><figcaption id=\"caption-attachment-13804\" class=\"wp-caption-text\">\u00ab\u202fJe veux m\u2019assurer que les Australiens sont en s\u00e9curit\u00e9 sur Internet\u202f\u00bb, a d\u00e9clar\u00e9 Scott Morrison, Premier ministre australien, lors d\u2019une conf\u00e9rence de presse sur une nouvelle loi visant \u00e0 rendre Facebook, Twitter et autres r\u00e9seaux sociaux responsables des commentaires publi\u00e9s sur leurs plateformes | \u00a9 Tous droits r\u00e9serv\u00e9s, Novembre 2021<\/figcaption><\/figure>\n<p>Le 28 novembre, le <a href=\"#post-bottom-source\">Premier ministre Scott Morrison a annonc\u00e9<\/a> qu\u2019une nouvelle loi serait \u00e9labor\u00e9e pour lutter contre le trolling sur les r\u00e9seaux sociaux.<\/p>\n<p>Le texte est cens\u00e9 \u00eatre r\u00e9dig\u00e9 et pr\u00e9sent\u00e9 au parlement en d\u00e9but d\u2019ann\u00e9e prochaine. Mais si la r\u00e9daction et la mise en \u0153uvre d\u2019une loi sur la responsabilit\u00e9 des contenus publi\u00e9s en ligne peut sembler relever du bon sens, elle ne sera pas sans difficult\u00e9s.<\/p>\n<p>L\u2019objectif est de faire en sorte que les entreprises de r\u00e9seaux sociaux comme F<strong>acebook et Twitter soient consid\u00e9r\u00e9es comme des \u00e9diteurs si elles ne peuvent pas identifier les auteurs de contenus<\/strong> diffamatoires ou les trolls, ces utilisateurs qui pourrissent les discussions de commentaires intempestifs. Les soci\u00e9t\u00e9s pourraient \u00eatre l\u00e9galement responsables du contenu publi\u00e9 sur leurs plateformes.<\/p>\n<p>La nouvelle loi permettrait aux tribunaux d\u2019obliger <strong>les soci\u00e9t\u00e9s de m\u00e9dias \u00e0 divulguer l\u2019identit\u00e9 des utilisateurs<\/strong>, ce qui permettrait ensuite de porter devant les tribunaux des affaires de diffamation.<\/p>\n<p>Par ailleurs, <a href=\"https:\/\/www.smh.com.au\/national\/morrison-government-s-plan-to-unmask-online-trolls-creates-legal-confusion-20211128-p59cuu.html\">Scott Morrison<\/a> estime que \u00ab\u202f<em>les plateformes num\u00e9riques doivent disposer de processus appropri\u00e9s pour permettre le retrait<\/em>\u202f\u00bb des contenus diffamatoires.<\/p>\n<p>Mais Facebook pourrait faire valoir qu\u2019un processus existe d\u00e9j\u00e0. Au Vietnam, <a href=\"https:\/\/www.newsendip.com\/fr\/facebook-a-supprime-un-reseau-antivax-de-france-et-ditalie-et-des-comptes-lies-au-kgb-bielorusse\/\">Facebook a m\u00eame ferm\u00e9 un r\u00e9seau<\/a> qui utilisait \u00e0 mauvais escient la proc\u00e9dure en signalant de mani\u00e8re massives du contenu ou des profils \u00e0 supprimer.<\/p>\n<p>De plus, les d\u00e9tails concernant les utilisateurs peuvent ne pas \u00eatre corrects lorsque les personnes peuvent s\u2019inscrire avec l\u2019aide d\u2019un simple email ou changer leur adresse IP gr\u00e2ce aux r\u00e9seaux priv\u00e9s virtuels (VPN), et appara\u00eetre en dehors de l\u2019Australie.<\/p>\n<p>Ensuite, les utilisateurs pourraient se m\u00e9fier pour donner des informations personnelles puisque les donn\u00e9es des utilisateurs sont la <strong>base du mod\u00e8le \u00e9conomique de Facebook<\/strong>. Et ils sont d\u2019autant plus susceptibles de donner des informations fausses lorsqu\u2019ils ont l\u2019intention de troller quelqu\u2019un.<\/p>\n<h2>Une loi indienne contest\u00e9e au nom du droit \u00e0 la vie priv\u00e9e<\/h2>\n<p>Et puis, il y a aussi le droit \u00e0 la vie priv\u00e9e, que d\u00e9fendent des entreprises comme Snapchat et plusieurs applications de messagerie. Une loi exigeant l\u2019identification possible des utilisateurs \u00e0 tout moment <strong>obligerait les entreprises \u00e0 stocker des donn\u00e9es personnelles<\/strong>.<\/p>\n<p>En Inde, Twitter ou Facebook peuvent \u00eatre consid\u00e9r\u00e9s comme des \u00e9diteurs et <strong>perdre leur r\u00f4le de plateformes interm\u00e9diaires<\/strong> s\u2019ils ne respectent pas une loi f\u00e9d\u00e9rale adopt\u00e9e en mai dernier. Dans un pays qui <a href=\"https:\/\/www.newsendip.com\/fr\/comment-linde-utilise-lacces-a-internet-comme-outil-politique\/\">bloque activement l\u2019acc\u00e8s \u00e0 Internet pour des motifs politiques<\/a>, cette loi oblige les plateformes \u00e0 <strong>retirer les contenus \u00e0 la demande des autorit\u00e9s dans un d\u00e9lai de 36 heures<\/strong> et \u00e0 identifier la premi\u00e8re personne responsable de la publication d\u2019un contenu viral.<\/p>\n<p>Mais WhatsApp, une soci\u00e9t\u00e9 appartenant \u00e0 Meta la maison-m\u00e8re de Facebook, a <a href=\"https:\/\/www.newsendip.com\/fr\/twitter-deviendra-t-il-responsable-de-son-contenu-en-inde\/\">intent\u00e9 une action en justice contre le gouvernement<\/a> devant la Haute Cour de Delhi pour violation du droit \u00e0 la vie priv\u00e9e. La soci\u00e9t\u00e9 fait valoir qu\u2019une telle demande obligerait l\u2019application de messagerie \u00e0 <strong>stocker toutes les donn\u00e9es personnelles et l\u2019historique des messages<\/strong> de tous ses utilisateurs au cas o\u00f9 il y aurait une demande.<\/p>\n<p>Le Premier ministre australien a d\u00e9clar\u00e9 qu\u2019il serait pr\u00eat \u00e0 attaquer les r\u00e9seaux sociaux devant les tribunaux si ils refusaient de communiquer des donn\u00e9es personnelles.<\/p>\n<h2>Une r\u00e9ponse \u00e0 une d\u00e9cision de la Haute Cour australienne<\/h2>\n<p>Par ailleurs, en faisant peser la responsabilit\u00e9 des contenus sur les plateformes, la nouvelle loi devrait aller \u00e0 l\u2019encontre d\u2019une r\u00e9cente d\u00e9cision de justice en Australie.<!--more--><\/p>\n<p>La <a href=\"#post-bottom-source\">procureure g\u00e9n\u00e9rale Michaelia Cash<\/a> estime que <em>\u00ab\u202fles r\u00e9formes garantiront \u00e9galement que les Australiens de tous les jours et les entreprises australiennes disposant d\u2019une page sur les r\u00e9seaux sociaux ne sont pas juridiquement consid\u00e9r\u00e9s comme des \u00e9diteurs et ne peuvent \u00eatre tenus pour responsables des commentaires diffamatoires publi\u00e9s sur leur page, leur offrant ainsi une certaine s\u00e9curit\u00e9<\/em>\u202f\u00bb.<\/p>\n<p>Cette d\u00e9claration indiquait clairement qu\u2019il s\u2019agissait d\u2019une r\u00e9ponse au jugement de la Haute Cour australienne concernant <strong>l\u2019affaire Voller<\/strong>.<\/p>\n<p>Dylan Voller est un ancien jeune d\u00e9tenu dont l\u2019incarc\u00e9ration fut relay\u00e9e dans une \u00e9mission de t\u00e9l\u00e9vision. Il a intent\u00e9 pour diffamation contre Fairfax Media, Nationwide News et Sky News, affirmant que les entreprises <strong>auraient d\u00fb savoir qu\u2019il existait un risque de commentaires diffamatoires<\/strong> sur les articles publi\u00e9s en ligne \u00e0 son&nbsp;sujet.<\/p>\n<p>En septembre, la Haute Cour a statu\u00e9 que <strong>les m\u00e9dias d\u2019information \u00e9taient responsables des commentaires des tiers sur leurs pages Facebook<\/strong>. Elle a confirm\u00e9 la d\u00e9cision de la Cour d\u2019appel de Nouvelle-Galles du Sud en juin dernier.<\/p>\n<h2>Supprimer la responsabilit\u00e9 des propri\u00e9taires de pages pour les commentaires sur les publications Facebook<\/h2>\n<p>\u00c0 l\u2019heure actuelle, si un m\u00e9dia publie un article d\u2019actualit\u00e9 sur sa page, l\u2019entreprise est consid\u00e9r\u00e9e comme responsable des commentaires formul\u00e9s par des utilisateurs tiers sur la publication. Il en va de m\u00eame pour un particulier qui g\u00e8re une page Facebook.<\/p>\n<p>Apr\u00e8s la d\u00e9cision de la Haute Cour, <strong>CNN a d\u00e9cid\u00e9 de supprimer l\u2019acc\u00e8s des utilisateurs australiens \u00e0 sa page Facebook<\/strong> en raison des risques de poursuites pour diffamation.<\/p>\n<p>L\u2019Australie s\u2019efforce activement de r\u00e9glementer les activit\u00e9s en ligne. L\u2019ann\u00e9e derni\u00e8re, une nouvelle loi a oblig\u00e9 Facebook et Google \u00e0 payer les \u00e9diteurs de presse pour l\u2019utilisation de leur contenu dans les fils d\u2019actualit\u00e9 et les r\u00e9sultats de recherche. En f\u00e9vrier, Facebook a interdit pendant quelques jours le partage d\u2019actualit\u00e9s sur sa plateforme en Australie, avant de se r\u00e9tracter.<\/p>\n<p>En juillet, <a href=\"https:\/\/www.abc.net.au\/news\/2011-07-24\/opposition-criticises-facebook-laws\/2807802\">Christian Porter<\/a>, alors ministre de l\u2019industrie, des sciences et de la technologie, a souhait\u00e9 que les r\u00e9seaux sociaux demandent l\u2019autorisation des parents avant que les enfants puissent ouvrir un compte. Mais il a \u00e9galement admis qu\u2019<strong>une telle loi serait difficile \u00e0 r\u00e9diger et \u00e0 mettre en \u0153uvre<\/strong>, esp\u00e9rant que Facebook accepte la mesure sans avoir besoin d\u2019une l\u00e9gislation.<\/p>\n<p><a href=\"https:\/\/www.newsendip.com\/fr\/etiquette\/australie\/\"><strong>D\u00e9couvrez plus d\u2019actualit\u00e9s d\u2019Australie<\/strong><\/a><\/p>\n","protected":false},"excerpt":{"rendered":"<p>Le Premier ministre australien a annonc\u00e9 que le gouvernement souhaitait que les r\u00e9seaux sociaux r\u00e9v\u00e8lent l\u2019identit\u00e9 des utilisateurs malveillants et les rendent responsables du contenu publi\u00e9 si elles ne le font&nbsp;pas.<\/p>\n","protected":false},"author":1,"featured_media":13804,"comment_status":"closed","ping_status":"closed","sticky":false,"template":"","format":"standard","meta":{"wp_typography_post_enhancements_disabled":false,"footnotes":""},"categories":[414],"tags":[411,413],"class_list":["post-18133","post","type-post","status-publish","format-standard","has-post-thumbnail","hentry","category-economie","tag-actuel","tag-australie"],"yoast_head":"<!-- This site is optimized with the Yoast SEO Premium plugin v27.4 (Yoast SEO v27.4) - https:\/\/yoast.com\/product\/yoast-seo-premium-wordpress\/ -->\n<title>L&#039;Australie veut rendre les r\u00e9seaux sociaux potentiellement responsables des contenus publi\u00e9s<\/title>\n<meta name=\"description\" content=\"Le Premier ministre australien a annonc\u00e9 que le gouvernement souhaitait que les r\u00e9seaux sociaux r\u00e9v\u00e8lent l&#039;identit\u00e9 des utilisateurs malveillants et les rendent responsables du contenu publi\u00e9 si elles ne le font pas.\" \/>\n<meta name=\"robots\" content=\"index, follow, max-snippet:-1, max-image-preview:large, max-video-preview:-1\" \/>\n<link rel=\"canonical\" href=\"https:\/\/www.newsendip.com\/fr\/laustralie-veut-rendre-les-reseaux-sociaux-potentiellement-responsables-des-contenus-publies\/\" \/>\n<meta property=\"og:locale\" content=\"fr_FR\" \/>\n<meta property=\"og:type\" content=\"article\" \/>\n<meta property=\"og:title\" content=\"L&#039;Australie veut rendre les r\u00e9seaux sociaux potentiellement responsables des contenus publi\u00e9s\" \/>\n<meta property=\"og:description\" content=\"Le Premier ministre australien a annonc\u00e9 que le gouvernement souhaitait que les r\u00e9seaux sociaux r\u00e9v\u00e8lent l&#039;identit\u00e9 des utilisateurs malveillants et les rendent responsables du contenu publi\u00e9 si elles ne le font pas.\" \/>\n<meta property=\"og:url\" content=\"https:\/\/www.newsendip.com\/fr\/laustralie-veut-rendre-les-reseaux-sociaux-potentiellement-responsables-des-contenus-publies\/\" \/>\n<meta property=\"og:site_name\" content=\"Newsendip\" \/>\n<meta property=\"article:publisher\" content=\"https:\/\/www.facebook.com\/newsendip\" \/>\n<meta property=\"article:published_time\" content=\"2021-12-06T08:30:00+00:00\" \/>\n<meta property=\"article:modified_time\" content=\"2022-11-11T00:17:40+00:00\" \/>\n<meta property=\"og:image\" content=\"https:\/\/www.newsendip.com\/wp-content\/uploads\/2021\/12\/scott-morrison-australia-facebook-twitter-law-progressive.jpeg\" \/>\n\t<meta property=\"og:image:width\" content=\"700\" \/>\n\t<meta property=\"og:image:height\" content=\"574\" \/>\n\t<meta property=\"og:image:type\" content=\"image\/jpeg\" \/>\n<meta name=\"author\" content=\"Cl\u00e9ment V\u00e9rit\u00e9\" \/>\n<meta name=\"twitter:card\" content=\"summary_large_image\" \/>\n<meta name=\"twitter:image\" content=\"https:\/\/www.newsendip.com\/wp-content\/uploads\/2021\/12\/scott-morrison-australia-facebook-twitter-law-progressive.jpeg\" \/>\n<meta name=\"twitter:creator\" content=\"@https:\/\/twitter.com\/cverite\" \/>\n<meta name=\"twitter:site\" content=\"@newsendip\" \/>\n<meta name=\"twitter:label1\" content=\"\u00c9crit par\" \/>\n\t<meta name=\"twitter:data1\" content=\"Cl\u00e9ment V\u00e9rit\u00e9\" \/>\n\t<meta name=\"twitter:label2\" content=\"Dur\u00e9e de lecture estim\u00e9e\" \/>\n\t<meta name=\"twitter:data2\" content=\"5 minutes\" \/>\n<!-- \/ Yoast SEO Premium plugin. -->","yoast_head_json":{"title":"L'Australie veut rendre les r\u00e9seaux sociaux potentiellement responsables des contenus publi\u00e9s","description":"Le Premier ministre australien a annonc\u00e9 que le gouvernement souhaitait que les r\u00e9seaux sociaux r\u00e9v\u00e8lent l'identit\u00e9 des utilisateurs malveillants et les rendent responsables du contenu publi\u00e9 si elles ne le font pas.","robots":{"index":"index","follow":"follow","max-snippet":"max-snippet:-1","max-image-preview":"max-image-preview:large","max-video-preview":"max-video-preview:-1"},"canonical":"https:\/\/www.newsendip.com\/fr\/laustralie-veut-rendre-les-reseaux-sociaux-potentiellement-responsables-des-contenus-publies\/","og_locale":"fr_FR","og_type":"article","og_title":"L'Australie veut rendre les r\u00e9seaux sociaux potentiellement responsables des contenus publi\u00e9s","og_description":"Le Premier ministre australien a annonc\u00e9 que le gouvernement souhaitait que les r\u00e9seaux sociaux r\u00e9v\u00e8lent l'identit\u00e9 des utilisateurs malveillants et les rendent responsables du contenu publi\u00e9 si elles ne le font pas.","og_url":"https:\/\/www.newsendip.com\/fr\/laustralie-veut-rendre-les-reseaux-sociaux-potentiellement-responsables-des-contenus-publies\/","og_site_name":"Newsendip","article_publisher":"https:\/\/www.facebook.com\/newsendip","article_published_time":"2021-12-06T08:30:00+00:00","article_modified_time":"2022-11-11T00:17:40+00:00","og_image":[{"width":700,"height":574,"url":"https:\/\/www.newsendip.com\/wp-content\/uploads\/2021\/12\/scott-morrison-australia-facebook-twitter-law-progressive.jpeg","type":"image\/jpeg"}],"author":"Cl\u00e9ment V\u00e9rit\u00e9","twitter_card":"summary_large_image","twitter_image":"https:\/\/www.newsendip.com\/wp-content\/uploads\/2021\/12\/scott-morrison-australia-facebook-twitter-law-progressive.jpeg","twitter_creator":"@https:\/\/twitter.com\/cverite","twitter_site":"@newsendip","twitter_misc":{"\u00c9crit par":"Cl\u00e9ment V\u00e9rit\u00e9","Dur\u00e9e de lecture estim\u00e9e":"5 minutes"},"schema":{"@context":"https:\/\/schema.org","@graph":[{"@type":"NewsArticle","@id":"https:\/\/www.newsendip.com\/fr\/laustralie-veut-rendre-les-reseaux-sociaux-potentiellement-responsables-des-contenus-publies\/#article","isPartOf":{"@id":"https:\/\/www.newsendip.com\/fr\/laustralie-veut-rendre-les-reseaux-sociaux-potentiellement-responsables-des-contenus-publies\/"},"author":{"name":"Cl\u00e9ment V\u00e9rit\u00e9","@id":"https:\/\/www.newsendip.com\/fr\/#\/schema\/person\/ea22c01755f464a3cbc2c619584d6363"},"headline":"L\u2019Australie veut rendre les r\u00e9seaux sociaux potentiellement responsables des contenus publi\u00e9s","datePublished":"2021-12-06T08:30:00+00:00","dateModified":"2022-11-11T00:17:40+00:00","mainEntityOfPage":{"@id":"https:\/\/www.newsendip.com\/fr\/laustralie-veut-rendre-les-reseaux-sociaux-potentiellement-responsables-des-contenus-publies\/"},"wordCount":1174,"publisher":{"@id":"https:\/\/www.newsendip.com\/fr\/#organization"},"image":{"@id":"https:\/\/www.newsendip.com\/fr\/laustralie-veut-rendre-les-reseaux-sociaux-potentiellement-responsables-des-contenus-publies\/#primaryimage"},"thumbnailUrl":"https:\/\/www.newsendip.com\/wp-content\/uploads\/2021\/12\/scott-morrison-australia-facebook-twitter-law.webp","keywords":["Actuel","Australie"],"articleSection":["\u00c9conomie"],"inLanguage":"fr-FR","copyrightYear":"2021","copyrightHolder":{"@id":"https:\/\/www.newsendip.com\/#organization"}},{"@type":"WebPage","@id":"https:\/\/www.newsendip.com\/fr\/laustralie-veut-rendre-les-reseaux-sociaux-potentiellement-responsables-des-contenus-publies\/","url":"https:\/\/www.newsendip.com\/fr\/laustralie-veut-rendre-les-reseaux-sociaux-potentiellement-responsables-des-contenus-publies\/","name":"L'Australie veut rendre les r\u00e9seaux sociaux potentiellement responsables des contenus publi\u00e9s","isPartOf":{"@id":"https:\/\/www.newsendip.com\/fr\/#website"},"primaryImageOfPage":{"@id":"https:\/\/www.newsendip.com\/fr\/laustralie-veut-rendre-les-reseaux-sociaux-potentiellement-responsables-des-contenus-publies\/#primaryimage"},"image":{"@id":"https:\/\/www.newsendip.com\/fr\/laustralie-veut-rendre-les-reseaux-sociaux-potentiellement-responsables-des-contenus-publies\/#primaryimage"},"thumbnailUrl":"https:\/\/www.newsendip.com\/wp-content\/uploads\/2021\/12\/scott-morrison-australia-facebook-twitter-law.webp","datePublished":"2021-12-06T08:30:00+00:00","dateModified":"2022-11-11T00:17:40+00:00","description":"Le Premier ministre australien a annonc\u00e9 que le gouvernement souhaitait que les r\u00e9seaux sociaux r\u00e9v\u00e8lent l'identit\u00e9 des utilisateurs malveillants et les rendent responsables du contenu publi\u00e9 si elles ne le font pas.","breadcrumb":{"@id":"https:\/\/www.newsendip.com\/fr\/laustralie-veut-rendre-les-reseaux-sociaux-potentiellement-responsables-des-contenus-publies\/#breadcrumb"},"inLanguage":"fr-FR","potentialAction":[{"@type":"ReadAction","target":["https:\/\/www.newsendip.com\/fr\/laustralie-veut-rendre-les-reseaux-sociaux-potentiellement-responsables-des-contenus-publies\/"]}]},{"@type":"ImageObject","inLanguage":"fr-FR","@id":"https:\/\/www.newsendip.com\/fr\/laustralie-veut-rendre-les-reseaux-sociaux-potentiellement-responsables-des-contenus-publies\/#primaryimage","url":"https:\/\/www.newsendip.com\/wp-content\/uploads\/2021\/12\/scott-morrison-australia-facebook-twitter-law.webp","contentUrl":"https:\/\/www.newsendip.com\/wp-content\/uploads\/2021\/12\/scott-morrison-australia-facebook-twitter-law.webp","width":700,"height":574,"caption":"\"Je veux m'assurer que les Australiens sont en s\u00e9curit\u00e9 sur Internet\", a d\u00e9clar\u00e9 Scott Morrison, Premier ministre australien, lors d'une conf\u00e9rence de presse sur une nouvelle loi visant \u00e0 rendre Facebook, Twitter et autres r\u00e9seaux sociaux responsables des commentaires publi\u00e9s sur leurs plateformes | \u00a9 Tous droits r\u00e9serv\u00e9s, Novembre 2021"},{"@type":"BreadcrumbList","@id":"https:\/\/www.newsendip.com\/fr\/laustralie-veut-rendre-les-reseaux-sociaux-potentiellement-responsables-des-contenus-publies\/#breadcrumb","itemListElement":[{"@type":"ListItem","position":1,"name":"Accueil","item":"https:\/\/www.newsendip.com\/fr\/"},{"@type":"ListItem","position":2,"name":"L\u2019Australie veut rendre les r\u00e9seaux sociaux potentiellement responsables des contenus publi\u00e9s"}]},{"@type":"WebSite","@id":"https:\/\/www.newsendip.com\/fr\/#website","url":"https:\/\/www.newsendip.com\/fr\/","name":"Newsendip","description":"Red\u00e9couvrez l&#039;actualit\u00e9 internationale","publisher":{"@id":"https:\/\/www.newsendip.com\/fr\/#organization"},"potentialAction":[{"@type":"SearchAction","target":{"@type":"EntryPoint","urlTemplate":"https:\/\/www.newsendip.com\/fr\/?s={search_term_string}"},"query-input":{"@type":"PropertyValueSpecification","valueRequired":true,"valueName":"search_term_string"}}],"inLanguage":"fr-FR"},{"@type":"Organization","@id":"https:\/\/www.newsendip.com\/fr\/#organization","name":"Newsendip","url":"https:\/\/www.newsendip.com\/fr\/","logo":{"@type":"ImageObject","inLanguage":"fr-FR","@id":"https:\/\/www.newsendip.com\/fr\/#\/schema\/logo\/image\/","url":"https:\/\/www.newsendip.com\/wp-content\/uploads\/2023\/12\/512x512.svg","contentUrl":"https:\/\/www.newsendip.com\/wp-content\/uploads\/2023\/12\/512x512.svg","width":1,"height":1,"caption":"Newsendip"},"image":{"@id":"https:\/\/www.newsendip.com\/fr\/#\/schema\/logo\/image\/"},"sameAs":["https:\/\/www.facebook.com\/newsendip","https:\/\/x.com\/newsendip","https:\/\/mastodon.social\/@newsendip","https:\/\/www.linkedin.com\/company\/newsendip"],"description":"Newsendip est un site qui a pour mission de rendre l'actualit\u00e9 internationale accessible et diversifi\u00e9e","email":"contact@newsendip.com","legalName":"Newsendip SAS","foundingDate":"2022-11-04","vatID":"FR60921124723","numberOfEmployees":{"@type":"QuantitativeValue","minValue":"1","maxValue":"10"},"publishingPrinciples":"https:\/\/www.newsendip.com\/about-us\/","ownershipFundingInfo":"https:\/\/www.newsendip.com\/legal-notice\/","actionableFeedbackPolicy":"https:\/\/www.newsendip.com\/about-us\/","correctionsPolicy":"https:\/\/www.newsendip.com\/about-us\/","ethicsPolicy":"https:\/\/www.newsendip.com\/about-us\/","diversityPolicy":"https:\/\/www.newsendip.com\/about-us\/"},{"@type":"Person","@id":"https:\/\/www.newsendip.com\/fr\/#\/schema\/person\/ea22c01755f464a3cbc2c619584d6363","name":"Cl\u00e9ment V\u00e9rit\u00e9","description":"Cl\u00e9ment is the executive editor and founder of Newsendip. He started in the media industry as a freelance reporter at 16 for a local French newspaper after school and has never left it. He later worked for seven years at The New York Times, notably as a data analyst. He holds a Master of Management in France and a Master of Arts in the United Kingdom in International Marketing &amp; Communications Strategy. He has lived in France, the United Kingdom, and Italy.","sameAs":["https:\/\/www.newsendip.com\/","https:\/\/www.linkedin.com\/in\/clementverite\/","https:\/\/x.com\/https:\/\/twitter.com\/cverite"],"knowsAbout":["News","International","Business","Media monitoring"],"knowsLanguage":["English","French","Italian","Spanish"],"url":"https:\/\/www.newsendip.com\/fr\/author\/clement-verite\/"}]}},"_links":{"self":[{"href":"https:\/\/www.newsendip.com\/fr\/wp-json\/wp\/v2\/posts\/18133","targetHints":{"allow":["GET"]}}],"collection":[{"href":"https:\/\/www.newsendip.com\/fr\/wp-json\/wp\/v2\/posts"}],"about":[{"href":"https:\/\/www.newsendip.com\/fr\/wp-json\/wp\/v2\/types\/post"}],"author":[{"embeddable":true,"href":"https:\/\/www.newsendip.com\/fr\/wp-json\/wp\/v2\/users\/1"}],"replies":[{"embeddable":true,"href":"https:\/\/www.newsendip.com\/fr\/wp-json\/wp\/v2\/comments?post=18133"}],"version-history":[{"count":0,"href":"https:\/\/www.newsendip.com\/fr\/wp-json\/wp\/v2\/posts\/18133\/revisions"}],"wp:featuredmedia":[{"embeddable":true,"href":"https:\/\/www.newsendip.com\/fr\/wp-json\/wp\/v2\/media\/13804"}],"wp:attachment":[{"href":"https:\/\/www.newsendip.com\/fr\/wp-json\/wp\/v2\/media?parent=18133"}],"wp:term":[{"taxonomy":"category","embeddable":true,"href":"https:\/\/www.newsendip.com\/fr\/wp-json\/wp\/v2\/categories?post=18133"},{"taxonomy":"post_tag","embeddable":true,"href":"https:\/\/www.newsendip.com\/fr\/wp-json\/wp\/v2\/tags?post=18133"}],"curies":[{"name":"wp","href":"https:\/\/api.w.org\/{rel}","templated":true}]}}