{"id":18196,"date":"2022-01-13T16:32:57","date_gmt":"2022-01-13T15:32:57","guid":{"rendered":"https:\/\/www.newsendip.com\/?p=18196"},"modified":"2022-11-08T23:17:05","modified_gmt":"2022-11-08T22:17:05","slug":"ladministration-argentine-invitee-a-teletravailler-pour-eviter-une-nouvelle-panne-delectricite","status":"publish","type":"post","link":"https:\/\/www.newsendip.com\/fr\/ladministration-argentine-invitee-a-teletravailler-pour-eviter-une-nouvelle-panne-delectricite\/","title":{"rendered":"L\u2019administration argentine invit\u00e9e \u00e0 t\u00e9l\u00e9travailler pour \u00e9viter une nouvelle panne d\u2019\u00e9lectricit\u00e9"},"content":{"rendered":"<p><strong>L\u2019Argentine souffre d\u2019une vague de chaleur qui augmente sa demande en \u00e9lectricit\u00e9 et a entra\u00een\u00e9 une panne de courant \u00e0 Buenos Aires.<br>\n<\/strong><\/p>\n<figure id=\"attachment_13910\" aria-describedby=\"caption-attachment-13910\" style=\"width: 640px\" class=\"wp-caption aligncenter\"><img decoding=\"async\" class=\"size-full wp-image-13910\" src=\"https:\/\/www.newsendip.com\/wp-content\/uploads\/2022\/01\/argentina-heat-wave-power-outage-work-from-home.webp\" alt=\"Cactus \u00e0 Salta en Argentine\" width=\"640\" height=\"424\" srcset=\"https:\/\/www.newsendip.com\/wp-content\/uploads\/2022\/01\/argentina-heat-wave-power-outage-work-from-home.webp 640w, https:\/\/www.newsendip.com\/wp-content\/uploads\/2022\/01\/argentina-heat-wave-power-outage-work-from-home-60x40.webp 60w, https:\/\/www.newsendip.com\/wp-content\/uploads\/2022\/01\/argentina-heat-wave-power-outage-work-from-home-300x199.webp 300w\" sizes=\"(max-width: 640px) 100vw, 640px\"><figcaption id=\"caption-attachment-13910\" class=\"wp-caption-text\">L\u2019Argentine souffre d\u2019une vague de chaleur. Le gouvernement a demand\u00e9 aux employ\u00e9s de l\u2019administration et des agences publiques de travailler \u00e0 domicile | \u00a9 Illustration, Salta, Argentine, Agust\u00edn Lautaro, 2015.<\/figcaption><\/figure>\n<p>Le gouvernement argentin a publi\u00e9 un d\u00e9cret demandant aux <strong>employ\u00e9s de l\u2019administration de travailler de chez eux<\/strong> le 13 janvier apr\u00e8s-midi et le 14 janvier. Le pays souffre d\u2019une vague de chaleur et craint une nouvelle coupure de courant.<\/p>\n<p>Le d\u00e9cret pr\u00e9sidentiel, nomm\u00e9 \u00ab\u202f<em>Travail \u00e0 distance pour l\u2019\u00e9conomie d\u2019\u00e9nergie<\/em>\u202f\u00bb a demand\u00e9 aux employ\u00e9s de l\u2019administration de l\u2019\u00c9tat, des entreprises et autres entit\u00e9s publiques de t\u00e9l\u00e9travailler.<\/p>\n<p>Certains secteurs essentiels comme l\u2019arm\u00e9e, les forces de s\u00e9curit\u00e9, le personnel de sant\u00e9 ou le secteur bancaire seront tout de m\u00eame pr\u00e9sents si leur t\u00e2che ne peut \u00eatre effectu\u00e9e \u00e0 domicile.<!--more--><\/p>\n<p>Mardi, <strong>700 000 personnes \u00e0 Buenos Aires<\/strong>, la capitale de l\u2019Argentine, n\u2019ont pas eu d\u2019\u00e9lectricit\u00e9 pendant plusieurs heures. Les temp\u00e9ratures ont grimp\u00e9 au-dessus de 40 degr\u00e9s Celsius.<\/p>\n<p>Avec cette vague de chaleur, les distributeurs d\u2019\u00e9lectricit\u00e9 Edenor et Edesur ont tous deux signal\u00e9 des pannes de courant, les temp\u00e9ratures \u00e9lev\u00e9es ayant g\u00e9n\u00e9r\u00e9 un <strong>pic de demande en \u00e9lectricit\u00e9 pour refroidir les maisons et les entreprises<\/strong>.<\/p>\n<p>Les coupures de courant ont \u00e9galement affect\u00e9 le <a href=\"https:\/\/www.newsendip.com\/fr\/les-parlementaires-chiliens-approuvent-une-reforme-du-code-de-leau-vieille-de-onze-ans\/\">syst\u00e8me d\u2019assainissement de l\u2019eau<\/a> qui fournit l\u2019eau potable \u00e0 Buenos Aires.<\/p>\n<p>Jeudi et vendredi, les temp\u00e9ratures devraient atteindre entre 37 et 40 degr\u00e9s. La vague de chaleur devrait durer jusqu\u2019\u00e0 dimanche.<\/p>\n<p><strong><a href=\"https:\/\/www.newsendip.com\/fr\/etiquette\/argentine\/\">D\u00e9couvrez plus d\u2019actualit\u00e9s d\u2019Argentine<\/a><\/strong><\/p>\n","protected":false},"excerpt":{"rendered":"<p>L\u2019Argentine souffre d\u2019une vague de chaleur qui augmente sa demande en \u00e9lectricit\u00e9 et a entra\u00een\u00e9 une panne de courant \u00e0 Buenos Aires.<\/p>\n","protected":false},"author":1,"featured_media":13910,"comment_status":"closed","ping_status":"closed","sticky":false,"template":"","format":"standard","meta":{"wp_typography_post_enhancements_disabled":false,"footnotes":""},"categories":[414],"tags":[411,452],"class_list":["post-18196","post","type-post","status-publish","format-standard","has-post-thumbnail","hentry","category-economie","tag-actuel","tag-argentine"],"yoast_head":"<!-- This site is optimized with the Yoast SEO Premium plugin v27.4 (Yoast SEO v27.4) - https:\/\/yoast.com\/product\/yoast-seo-premium-wordpress\/ -->\n<title>L&#039;administration argentine invit\u00e9e \u00e0 t\u00e9l\u00e9travailler pour \u00e9viter une nouvelle panne d&#039;\u00e9lectricit\u00e9<\/title>\n<meta name=\"description\" content=\"L&#039;Argentine souffre d&#039;une vague de chaleur qui augmente sa demande en \u00e9lectricit\u00e9 et a entra\u00een\u00e9 une panne de courant \u00e0 Buenos Aires.\" \/>\n<meta name=\"robots\" content=\"index, follow, max-snippet:-1, max-image-preview:large, max-video-preview:-1\" \/>\n<link rel=\"canonical\" href=\"https:\/\/www.newsendip.com\/fr\/ladministration-argentine-invitee-a-teletravailler-pour-eviter-une-nouvelle-panne-delectricite\/\" \/>\n<meta property=\"og:locale\" content=\"fr_FR\" \/>\n<meta property=\"og:type\" content=\"article\" \/>\n<meta property=\"og:title\" content=\"L&#039;administration argentine invit\u00e9e \u00e0 t\u00e9l\u00e9travailler pour \u00e9viter une nouvelle panne d&#039;\u00e9lectricit\u00e9\" \/>\n<meta property=\"og:description\" content=\"L&#039;Argentine souffre d&#039;une vague de chaleur qui augmente sa demande en \u00e9lectricit\u00e9 et a entra\u00een\u00e9 une panne de courant \u00e0 Buenos Aires.\" \/>\n<meta property=\"og:url\" content=\"https:\/\/www.newsendip.com\/fr\/ladministration-argentine-invitee-a-teletravailler-pour-eviter-une-nouvelle-panne-delectricite\/\" \/>\n<meta property=\"og:site_name\" content=\"Newsendip\" \/>\n<meta property=\"article:publisher\" content=\"https:\/\/www.facebook.com\/newsendip\" \/>\n<meta property=\"article:published_time\" content=\"2022-01-13T15:32:57+00:00\" \/>\n<meta property=\"article:modified_time\" content=\"2022-11-08T22:17:05+00:00\" \/>\n<meta property=\"og:image\" content=\"https:\/\/www.newsendip.com\/wp-content\/uploads\/2022\/01\/argentina-heat-wave-power-outage-work-from-home-progressive.jpeg\" \/>\n\t<meta property=\"og:image:width\" content=\"640\" \/>\n\t<meta property=\"og:image:height\" content=\"424\" \/>\n\t<meta property=\"og:image:type\" content=\"image\/jpeg\" \/>\n<meta name=\"author\" content=\"Cl\u00e9ment V\u00e9rit\u00e9\" \/>\n<meta name=\"twitter:card\" content=\"summary_large_image\" \/>\n<meta name=\"twitter:image\" content=\"https:\/\/www.newsendip.com\/wp-content\/uploads\/2022\/01\/argentina-heat-wave-power-outage-work-from-home-progressive.jpeg\" \/>\n<meta name=\"twitter:creator\" content=\"@https:\/\/twitter.com\/cverite\" \/>\n<meta name=\"twitter:site\" content=\"@newsendip\" \/>\n<meta name=\"twitter:label1\" content=\"\u00c9crit par\" \/>\n\t<meta name=\"twitter:data1\" content=\"Cl\u00e9ment V\u00e9rit\u00e9\" \/>\n\t<meta name=\"twitter:label2\" content=\"Dur\u00e9e de lecture estim\u00e9e\" \/>\n\t<meta name=\"twitter:data2\" content=\"2 minutes\" \/>\n<!-- \/ Yoast SEO Premium plugin. -->","yoast_head_json":{"title":"L'administration argentine invit\u00e9e \u00e0 t\u00e9l\u00e9travailler pour \u00e9viter une nouvelle panne d'\u00e9lectricit\u00e9","description":"L'Argentine souffre d'une vague de chaleur qui augmente sa demande en \u00e9lectricit\u00e9 et a entra\u00een\u00e9 une panne de courant \u00e0 Buenos Aires.","robots":{"index":"index","follow":"follow","max-snippet":"max-snippet:-1","max-image-preview":"max-image-preview:large","max-video-preview":"max-video-preview:-1"},"canonical":"https:\/\/www.newsendip.com\/fr\/ladministration-argentine-invitee-a-teletravailler-pour-eviter-une-nouvelle-panne-delectricite\/","og_locale":"fr_FR","og_type":"article","og_title":"L'administration argentine invit\u00e9e \u00e0 t\u00e9l\u00e9travailler pour \u00e9viter une nouvelle panne d'\u00e9lectricit\u00e9","og_description":"L'Argentine souffre d'une vague de chaleur qui augmente sa demande en \u00e9lectricit\u00e9 et a entra\u00een\u00e9 une panne de courant \u00e0 Buenos Aires.","og_url":"https:\/\/www.newsendip.com\/fr\/ladministration-argentine-invitee-a-teletravailler-pour-eviter-une-nouvelle-panne-delectricite\/","og_site_name":"Newsendip","article_publisher":"https:\/\/www.facebook.com\/newsendip","article_published_time":"2022-01-13T15:32:57+00:00","article_modified_time":"2022-11-08T22:17:05+00:00","og_image":[{"width":640,"height":424,"url":"https:\/\/www.newsendip.com\/wp-content\/uploads\/2022\/01\/argentina-heat-wave-power-outage-work-from-home-progressive.jpeg","type":"image\/jpeg"}],"author":"Cl\u00e9ment V\u00e9rit\u00e9","twitter_card":"summary_large_image","twitter_image":"https:\/\/www.newsendip.com\/wp-content\/uploads\/2022\/01\/argentina-heat-wave-power-outage-work-from-home-progressive.jpeg","twitter_creator":"@https:\/\/twitter.com\/cverite","twitter_site":"@newsendip","twitter_misc":{"\u00c9crit par":"Cl\u00e9ment V\u00e9rit\u00e9","Dur\u00e9e de lecture estim\u00e9e":"2 minutes"},"schema":{"@context":"https:\/\/schema.org","@graph":[{"@type":"NewsArticle","@id":"https:\/\/www.newsendip.com\/fr\/ladministration-argentine-invitee-a-teletravailler-pour-eviter-une-nouvelle-panne-delectricite\/#article","isPartOf":{"@id":"https:\/\/www.newsendip.com\/fr\/ladministration-argentine-invitee-a-teletravailler-pour-eviter-une-nouvelle-panne-delectricite\/"},"author":{"name":"Cl\u00e9ment V\u00e9rit\u00e9","@id":"https:\/\/www.newsendip.com\/fr\/#\/schema\/person\/ea22c01755f464a3cbc2c619584d6363"},"headline":"L\u2019administration argentine invit\u00e9e \u00e0 t\u00e9l\u00e9travailler pour \u00e9viter une nouvelle panne d\u2019\u00e9lectricit\u00e9","datePublished":"2022-01-13T15:32:57+00:00","dateModified":"2022-11-08T22:17:05+00:00","mainEntityOfPage":{"@id":"https:\/\/www.newsendip.com\/fr\/ladministration-argentine-invitee-a-teletravailler-pour-eviter-une-nouvelle-panne-delectricite\/"},"wordCount":311,"publisher":{"@id":"https:\/\/www.newsendip.com\/fr\/#organization"},"image":{"@id":"https:\/\/www.newsendip.com\/fr\/ladministration-argentine-invitee-a-teletravailler-pour-eviter-une-nouvelle-panne-delectricite\/#primaryimage"},"thumbnailUrl":"https:\/\/www.newsendip.com\/wp-content\/uploads\/2022\/01\/argentina-heat-wave-power-outage-work-from-home.webp","keywords":["Actuel","Argentine"],"articleSection":["\u00c9conomie"],"inLanguage":"fr-FR","copyrightYear":"2022","copyrightHolder":{"@id":"https:\/\/www.newsendip.com\/#organization"}},{"@type":"WebPage","@id":"https:\/\/www.newsendip.com\/fr\/ladministration-argentine-invitee-a-teletravailler-pour-eviter-une-nouvelle-panne-delectricite\/","url":"https:\/\/www.newsendip.com\/fr\/ladministration-argentine-invitee-a-teletravailler-pour-eviter-une-nouvelle-panne-delectricite\/","name":"L'administration argentine invit\u00e9e \u00e0 t\u00e9l\u00e9travailler pour \u00e9viter une nouvelle panne d'\u00e9lectricit\u00e9","isPartOf":{"@id":"https:\/\/www.newsendip.com\/fr\/#website"},"primaryImageOfPage":{"@id":"https:\/\/www.newsendip.com\/fr\/ladministration-argentine-invitee-a-teletravailler-pour-eviter-une-nouvelle-panne-delectricite\/#primaryimage"},"image":{"@id":"https:\/\/www.newsendip.com\/fr\/ladministration-argentine-invitee-a-teletravailler-pour-eviter-une-nouvelle-panne-delectricite\/#primaryimage"},"thumbnailUrl":"https:\/\/www.newsendip.com\/wp-content\/uploads\/2022\/01\/argentina-heat-wave-power-outage-work-from-home.webp","datePublished":"2022-01-13T15:32:57+00:00","dateModified":"2022-11-08T22:17:05+00:00","description":"L'Argentine souffre d'une vague de chaleur qui augmente sa demande en \u00e9lectricit\u00e9 et a entra\u00een\u00e9 une panne de courant \u00e0 Buenos Aires.","breadcrumb":{"@id":"https:\/\/www.newsendip.com\/fr\/ladministration-argentine-invitee-a-teletravailler-pour-eviter-une-nouvelle-panne-delectricite\/#breadcrumb"},"inLanguage":"fr-FR","potentialAction":[{"@type":"ReadAction","target":["https:\/\/www.newsendip.com\/fr\/ladministration-argentine-invitee-a-teletravailler-pour-eviter-une-nouvelle-panne-delectricite\/"]}]},{"@type":"ImageObject","inLanguage":"fr-FR","@id":"https:\/\/www.newsendip.com\/fr\/ladministration-argentine-invitee-a-teletravailler-pour-eviter-une-nouvelle-panne-delectricite\/#primaryimage","url":"https:\/\/www.newsendip.com\/wp-content\/uploads\/2022\/01\/argentina-heat-wave-power-outage-work-from-home.webp","contentUrl":"https:\/\/www.newsendip.com\/wp-content\/uploads\/2022\/01\/argentina-heat-wave-power-outage-work-from-home.webp","width":640,"height":424,"caption":"L'Argentine souffre d'une vague de chaleur. Le gouvernement a demand\u00e9 aux employ\u00e9s de l'administration et des agences publiques de travailler \u00e0 domicile | \u00a9 Illustration, Salta, Argentine, Agust\u00edn Lautaro, 2015."},{"@type":"BreadcrumbList","@id":"https:\/\/www.newsendip.com\/fr\/ladministration-argentine-invitee-a-teletravailler-pour-eviter-une-nouvelle-panne-delectricite\/#breadcrumb","itemListElement":[{"@type":"ListItem","position":1,"name":"Accueil","item":"https:\/\/www.newsendip.com\/fr\/"},{"@type":"ListItem","position":2,"name":"L\u2019administration argentine invit\u00e9e \u00e0 t\u00e9l\u00e9travailler pour \u00e9viter une nouvelle panne d\u2019\u00e9lectricit\u00e9"}]},{"@type":"WebSite","@id":"https:\/\/www.newsendip.com\/fr\/#website","url":"https:\/\/www.newsendip.com\/fr\/","name":"Newsendip","description":"Red\u00e9couvrez l&#039;actualit\u00e9 internationale","publisher":{"@id":"https:\/\/www.newsendip.com\/fr\/#organization"},"potentialAction":[{"@type":"SearchAction","target":{"@type":"EntryPoint","urlTemplate":"https:\/\/www.newsendip.com\/fr\/?s={search_term_string}"},"query-input":{"@type":"PropertyValueSpecification","valueRequired":true,"valueName":"search_term_string"}}],"inLanguage":"fr-FR"},{"@type":"Organization","@id":"https:\/\/www.newsendip.com\/fr\/#organization","name":"Newsendip","url":"https:\/\/www.newsendip.com\/fr\/","logo":{"@type":"ImageObject","inLanguage":"fr-FR","@id":"https:\/\/www.newsendip.com\/fr\/#\/schema\/logo\/image\/","url":"https:\/\/www.newsendip.com\/wp-content\/uploads\/2023\/12\/512x512.svg","contentUrl":"https:\/\/www.newsendip.com\/wp-content\/uploads\/2023\/12\/512x512.svg","width":1,"height":1,"caption":"Newsendip"},"image":{"@id":"https:\/\/www.newsendip.com\/fr\/#\/schema\/logo\/image\/"},"sameAs":["https:\/\/www.facebook.com\/newsendip","https:\/\/x.com\/newsendip","https:\/\/mastodon.social\/@newsendip","https:\/\/www.linkedin.com\/company\/newsendip"],"description":"Newsendip est un site qui a pour mission de rendre l'actualit\u00e9 internationale accessible et diversifi\u00e9e","email":"contact@newsendip.com","legalName":"Newsendip SAS","foundingDate":"2022-11-04","vatID":"FR60921124723","numberOfEmployees":{"@type":"QuantitativeValue","minValue":"1","maxValue":"10"},"publishingPrinciples":"https:\/\/www.newsendip.com\/about-us\/","ownershipFundingInfo":"https:\/\/www.newsendip.com\/legal-notice\/","actionableFeedbackPolicy":"https:\/\/www.newsendip.com\/about-us\/","correctionsPolicy":"https:\/\/www.newsendip.com\/about-us\/","ethicsPolicy":"https:\/\/www.newsendip.com\/about-us\/","diversityPolicy":"https:\/\/www.newsendip.com\/about-us\/"},{"@type":"Person","@id":"https:\/\/www.newsendip.com\/fr\/#\/schema\/person\/ea22c01755f464a3cbc2c619584d6363","name":"Cl\u00e9ment V\u00e9rit\u00e9","description":"Cl\u00e9ment is the executive editor and founder of Newsendip. He started in the media industry as a freelance reporter at 16 for a local French newspaper after school and has never left it. He later worked for seven years at The New York Times, notably as a data analyst. He holds a Master of Management in France and a Master of Arts in the United Kingdom in International Marketing &amp; Communications Strategy. He has lived in France, the United Kingdom, and Italy.","sameAs":["https:\/\/www.newsendip.com\/","https:\/\/www.linkedin.com\/in\/clementverite\/","https:\/\/x.com\/https:\/\/twitter.com\/cverite"],"knowsAbout":["News","International","Business","Media monitoring"],"knowsLanguage":["English","French","Italian","Spanish"],"url":"https:\/\/www.newsendip.com\/fr\/author\/clement-verite\/"}]}},"_links":{"self":[{"href":"https:\/\/www.newsendip.com\/fr\/wp-json\/wp\/v2\/posts\/18196","targetHints":{"allow":["GET"]}}],"collection":[{"href":"https:\/\/www.newsendip.com\/fr\/wp-json\/wp\/v2\/posts"}],"about":[{"href":"https:\/\/www.newsendip.com\/fr\/wp-json\/wp\/v2\/types\/post"}],"author":[{"embeddable":true,"href":"https:\/\/www.newsendip.com\/fr\/wp-json\/wp\/v2\/users\/1"}],"replies":[{"embeddable":true,"href":"https:\/\/www.newsendip.com\/fr\/wp-json\/wp\/v2\/comments?post=18196"}],"version-history":[{"count":0,"href":"https:\/\/www.newsendip.com\/fr\/wp-json\/wp\/v2\/posts\/18196\/revisions"}],"wp:featuredmedia":[{"embeddable":true,"href":"https:\/\/www.newsendip.com\/fr\/wp-json\/wp\/v2\/media\/13910"}],"wp:attachment":[{"href":"https:\/\/www.newsendip.com\/fr\/wp-json\/wp\/v2\/media?parent=18196"}],"wp:term":[{"taxonomy":"category","embeddable":true,"href":"https:\/\/www.newsendip.com\/fr\/wp-json\/wp\/v2\/categories?post=18196"},{"taxonomy":"post_tag","embeddable":true,"href":"https:\/\/www.newsendip.com\/fr\/wp-json\/wp\/v2\/tags?post=18196"}],"curies":[{"name":"wp","href":"https:\/\/api.w.org\/{rel}","templated":true}]}}