{"id":18221,"date":"2022-02-09T23:01:48","date_gmt":"2022-02-09T22:01:48","guid":{"rendered":"https:\/\/www.newsendip.com\/?p=18221"},"modified":"2024-07-18T16:09:13","modified_gmt":"2024-07-18T14:09:13","slug":"lorsque-des-multinationales-celebrent-une-fete-nationale-controversee-dans-dautres-marches","status":"publish","type":"post","link":"https:\/\/www.newsendip.com\/fr\/lorsque-des-multinationales-celebrent-une-fete-nationale-controversee-dans-dautres-marches\/","title":{"rendered":"Lorsque des multinationales c\u00e9l\u00e8brent une f\u00eate nationale controvers\u00e9e dans d\u2019autres march\u00e9s"},"content":{"rendered":"<p><strong>Certaines entit\u00e9s locales d\u2019entreprises internationales ont c\u00e9l\u00e9br\u00e9 une f\u00eate nationale pakistanaise, la journ\u00e9e de solidarit\u00e9 avec le Cachemire, ce que l\u2019Inde consid\u00e8re comme un manque de respect pour sa souverainet\u00e9. Plusieurs marques ont publi\u00e9 leurs excuses.<br>\n<\/strong><\/p>\n<figure id=\"attachment_14047\" aria-describedby=\"caption-attachment-14047\" style=\"width: 510px\" class=\"wp-caption aligncenter\"><img decoding=\"async\" class=\"size-full wp-image-14047\" src=\"https:\/\/www.newsendip.com\/wp-content\/uploads\/2022\/02\/hyundai-logo.webp\" alt=\"Logo Hyundai\" width=\"510\" height=\"340\" srcset=\"https:\/\/www.newsendip.com\/wp-content\/uploads\/2022\/02\/hyundai-logo.webp 510w, https:\/\/www.newsendip.com\/wp-content\/uploads\/2022\/02\/hyundai-logo-60x40.webp 60w, https:\/\/www.newsendip.com\/wp-content\/uploads\/2022\/02\/hyundai-logo-300x200.webp 300w\" sizes=\"(max-width: 510px) 100vw, 510px\"><figcaption id=\"caption-attachment-14047\" class=\"wp-caption-text\">Hyundai et d\u2019autres multinationales ont pr\u00e9sent\u00e9 leurs excuses pour des messages post\u00e9s sur les r\u00e9seaux sociaux concernant le Cachemire qui ont heurt\u00e9 les Indiens | Reuters<\/figcaption><\/figure>\n<p>En c\u00e9l\u00e9brant une f\u00eate nationale politiquement controvers\u00e9e dans un autre pays, des entreprises internationales comme Hyundai, KFC, KIA ou Domino\u2019s ont tent\u00e9 de limiter les r\u00e9actions n\u00e9gatives sur les r\u00e9seaux sociaux.<\/p>\n<p>La journ\u00e9e de solidarit\u00e9 avec le Cachemire est une <a href=\"https:\/\/www.newsendip.com\/fr\/fete-nationale-en-australie-et-manifestations-pour-changer-la-date\/\">f\u00eate nationale<\/a> c\u00e9l\u00e9br\u00e9e au Pakistan le 5 f\u00e9vrier de chaque ann\u00e9e. Elle vise \u00e0 soutenir les Cachemiris de la r\u00e9gion de Jammu-et-Cachemire administr\u00e9e par l\u2019Inde. Les Cachemiris s\u00e9cessionnistes de la r\u00e9gion observent \u00e9galement cette journ\u00e9e.<\/p>\n<p>Mais c\u2019est un <a href=\"https:\/\/edition.cnn.com\/2022\/02\/07\/media\/kashmir-journalist-arrest-india-intl-hnk\/index.html\">sujet extr\u00eamement sensible<\/a> en&nbsp;Inde.<\/p>\n<p>Certaines branches locales d\u2019entreprises multinationales ont c\u00e9l\u00e9br\u00e9 la journ\u00e9e du Cachemire sur leurs r\u00e9seaux sociaux au Pakistan. Mais l\u2019Inde n\u2019a pas du tout appr\u00e9ci\u00e9.<!--more-->Lorsque le minist\u00e8re indien des affaires \u00e9trang\u00e8res a remarqu\u00e9 un post de Hyundai Pakistan sur la Journ\u00e9e nationale du Cachemire le 6 f\u00e9vrier, <strong>l\u2019ambassadeur indien \u00e0 S\u00e9oul a contact\u00e9 le si\u00e8ge de Hyundai pour obtenir des explications<\/strong>.<\/p>\n<p>Selon le porte-parole du minist\u00e8re, l\u2019ambassadeur de Cor\u00e9e en Inde a \u00e9galement \u00e9t\u00e9 convoqu\u00e9 le lendemain pour lui faire part du \u00ab\u202f<em>vif m\u00e9contentement du gouvernement \u00e0 l\u2019\u00e9gard des messages inacceptables publi\u00e9s sur les r\u00e9seaux sociaux<\/em>\u202f\u00bb, car le sujet \u00ab\u202f<em>concerne l\u2019int\u00e9grit\u00e9 territoriale de l\u2019Inde, sur laquelle il ne peut y avoir de compromis<\/em>\u202f\u00bb.<\/p>\n<p>Chung Eui-yong, ministre des affaires \u00e9trang\u00e8res de Cor\u00e9e du Sud, a \u00e9galement d\u00e9clar\u00e9 \u00e0 son homologue indien Subrahmanyam Jaishankar qu\u2019il \u00ab\u202f<em>regrettait l\u2019offense<\/em>\u202f\u00bb.<\/p>\n<p>Le lendemain, <a href=\"https:\/\/twitter.com\/HyundaiIndia\/status\/1490896717054902273\">Hyundai India a publi\u00e9 un communiqu\u00e9<\/a> de Hyundai Motor Company expliquant que l\u2019entreprise \u00ab\u202f<em>ne commente pas les questions politiques ou religieuses d\u2019aucune r\u00e9gion<\/em>\u202f\u00bb. Le post pr\u00e9cisait \u00e9galement que <strong>la filiale indienne n\u2019\u00e9tait pas associ\u00e9e au distributeur officiel mais ind\u00e9pendant de Hyundai au Pakistan<\/strong>. L\u2019entreprise a demand\u00e9 au distributeur pakistanais de supprimer ses messages.<\/p>\n<p>Le Jammu-et-Cachemire, qui comprend la r\u00e9gion sud du Cachemire, fait l\u2019objet d\u2019un <strong>diff\u00e9rend entre l\u2019Inde et le Pakistan depuis qu\u2019ils sont devenus ind\u00e9pendants<\/strong> de l\u2019Empire britannique en&nbsp;1947.<\/p>\n<p>L\u2019Inde reste ferme quant \u00e0 sa souverainet\u00e9 sur cette partie du territoire. En 2019, l\u2019Inde a supprim\u00e9 le <a href=\"https:\/\/www.newsendip.com\/fr\/comment-linde-utilise-lacces-a-internet-comme-outil-politique\/\">statut d\u2019autonomie du Jammu-et-Cachemire<\/a> et l\u2019a ainsi int\u00e9gr\u00e9 au territoire de l\u2019Union indienne, administr\u00e9 comme tous les autres \u00c9tats du&nbsp;pays.<\/p>\n<p>La r\u00e9gion a suscit\u00e9 plusieurs guerres entre les deux pays, la cr\u00e9ation d\u2019une ligne de contr\u00f4le (LoC) gard\u00e9e par des troupes militaires et des \u00e9changes de tirs r\u00e9guliers. L\u2019Inde se dispute \u00e9galement avec la Chine au sujet de cette r\u00e9gion.<\/p>\n<p>Dans la vall\u00e9e du Cachemire, principalement compos\u00e9e de musulmans, les <strong>Hizbul Mujahideens luttent pour faire partie de la R\u00e9publique islamique du Pakistan<\/strong>. Ils ont revendiqu\u00e9 la responsabilit\u00e9 de plusieurs attaques terroristes.<\/p>\n<p>Hyundai n\u2019est pas la seule marque \u00e0 avoir publi\u00e9 des excuses alors que les appels sur les r\u00e9seaux sociaux \u00e0 boycotter les entreprises soutenant la journ\u00e9e du Cachemire se r\u00e9pandent en&nbsp;Inde.<\/p>\n<p><a href=\"https:\/\/twitter.com\/KFC_India\/status\/1490675462544105475\">KFC Inde<\/a>, le 7 f\u00e9vrier, \u00ab\u202fs\u2019est profond\u00e9ment excus\u00e9 pour un post qui a \u00e9t\u00e9 publi\u00e9 sur certains r\u00e9seaux sociaux de KFC en dehors du&nbsp;pays\u202f\u00bb.<\/p>\n<p>Le 8 f\u00e9vrier, <a href=\"https:\/\/twitter.com\/KiaInd\/status\/1491014612275576836\">Kia Inde<\/a> a pris note des \u00ab\u202f<em>messages non autoris\u00e9s publi\u00e9s sur les r\u00e9seaux sociaux par un concessionnaire ind\u00e9pendant bas\u00e9 en dehors du pays<\/em>\u202f\u00bb et \u00ab\u202f<em>regrette profond\u00e9ment l\u2019offense caus\u00e9e par cette activit\u00e9 non officielle sur les r\u00e9seaux<\/em>\u202f\u00bb.<\/p>\n<p><a href=\"https:\/\/twitter.com\/dominos_india\/status\/1490984048721752066\">Domino\u2019s Inde<\/a> \u00ab\u202f<em>regrette et s\u2019excuse pour le message non sollicit\u00e9 publi\u00e9 sur les r\u00e9seaux sociaux de Domino\u2019s en dehors du pays<\/em>\u202f\u00bb. Le message en question semble avoir \u00e9t\u00e9 publi\u00e9 \u00e0 partir du compte de la maison m\u00e8re, <a href=\"https:\/\/twitter.com\/Sudarshan214\/status\/1490755028381962240\">mais il date en fait d\u2019il y a deux ans<\/a>.<\/p>\n<p><a href=\"https:\/\/twitter.com\/IsuzuIndia\/status\/1491314393665384448\">Isuzu Inde<\/a> s\u2019est dissoci\u00e9 des messages publi\u00e9s sur les r\u00e9seaux sociaux, <a href=\"https:\/\/twitter.com\/suzuki2wheelers\/status\/1491031679196360704\">Suzuki<\/a> et <a href=\"https:\/\/twitter.com\/HondaCarIndia\/status\/1491075536118239234\">Honda<\/a> ont \u00e9galement \u00e9mis un communiqu\u00e9 \u00e0 ce&nbsp;sujet.<\/p>\n<p>Si tous ces messages publi\u00e9s sur les r\u00e9seaux pakistanais furent supprim\u00e9s, les excuses des entreprises bas\u00e9es en Inde non pas \u00e9t\u00e9 publi\u00e9es sur les canaux pakistanais.<\/p>\n<p><a href=\"https:\/\/www.newsendip.com\/fr\/etiquette\/inde\/\"><strong>D\u00e9couvrez plus d\u2019actualit\u00e9s d\u2019Inde<\/strong><\/a><\/p>\n","protected":false},"excerpt":{"rendered":"<p>Certaines entit\u00e9s locales de multinationales ont c\u00e9l\u00e9br\u00e9 une f\u00eate nationale pakistanaise, la journ\u00e9e de solidarit\u00e9 avec le Cachemire, ce que l\u2019Inde consid\u00e8re comme un manque de respect pour sa souverainet\u00e9.<\/p>\n","protected":false},"author":1,"featured_media":14047,"comment_status":"closed","ping_status":"closed","sticky":false,"template":"","format":"standard","meta":{"wp_typography_post_enhancements_disabled":false,"footnotes":""},"categories":[414],"tags":[446,523,421],"class_list":["post-18221","post","type-post","status-publish","format-standard","has-post-thumbnail","hentry","category-economie","tag-inde","tag-monde","tag-vieux"],"yoast_head":"<!-- This site is optimized with the Yoast SEO Premium plugin v27.4 (Yoast SEO v27.4) - https:\/\/yoast.com\/product\/yoast-seo-premium-wordpress\/ -->\n<title>Lorsque des multinationales c\u00e9l\u00e8brent une f\u00eate nationale controvers\u00e9e dans d&#039;autres march\u00e9s<\/title>\n<meta name=\"description\" content=\"Certaines entit\u00e9s locales de multinationales ont c\u00e9l\u00e9br\u00e9 une f\u00eate nationale pakistanaise, la journ\u00e9e de solidarit\u00e9 avec le Cachemire, ce que l&#039;Inde consid\u00e8re comme un manque de respect pour sa souverainet\u00e9.\" \/>\n<meta name=\"robots\" content=\"index, follow, max-snippet:-1, max-image-preview:large, max-video-preview:-1\" \/>\n<link rel=\"canonical\" href=\"https:\/\/www.newsendip.com\/fr\/lorsque-des-multinationales-celebrent-une-fete-nationale-controversee-dans-dautres-marches\/\" \/>\n<meta property=\"og:locale\" content=\"fr_FR\" \/>\n<meta property=\"og:type\" content=\"article\" \/>\n<meta property=\"og:title\" content=\"Lorsque des multinationales c\u00e9l\u00e8brent une f\u00eate nationale controvers\u00e9e dans d&#039;autres march\u00e9s\" \/>\n<meta property=\"og:description\" content=\"Certaines entit\u00e9s locales de multinationales ont c\u00e9l\u00e9br\u00e9 une f\u00eate nationale pakistanaise, la journ\u00e9e de solidarit\u00e9 avec le Cachemire, ce que l&#039;Inde consid\u00e8re comme un manque de respect pour sa souverainet\u00e9.\" \/>\n<meta property=\"og:url\" content=\"https:\/\/www.newsendip.com\/fr\/lorsque-des-multinationales-celebrent-une-fete-nationale-controversee-dans-dautres-marches\/\" \/>\n<meta property=\"og:site_name\" content=\"Newsendip\" \/>\n<meta property=\"article:publisher\" content=\"https:\/\/www.facebook.com\/newsendip\" \/>\n<meta property=\"article:published_time\" content=\"2022-02-09T22:01:48+00:00\" \/>\n<meta property=\"article:modified_time\" content=\"2024-07-18T14:09:13+00:00\" \/>\n<meta property=\"og:image\" content=\"https:\/\/www.newsendip.com\/wp-content\/uploads\/2022\/02\/hyundai-logo.jpeg\" \/>\n<meta name=\"author\" content=\"Cl\u00e9ment V\u00e9rit\u00e9\" \/>\n<meta name=\"twitter:card\" content=\"summary_large_image\" \/>\n<meta name=\"twitter:image\" content=\"https:\/\/www.newsendip.com\/wp-content\/uploads\/2022\/02\/hyundai-logo.jpeg\" \/>\n<meta name=\"twitter:creator\" content=\"@https:\/\/twitter.com\/cverite\" \/>\n<meta name=\"twitter:site\" content=\"@newsendip\" \/>\n<meta name=\"twitter:label1\" content=\"\u00c9crit par\" \/>\n\t<meta name=\"twitter:data1\" content=\"Cl\u00e9ment V\u00e9rit\u00e9\" \/>\n\t<meta name=\"twitter:label2\" content=\"Dur\u00e9e de lecture estim\u00e9e\" \/>\n\t<meta name=\"twitter:data2\" content=\"4 minutes\" \/>\n<!-- \/ Yoast SEO Premium plugin. -->","yoast_head_json":{"title":"Lorsque des multinationales c\u00e9l\u00e8brent une f\u00eate nationale controvers\u00e9e dans d'autres march\u00e9s","description":"Certaines entit\u00e9s locales de multinationales ont c\u00e9l\u00e9br\u00e9 une f\u00eate nationale pakistanaise, la journ\u00e9e de solidarit\u00e9 avec le Cachemire, ce que l'Inde consid\u00e8re comme un manque de respect pour sa souverainet\u00e9.","robots":{"index":"index","follow":"follow","max-snippet":"max-snippet:-1","max-image-preview":"max-image-preview:large","max-video-preview":"max-video-preview:-1"},"canonical":"https:\/\/www.newsendip.com\/fr\/lorsque-des-multinationales-celebrent-une-fete-nationale-controversee-dans-dautres-marches\/","og_locale":"fr_FR","og_type":"article","og_title":"Lorsque des multinationales c\u00e9l\u00e8brent une f\u00eate nationale controvers\u00e9e dans d'autres march\u00e9s","og_description":"Certaines entit\u00e9s locales de multinationales ont c\u00e9l\u00e9br\u00e9 une f\u00eate nationale pakistanaise, la journ\u00e9e de solidarit\u00e9 avec le Cachemire, ce que l'Inde consid\u00e8re comme un manque de respect pour sa souverainet\u00e9.","og_url":"https:\/\/www.newsendip.com\/fr\/lorsque-des-multinationales-celebrent-une-fete-nationale-controversee-dans-dautres-marches\/","og_site_name":"Newsendip","article_publisher":"https:\/\/www.facebook.com\/newsendip","article_published_time":"2022-02-09T22:01:48+00:00","article_modified_time":"2024-07-18T14:09:13+00:00","og_image":[{"url":"https:\/\/www.newsendip.com\/wp-content\/uploads\/2022\/02\/hyundai-logo.jpeg","type":"","width":"","height":""}],"author":"Cl\u00e9ment V\u00e9rit\u00e9","twitter_card":"summary_large_image","twitter_image":"https:\/\/www.newsendip.com\/wp-content\/uploads\/2022\/02\/hyundai-logo.jpeg","twitter_creator":"@https:\/\/twitter.com\/cverite","twitter_site":"@newsendip","twitter_misc":{"\u00c9crit par":"Cl\u00e9ment V\u00e9rit\u00e9","Dur\u00e9e de lecture estim\u00e9e":"4 minutes"},"schema":{"@context":"https:\/\/schema.org","@graph":[{"@type":"NewsArticle","@id":"https:\/\/www.newsendip.com\/fr\/lorsque-des-multinationales-celebrent-une-fete-nationale-controversee-dans-dautres-marches\/#article","isPartOf":{"@id":"https:\/\/www.newsendip.com\/fr\/lorsque-des-multinationales-celebrent-une-fete-nationale-controversee-dans-dautres-marches\/"},"author":{"name":"Cl\u00e9ment V\u00e9rit\u00e9","@id":"https:\/\/www.newsendip.com\/fr\/#\/schema\/person\/ea22c01755f464a3cbc2c619584d6363"},"headline":"Lorsque des multinationales c\u00e9l\u00e8brent une f\u00eate nationale controvers\u00e9e dans d\u2019autres march\u00e9s","datePublished":"2022-02-09T22:01:48+00:00","dateModified":"2024-07-18T14:09:13+00:00","mainEntityOfPage":{"@id":"https:\/\/www.newsendip.com\/fr\/lorsque-des-multinationales-celebrent-une-fete-nationale-controversee-dans-dautres-marches\/"},"wordCount":809,"publisher":{"@id":"https:\/\/www.newsendip.com\/fr\/#organization"},"image":{"@id":"https:\/\/www.newsendip.com\/fr\/lorsque-des-multinationales-celebrent-une-fete-nationale-controversee-dans-dautres-marches\/#primaryimage"},"thumbnailUrl":"https:\/\/www.newsendip.com\/wp-content\/uploads\/2022\/02\/hyundai-logo.webp","keywords":["Inde","Monde","Vieux"],"articleSection":["\u00c9conomie"],"inLanguage":"fr-FR","copyrightYear":"2022","copyrightHolder":{"@id":"https:\/\/www.newsendip.com\/#organization"}},{"@type":"WebPage","@id":"https:\/\/www.newsendip.com\/fr\/lorsque-des-multinationales-celebrent-une-fete-nationale-controversee-dans-dautres-marches\/","url":"https:\/\/www.newsendip.com\/fr\/lorsque-des-multinationales-celebrent-une-fete-nationale-controversee-dans-dautres-marches\/","name":"Lorsque des multinationales c\u00e9l\u00e8brent une f\u00eate nationale controvers\u00e9e dans d'autres march\u00e9s","isPartOf":{"@id":"https:\/\/www.newsendip.com\/fr\/#website"},"primaryImageOfPage":{"@id":"https:\/\/www.newsendip.com\/fr\/lorsque-des-multinationales-celebrent-une-fete-nationale-controversee-dans-dautres-marches\/#primaryimage"},"image":{"@id":"https:\/\/www.newsendip.com\/fr\/lorsque-des-multinationales-celebrent-une-fete-nationale-controversee-dans-dautres-marches\/#primaryimage"},"thumbnailUrl":"https:\/\/www.newsendip.com\/wp-content\/uploads\/2022\/02\/hyundai-logo.webp","datePublished":"2022-02-09T22:01:48+00:00","dateModified":"2024-07-18T14:09:13+00:00","description":"Certaines entit\u00e9s locales de multinationales ont c\u00e9l\u00e9br\u00e9 une f\u00eate nationale pakistanaise, la journ\u00e9e de solidarit\u00e9 avec le Cachemire, ce que l'Inde consid\u00e8re comme un manque de respect pour sa souverainet\u00e9.","breadcrumb":{"@id":"https:\/\/www.newsendip.com\/fr\/lorsque-des-multinationales-celebrent-une-fete-nationale-controversee-dans-dautres-marches\/#breadcrumb"},"inLanguage":"fr-FR","potentialAction":[{"@type":"ReadAction","target":["https:\/\/www.newsendip.com\/fr\/lorsque-des-multinationales-celebrent-une-fete-nationale-controversee-dans-dautres-marches\/"]}]},{"@type":"ImageObject","inLanguage":"fr-FR","@id":"https:\/\/www.newsendip.com\/fr\/lorsque-des-multinationales-celebrent-une-fete-nationale-controversee-dans-dautres-marches\/#primaryimage","url":"https:\/\/www.newsendip.com\/wp-content\/uploads\/2022\/02\/hyundai-logo.webp","contentUrl":"https:\/\/www.newsendip.com\/wp-content\/uploads\/2022\/02\/hyundai-logo.webp","width":510,"height":340,"caption":"Hyundai et d'autres multinationales ont pr\u00e9sent\u00e9 leurs excuses pour des messages post\u00e9s sur les r\u00e9seaux sociaux concernant le Cachemire qui ont heurt\u00e9 les Indiens | Reuters"},{"@type":"BreadcrumbList","@id":"https:\/\/www.newsendip.com\/fr\/lorsque-des-multinationales-celebrent-une-fete-nationale-controversee-dans-dautres-marches\/#breadcrumb","itemListElement":[{"@type":"ListItem","position":1,"name":"Accueil","item":"https:\/\/www.newsendip.com\/fr\/"},{"@type":"ListItem","position":2,"name":"Lorsque des multinationales c\u00e9l\u00e8brent une f\u00eate nationale controvers\u00e9e dans d&#8217;autres march\u00e9s"}]},{"@type":"WebSite","@id":"https:\/\/www.newsendip.com\/fr\/#website","url":"https:\/\/www.newsendip.com\/fr\/","name":"Newsendip","description":"Red\u00e9couvrez l&#039;actualit\u00e9 internationale","publisher":{"@id":"https:\/\/www.newsendip.com\/fr\/#organization"},"potentialAction":[{"@type":"SearchAction","target":{"@type":"EntryPoint","urlTemplate":"https:\/\/www.newsendip.com\/fr\/?s={search_term_string}"},"query-input":{"@type":"PropertyValueSpecification","valueRequired":true,"valueName":"search_term_string"}}],"inLanguage":"fr-FR"},{"@type":"Organization","@id":"https:\/\/www.newsendip.com\/fr\/#organization","name":"Newsendip","url":"https:\/\/www.newsendip.com\/fr\/","logo":{"@type":"ImageObject","inLanguage":"fr-FR","@id":"https:\/\/www.newsendip.com\/fr\/#\/schema\/logo\/image\/","url":"https:\/\/www.newsendip.com\/wp-content\/uploads\/2023\/12\/512x512.svg","contentUrl":"https:\/\/www.newsendip.com\/wp-content\/uploads\/2023\/12\/512x512.svg","width":1,"height":1,"caption":"Newsendip"},"image":{"@id":"https:\/\/www.newsendip.com\/fr\/#\/schema\/logo\/image\/"},"sameAs":["https:\/\/www.facebook.com\/newsendip","https:\/\/x.com\/newsendip","https:\/\/mastodon.social\/@newsendip","https:\/\/www.linkedin.com\/company\/newsendip"],"description":"Newsendip est un site qui a pour mission de rendre l'actualit\u00e9 internationale accessible et diversifi\u00e9e","email":"contact@newsendip.com","legalName":"Newsendip SAS","foundingDate":"2022-11-04","vatID":"FR60921124723","numberOfEmployees":{"@type":"QuantitativeValue","minValue":"1","maxValue":"10"},"publishingPrinciples":"https:\/\/www.newsendip.com\/about-us\/","ownershipFundingInfo":"https:\/\/www.newsendip.com\/legal-notice\/","actionableFeedbackPolicy":"https:\/\/www.newsendip.com\/about-us\/","correctionsPolicy":"https:\/\/www.newsendip.com\/about-us\/","ethicsPolicy":"https:\/\/www.newsendip.com\/about-us\/","diversityPolicy":"https:\/\/www.newsendip.com\/about-us\/"},{"@type":"Person","@id":"https:\/\/www.newsendip.com\/fr\/#\/schema\/person\/ea22c01755f464a3cbc2c619584d6363","name":"Cl\u00e9ment V\u00e9rit\u00e9","description":"Cl\u00e9ment is the executive editor and founder of Newsendip. He started in the media industry as a freelance reporter at 16 for a local French newspaper after school and has never left it. He later worked for seven years at The New York Times, notably as a data analyst. He holds a Master of Management in France and a Master of Arts in the United Kingdom in International Marketing &amp; Communications Strategy. He has lived in France, the United Kingdom, and Italy.","sameAs":["https:\/\/www.newsendip.com\/","https:\/\/www.linkedin.com\/in\/clementverite\/","https:\/\/x.com\/https:\/\/twitter.com\/cverite"],"knowsAbout":["News","International","Business","Media monitoring"],"knowsLanguage":["English","French","Italian","Spanish"],"url":"https:\/\/www.newsendip.com\/fr\/author\/clement-verite\/"}]}},"_links":{"self":[{"href":"https:\/\/www.newsendip.com\/fr\/wp-json\/wp\/v2\/posts\/18221","targetHints":{"allow":["GET"]}}],"collection":[{"href":"https:\/\/www.newsendip.com\/fr\/wp-json\/wp\/v2\/posts"}],"about":[{"href":"https:\/\/www.newsendip.com\/fr\/wp-json\/wp\/v2\/types\/post"}],"author":[{"embeddable":true,"href":"https:\/\/www.newsendip.com\/fr\/wp-json\/wp\/v2\/users\/1"}],"replies":[{"embeddable":true,"href":"https:\/\/www.newsendip.com\/fr\/wp-json\/wp\/v2\/comments?post=18221"}],"version-history":[{"count":0,"href":"https:\/\/www.newsendip.com\/fr\/wp-json\/wp\/v2\/posts\/18221\/revisions"}],"wp:featuredmedia":[{"embeddable":true,"href":"https:\/\/www.newsendip.com\/fr\/wp-json\/wp\/v2\/media\/14047"}],"wp:attachment":[{"href":"https:\/\/www.newsendip.com\/fr\/wp-json\/wp\/v2\/media?parent=18221"}],"wp:term":[{"taxonomy":"category","embeddable":true,"href":"https:\/\/www.newsendip.com\/fr\/wp-json\/wp\/v2\/categories?post=18221"},{"taxonomy":"post_tag","embeddable":true,"href":"https:\/\/www.newsendip.com\/fr\/wp-json\/wp\/v2\/tags?post=18221"}],"curies":[{"name":"wp","href":"https:\/\/api.w.org\/{rel}","templated":true}]}}