{"id":18230,"date":"2022-01-19T13:36:47","date_gmt":"2022-01-19T12:36:47","guid":{"rendered":"https:\/\/www.newsendip.com\/?p=18230"},"modified":"2024-07-16T21:53:08","modified_gmt":"2024-07-16T19:53:08","slug":"102-millionnaires-demandent-aux-leaders-du-forum-economique-mondial-a-davos-de-taxer-les-riches","status":"publish","type":"post","link":"https:\/\/www.newsendip.com\/fr\/102-millionnaires-demandent-aux-leaders-du-forum-economique-mondial-a-davos-de-taxer-les-riches\/","title":{"rendered":"102 millionnaires demandent aux leaders du Forum \u00e9conomique mondial \u00e0 Davos de taxer les riches"},"content":{"rendered":"<p><strong>Des millionnaires demandent aux leaders du monde de cr\u00e9er un imp\u00f4t sur la fortune. Une \u00e9tude estime qu\u2019il permettrait de fournir des soins de sant\u00e9 \u00e0 3,6 milliards d\u2019individus, de faire passer 70\u202f% des personnes sous le seuil de pauvret\u00e9 et de fabriquer suffisamment de vaccins contre le Covid-19 pour le monde entier.<br>\n<\/strong><\/p>\n<figure id=\"attachment_13937\" aria-describedby=\"caption-attachment-13937\" style=\"width: 1024px\" class=\"wp-caption aligncenter\"><img decoding=\"async\" class=\"size-large wp-image-13937\" src=\"https:\/\/www.newsendip.com\/wp-content\/uploads\/2022\/01\/patriotic-millionaires-ad-wealth-tax-jeff-bezos-1024x683.webp\" alt=\"Une campagne marketing financ\u00e9e par les Patriotic Millionnaires en mai 2021\" width=\"1024\" height=\"683\" srcset=\"https:\/\/www.newsendip.com\/wp-content\/uploads\/2022\/01\/patriotic-millionaires-ad-wealth-tax-jeff-bezos-1024x683.webp 1024w, https:\/\/www.newsendip.com\/wp-content\/uploads\/2022\/01\/patriotic-millionaires-ad-wealth-tax-jeff-bezos-60x40.webp 60w, https:\/\/www.newsendip.com\/wp-content\/uploads\/2022\/01\/patriotic-millionaires-ad-wealth-tax-jeff-bezos-720x480.webp 720w, https:\/\/www.newsendip.com\/wp-content\/uploads\/2022\/01\/patriotic-millionaires-ad-wealth-tax-jeff-bezos-300x200.webp 300w, https:\/\/www.newsendip.com\/wp-content\/uploads\/2022\/01\/patriotic-millionaires-ad-wealth-tax-jeff-bezos-768x512.webp 768w, https:\/\/www.newsendip.com\/wp-content\/uploads\/2022\/01\/patriotic-millionaires-ad-wealth-tax-jeff-bezos-1536x1024.webp 1536w, https:\/\/www.newsendip.com\/wp-content\/uploads\/2022\/01\/patriotic-millionaires-ad-wealth-tax-jeff-bezos.webp 1920w\" sizes=\"(max-width: 1024px) 100vw, 1024px\"><figcaption id=\"caption-attachment-13937\" class=\"wp-caption-text\">Une campagne marketing financ\u00e9e par les Patriotic Millionnaires en mai 2021. L\u2019organisation a sign\u00e9 In tax we trust et estime qu\u2019un imp\u00f4t sur la fortune pourrait rapporter 2 500 milliards de dollars chaque ann\u00e9e | Jonathan Ernst via Reuters<\/figcaption><\/figure>\n<p>Trois organisations de millionnaires ont sign\u00e9 le 18 janvier la lettre ouverte <a href=\"#post-bottom-source\"><em>In tax we trust<\/em><\/a>, dans les imp\u00f4ts nous croyons, adress\u00e9e \u00e0 leurs \u00ab\u202f<em>coll\u00e8gues millionnaires et milliardaires<\/em>\u202f\u00bb, aux gouvernements et aux dirigeants du monde participant au Forum \u00e9conomique mondial \u00e0 distance de&nbsp;2022.<\/p>\n<p>Les 102 millionnaires originaires de neuf pays demandent la mise en place d\u2019un imp\u00f4t permanent sur la fortune afin de r\u00e9duire les in\u00e9galit\u00e9s. <strong>Ils estiment que le syst\u00e8me fiscal actuel est injuste<\/strong>. \u00ab\u202f<em>Le fondement d\u2019une d\u00e9mocratie forte est un syst\u00e8me fiscal \u00e9quitable<\/em>\u202f\u00bb, n\u00e9anmoins \u00ab\u202f<em>peu d\u2019entre nous, voire aucun, peuvent honn\u00eatement dire qu\u2019ils paient leur juste part d\u2019imp\u00f4ts<\/em>\u202f\u00bb, avancent-ils dans la lettre.<\/p>\n<p>La campagne In tax we trust est men\u00e9e par trois organisations&nbsp;: Patriotic Millionaires, Millionaires For Humanity, et Taxmenow. La plupart des signataires viennent des \u00c9tats-Unis (59) et du Royaume-Uni (20).<\/p>\n<p>Avec <strong>56,1 millions de millionnaires dans le monde \u00e0 la fin de 2020<\/strong> selon le Global wealth report 2021 du Credit Suisse, les signataires de la lettre repr\u00e9sentent 0,0002% de la population des millionnaires.<\/p>\n<h2>Un imp\u00f4t sur la fortune des multimillionnaires et des milliardaires pourrait rapporter 2 500 milliards de dollars par&nbsp;an<\/h2>\n<p><!--more--><\/p>\n<p>Dans le m\u00eame temps, Patriotic Millionaires ainsi que Fight Inequality Alliance, Institute for Policy Studies et Oxfam <a href=\"#post-bottom-source\">ont publi\u00e9 une \u00e9tude<\/a> selon laquelle <strong>un imp\u00f4t sur la fortune des 3,8 millions d\u2019individus les plus riches pourrait rapporter 2 520 milliards de dollars chaque ann\u00e9e<\/strong>.<\/p>\n<p>Ce r\u00e9gime fiscal cr\u00e9erait un imp\u00f4t sur la fortune de 5\u202f% pour les 2 660 milliardaires dans le monde, une contribution de 3\u202f% pour les 183 000 personnes dont la fortune est sup\u00e9rieure \u00e0 50 millions de dollars et un imp\u00f4t de 2\u202f% pour les 3,6 millions de personnes disposant de plus de 5 millions de dollars d\u2019actifs.<\/p>\n<p>Selon leurs calculs, un tel imp\u00f4t sur la fortune pourrait rapporter jusqu\u2019\u00e0 2 520 milliards de dollars par&nbsp;an.<\/p>\n<p>Cette somme suffirait \u00e0 <strong>fournir des soins de sant\u00e9 et une protection sociale universelle \u00e0 3,6 milliards de personnes, \u00e0 sortir 2,3 milliards de personnes de la pauvret\u00e9<\/strong> \u2013 70\u202f% des personnes vivant sous le seuil de pauvret\u00e9 de 5,50 dollars par jour fix\u00e9 par la Banque mondiale \u2013 et \u00e0 fabriquer des vaccins contre le Covid-19 pour le monde entier.<\/p>\n<p>L\u2019\u00e9tude a utilis\u00e9 des donn\u00e9es de Forbes et Wealth X pour pr\u00e9parer des estimations qui, notent-ils, ne sont qu\u2019indicatives.<\/p>\n<p>Les organisations trouvent \u00e9galement qu\u2019il est l\u00e9gitime d\u2019<strong>utiliser l\u2019imp\u00f4t sur la fortune pour r\u00e9duire le nombre total de milliardaires et de multimillionnaires<\/strong>.<\/p>\n<p><a href=\"https:\/\/www.newsendip.com\/fr\/les-objectifs-de-neutralite-carbone-des-distractions-dangereuses-pour-oxfam\/\">Oxfam<\/a> a publi\u00e9 cette semaine un rapport dans lequel la richesse des 10 hommes les plus riches du monde a doubl\u00e9 pour atteindre 1,5 trillion de dollars pendant la pand\u00e9mie de Covid-19. <a href=\"https:\/\/www.newsendip.com\/fr\/le-revenu-des-menages-sud-americains-ont-le-plus-souffert-de-la-pandemie-de-covid-19\/\">Les revenus des m\u00e9nages ont augment\u00e9 dans le monde entier en 2020<\/a>, tandis que les gouvernements se sont davantage endett\u00e9s.<\/p>\n<p>En octobre dernier, 136 pays ont convenu d\u2019imposer une taxe minimale de 15\u202f% aux grandes entreprises pour qu\u2019elles cessent d\u2019\u00e9chapper \u00e0 l\u2019imp\u00f4t. D\u00e9but 2021, la Banque mondiale a consid\u00e9r\u00e9 que le monde \u00e9tait un \u00ab\u202f<em>trou fiscal<\/em>\u202f\u00bb et a exhort\u00e9 les pays \u00e0 <a href=\"#post-bottom-source\">envisager un imp\u00f4t sur la fortune<\/a>.<\/p>\n<p><strong><a href=\"https:\/\/www.newsendip.com\/fr\/etiquette\/monde\/\">D\u00e9couvrez plus d\u2019actualit\u00e9s dans le&nbsp;monde<\/a><\/strong><\/p>\n","protected":false},"excerpt":{"rendered":"<p>Des millionnaires demandent aux leaders du monde de cr\u00e9er un imp\u00f4t sur la fortune.<\/p>\n","protected":false},"author":1,"featured_media":13937,"comment_status":"closed","ping_status":"closed","sticky":false,"template":"","format":"standard","meta":{"wp_typography_post_enhancements_disabled":false,"footnotes":""},"categories":[414],"tags":[411,523],"class_list":["post-18230","post","type-post","status-publish","format-standard","has-post-thumbnail","hentry","category-economie","tag-actuel","tag-monde"],"yoast_head":"<!-- This site is optimized with the Yoast SEO Premium plugin v27.4 (Yoast SEO v27.4) - https:\/\/yoast.com\/product\/yoast-seo-premium-wordpress\/ -->\n<title>102 millionnaires demandent aux leaders du Forum \u00e9conomique mondial \u00e0 Davos de taxer les riches<\/title>\n<meta name=\"description\" content=\"Des millionnaires demandent aux leaders du monde de cr\u00e9er un imp\u00f4t sur la fortune.\" \/>\n<meta name=\"robots\" content=\"index, follow, max-snippet:-1, max-image-preview:large, max-video-preview:-1\" \/>\n<link rel=\"canonical\" href=\"https:\/\/www.newsendip.com\/fr\/102-millionnaires-demandent-aux-leaders-du-forum-economique-mondial-a-davos-de-taxer-les-riches\/\" \/>\n<meta property=\"og:locale\" content=\"fr_FR\" \/>\n<meta property=\"og:type\" content=\"article\" \/>\n<meta property=\"og:title\" content=\"102 millionnaires demandent aux leaders du Forum \u00e9conomique mondial \u00e0 Davos de taxer les riches\" \/>\n<meta property=\"og:description\" content=\"Des millionnaires demandent aux leaders du monde de cr\u00e9er un imp\u00f4t sur la fortune.\" \/>\n<meta property=\"og:url\" content=\"https:\/\/www.newsendip.com\/fr\/102-millionnaires-demandent-aux-leaders-du-forum-economique-mondial-a-davos-de-taxer-les-riches\/\" \/>\n<meta property=\"og:site_name\" content=\"Newsendip\" \/>\n<meta property=\"article:publisher\" content=\"https:\/\/www.facebook.com\/newsendip\" \/>\n<meta property=\"article:published_time\" content=\"2022-01-19T12:36:47+00:00\" \/>\n<meta property=\"article:modified_time\" content=\"2024-07-16T19:53:08+00:00\" \/>\n<meta property=\"og:image\" content=\"https:\/\/www.newsendip.com\/wp-content\/uploads\/2022\/01\/patriotic-millionaires-ad-wealth-tax-jeff-bezos-progressive.jpeg\" \/>\n\t<meta property=\"og:image:width\" content=\"1920\" \/>\n\t<meta property=\"og:image:height\" content=\"1280\" \/>\n\t<meta property=\"og:image:type\" content=\"image\/jpeg\" \/>\n<meta name=\"author\" content=\"Cl\u00e9ment V\u00e9rit\u00e9\" \/>\n<meta name=\"twitter:card\" content=\"summary_large_image\" \/>\n<meta name=\"twitter:image\" content=\"https:\/\/www.newsendip.com\/wp-content\/uploads\/2022\/01\/patriotic-millionaires-ad-wealth-tax-jeff-bezos-progressive.jpeg\" \/>\n<meta name=\"twitter:creator\" content=\"@https:\/\/twitter.com\/cverite\" \/>\n<meta name=\"twitter:site\" content=\"@newsendip\" \/>\n<meta name=\"twitter:label1\" content=\"\u00c9crit par\" \/>\n\t<meta name=\"twitter:data1\" content=\"Cl\u00e9ment V\u00e9rit\u00e9\" \/>\n\t<meta name=\"twitter:label2\" content=\"Dur\u00e9e de lecture estim\u00e9e\" \/>\n\t<meta name=\"twitter:data2\" content=\"3 minutes\" \/>\n<!-- \/ Yoast SEO Premium plugin. -->","yoast_head_json":{"title":"102 millionnaires demandent aux leaders du Forum \u00e9conomique mondial \u00e0 Davos de taxer les riches","description":"Des millionnaires demandent aux leaders du monde de cr\u00e9er un imp\u00f4t sur la fortune.","robots":{"index":"index","follow":"follow","max-snippet":"max-snippet:-1","max-image-preview":"max-image-preview:large","max-video-preview":"max-video-preview:-1"},"canonical":"https:\/\/www.newsendip.com\/fr\/102-millionnaires-demandent-aux-leaders-du-forum-economique-mondial-a-davos-de-taxer-les-riches\/","og_locale":"fr_FR","og_type":"article","og_title":"102 millionnaires demandent aux leaders du Forum \u00e9conomique mondial \u00e0 Davos de taxer les riches","og_description":"Des millionnaires demandent aux leaders du monde de cr\u00e9er un imp\u00f4t sur la fortune.","og_url":"https:\/\/www.newsendip.com\/fr\/102-millionnaires-demandent-aux-leaders-du-forum-economique-mondial-a-davos-de-taxer-les-riches\/","og_site_name":"Newsendip","article_publisher":"https:\/\/www.facebook.com\/newsendip","article_published_time":"2022-01-19T12:36:47+00:00","article_modified_time":"2024-07-16T19:53:08+00:00","og_image":[{"width":1920,"height":1280,"url":"https:\/\/www.newsendip.com\/wp-content\/uploads\/2022\/01\/patriotic-millionaires-ad-wealth-tax-jeff-bezos-progressive.jpeg","type":"image\/jpeg"}],"author":"Cl\u00e9ment V\u00e9rit\u00e9","twitter_card":"summary_large_image","twitter_image":"https:\/\/www.newsendip.com\/wp-content\/uploads\/2022\/01\/patriotic-millionaires-ad-wealth-tax-jeff-bezos-progressive.jpeg","twitter_creator":"@https:\/\/twitter.com\/cverite","twitter_site":"@newsendip","twitter_misc":{"\u00c9crit par":"Cl\u00e9ment V\u00e9rit\u00e9","Dur\u00e9e de lecture estim\u00e9e":"3 minutes"},"schema":{"@context":"https:\/\/schema.org","@graph":[{"@type":"NewsArticle","@id":"https:\/\/www.newsendip.com\/fr\/102-millionnaires-demandent-aux-leaders-du-forum-economique-mondial-a-davos-de-taxer-les-riches\/#article","isPartOf":{"@id":"https:\/\/www.newsendip.com\/fr\/102-millionnaires-demandent-aux-leaders-du-forum-economique-mondial-a-davos-de-taxer-les-riches\/"},"author":{"name":"Cl\u00e9ment V\u00e9rit\u00e9","@id":"https:\/\/www.newsendip.com\/fr\/#\/schema\/person\/ea22c01755f464a3cbc2c619584d6363"},"headline":"102 millionnaires demandent aux leaders du Forum \u00e9conomique mondial \u00e0 Davos de taxer les riches","datePublished":"2022-01-19T12:36:47+00:00","dateModified":"2024-07-16T19:53:08+00:00","mainEntityOfPage":{"@id":"https:\/\/www.newsendip.com\/fr\/102-millionnaires-demandent-aux-leaders-du-forum-economique-mondial-a-davos-de-taxer-les-riches\/"},"wordCount":641,"publisher":{"@id":"https:\/\/www.newsendip.com\/fr\/#organization"},"image":{"@id":"https:\/\/www.newsendip.com\/fr\/102-millionnaires-demandent-aux-leaders-du-forum-economique-mondial-a-davos-de-taxer-les-riches\/#primaryimage"},"thumbnailUrl":"https:\/\/www.newsendip.com\/wp-content\/uploads\/2022\/01\/patriotic-millionaires-ad-wealth-tax-jeff-bezos.webp","keywords":["Actuel","Monde"],"articleSection":["\u00c9conomie"],"inLanguage":"fr-FR","copyrightYear":"2022","copyrightHolder":{"@id":"https:\/\/www.newsendip.com\/#organization"}},{"@type":"WebPage","@id":"https:\/\/www.newsendip.com\/fr\/102-millionnaires-demandent-aux-leaders-du-forum-economique-mondial-a-davos-de-taxer-les-riches\/","url":"https:\/\/www.newsendip.com\/fr\/102-millionnaires-demandent-aux-leaders-du-forum-economique-mondial-a-davos-de-taxer-les-riches\/","name":"102 millionnaires demandent aux leaders du Forum \u00e9conomique mondial \u00e0 Davos de taxer les riches","isPartOf":{"@id":"https:\/\/www.newsendip.com\/fr\/#website"},"primaryImageOfPage":{"@id":"https:\/\/www.newsendip.com\/fr\/102-millionnaires-demandent-aux-leaders-du-forum-economique-mondial-a-davos-de-taxer-les-riches\/#primaryimage"},"image":{"@id":"https:\/\/www.newsendip.com\/fr\/102-millionnaires-demandent-aux-leaders-du-forum-economique-mondial-a-davos-de-taxer-les-riches\/#primaryimage"},"thumbnailUrl":"https:\/\/www.newsendip.com\/wp-content\/uploads\/2022\/01\/patriotic-millionaires-ad-wealth-tax-jeff-bezos.webp","datePublished":"2022-01-19T12:36:47+00:00","dateModified":"2024-07-16T19:53:08+00:00","description":"Des millionnaires demandent aux leaders du monde de cr\u00e9er un imp\u00f4t sur la fortune.","breadcrumb":{"@id":"https:\/\/www.newsendip.com\/fr\/102-millionnaires-demandent-aux-leaders-du-forum-economique-mondial-a-davos-de-taxer-les-riches\/#breadcrumb"},"inLanguage":"fr-FR","potentialAction":[{"@type":"ReadAction","target":["https:\/\/www.newsendip.com\/fr\/102-millionnaires-demandent-aux-leaders-du-forum-economique-mondial-a-davos-de-taxer-les-riches\/"]}]},{"@type":"ImageObject","inLanguage":"fr-FR","@id":"https:\/\/www.newsendip.com\/fr\/102-millionnaires-demandent-aux-leaders-du-forum-economique-mondial-a-davos-de-taxer-les-riches\/#primaryimage","url":"https:\/\/www.newsendip.com\/wp-content\/uploads\/2022\/01\/patriotic-millionaires-ad-wealth-tax-jeff-bezos.webp","contentUrl":"https:\/\/www.newsendip.com\/wp-content\/uploads\/2022\/01\/patriotic-millionaires-ad-wealth-tax-jeff-bezos.webp","width":1920,"height":1280,"caption":"Une campagne marketing financ\u00e9e par les Patriotic Millionnaires en mai 2021. L'organisation a sign\u00e9 In tax we trust et estime qu'un imp\u00f4t sur la fortune pourrait rapporter 2 500 milliards de dollars chaque ann\u00e9e | Jonathan Ernst via Reuters"},{"@type":"BreadcrumbList","@id":"https:\/\/www.newsendip.com\/fr\/102-millionnaires-demandent-aux-leaders-du-forum-economique-mondial-a-davos-de-taxer-les-riches\/#breadcrumb","itemListElement":[{"@type":"ListItem","position":1,"name":"Accueil","item":"https:\/\/www.newsendip.com\/fr\/"},{"@type":"ListItem","position":2,"name":"102 millionnaires demandent aux leaders du Forum \u00e9conomique mondial \u00e0 Davos de taxer les riches"}]},{"@type":"WebSite","@id":"https:\/\/www.newsendip.com\/fr\/#website","url":"https:\/\/www.newsendip.com\/fr\/","name":"Newsendip","description":"Red\u00e9couvrez l&#039;actualit\u00e9 internationale","publisher":{"@id":"https:\/\/www.newsendip.com\/fr\/#organization"},"potentialAction":[{"@type":"SearchAction","target":{"@type":"EntryPoint","urlTemplate":"https:\/\/www.newsendip.com\/fr\/?s={search_term_string}"},"query-input":{"@type":"PropertyValueSpecification","valueRequired":true,"valueName":"search_term_string"}}],"inLanguage":"fr-FR"},{"@type":"Organization","@id":"https:\/\/www.newsendip.com\/fr\/#organization","name":"Newsendip","url":"https:\/\/www.newsendip.com\/fr\/","logo":{"@type":"ImageObject","inLanguage":"fr-FR","@id":"https:\/\/www.newsendip.com\/fr\/#\/schema\/logo\/image\/","url":"https:\/\/www.newsendip.com\/wp-content\/uploads\/2023\/12\/512x512.svg","contentUrl":"https:\/\/www.newsendip.com\/wp-content\/uploads\/2023\/12\/512x512.svg","width":1,"height":1,"caption":"Newsendip"},"image":{"@id":"https:\/\/www.newsendip.com\/fr\/#\/schema\/logo\/image\/"},"sameAs":["https:\/\/www.facebook.com\/newsendip","https:\/\/x.com\/newsendip","https:\/\/mastodon.social\/@newsendip","https:\/\/www.linkedin.com\/company\/newsendip"],"description":"Newsendip est un site qui a pour mission de rendre l'actualit\u00e9 internationale accessible et diversifi\u00e9e","email":"contact@newsendip.com","legalName":"Newsendip SAS","foundingDate":"2022-11-04","vatID":"FR60921124723","numberOfEmployees":{"@type":"QuantitativeValue","minValue":"1","maxValue":"10"},"publishingPrinciples":"https:\/\/www.newsendip.com\/about-us\/","ownershipFundingInfo":"https:\/\/www.newsendip.com\/legal-notice\/","actionableFeedbackPolicy":"https:\/\/www.newsendip.com\/about-us\/","correctionsPolicy":"https:\/\/www.newsendip.com\/about-us\/","ethicsPolicy":"https:\/\/www.newsendip.com\/about-us\/","diversityPolicy":"https:\/\/www.newsendip.com\/about-us\/"},{"@type":"Person","@id":"https:\/\/www.newsendip.com\/fr\/#\/schema\/person\/ea22c01755f464a3cbc2c619584d6363","name":"Cl\u00e9ment V\u00e9rit\u00e9","description":"Cl\u00e9ment is the executive editor and founder of Newsendip. He started in the media industry as a freelance reporter at 16 for a local French newspaper after school and has never left it. He later worked for seven years at The New York Times, notably as a data analyst. He holds a Master of Management in France and a Master of Arts in the United Kingdom in International Marketing &amp; Communications Strategy. He has lived in France, the United Kingdom, and Italy.","sameAs":["https:\/\/www.newsendip.com\/","https:\/\/www.linkedin.com\/in\/clementverite\/","https:\/\/x.com\/https:\/\/twitter.com\/cverite"],"knowsAbout":["News","International","Business","Media monitoring"],"knowsLanguage":["English","French","Italian","Spanish"],"url":"https:\/\/www.newsendip.com\/fr\/author\/clement-verite\/"}]}},"_links":{"self":[{"href":"https:\/\/www.newsendip.com\/fr\/wp-json\/wp\/v2\/posts\/18230","targetHints":{"allow":["GET"]}}],"collection":[{"href":"https:\/\/www.newsendip.com\/fr\/wp-json\/wp\/v2\/posts"}],"about":[{"href":"https:\/\/www.newsendip.com\/fr\/wp-json\/wp\/v2\/types\/post"}],"author":[{"embeddable":true,"href":"https:\/\/www.newsendip.com\/fr\/wp-json\/wp\/v2\/users\/1"}],"replies":[{"embeddable":true,"href":"https:\/\/www.newsendip.com\/fr\/wp-json\/wp\/v2\/comments?post=18230"}],"version-history":[{"count":0,"href":"https:\/\/www.newsendip.com\/fr\/wp-json\/wp\/v2\/posts\/18230\/revisions"}],"wp:featuredmedia":[{"embeddable":true,"href":"https:\/\/www.newsendip.com\/fr\/wp-json\/wp\/v2\/media\/13937"}],"wp:attachment":[{"href":"https:\/\/www.newsendip.com\/fr\/wp-json\/wp\/v2\/media?parent=18230"}],"wp:term":[{"taxonomy":"category","embeddable":true,"href":"https:\/\/www.newsendip.com\/fr\/wp-json\/wp\/v2\/categories?post=18230"},{"taxonomy":"post_tag","embeddable":true,"href":"https:\/\/www.newsendip.com\/fr\/wp-json\/wp\/v2\/tags?post=18230"}],"curies":[{"name":"wp","href":"https:\/\/api.w.org\/{rel}","templated":true}]}}