{"id":18255,"date":"2021-12-16T15:35:35","date_gmt":"2021-12-16T14:35:35","guid":{"rendered":"https:\/\/www.newsendip.com\/?p=18255"},"modified":"2024-07-23T10:52:24","modified_gmt":"2024-07-23T08:52:24","slug":"la-commission-europeenne-souhaite-des-immeubles-a-emissions-nulles-et-la-fin-des-chaudieres-a-gaz","status":"publish","type":"post","link":"https:\/\/www.newsendip.com\/fr\/la-commission-europeenne-souhaite-des-immeubles-a-emissions-nulles-et-la-fin-des-chaudieres-a-gaz\/","title":{"rendered":"La Commission europ\u00e9enne souhaite des immeubles \u00e0 \u00e9missions nulles et la fin des chaudi\u00e8res \u00e0&nbsp;gaz"},"content":{"rendered":"<p><strong>Afin d\u2019avoir des b\u00e2timents neutres en carbone, la Commission europ\u00e9enne pr\u00e9voit d\u2019interdire le chauffage au gaz naturel dans les logements.<br>\n<\/strong><\/p>\n<figure id=\"attachment_13835\" aria-describedby=\"caption-attachment-13835\" style=\"width: 640px\" class=\"wp-caption aligncenter\"><img decoding=\"async\" class=\"size-full wp-image-13835\" src=\"https:\/\/www.newsendip.com\/wp-content\/uploads\/2021\/12\/bosco-verticale-european-commission-gas-heating-zero-emission-building.webp\" alt=\"Bosco verticale, un b\u00e2timent \u00e0 faible \u00e9mission de carbone \u00e0 Milan\" width=\"640\" height=\"480\" srcset=\"https:\/\/www.newsendip.com\/wp-content\/uploads\/2021\/12\/bosco-verticale-european-commission-gas-heating-zero-emission-building.webp 640w, https:\/\/www.newsendip.com\/wp-content\/uploads\/2021\/12\/bosco-verticale-european-commission-gas-heating-zero-emission-building-60x45.webp 60w, https:\/\/www.newsendip.com\/wp-content\/uploads\/2021\/12\/bosco-verticale-european-commission-gas-heating-zero-emission-building-300x225.webp 300w\" sizes=\"(max-width: 640px) 100vw, 640px\"><figcaption id=\"caption-attachment-13835\" class=\"wp-caption-text\">Bosco verticale, un b\u00e2timent \u00e0 faible \u00e9mission de carbone \u00e0 Milan. La Commission europ\u00e9enne pr\u00e9voit que tout nouveau b\u00e2timent sera \u00e0 \u00e9mission z\u00e9ro d\u2019ici 2030 | Mattia Spotti<\/figcaption><\/figure>\n<p>Le 15 d\u00e9cembre, la <a href=\"#post-bottom-source\">Commission europ\u00e9enne a publi\u00e9 les plans visant \u00e0 lutter contre la consommation de gaz<\/a> afin d\u2019atteindre la neutralit\u00e9 carbone d\u2019ici&nbsp;2050.<\/p>\n<p>Le \u00ab\u202fpacte verte\u202f\u00bb propos\u00e9 obligerait \u00e0 ce que <strong>tous les nouveaux b\u00e2timents soient \u00e0 \u00e9missions nulles \u00e0 partir de 2030<\/strong>, et ce d\u00e8s 2027 pour les nouveaux b\u00e2timents publics. L\u2019initiative s\u2019aligne sur le programme <a href=\"https:\/\/www.newsendip.com\/fr\/la-belgique-ne-parvient-pas-a-saccorder-sur-son-plan-climat\/\"><em>Fit to 55<\/em><\/a>, dans lequel la Commission europ\u00e9enne s\u2019est engag\u00e9e \u00e0 obtenir une r\u00e9duction nette de 55% des \u00e9missions de gaz \u00e0 effet de serre d\u2019ici \u00e0&nbsp;2030.<\/p>\n<p>De cette mani\u00e8re, la Commission cherche \u00e0 atteindre un parc immobilier \u00e0 sans \u00e9mission carbone d\u2019ici&nbsp;2050.<\/p>\n<h2>Plus de subventions pour l\u2019installation de chaudi\u00e8res \u00e0 combustible fossile d\u2019ici&nbsp;2027<\/h2>\n<p>En Europe, <strong>les b\u00e2timents repr\u00e9sentent 40% de l\u2019\u00e9nergie consomm\u00e9e<\/strong> et 36% des <a href=\"https:\/\/www.newsendip.com\/fr\/le-gouvernement-suedois-contourne-une-decision-de-justice-pour-eviter-une-penurie-de-ciment\/\">\u00e9missions directes et indirectes de gaz \u00e0 effet de serre li\u00e9es \u00e0 l\u2019\u00e9nergie<\/a>.<\/p>\n<p>\u00ab\u202f<em>Utilisant 40\u202f% de notre \u00e9nergie et g\u00e9n\u00e9rant 36\u202f% de nos \u00e9missions de gaz \u00e0 effet de serre, les b\u00e2timents sont le premier consommateur d\u2019\u00e9nergie en Europe. Cela s\u2019explique par le fait que la plupart des b\u00e2timents dans l\u2019UE ne sont pas \u00e9conomes en \u00e9nergie et sont encore principalement aliment\u00e9s par des combustibles fossiles<\/em>\u202f\u00bb, a d\u00e9clar\u00e9 la commissaire \u00e0 l\u2019\u00e9nergie, Kadri Simson. Et \u00ab\u202f<em>ce sont souvent les personnes les plus vuln\u00e9rables qui vivent dans les logements les moins \u00e9conomes en \u00e9nergie et qui ont donc des difficult\u00e9s \u00e0 payer leurs factures<\/em>\u202f\u00bb, a\u2011t-elle ajout\u00e9.<\/p>\n<p>Un b\u00e2timent \u00e0 \u00e9nergie z\u00e9ro ne n\u00e9cessite qu\u2019une faible quantit\u00e9 d\u2019\u00e9nergie et ses besoins sont couverts par des sources renouvelables, ce qui peut inclure le chauffage \u00e0 partir des <a href=\"https:\/\/www.newsendip.com\/fr\/la-russie-reporte-une-reforme-sur-le-recyclage-et-de-la-gestion-des-dechets\/\">d\u00e9chets m\u00e9nagers<\/a>.<\/p>\n<p><strong>Le chauffage, l\u2019eau chaude et l\u2019eau froide repr\u00e9sentent 80% de l\u2019\u00e9nergie consomm\u00e9e<\/strong> par les m\u00e9nages de l\u2019Union europ\u00e9enne. Le nouveau cadre exigera des \u00c9tats membres qu\u2019ils disposent d\u2019une feuille de route pour l\u2019\u00e9limination progressive des combustibles fossiles dans le chauffage et le refroidissement d\u2019ici&nbsp;2040.<\/p>\n<p>\u00c0 ce titre, les pays ne devront pas fournir de subventions ou d\u2019incitations financi\u00e8res pour l\u2019installation de chaudi\u00e8res \u00e0 combustibles fossiles, ce qui inclut les chaudi\u00e8res au gaz naturel, \u00e0 partir de&nbsp;2027.<\/p>\n<h2>Le gaz naturel, deuxi\u00e8me source d\u2019\u00e9nergie dans l\u2019Union europ\u00e9enne derri\u00e8re les produits p\u00e9troliers<\/h2>\n<p><!--more--><\/p>\n<p>Dans le m\u00eame temps, la Commission a \u00e9galement propos\u00e9 un cadre pour <a href=\"#post-bottom-source\">d\u00e9carboner le march\u00e9 du gaz<\/a>, passer aux \u00ab\u202f<em>gaz renouvelables et \u00e0 faible teneur en carbone, en particulier le biom\u00e9thane et l\u2019hydrog\u00e8ne<\/em>\u202f\u00bb et <strong>cr\u00e9er un march\u00e9 de l\u2019hydrog\u00e8ne<\/strong>.<\/p>\n<p>Le gaz naturel repr\u00e9sentait 22% du <a href=\"https:\/\/ec.europa.eu\/eurostat\/cache\/infographs\/energy\/bloc-2a.html\">mix \u00e9nerg\u00e9tique de l\u2019Union europ\u00e9enne<\/a> en 2019 et peut repr\u00e9senter plus de 30% de l\u2019\u00e9nergie consomm\u00e9e dans des pays comme l\u2019<a href=\"https:\/\/www.newsendip.com\/fr\/etiquette\/italie\/\">Italie<\/a> ou les <a href=\"https:\/\/www.newsendip.com\/fr\/etiquette\/pays-bas\/\">Pays-Bas<\/a>.<\/p>\n<p><a href=\"https:\/\/www.newsendip.com\/fr\/le-nigeria-affirme-que-ses-reserves-de-gaz-ont-double-par-accident\/\">Le gaz naturel<\/a> est consid\u00e9r\u00e9 comme une <strong>\u00e9nergie de transition<\/strong> entre le p\u00e9trole brut ou <a href=\"https:\/\/www.newsendip.com\/fr\/des-images-satellites-revelent-de-fortes-emissions-de-methane-des-mines-de-charbon-en-australie\/\">le charbon<\/a> et les sources d\u2019\u00e9nergie plus propres. La Commission europ\u00e9enne estime que la part du gaz naturel dans le mix \u00e9nerg\u00e9tique devrait \u00eatre consid\u00e9rablement r\u00e9duite pour atteindre son <a href=\"https:\/\/www.newsendip.com\/fr\/les-objectifs-de-neutralite-carbone-des-distractions-dangereuses-pour-oxfam\/\">objectif de neutralit\u00e9 carbone<\/a> d\u2019ici 2050. Elle a propos\u00e9 que <strong>les contrats \u00e0 long terme pour le gaz naturel fossile ne soient pas prolong\u00e9s au-del\u00e0 de 2049<\/strong>.<\/p>\n<p>Dans un pays comme la R\u00e9publique tch\u00e8que, plus de <strong>30% des m\u00e9nages tch\u00e8ques utilisent le gaz naturel comme principale source de chauffage<\/strong>, rapporte <em><a href=\"https:\/\/www.irozhlas.cz\/ekonomika\/evropska-unie-plyn-vodik_2112151603_pj\">iRhozlas<\/a><\/em>. Pour le premier ministre tch\u00e8que Andrej Babi\u0161, une telle l\u00e9gislation est un non-sens et d\u00e9connect\u00e9e de la r\u00e9alit\u00e9.<\/p>\n<p>Les propositions seront examin\u00e9es par les \u00c9tats membres et le Parlement europ\u00e9en l\u2019ann\u00e9e prochaine. La R\u00e9publique tch\u00e8que prendra la pr\u00e9sidence du Conseil de l\u2019Union europ\u00e9enne en juillet 2022, apr\u00e8s les six mois du mandat fran\u00e7ais.<\/p>\n<p><a href=\"https:\/\/www.newsendip.com\/fr\/etiquette\/republique-tcheque\/\"><strong>D\u00e9couvrez plus d\u2019actualit\u00e9s de la R\u00e9publique Tch\u00e8que<\/strong><\/a><\/p>\n","protected":false},"excerpt":{"rendered":"<p>Afin d\u2019avoir des b\u00e2timents neutres en carbone, la Commission europ\u00e9enne pr\u00e9voit d\u2019interdire le chauffage au gaz naturel dans les logements.<\/p>\n","protected":false},"author":1,"featured_media":13835,"comment_status":"closed","ping_status":"closed","sticky":false,"template":"","format":"standard","meta":{"wp_typography_post_enhancements_disabled":false,"footnotes":""},"categories":[3016],"tags":[411,523],"class_list":["post-18255","post","type-post","status-publish","format-standard","has-post-thumbnail","hentry","category-environnement","tag-actuel","tag-monde"],"yoast_head":"<!-- This site is optimized with the Yoast SEO Premium plugin v27.4 (Yoast SEO v27.4) - https:\/\/yoast.com\/product\/yoast-seo-premium-wordpress\/ -->\n<title>La Commission europ\u00e9enne souhaite des immeubles \u00e0 \u00e9missions nulles et la fin des chaudi\u00e8res \u00e0 gaz<\/title>\n<meta name=\"description\" content=\"Afin d&#039;avoir des b\u00e2timents neutres en carbone, la Commission europ\u00e9enne pr\u00e9voit d&#039;interdire le chauffage au gaz naturel dans les logements.\" \/>\n<meta name=\"robots\" content=\"index, follow, max-snippet:-1, max-image-preview:large, max-video-preview:-1\" \/>\n<link rel=\"canonical\" href=\"https:\/\/www.newsendip.com\/fr\/la-commission-europeenne-souhaite-des-immeubles-a-emissions-nulles-et-la-fin-des-chaudieres-a-gaz\/\" \/>\n<meta property=\"og:locale\" content=\"fr_FR\" \/>\n<meta property=\"og:type\" content=\"article\" \/>\n<meta property=\"og:title\" content=\"La Commission europ\u00e9enne souhaite des immeubles \u00e0 \u00e9missions nulles et la fin des chaudi\u00e8res \u00e0 gaz\" \/>\n<meta property=\"og:description\" content=\"Afin d&#039;avoir des b\u00e2timents neutres en carbone, la Commission europ\u00e9enne pr\u00e9voit d&#039;interdire le chauffage au gaz naturel dans les logements.\" \/>\n<meta property=\"og:url\" content=\"https:\/\/www.newsendip.com\/fr\/la-commission-europeenne-souhaite-des-immeubles-a-emissions-nulles-et-la-fin-des-chaudieres-a-gaz\/\" \/>\n<meta property=\"og:site_name\" content=\"Newsendip\" \/>\n<meta property=\"article:publisher\" content=\"https:\/\/www.facebook.com\/newsendip\" \/>\n<meta property=\"article:published_time\" content=\"2021-12-16T14:35:35+00:00\" \/>\n<meta property=\"article:modified_time\" content=\"2024-07-23T08:52:24+00:00\" \/>\n<meta property=\"og:image\" content=\"https:\/\/www.newsendip.com\/wp-content\/uploads\/2021\/12\/bosco-verticale-european-commission-gas-heating-zero-emission-building-progressive.jpeg\" \/>\n\t<meta property=\"og:image:width\" content=\"640\" \/>\n\t<meta property=\"og:image:height\" content=\"480\" \/>\n\t<meta property=\"og:image:type\" content=\"image\/jpeg\" \/>\n<meta name=\"author\" content=\"Cl\u00e9ment V\u00e9rit\u00e9\" \/>\n<meta name=\"twitter:card\" content=\"summary_large_image\" \/>\n<meta name=\"twitter:image\" content=\"https:\/\/www.newsendip.com\/wp-content\/uploads\/2021\/12\/bosco-verticale-european-commission-gas-heating-zero-emission-building-progressive.jpeg\" \/>\n<meta name=\"twitter:creator\" content=\"@https:\/\/twitter.com\/cverite\" \/>\n<meta name=\"twitter:site\" content=\"@newsendip\" \/>\n<meta name=\"twitter:label1\" content=\"\u00c9crit par\" \/>\n\t<meta name=\"twitter:data1\" content=\"Cl\u00e9ment V\u00e9rit\u00e9\" \/>\n\t<meta name=\"twitter:label2\" content=\"Dur\u00e9e de lecture estim\u00e9e\" \/>\n\t<meta name=\"twitter:data2\" content=\"4 minutes\" \/>\n<!-- \/ Yoast SEO Premium plugin. -->","yoast_head_json":{"title":"La Commission europ\u00e9enne souhaite des immeubles \u00e0 \u00e9missions nulles et la fin des chaudi\u00e8res \u00e0 gaz","description":"Afin d'avoir des b\u00e2timents neutres en carbone, la Commission europ\u00e9enne pr\u00e9voit d'interdire le chauffage au gaz naturel dans les logements.","robots":{"index":"index","follow":"follow","max-snippet":"max-snippet:-1","max-image-preview":"max-image-preview:large","max-video-preview":"max-video-preview:-1"},"canonical":"https:\/\/www.newsendip.com\/fr\/la-commission-europeenne-souhaite-des-immeubles-a-emissions-nulles-et-la-fin-des-chaudieres-a-gaz\/","og_locale":"fr_FR","og_type":"article","og_title":"La Commission europ\u00e9enne souhaite des immeubles \u00e0 \u00e9missions nulles et la fin des chaudi\u00e8res \u00e0 gaz","og_description":"Afin d'avoir des b\u00e2timents neutres en carbone, la Commission europ\u00e9enne pr\u00e9voit d'interdire le chauffage au gaz naturel dans les logements.","og_url":"https:\/\/www.newsendip.com\/fr\/la-commission-europeenne-souhaite-des-immeubles-a-emissions-nulles-et-la-fin-des-chaudieres-a-gaz\/","og_site_name":"Newsendip","article_publisher":"https:\/\/www.facebook.com\/newsendip","article_published_time":"2021-12-16T14:35:35+00:00","article_modified_time":"2024-07-23T08:52:24+00:00","og_image":[{"width":640,"height":480,"url":"https:\/\/www.newsendip.com\/wp-content\/uploads\/2021\/12\/bosco-verticale-european-commission-gas-heating-zero-emission-building-progressive.jpeg","type":"image\/jpeg"}],"author":"Cl\u00e9ment V\u00e9rit\u00e9","twitter_card":"summary_large_image","twitter_image":"https:\/\/www.newsendip.com\/wp-content\/uploads\/2021\/12\/bosco-verticale-european-commission-gas-heating-zero-emission-building-progressive.jpeg","twitter_creator":"@https:\/\/twitter.com\/cverite","twitter_site":"@newsendip","twitter_misc":{"\u00c9crit par":"Cl\u00e9ment V\u00e9rit\u00e9","Dur\u00e9e de lecture estim\u00e9e":"4 minutes"},"schema":{"@context":"https:\/\/schema.org","@graph":[{"@type":"NewsArticle","@id":"https:\/\/www.newsendip.com\/fr\/la-commission-europeenne-souhaite-des-immeubles-a-emissions-nulles-et-la-fin-des-chaudieres-a-gaz\/#article","isPartOf":{"@id":"https:\/\/www.newsendip.com\/fr\/la-commission-europeenne-souhaite-des-immeubles-a-emissions-nulles-et-la-fin-des-chaudieres-a-gaz\/"},"author":{"name":"Cl\u00e9ment V\u00e9rit\u00e9","@id":"https:\/\/www.newsendip.com\/fr\/#\/schema\/person\/ea22c01755f464a3cbc2c619584d6363"},"headline":"La Commission europ\u00e9enne souhaite des immeubles \u00e0 \u00e9missions nulles et la fin des chaudi\u00e8res \u00e0&nbsp;gaz","datePublished":"2021-12-16T14:35:35+00:00","dateModified":"2024-07-23T08:52:24+00:00","mainEntityOfPage":{"@id":"https:\/\/www.newsendip.com\/fr\/la-commission-europeenne-souhaite-des-immeubles-a-emissions-nulles-et-la-fin-des-chaudieres-a-gaz\/"},"wordCount":728,"publisher":{"@id":"https:\/\/www.newsendip.com\/fr\/#organization"},"image":{"@id":"https:\/\/www.newsendip.com\/fr\/la-commission-europeenne-souhaite-des-immeubles-a-emissions-nulles-et-la-fin-des-chaudieres-a-gaz\/#primaryimage"},"thumbnailUrl":"https:\/\/www.newsendip.com\/wp-content\/uploads\/2021\/12\/bosco-verticale-european-commission-gas-heating-zero-emission-building.webp","keywords":["Actuel","Monde"],"articleSection":["Environnement"],"inLanguage":"fr-FR","copyrightYear":"2021","copyrightHolder":{"@id":"https:\/\/www.newsendip.com\/#organization"}},{"@type":"WebPage","@id":"https:\/\/www.newsendip.com\/fr\/la-commission-europeenne-souhaite-des-immeubles-a-emissions-nulles-et-la-fin-des-chaudieres-a-gaz\/","url":"https:\/\/www.newsendip.com\/fr\/la-commission-europeenne-souhaite-des-immeubles-a-emissions-nulles-et-la-fin-des-chaudieres-a-gaz\/","name":"La Commission europ\u00e9enne souhaite des immeubles \u00e0 \u00e9missions nulles et la fin des chaudi\u00e8res \u00e0 gaz","isPartOf":{"@id":"https:\/\/www.newsendip.com\/fr\/#website"},"primaryImageOfPage":{"@id":"https:\/\/www.newsendip.com\/fr\/la-commission-europeenne-souhaite-des-immeubles-a-emissions-nulles-et-la-fin-des-chaudieres-a-gaz\/#primaryimage"},"image":{"@id":"https:\/\/www.newsendip.com\/fr\/la-commission-europeenne-souhaite-des-immeubles-a-emissions-nulles-et-la-fin-des-chaudieres-a-gaz\/#primaryimage"},"thumbnailUrl":"https:\/\/www.newsendip.com\/wp-content\/uploads\/2021\/12\/bosco-verticale-european-commission-gas-heating-zero-emission-building.webp","datePublished":"2021-12-16T14:35:35+00:00","dateModified":"2024-07-23T08:52:24+00:00","description":"Afin d'avoir des b\u00e2timents neutres en carbone, la Commission europ\u00e9enne pr\u00e9voit d'interdire le chauffage au gaz naturel dans les logements.","breadcrumb":{"@id":"https:\/\/www.newsendip.com\/fr\/la-commission-europeenne-souhaite-des-immeubles-a-emissions-nulles-et-la-fin-des-chaudieres-a-gaz\/#breadcrumb"},"inLanguage":"fr-FR","potentialAction":[{"@type":"ReadAction","target":["https:\/\/www.newsendip.com\/fr\/la-commission-europeenne-souhaite-des-immeubles-a-emissions-nulles-et-la-fin-des-chaudieres-a-gaz\/"]}]},{"@type":"ImageObject","inLanguage":"fr-FR","@id":"https:\/\/www.newsendip.com\/fr\/la-commission-europeenne-souhaite-des-immeubles-a-emissions-nulles-et-la-fin-des-chaudieres-a-gaz\/#primaryimage","url":"https:\/\/www.newsendip.com\/wp-content\/uploads\/2021\/12\/bosco-verticale-european-commission-gas-heating-zero-emission-building.webp","contentUrl":"https:\/\/www.newsendip.com\/wp-content\/uploads\/2021\/12\/bosco-verticale-european-commission-gas-heating-zero-emission-building.webp","width":640,"height":480,"caption":"Bosco verticale, un b\u00e2timent \u00e0 faible \u00e9mission de carbone \u00e0 Milan. La Commission europ\u00e9enne pr\u00e9voit que tout nouveau b\u00e2timent sera \u00e9mission nulles d'ici 2030 | Mattia Spotti"},{"@type":"BreadcrumbList","@id":"https:\/\/www.newsendip.com\/fr\/la-commission-europeenne-souhaite-des-immeubles-a-emissions-nulles-et-la-fin-des-chaudieres-a-gaz\/#breadcrumb","itemListElement":[{"@type":"ListItem","position":1,"name":"Accueil","item":"https:\/\/www.newsendip.com\/fr\/"},{"@type":"ListItem","position":2,"name":"La Commission europ\u00e9enne souhaite des immeubles \u00e0 \u00e9missions nulles et la fin des chaudi\u00e8res \u00e0 gaz"}]},{"@type":"WebSite","@id":"https:\/\/www.newsendip.com\/fr\/#website","url":"https:\/\/www.newsendip.com\/fr\/","name":"Newsendip","description":"Red\u00e9couvrez l&#039;actualit\u00e9 internationale","publisher":{"@id":"https:\/\/www.newsendip.com\/fr\/#organization"},"potentialAction":[{"@type":"SearchAction","target":{"@type":"EntryPoint","urlTemplate":"https:\/\/www.newsendip.com\/fr\/?s={search_term_string}"},"query-input":{"@type":"PropertyValueSpecification","valueRequired":true,"valueName":"search_term_string"}}],"inLanguage":"fr-FR"},{"@type":"Organization","@id":"https:\/\/www.newsendip.com\/fr\/#organization","name":"Newsendip","url":"https:\/\/www.newsendip.com\/fr\/","logo":{"@type":"ImageObject","inLanguage":"fr-FR","@id":"https:\/\/www.newsendip.com\/fr\/#\/schema\/logo\/image\/","url":"https:\/\/www.newsendip.com\/wp-content\/uploads\/2023\/12\/512x512.svg","contentUrl":"https:\/\/www.newsendip.com\/wp-content\/uploads\/2023\/12\/512x512.svg","width":1,"height":1,"caption":"Newsendip"},"image":{"@id":"https:\/\/www.newsendip.com\/fr\/#\/schema\/logo\/image\/"},"sameAs":["https:\/\/www.facebook.com\/newsendip","https:\/\/x.com\/newsendip","https:\/\/mastodon.social\/@newsendip","https:\/\/www.linkedin.com\/company\/newsendip"],"description":"Newsendip est un site qui a pour mission de rendre l'actualit\u00e9 internationale accessible et diversifi\u00e9e","email":"contact@newsendip.com","legalName":"Newsendip SAS","foundingDate":"2022-11-04","vatID":"FR60921124723","numberOfEmployees":{"@type":"QuantitativeValue","minValue":"1","maxValue":"10"},"publishingPrinciples":"https:\/\/www.newsendip.com\/about-us\/","ownershipFundingInfo":"https:\/\/www.newsendip.com\/legal-notice\/","actionableFeedbackPolicy":"https:\/\/www.newsendip.com\/about-us\/","correctionsPolicy":"https:\/\/www.newsendip.com\/about-us\/","ethicsPolicy":"https:\/\/www.newsendip.com\/about-us\/","diversityPolicy":"https:\/\/www.newsendip.com\/about-us\/"},{"@type":"Person","@id":"https:\/\/www.newsendip.com\/fr\/#\/schema\/person\/ea22c01755f464a3cbc2c619584d6363","name":"Cl\u00e9ment V\u00e9rit\u00e9","description":"Cl\u00e9ment is the executive editor and founder of Newsendip. He started in the media industry as a freelance reporter at 16 for a local French newspaper after school and has never left it. He later worked for seven years at The New York Times, notably as a data analyst. He holds a Master of Management in France and a Master of Arts in the United Kingdom in International Marketing &amp; Communications Strategy. He has lived in France, the United Kingdom, and Italy.","sameAs":["https:\/\/www.newsendip.com\/","https:\/\/www.linkedin.com\/in\/clementverite\/","https:\/\/x.com\/https:\/\/twitter.com\/cverite"],"knowsAbout":["News","International","Business","Media monitoring"],"knowsLanguage":["English","French","Italian","Spanish"],"url":"https:\/\/www.newsendip.com\/fr\/author\/clement-verite\/"}]}},"_links":{"self":[{"href":"https:\/\/www.newsendip.com\/fr\/wp-json\/wp\/v2\/posts\/18255","targetHints":{"allow":["GET"]}}],"collection":[{"href":"https:\/\/www.newsendip.com\/fr\/wp-json\/wp\/v2\/posts"}],"about":[{"href":"https:\/\/www.newsendip.com\/fr\/wp-json\/wp\/v2\/types\/post"}],"author":[{"embeddable":true,"href":"https:\/\/www.newsendip.com\/fr\/wp-json\/wp\/v2\/users\/1"}],"replies":[{"embeddable":true,"href":"https:\/\/www.newsendip.com\/fr\/wp-json\/wp\/v2\/comments?post=18255"}],"version-history":[{"count":0,"href":"https:\/\/www.newsendip.com\/fr\/wp-json\/wp\/v2\/posts\/18255\/revisions"}],"wp:featuredmedia":[{"embeddable":true,"href":"https:\/\/www.newsendip.com\/fr\/wp-json\/wp\/v2\/media\/13835"}],"wp:attachment":[{"href":"https:\/\/www.newsendip.com\/fr\/wp-json\/wp\/v2\/media?parent=18255"}],"wp:term":[{"taxonomy":"category","embeddable":true,"href":"https:\/\/www.newsendip.com\/fr\/wp-json\/wp\/v2\/categories?post=18255"},{"taxonomy":"post_tag","embeddable":true,"href":"https:\/\/www.newsendip.com\/fr\/wp-json\/wp\/v2\/tags?post=18255"}],"curies":[{"name":"wp","href":"https:\/\/api.w.org\/{rel}","templated":true}]}}