{"id":18274,"date":"2021-10-12T18:00:00","date_gmt":"2021-10-12T16:00:00","guid":{"rendered":"https:\/\/www.newsendip.com\/?p=18274"},"modified":"2024-07-23T17:29:58","modified_gmt":"2024-07-23T15:29:58","slug":"quand-une-video-pour-gagner-des-followers-peut-vous-faire-expulser-de-colombie","status":"publish","type":"post","link":"https:\/\/www.newsendip.com\/fr\/quand-une-video-pour-gagner-des-followers-peut-vous-faire-expulser-de-colombie\/","title":{"rendered":"Quand une vid\u00e9o pour gagner des followers peut vous faire expulser de Colombie"},"content":{"rendered":"<p><strong>Un N\u00e9erlandais qui se pr\u00e9sente comme un influenceur a parad\u00e9 avec une femme en sous-v\u00eatements dans les rues de Medell\u00edn. Le maire a demand\u00e9 au bureau de l\u2019immigration de l\u2019expulser.<br>\n<\/strong><\/p>\n<figure id=\"attachment_13718\" aria-describedby=\"caption-attachment-13718\" style=\"width: 606px\" class=\"wp-caption aligncenter\"><img decoding=\"async\" class=\"size-full wp-image-13718\" src=\"https:\/\/www.newsendip.com\/wp-content\/uploads\/2021\/10\/medellin-influencer-dutchman-colombia.png\" alt=\"Le N\u00e9erlandais qui souhaitait sans obtenir des vues et des followers a re\u00e7u un retour de b\u00e2ton de la part des autorit\u00e9s de Medell\u00edn\" width=\"606\" height=\"717\" srcset=\"https:\/\/www.newsendip.com\/wp-content\/uploads\/2021\/10\/medellin-influencer-dutchman-colombia.png 606w, https:\/\/www.newsendip.com\/wp-content\/uploads\/2021\/10\/medellin-influencer-dutchman-colombia-60x71.png 60w, https:\/\/www.newsendip.com\/wp-content\/uploads\/2021\/10\/medellin-influencer-dutchman-colombia-254x300.png 254w\" sizes=\"(max-width: 606px) 100vw, 606px\"><figcaption id=\"caption-attachment-13718\" class=\"wp-caption-text\">Le N\u00e9erlandais qui souhaitait sans obtenir des vues et des followers a re\u00e7u un retour de b\u00e2ton de la part des autorit\u00e9s de Medell\u00edn | Twitter, Alejandro Romero<\/figcaption><\/figure>\n<p>Dans la nuit du 8 octobre, certaines vid\u00e9os tourn\u00e9es \u00e0 El Poblado, un quartier touristique de Medellin, ont cr\u00e9\u00e9 la pol\u00e9mique.<\/p>\n<p>Alors que des personnes \u00e9taient en train de d\u00eener, un homme marchait avec une femme suivis par un cam\u00e9raman. Alors que<strong> l\u2019homme paradait en costume, la femme \u00e9tait en sous-v\u00eatements<\/strong> et semble-t-il attach\u00e9e par une sorte de sangle ou de laisse autour du&nbsp;cou.<\/p>\n<p>Les m\u00e9dias colombiens ont rapport\u00e9 que l\u2019homme se pr\u00e9sentait comme un influenceur n\u00e9erlandais. La police est intervenue et a demand\u00e9 au couple de partir.<\/p>\n<p>Dans une <a href=\"#post-bottom-source\">vid\u00e9o enregistr\u00e9e<\/a> par une femme confrontant le soi-disant influenceur et lui demandant de respecter les Colombiens et de ne pas promouvoir la prostitution, il a r\u00e9pondu qu\u2019il voulait montrer une autre facette du pays. \u00ab\u202f<em>Chaque jour, je redonne tout l\u2019argent que je gagne en Europe et j\u2019offre des papayes gratuitement dans la rue, pour montrer aux gens qu\u2019un gars comme moi peut venir ici sans \u00eatre menac\u00e9 ou tu\u00e9.<\/em>\u202f\u00bb<\/p>\n<p>Mais certains Colombiens qui ont assist\u00e9 \u00e0 la sc\u00e8ne ne l\u2019ont pas per\u00e7ue de cette fa\u00e7on et ont \u00e9t\u00e9 offusqu\u00e9s par le fait que ces vid\u00e9os feraient la promotion du tourisme sexuel et manqueraient de respect aux femmes.<\/p>\n<h2>Mauvaise image de Medell\u00edn<\/h2>\n<p><!--more--><\/p>\n<p>La sc\u00e8ne a \u00e9t\u00e9 film\u00e9e par un <a href=\"#post-bottom-source\">journaliste colombien de la <em>Radio Nacional de Colombia<\/em><\/a> qui se trouvait sur place. Il a rapport\u00e9 que les commer\u00e7ants d\u00e9sapprouvaient sa d\u00e9marche. Une mannequin colombienne avec 210 000 followers sur Instagram a \u00e9galement partag\u00e9 la vid\u00e9o et condamn\u00e9 l\u2019image que l\u2019homme donnait des femmes colombiennes.<\/p>\n<p>Et cette marche provocatrice a suscit\u00e9 une telle indignation que le maire de Medell\u00edn, <a href=\"#post-bottom-source\">Daniel Quintero<\/a>, a r\u00e9agi et a demand\u00e9 au bureau de l\u2019immigration d\u2019<strong>expulser le N\u00e9erlandais<\/strong> <strong> de Colombie <\/strong>qui \u00ab\u202f<em>nuit \u00e0 l\u2019image de Medell\u00edn et maltraite les femmes de Medell\u00edn<\/em>\u202f\u00bb. On ignore si l\u2019homme est un migrant ou un simple touriste.<\/p>\n<p>En effet, alors que Medell\u00edn estompe au fur et \u00e0 mesure sa r\u00e9putation li\u00e9e au trafic de drogue, les autorit\u00e9s combattent \u00e9galement son image de destination pour le tourisme sexuel.<\/p>\n<p>Un repr\u00e9sentant de Medell\u00edn a confirm\u00e9 sur <em>W Radio Colombia<\/em> qu\u2019ils \u00e9taient pr\u00e9occup\u00e9s par cette tendance car ils ont trouv\u00e9 des cas de tourisme sexuel dans plusieurs quartiers de la ville. \u00ab\u202f<em>Nous avons trouv\u00e9 plus de 67 mineurs, gar\u00e7ons et filles, qui \u00e9taient engag\u00e9s dans une activit\u00e9 d\u2019exploitation sexuelle. L\u2019exploitation d\u2019enfants et d\u2019adolescents \u00e9tait autoris\u00e9e dans certains h\u00f4tels.<\/em>\u202f\u00bb<\/p>\n<p>La radio a \u00e9galement <a href=\"#post-bottom-source\">interview\u00e9 la femme<\/a> qui marchait \u00e0 moiti\u00e9 nue \u00e0 c\u00f4t\u00e9 du N\u00e9erlandais. La mannequin, qui publie des contenus pour adultes, a consid\u00e9r\u00e9 qu\u2019il s\u2019agissait davantage d\u2019une performance artistique que de la promotion de la prostitution. Elle a \u00e9galement d\u00e9clar\u00e9 que l\u2019id\u00e9e \u00e9tait la sienne mais qu\u2019elle ne le referait pas en public sans autorisation appropri\u00e9e.<\/p>\n<p><strong><a href=\"https:\/\/www.newsendip.com\/fr\/etiquette\/colombie\/\">D\u00e9couvrez plus d\u2019actualit\u00e9s de Colombie<\/a><\/strong><\/p>\n","protected":false},"excerpt":{"rendered":"<p>Un N\u00e9erlandais qui se pr\u00e9sente comme un influenceur a parad\u00e9 dans les rues de Medell\u00edn avec une femme en sous-v\u00eatements. Le maire a demand\u00e9 au bureau de l\u2019immigration de l\u2019expulser.<\/p>\n","protected":false},"author":1,"featured_media":13718,"comment_status":"closed","ping_status":"closed","sticky":false,"template":"","format":"standard","meta":{"wp_typography_post_enhancements_disabled":false,"footnotes":""},"categories":[409],"tags":[411,440,434],"class_list":["post-18274","post","type-post","status-publish","format-standard","has-post-thumbnail","hentry","category-societe","tag-actuel","tag-colombie","tag-pays-bas"],"yoast_head":"<!-- This site is optimized with the Yoast SEO Premium plugin v27.4 (Yoast SEO v27.4) - https:\/\/yoast.com\/product\/yoast-seo-premium-wordpress\/ -->\n<title>Quand une vid\u00e9o pour gagner des followers peut vous faire expulser de Colombie<\/title>\n<meta name=\"description\" content=\"Un N\u00e9erlandais qui se pr\u00e9sente comme un influenceur a parad\u00e9 dans les rues de Medell\u00edn avec une femme en sous-v\u00eatements. Le maire a demand\u00e9 au bureau de l&#039;immigration de l&#039;expulser.\" \/>\n<meta name=\"robots\" content=\"index, follow, max-snippet:-1, max-image-preview:large, max-video-preview:-1\" \/>\n<link rel=\"canonical\" href=\"https:\/\/www.newsendip.com\/fr\/quand-une-video-pour-gagner-des-followers-peut-vous-faire-expulser-de-colombie\/\" \/>\n<meta property=\"og:locale\" content=\"fr_FR\" \/>\n<meta property=\"og:type\" content=\"article\" \/>\n<meta property=\"og:title\" content=\"Quand une vid\u00e9o pour gagner des followers peut vous faire expulser de Colombie\" \/>\n<meta property=\"og:description\" content=\"Un N\u00e9erlandais qui se pr\u00e9sente comme un influenceur a parad\u00e9 dans les rues de Medell\u00edn avec une femme en sous-v\u00eatements. Le maire a demand\u00e9 au bureau de l&#039;immigration de l&#039;expulser.\" \/>\n<meta property=\"og:url\" content=\"https:\/\/www.newsendip.com\/fr\/quand-une-video-pour-gagner-des-followers-peut-vous-faire-expulser-de-colombie\/\" \/>\n<meta property=\"og:site_name\" content=\"Newsendip\" \/>\n<meta property=\"article:publisher\" content=\"https:\/\/www.facebook.com\/newsendip\" \/>\n<meta property=\"article:published_time\" content=\"2021-10-12T16:00:00+00:00\" \/>\n<meta property=\"article:modified_time\" content=\"2024-07-23T15:29:58+00:00\" \/>\n<meta property=\"og:image\" content=\"https:\/\/www.newsendip.com\/wp-content\/uploads\/2021\/10\/medellin-influencer-dutchman-colombia.png\" \/>\n\t<meta property=\"og:image:width\" content=\"606\" \/>\n\t<meta property=\"og:image:height\" content=\"717\" \/>\n\t<meta property=\"og:image:type\" content=\"image\/png\" \/>\n<meta name=\"author\" content=\"Cl\u00e9ment V\u00e9rit\u00e9\" \/>\n<meta name=\"twitter:card\" content=\"summary_large_image\" \/>\n<meta name=\"twitter:creator\" content=\"@https:\/\/twitter.com\/cverite\" \/>\n<meta name=\"twitter:site\" content=\"@newsendip\" \/>\n<meta name=\"twitter:label1\" content=\"\u00c9crit par\" \/>\n\t<meta name=\"twitter:data1\" content=\"Cl\u00e9ment V\u00e9rit\u00e9\" \/>\n\t<meta name=\"twitter:label2\" content=\"Dur\u00e9e de lecture estim\u00e9e\" \/>\n\t<meta name=\"twitter:data2\" content=\"3 minutes\" \/>\n<!-- \/ Yoast SEO Premium plugin. -->","yoast_head_json":{"title":"Quand une vid\u00e9o pour gagner des followers peut vous faire expulser de Colombie","description":"Un N\u00e9erlandais qui se pr\u00e9sente comme un influenceur a parad\u00e9 dans les rues de Medell\u00edn avec une femme en sous-v\u00eatements. Le maire a demand\u00e9 au bureau de l'immigration de l'expulser.","robots":{"index":"index","follow":"follow","max-snippet":"max-snippet:-1","max-image-preview":"max-image-preview:large","max-video-preview":"max-video-preview:-1"},"canonical":"https:\/\/www.newsendip.com\/fr\/quand-une-video-pour-gagner-des-followers-peut-vous-faire-expulser-de-colombie\/","og_locale":"fr_FR","og_type":"article","og_title":"Quand une vid\u00e9o pour gagner des followers peut vous faire expulser de Colombie","og_description":"Un N\u00e9erlandais qui se pr\u00e9sente comme un influenceur a parad\u00e9 dans les rues de Medell\u00edn avec une femme en sous-v\u00eatements. Le maire a demand\u00e9 au bureau de l'immigration de l'expulser.","og_url":"https:\/\/www.newsendip.com\/fr\/quand-une-video-pour-gagner-des-followers-peut-vous-faire-expulser-de-colombie\/","og_site_name":"Newsendip","article_publisher":"https:\/\/www.facebook.com\/newsendip","article_published_time":"2021-10-12T16:00:00+00:00","article_modified_time":"2024-07-23T15:29:58+00:00","og_image":[{"width":606,"height":717,"url":"https:\/\/www.newsendip.com\/wp-content\/uploads\/2021\/10\/medellin-influencer-dutchman-colombia.png","type":"image\/png"}],"author":"Cl\u00e9ment V\u00e9rit\u00e9","twitter_card":"summary_large_image","twitter_creator":"@https:\/\/twitter.com\/cverite","twitter_site":"@newsendip","twitter_misc":{"\u00c9crit par":"Cl\u00e9ment V\u00e9rit\u00e9","Dur\u00e9e de lecture estim\u00e9e":"3 minutes"},"schema":{"@context":"https:\/\/schema.org","@graph":[{"@type":"NewsArticle","@id":"https:\/\/www.newsendip.com\/fr\/quand-une-video-pour-gagner-des-followers-peut-vous-faire-expulser-de-colombie\/#article","isPartOf":{"@id":"https:\/\/www.newsendip.com\/fr\/quand-une-video-pour-gagner-des-followers-peut-vous-faire-expulser-de-colombie\/"},"author":{"name":"Cl\u00e9ment V\u00e9rit\u00e9","@id":"https:\/\/www.newsendip.com\/fr\/#\/schema\/person\/ea22c01755f464a3cbc2c619584d6363"},"headline":"Quand une vid\u00e9o pour gagner des followers peut vous faire expulser de Colombie","datePublished":"2021-10-12T16:00:00+00:00","dateModified":"2024-07-23T15:29:58+00:00","mainEntityOfPage":{"@id":"https:\/\/www.newsendip.com\/fr\/quand-une-video-pour-gagner-des-followers-peut-vous-faire-expulser-de-colombie\/"},"wordCount":612,"publisher":{"@id":"https:\/\/www.newsendip.com\/fr\/#organization"},"image":{"@id":"https:\/\/www.newsendip.com\/fr\/quand-une-video-pour-gagner-des-followers-peut-vous-faire-expulser-de-colombie\/#primaryimage"},"thumbnailUrl":"https:\/\/www.newsendip.com\/wp-content\/uploads\/2021\/10\/medellin-influencer-dutchman-colombia.png","keywords":["Actuel","Colombie","Pays-Bas"],"articleSection":["Soci\u00e9t\u00e9"],"inLanguage":"fr-FR","copyrightYear":"2021","copyrightHolder":{"@id":"https:\/\/www.newsendip.com\/#organization"}},{"@type":"WebPage","@id":"https:\/\/www.newsendip.com\/fr\/quand-une-video-pour-gagner-des-followers-peut-vous-faire-expulser-de-colombie\/","url":"https:\/\/www.newsendip.com\/fr\/quand-une-video-pour-gagner-des-followers-peut-vous-faire-expulser-de-colombie\/","name":"Quand une vid\u00e9o pour gagner des followers peut vous faire expulser de Colombie","isPartOf":{"@id":"https:\/\/www.newsendip.com\/fr\/#website"},"primaryImageOfPage":{"@id":"https:\/\/www.newsendip.com\/fr\/quand-une-video-pour-gagner-des-followers-peut-vous-faire-expulser-de-colombie\/#primaryimage"},"image":{"@id":"https:\/\/www.newsendip.com\/fr\/quand-une-video-pour-gagner-des-followers-peut-vous-faire-expulser-de-colombie\/#primaryimage"},"thumbnailUrl":"https:\/\/www.newsendip.com\/wp-content\/uploads\/2021\/10\/medellin-influencer-dutchman-colombia.png","datePublished":"2021-10-12T16:00:00+00:00","dateModified":"2024-07-23T15:29:58+00:00","description":"Un N\u00e9erlandais qui se pr\u00e9sente comme un influenceur a parad\u00e9 dans les rues de Medell\u00edn avec une femme en sous-v\u00eatements. Le maire a demand\u00e9 au bureau de l'immigration de l'expulser.","breadcrumb":{"@id":"https:\/\/www.newsendip.com\/fr\/quand-une-video-pour-gagner-des-followers-peut-vous-faire-expulser-de-colombie\/#breadcrumb"},"inLanguage":"fr-FR","potentialAction":[{"@type":"ReadAction","target":["https:\/\/www.newsendip.com\/fr\/quand-une-video-pour-gagner-des-followers-peut-vous-faire-expulser-de-colombie\/"]}]},{"@type":"ImageObject","inLanguage":"fr-FR","@id":"https:\/\/www.newsendip.com\/fr\/quand-une-video-pour-gagner-des-followers-peut-vous-faire-expulser-de-colombie\/#primaryimage","url":"https:\/\/www.newsendip.com\/wp-content\/uploads\/2021\/10\/medellin-influencer-dutchman-colombia.png","contentUrl":"https:\/\/www.newsendip.com\/wp-content\/uploads\/2021\/10\/medellin-influencer-dutchman-colombia.png","width":606,"height":717,"caption":"Le N\u00e9erlandais qui souhaitait sans obtenir des vues et des followers a re\u00e7u un retour de b\u00e2ton de la part des autorit\u00e9s de Medell\u00edn | Twitter, Alejandro Romero"},{"@type":"BreadcrumbList","@id":"https:\/\/www.newsendip.com\/fr\/quand-une-video-pour-gagner-des-followers-peut-vous-faire-expulser-de-colombie\/#breadcrumb","itemListElement":[{"@type":"ListItem","position":1,"name":"Accueil","item":"https:\/\/www.newsendip.com\/fr\/"},{"@type":"ListItem","position":2,"name":"Quand une vid\u00e9o pour gagner des followers peut vous faire expulser de Colombie"}]},{"@type":"WebSite","@id":"https:\/\/www.newsendip.com\/fr\/#website","url":"https:\/\/www.newsendip.com\/fr\/","name":"Newsendip","description":"Red\u00e9couvrez l&#039;actualit\u00e9 internationale","publisher":{"@id":"https:\/\/www.newsendip.com\/fr\/#organization"},"potentialAction":[{"@type":"SearchAction","target":{"@type":"EntryPoint","urlTemplate":"https:\/\/www.newsendip.com\/fr\/?s={search_term_string}"},"query-input":{"@type":"PropertyValueSpecification","valueRequired":true,"valueName":"search_term_string"}}],"inLanguage":"fr-FR"},{"@type":"Organization","@id":"https:\/\/www.newsendip.com\/fr\/#organization","name":"Newsendip","url":"https:\/\/www.newsendip.com\/fr\/","logo":{"@type":"ImageObject","inLanguage":"fr-FR","@id":"https:\/\/www.newsendip.com\/fr\/#\/schema\/logo\/image\/","url":"https:\/\/www.newsendip.com\/wp-content\/uploads\/2023\/12\/512x512.svg","contentUrl":"https:\/\/www.newsendip.com\/wp-content\/uploads\/2023\/12\/512x512.svg","width":1,"height":1,"caption":"Newsendip"},"image":{"@id":"https:\/\/www.newsendip.com\/fr\/#\/schema\/logo\/image\/"},"sameAs":["https:\/\/www.facebook.com\/newsendip","https:\/\/x.com\/newsendip","https:\/\/mastodon.social\/@newsendip","https:\/\/www.linkedin.com\/company\/newsendip"],"description":"Newsendip est un site qui a pour mission de rendre l'actualit\u00e9 internationale accessible et diversifi\u00e9e","email":"contact@newsendip.com","legalName":"Newsendip SAS","foundingDate":"2022-11-04","vatID":"FR60921124723","numberOfEmployees":{"@type":"QuantitativeValue","minValue":"1","maxValue":"10"},"publishingPrinciples":"https:\/\/www.newsendip.com\/about-us\/","ownershipFundingInfo":"https:\/\/www.newsendip.com\/legal-notice\/","actionableFeedbackPolicy":"https:\/\/www.newsendip.com\/about-us\/","correctionsPolicy":"https:\/\/www.newsendip.com\/about-us\/","ethicsPolicy":"https:\/\/www.newsendip.com\/about-us\/","diversityPolicy":"https:\/\/www.newsendip.com\/about-us\/"},{"@type":"Person","@id":"https:\/\/www.newsendip.com\/fr\/#\/schema\/person\/ea22c01755f464a3cbc2c619584d6363","name":"Cl\u00e9ment V\u00e9rit\u00e9","description":"Cl\u00e9ment is the executive editor and founder of Newsendip. He started in the media industry as a freelance reporter at 16 for a local French newspaper after school and has never left it. He later worked for seven years at The New York Times, notably as a data analyst. He holds a Master of Management in France and a Master of Arts in the United Kingdom in International Marketing &amp; Communications Strategy. He has lived in France, the United Kingdom, and Italy.","sameAs":["https:\/\/www.newsendip.com\/","https:\/\/www.linkedin.com\/in\/clementverite\/","https:\/\/x.com\/https:\/\/twitter.com\/cverite"],"knowsAbout":["News","International","Business","Media monitoring"],"knowsLanguage":["English","French","Italian","Spanish"],"url":"https:\/\/www.newsendip.com\/fr\/author\/clement-verite\/"}]}},"_links":{"self":[{"href":"https:\/\/www.newsendip.com\/fr\/wp-json\/wp\/v2\/posts\/18274","targetHints":{"allow":["GET"]}}],"collection":[{"href":"https:\/\/www.newsendip.com\/fr\/wp-json\/wp\/v2\/posts"}],"about":[{"href":"https:\/\/www.newsendip.com\/fr\/wp-json\/wp\/v2\/types\/post"}],"author":[{"embeddable":true,"href":"https:\/\/www.newsendip.com\/fr\/wp-json\/wp\/v2\/users\/1"}],"replies":[{"embeddable":true,"href":"https:\/\/www.newsendip.com\/fr\/wp-json\/wp\/v2\/comments?post=18274"}],"version-history":[{"count":0,"href":"https:\/\/www.newsendip.com\/fr\/wp-json\/wp\/v2\/posts\/18274\/revisions"}],"wp:featuredmedia":[{"embeddable":true,"href":"https:\/\/www.newsendip.com\/fr\/wp-json\/wp\/v2\/media\/13718"}],"wp:attachment":[{"href":"https:\/\/www.newsendip.com\/fr\/wp-json\/wp\/v2\/media?parent=18274"}],"wp:term":[{"taxonomy":"category","embeddable":true,"href":"https:\/\/www.newsendip.com\/fr\/wp-json\/wp\/v2\/categories?post=18274"},{"taxonomy":"post_tag","embeddable":true,"href":"https:\/\/www.newsendip.com\/fr\/wp-json\/wp\/v2\/tags?post=18274"}],"curies":[{"name":"wp","href":"https:\/\/api.w.org\/{rel}","templated":true}]}}