{"id":18293,"date":"2022-02-17T15:51:58","date_gmt":"2022-02-17T14:51:58","guid":{"rendered":"https:\/\/www.newsendip.com\/?p=18293"},"modified":"2022-11-07T22:48:16","modified_gmt":"2022-11-07T21:48:16","slug":"le-gouvernement-neerlandais-sexcuse-pour-les-violences-extreme-et-systemique-en-indonesie-lors-de-la-guerre-dindependance","status":"publish","type":"post","link":"https:\/\/www.newsendip.com\/fr\/le-gouvernement-neerlandais-sexcuse-pour-les-violences-extreme-et-systemique-en-indonesie-lors-de-la-guerre-dindependance\/","title":{"rendered":"Le gouvernement n\u00e9erlandais s\u2019excuse pour les violences extr\u00eame et syst\u00e9mique en Indon\u00e9sie lors de la guerre d\u2019ind\u00e9pendance"},"content":{"rendered":"<p><strong>Le gouvernement n\u00e9erlandais a officiellement pr\u00e9sent\u00e9 ses excuses au peuple indon\u00e9sien pour \u00ab\u202f<em>l\u2019utilisation syst\u00e9matique et g\u00e9n\u00e9ralis\u00e9e de la violence extr\u00eame<\/em>\u202f\u00bb, prenant ses distances par rapport \u00e0 la pr\u00e9c\u00e9dent version officielle qui faisait \u00e9tat d\u2019actes violents sporadiques entre 1945 et&nbsp;1949.<br>\n<\/strong><\/p>\n<p><img decoding=\"async\" class=\"aligncenter size-large wp-image-14076\" src=\"https:\/\/www.newsendip.com\/wp-content\/uploads\/2022\/02\/netherlands-parliament-1024x685.webp\" alt=\"Parlement des Pays-Bas\" width=\"1024\" height=\"685\" srcset=\"https:\/\/www.newsendip.com\/wp-content\/uploads\/2022\/02\/netherlands-parliament-1024x685.webp 1024w, https:\/\/www.newsendip.com\/wp-content\/uploads\/2022\/02\/netherlands-parliament-60x40.webp 60w, https:\/\/www.newsendip.com\/wp-content\/uploads\/2022\/02\/netherlands-parliament-300x201.webp 300w, https:\/\/www.newsendip.com\/wp-content\/uploads\/2022\/02\/netherlands-parliament-768x514.webp 768w, https:\/\/www.newsendip.com\/wp-content\/uploads\/2022\/02\/netherlands-parliament.webp 1075w\" sizes=\"(max-width: 1024px) 100vw, 1024px\"><\/p>\n<p>Les Pays-Bas ont \u00ab\u202f<em>utilis\u00e9 la violence extr\u00eame de mani\u00e8re fr\u00e9quente et structurelle<\/em>\u202f\u00bb entre 1945 et 1949 pendant la guerre d\u2019ind\u00e9pendance dans les Indes orientales n\u00e9erlandaises, l\u2019ancienne Indon\u00e9sie, selon les conclusions d\u2019un projet de recherche publi\u00e9 le 17 f\u00e9vrier. Les hauts grad\u00e9s de l\u2019arm\u00e9e et le gouvernement \u00e9taient au courant mais ont ignor\u00e9 ces&nbsp;exc\u00e8s.<\/p>\n<p>Le Premier ministre n\u00e9erlandais Mark Rutte s\u2019est profond\u00e9ment excus\u00e9 jeudi au peuple indon\u00e9sien&nbsp;: \u00ab\u202f<em>Cette recherche m\u2019incite \u00e0 r\u00e9it\u00e9rer ces excuses ici et maintenant&nbsp;: pour le recours syst\u00e9matique et g\u00e9n\u00e9ralis\u00e9 \u00e0 la violence extr\u00eame du c\u00f4t\u00e9 n\u00e9erlandais au cours de ces ann\u00e9es et pour les gouvernements pr\u00e9c\u00e9dents qui ont constamment d\u00e9tourn\u00e9 le regard, je voudrais profond\u00e9ment m\u2019excuser aujourd\u2019hui au nom du gouvernement n\u00e9erlandais au peuple indon\u00e9sien.<\/em>\u202f\u00bb<\/p>\n<p>Le Premier ministre rejette la responsabilit\u00e9 individuelle de soldats \u00ab\u202f<em>mal pr\u00e9par\u00e9s<\/em>\u202f\u00bb et reconna\u00eet la nature syst\u00e9mique de la violence, qu\u2019il d\u00e9crit comme un \u00ab\u202f<em>\u00e9chec collectif<\/em>\u202f\u00bb. La \u00ab\u202f<em>responsabilit\u00e9 incombe avant tout \u00e0 ceux qui d\u00e9tenaient l\u2019autorit\u00e9 \u00e0 l\u2019\u00e9poque&nbsp;: le gouvernement n\u00e9erlandais, le parlement, les forces arm\u00e9es en tant qu\u2019institution et les autorit\u00e9s judiciaires.<\/em>\u202f\u00bb<\/p>\n<p>Trois instituts de recherche historique ont enqu\u00eat\u00e9 sur la question de la violence des forces arm\u00e9es n\u00e9erlandaises en Indon\u00e9sie pendant quatre ans et demi. Le projet de recherche \u00ab\u202f<em>Ind\u00e9pendance, d\u00e9colonisation, violence et guerre en Indon\u00e9sie, 1945\u20131950<\/em>\u2033 a \u00e9t\u00e9 partiellement financ\u00e9 par le gouvernement n\u00e9erlandais. Les premiers r\u00e9sultats ont \u00e9t\u00e9 divulgu\u00e9s mercredi.<\/p>\n<p>Dans un communiqu\u00e9, les chercheurs ont d\u00e9clar\u00e9 que les informations qu\u2019ils ont trouv\u00e9es \u00ab\u202f<em>montrent que l\u2019utilisation de la violence extr\u00eame par les forces arm\u00e9es n\u00e9erlandaises \u00e9tait non seulement r\u00e9pandue, mais aussi souvent d\u00e9lib\u00e9r\u00e9e. Il \u00e9tait tol\u00e9r\u00e9 \u00e0 tous les niveaux&nbsp;: politique, militaire et juridique<\/em>\u202f\u00bb.<\/p>\n<h2>Le combat de l\u2019Indon\u00e9sie pour l\u2019ind\u00e9pendance<\/h2>\n<p>Dirig\u00e9e comme une colonie n\u00e9erlandaise, l\u2019Indon\u00e9sie a d\u00e9clar\u00e9 son ind\u00e9pendance en 1945 et s\u2019est battue contre les troupes n\u00e9erlandaises jusqu\u2019\u00e0 ce que les Pays-Bas reconnaissent officiellement l\u2019Indon\u00e9sie \u00e0 la fin de&nbsp;1949.<\/p>\n<p>Selon les recherches, les dirigeants de l\u2019arm\u00e9e conservaient une attitude coloniale de sup\u00e9riorit\u00e9 et consid\u00e9raient que les nationalistes ne seraient jamais capables de diriger un pays. Le d\u00e9sir d\u2019ind\u00e9pendance des Indon\u00e9siens a \u00e9galement \u00e9t\u00e9 sous-estim\u00e9.<!--more--><\/p>\n<p>Les militaires critiquent le rapport. \u00ab\u202f<em>Les r\u00e9sultats de l\u2019enqu\u00eate suscitent en moi un sentiment de malaise et d\u2019inqui\u00e9tude, car les anciens combattants ayant servi dans les anciennes Indes orientales n\u00e9erlandaises sont collectivement plac\u00e9s sur le banc des suspects gr\u00e2ce \u00e0 des conclusions infond\u00e9es<\/em>\u202f\u00bb, a d\u00e9clar\u00e9 le directeur de l\u2019Institut n\u00e9erlandais des anciens combattants, Paul Hoefsloot, dans une d\u00e9claration \u00e9crite.<\/p>\n<p>Hans van Griensven, pr\u00e9sident d\u2019une autre organisation d\u2019anciens combattants n\u00e9erlandais, a d\u00e9clar\u00e9 \u00e0 la cha\u00eene de t\u00e9l\u00e9vision NOS que la violence n\u2019\u00e9tait \u00ab\u202f<em>pas aussi r\u00e9pandue qu\u2019on le laisse entendre<\/em>\u202f\u00bb.<\/p>\n<p>\u00ab\u202f<em>Bien s\u00fbr, certaines choses ont mal tourn\u00e9, comme c\u2019est le cas dans chaque guerre<\/em>\u202f\u00bb, a ajout\u00e9 M. Van Griensven. \u00ab\u202f<em>Mais, en g\u00e9n\u00e9ral, il y a aussi eu de l\u2019aide humanitaire, de la nourriture a \u00e9t\u00e9 distribu\u00e9e, des infrastructures ont \u00e9t\u00e9 construites. Cela n\u2019est pas abord\u00e9<\/em>\u202f\u00bb dans les conclusions de la recherche.<\/p>\n<p>L\u2019Indon\u00e9sie a d\u00e9clar\u00e9 son ind\u00e9pendance juste apr\u00e8s la Seconde Guerre mondiale. Incapables de d\u00e9fendre la colonie, les N\u00e9erlandais ont rapidement perdu Java et Sumatra au profit du Japon pendant la guerre, ce qui a attis\u00e9 les aspirations nationalistes de la population locale.<\/p>\n<p>La violence s\u2019est mat\u00e9rialis\u00e9e \u00ab\u202f<em>sous la forme d\u2019ex\u00e9cutions extrajudiciaires, de mauvais traitements et de tortures, de d\u00e9tentions dans des conditions inhumaines, d\u2019incendies de maisons et de villages, de vols et de destructions de biens et de vivres, de raids a\u00e9riens et de tirs d\u2019artillerie disproportionn\u00e9s, ainsi que d\u2019arrestations et d\u2019internements massifs souvent al\u00e9atoires<\/em>\u202f\u00bb, les r\u00e9sultats du projet de recherche indiquent dans un communiqu\u00e9. Ces crimes sont rest\u00e9s impunis dans la plupart des&nbsp;cas.<\/p>\n<h2>La version officielle d\u00e9fendait un \u00e9cart de conduite isol\u00e9 des forces arm\u00e9es n\u00e9erlandaises<\/h2>\n<p>Mark Rutte a estim\u00e9 jeudi que \u00ab\u202f<em>cette \u00e9tude d\u00e9crit une fois de plus la trag\u00e9die de cette p\u00e9riode dans son int\u00e9gralit\u00e9 [\u2026]. Les principales conclusions du rapport sont dures mais in\u00e9vitables. Le gouvernement accepte ces conclusions. Nous devons faire face \u00e0 ces faits honteux.<\/em>\u202f\u00bb<\/p>\n<p>Le gouvernement n\u00e9erlandais a pr\u00e9sent\u00e9 ses excuses en 2013 pour certaines atrocit\u00e9s commises par ses forces. Mark Rutte s\u2019est officiellement rendu en Indon\u00e9sie en 2020 et a pr\u00e9sent\u00e9 des excuses officielles pour l\u2019agression pass\u00e9e de son&nbsp;pays.<\/p>\n<p>Mais le gouvernement n\u00e9erlandais prend aujourd\u2019hui des distances avec la version officielle d\u00e9fendue jusqu\u2019\u00e0 pr\u00e9sent. Elle affirmait que les troupes ne s\u2019\u00e9taient livr\u00e9es qu\u2019\u00e0 des violences extr\u00eames de mani\u00e8re sporadique.<\/p>\n<p>Les conclusions se fondaient sur un rapport de 1969 qui reconnaissait des \u00ab\u202f<em>exc\u00e8s de violence<\/em>\u202f\u00bb en Indon\u00e9sie. Il a toutefois affirm\u00e9 que les troupes n\u00e9erlandaises menaient une \u00ab\u202f<em>action polici\u00e8re<\/em>\u202f\u00bb souvent motiv\u00e9e par la gu\u00e9rilla et les attaques terroristes visant les opposants pr\u00e9sum\u00e9s \u00e0 l\u2019ind\u00e9pendance. M. Rutte estime que l\u2019expression \u00ab\u202f<em>acte de police<\/em>\u202f\u00bb ne devrait plus \u00eatre utilis\u00e9e et que la p\u00e9riode devrait plut\u00f4t \u00eatre qualifi\u00e9e de \u00ab\u202f<em>guerre coloniale<\/em>\u202f\u00bb.<\/p>\n<p>Un rapport pr\u00e9c\u00e9dent avait \u00e9t\u00e9 produit en 1949 mais n\u2019avait jamais \u00e9t\u00e9 rendu public. Le document appara\u00eetra pour la premi\u00e8re fois sur papier avec la publication officielle de l\u2019\u00e9tude aujourd\u2019hui.<\/p>\n<p>Il est cependant impossible de quantifier exactement le nombre de crimes et de victimes selon les chercheurs. Le rapport estime cependant grossi\u00e8rement les pertes en vies humaines&nbsp;: 5 000 soldats n\u00e9erlandais auraient \u00e9t\u00e9 tu\u00e9s tandis que 100 000 Indon\u00e9siens indig\u00e8nes seraient morts pendant la guerre.<\/p>\n<p><a href=\"https:\/\/www.newsendip.com\/fr\/etiquette\/pays-bas\/\"><strong>D\u00e9couvrez plus d\u2019actualit\u00e9s des Pays-Bas<\/strong><\/a><\/p>\n","protected":false},"excerpt":{"rendered":"<p>Le gouvernement n\u00e9erlandais a officiellement pr\u00e9sent\u00e9 ses excuses au peuple indon\u00e9sien pour \u00ab\u202fl\u2019utilisation syst\u00e9matique et g\u00e9n\u00e9ralis\u00e9e de la violence extr\u00eame\u202f\u00bb, prenant ses distances par rapport \u00e0 la pr\u00e9c\u00e9dent version officielle qui faisait \u00e9tat d\u2019actes violents sporadiques entre 1945 et&nbsp;1949.<\/p>\n","protected":false},"author":4,"featured_media":14076,"comment_status":"closed","ping_status":"closed","sticky":false,"template":"","format":"standard","meta":{"wp_typography_post_enhancements_disabled":false,"footnotes":""},"categories":[409],"tags":[411,482,434],"class_list":["post-18293","post","type-post","status-publish","format-standard","has-post-thumbnail","hentry","category-societe","tag-actuel","tag-indonesie","tag-pays-bas"],"yoast_head":"<!-- This site is optimized with the Yoast SEO Premium plugin v27.4 (Yoast SEO v27.4) - https:\/\/yoast.com\/product\/yoast-seo-premium-wordpress\/ -->\n<title>Le gouvernement n\u00e9erlandais s&#039;excuse pour les violences extr\u00eame et syst\u00e9mique en Indon\u00e9sie lors de la guerre d&#039;ind\u00e9pendance<\/title>\n<meta name=\"description\" content=\"Le gouvernement n\u00e9erlandais a officiellement pr\u00e9sent\u00e9 ses excuses au peuple indon\u00e9sien pour &quot;l&#039;utilisation syst\u00e9matique et g\u00e9n\u00e9ralis\u00e9e de la violence extr\u00eame&quot;, prenant ses distances par rapport \u00e0 la pr\u00e9c\u00e9dent version officielle qui faisait \u00e9tat d&#039;actes violents sporadiques entre 1945 et 1949.\" \/>\n<meta name=\"robots\" content=\"index, follow, max-snippet:-1, max-image-preview:large, max-video-preview:-1\" \/>\n<link rel=\"canonical\" href=\"https:\/\/www.newsendip.com\/fr\/le-gouvernement-neerlandais-sexcuse-pour-les-violences-extreme-et-systemique-en-indonesie-lors-de-la-guerre-dindependance\/\" \/>\n<meta property=\"og:locale\" content=\"fr_FR\" \/>\n<meta property=\"og:type\" content=\"article\" \/>\n<meta property=\"og:title\" content=\"Le gouvernement n\u00e9erlandais s&#039;excuse pour les violences extr\u00eame et syst\u00e9mique en Indon\u00e9sie lors de la guerre d&#039;ind\u00e9pendance\" \/>\n<meta property=\"og:description\" content=\"Le gouvernement n\u00e9erlandais a officiellement pr\u00e9sent\u00e9 ses excuses au peuple indon\u00e9sien pour &quot;l&#039;utilisation syst\u00e9matique et g\u00e9n\u00e9ralis\u00e9e de la violence extr\u00eame&quot;, prenant ses distances par rapport \u00e0 la pr\u00e9c\u00e9dent version officielle qui faisait \u00e9tat d&#039;actes violents sporadiques entre 1945 et 1949.\" \/>\n<meta property=\"og:url\" content=\"https:\/\/www.newsendip.com\/fr\/le-gouvernement-neerlandais-sexcuse-pour-les-violences-extreme-et-systemique-en-indonesie-lors-de-la-guerre-dindependance\/\" \/>\n<meta property=\"og:site_name\" content=\"Newsendip\" \/>\n<meta property=\"article:publisher\" content=\"https:\/\/www.facebook.com\/newsendip\" \/>\n<meta property=\"article:published_time\" content=\"2022-02-17T14:51:58+00:00\" \/>\n<meta property=\"article:modified_time\" content=\"2022-11-07T21:48:16+00:00\" \/>\n<meta property=\"og:image\" content=\"https:\/\/www.newsendip.com\/wp-content\/uploads\/2022\/02\/netherlands-parliament-progressive.jpeg\" \/>\n\t<meta property=\"og:image:width\" content=\"1075\" \/>\n\t<meta property=\"og:image:height\" content=\"719\" \/>\n\t<meta property=\"og:image:type\" content=\"image\/jpeg\" \/>\n<meta name=\"author\" content=\"Newsendip with AP\" \/>\n<meta name=\"twitter:card\" content=\"summary_large_image\" \/>\n<meta name=\"twitter:image\" content=\"https:\/\/www.newsendip.com\/wp-content\/uploads\/2022\/02\/netherlands-parliament-progressive.jpeg\" \/>\n<meta name=\"twitter:creator\" content=\"@newsendip\" \/>\n<meta name=\"twitter:site\" content=\"@newsendip\" \/>\n<meta name=\"twitter:label1\" content=\"\u00c9crit par\" \/>\n\t<meta name=\"twitter:data1\" content=\"Newsendip avec AP\" \/>\n\t<meta name=\"twitter:label2\" content=\"Dur\u00e9e de lecture estim\u00e9e\" \/>\n\t<meta name=\"twitter:data2\" content=\"5 minutes\" \/>\n<!-- \/ Yoast SEO Premium plugin. -->","yoast_head_json":{"title":"Le gouvernement n\u00e9erlandais s'excuse pour les violences extr\u00eame et syst\u00e9mique en Indon\u00e9sie lors de la guerre d'ind\u00e9pendance","description":"Le gouvernement n\u00e9erlandais a officiellement pr\u00e9sent\u00e9 ses excuses au peuple indon\u00e9sien pour \"l'utilisation syst\u00e9matique et g\u00e9n\u00e9ralis\u00e9e de la violence extr\u00eame\", prenant ses distances par rapport \u00e0 la pr\u00e9c\u00e9dent version officielle qui faisait \u00e9tat d'actes violents sporadiques entre 1945 et 1949.","robots":{"index":"index","follow":"follow","max-snippet":"max-snippet:-1","max-image-preview":"max-image-preview:large","max-video-preview":"max-video-preview:-1"},"canonical":"https:\/\/www.newsendip.com\/fr\/le-gouvernement-neerlandais-sexcuse-pour-les-violences-extreme-et-systemique-en-indonesie-lors-de-la-guerre-dindependance\/","og_locale":"fr_FR","og_type":"article","og_title":"Le gouvernement n\u00e9erlandais s'excuse pour les violences extr\u00eame et syst\u00e9mique en Indon\u00e9sie lors de la guerre d'ind\u00e9pendance","og_description":"Le gouvernement n\u00e9erlandais a officiellement pr\u00e9sent\u00e9 ses excuses au peuple indon\u00e9sien pour \"l'utilisation syst\u00e9matique et g\u00e9n\u00e9ralis\u00e9e de la violence extr\u00eame\", prenant ses distances par rapport \u00e0 la pr\u00e9c\u00e9dent version officielle qui faisait \u00e9tat d'actes violents sporadiques entre 1945 et 1949.","og_url":"https:\/\/www.newsendip.com\/fr\/le-gouvernement-neerlandais-sexcuse-pour-les-violences-extreme-et-systemique-en-indonesie-lors-de-la-guerre-dindependance\/","og_site_name":"Newsendip","article_publisher":"https:\/\/www.facebook.com\/newsendip","article_published_time":"2022-02-17T14:51:58+00:00","article_modified_time":"2022-11-07T21:48:16+00:00","og_image":[{"width":1075,"height":719,"url":"https:\/\/www.newsendip.com\/wp-content\/uploads\/2022\/02\/netherlands-parliament-progressive.jpeg","type":"image\/jpeg"}],"author":"Newsendip with AP","twitter_card":"summary_large_image","twitter_image":"https:\/\/www.newsendip.com\/wp-content\/uploads\/2022\/02\/netherlands-parliament-progressive.jpeg","twitter_creator":"@newsendip","twitter_site":"@newsendip","twitter_misc":{"\u00c9crit par":"Newsendip avec AP","Dur\u00e9e de lecture estim\u00e9e":"5 minutes"},"schema":{"@context":"https:\/\/schema.org","@graph":[{"@type":"NewsArticle","@id":"https:\/\/www.newsendip.com\/fr\/le-gouvernement-neerlandais-sexcuse-pour-les-violences-extreme-et-systemique-en-indonesie-lors-de-la-guerre-dindependance\/#article","isPartOf":{"@id":"https:\/\/www.newsendip.com\/fr\/le-gouvernement-neerlandais-sexcuse-pour-les-violences-extreme-et-systemique-en-indonesie-lors-de-la-guerre-dindependance\/"},"author":{"name":"Newsendip with AP","@id":"https:\/\/www.newsendip.com\/fr\/#\/schema\/person\/b39c439f25219d252080349ee96644f3"},"headline":"Le gouvernement n\u00e9erlandais s\u2019excuse pour les violences extr\u00eame et syst\u00e9mique en Indon\u00e9sie lors de la guerre d\u2019ind\u00e9pendance","datePublished":"2022-02-17T14:51:58+00:00","dateModified":"2022-11-07T21:48:16+00:00","mainEntityOfPage":{"@id":"https:\/\/www.newsendip.com\/fr\/le-gouvernement-neerlandais-sexcuse-pour-les-violences-extreme-et-systemique-en-indonesie-lors-de-la-guerre-dindependance\/"},"wordCount":1114,"publisher":{"@id":"https:\/\/www.newsendip.com\/fr\/#organization"},"image":{"@id":"https:\/\/www.newsendip.com\/fr\/le-gouvernement-neerlandais-sexcuse-pour-les-violences-extreme-et-systemique-en-indonesie-lors-de-la-guerre-dindependance\/#primaryimage"},"thumbnailUrl":"https:\/\/www.newsendip.com\/wp-content\/uploads\/2022\/02\/netherlands-parliament.webp","keywords":["Actuel","Indon\u00e9sie","Pays-Bas"],"articleSection":["Soci\u00e9t\u00e9"],"inLanguage":"fr-FR","copyrightYear":"2022","copyrightHolder":{"@id":"https:\/\/www.newsendip.com\/#organization"}},{"@type":"WebPage","@id":"https:\/\/www.newsendip.com\/fr\/le-gouvernement-neerlandais-sexcuse-pour-les-violences-extreme-et-systemique-en-indonesie-lors-de-la-guerre-dindependance\/","url":"https:\/\/www.newsendip.com\/fr\/le-gouvernement-neerlandais-sexcuse-pour-les-violences-extreme-et-systemique-en-indonesie-lors-de-la-guerre-dindependance\/","name":"Le gouvernement n\u00e9erlandais s'excuse pour les violences extr\u00eame et syst\u00e9mique en Indon\u00e9sie lors de la guerre d'ind\u00e9pendance","isPartOf":{"@id":"https:\/\/www.newsendip.com\/fr\/#website"},"primaryImageOfPage":{"@id":"https:\/\/www.newsendip.com\/fr\/le-gouvernement-neerlandais-sexcuse-pour-les-violences-extreme-et-systemique-en-indonesie-lors-de-la-guerre-dindependance\/#primaryimage"},"image":{"@id":"https:\/\/www.newsendip.com\/fr\/le-gouvernement-neerlandais-sexcuse-pour-les-violences-extreme-et-systemique-en-indonesie-lors-de-la-guerre-dindependance\/#primaryimage"},"thumbnailUrl":"https:\/\/www.newsendip.com\/wp-content\/uploads\/2022\/02\/netherlands-parliament.webp","datePublished":"2022-02-17T14:51:58+00:00","dateModified":"2022-11-07T21:48:16+00:00","description":"Le gouvernement n\u00e9erlandais a officiellement pr\u00e9sent\u00e9 ses excuses au peuple indon\u00e9sien pour \"l'utilisation syst\u00e9matique et g\u00e9n\u00e9ralis\u00e9e de la violence extr\u00eame\", prenant ses distances par rapport \u00e0 la pr\u00e9c\u00e9dent version officielle qui faisait \u00e9tat d'actes violents sporadiques entre 1945 et 1949.","breadcrumb":{"@id":"https:\/\/www.newsendip.com\/fr\/le-gouvernement-neerlandais-sexcuse-pour-les-violences-extreme-et-systemique-en-indonesie-lors-de-la-guerre-dindependance\/#breadcrumb"},"inLanguage":"fr-FR","potentialAction":[{"@type":"ReadAction","target":["https:\/\/www.newsendip.com\/fr\/le-gouvernement-neerlandais-sexcuse-pour-les-violences-extreme-et-systemique-en-indonesie-lors-de-la-guerre-dindependance\/"]}]},{"@type":"ImageObject","inLanguage":"fr-FR","@id":"https:\/\/www.newsendip.com\/fr\/le-gouvernement-neerlandais-sexcuse-pour-les-violences-extreme-et-systemique-en-indonesie-lors-de-la-guerre-dindependance\/#primaryimage","url":"https:\/\/www.newsendip.com\/wp-content\/uploads\/2022\/02\/netherlands-parliament.webp","contentUrl":"https:\/\/www.newsendip.com\/wp-content\/uploads\/2022\/02\/netherlands-parliament.webp","width":1075,"height":719,"caption":"Parlement des Pays-Bas"},{"@type":"BreadcrumbList","@id":"https:\/\/www.newsendip.com\/fr\/le-gouvernement-neerlandais-sexcuse-pour-les-violences-extreme-et-systemique-en-indonesie-lors-de-la-guerre-dindependance\/#breadcrumb","itemListElement":[{"@type":"ListItem","position":1,"name":"Accueil","item":"https:\/\/www.newsendip.com\/fr\/"},{"@type":"ListItem","position":2,"name":"Le gouvernement n\u00e9erlandais s\u2019excuse pour les violences extr\u00eame et syst\u00e9mique en Indon\u00e9sie lors de la guerre d\u2019ind\u00e9pendance"}]},{"@type":"WebSite","@id":"https:\/\/www.newsendip.com\/fr\/#website","url":"https:\/\/www.newsendip.com\/fr\/","name":"Newsendip","description":"Red\u00e9couvrez l&#039;actualit\u00e9 internationale","publisher":{"@id":"https:\/\/www.newsendip.com\/fr\/#organization"},"potentialAction":[{"@type":"SearchAction","target":{"@type":"EntryPoint","urlTemplate":"https:\/\/www.newsendip.com\/fr\/?s={search_term_string}"},"query-input":{"@type":"PropertyValueSpecification","valueRequired":true,"valueName":"search_term_string"}}],"inLanguage":"fr-FR"},{"@type":"Organization","@id":"https:\/\/www.newsendip.com\/fr\/#organization","name":"Newsendip","url":"https:\/\/www.newsendip.com\/fr\/","logo":{"@type":"ImageObject","inLanguage":"fr-FR","@id":"https:\/\/www.newsendip.com\/fr\/#\/schema\/logo\/image\/","url":"https:\/\/www.newsendip.com\/wp-content\/uploads\/2023\/12\/512x512.svg","contentUrl":"https:\/\/www.newsendip.com\/wp-content\/uploads\/2023\/12\/512x512.svg","width":1,"height":1,"caption":"Newsendip"},"image":{"@id":"https:\/\/www.newsendip.com\/fr\/#\/schema\/logo\/image\/"},"sameAs":["https:\/\/www.facebook.com\/newsendip","https:\/\/x.com\/newsendip","https:\/\/mastodon.social\/@newsendip","https:\/\/www.linkedin.com\/company\/newsendip"],"description":"Newsendip est un site qui a pour mission de rendre l'actualit\u00e9 internationale accessible et diversifi\u00e9e","email":"contact@newsendip.com","legalName":"Newsendip SAS","foundingDate":"2022-11-04","vatID":"FR60921124723","numberOfEmployees":{"@type":"QuantitativeValue","minValue":"1","maxValue":"10"},"publishingPrinciples":"https:\/\/www.newsendip.com\/about-us\/","ownershipFundingInfo":"https:\/\/www.newsendip.com\/legal-notice\/","actionableFeedbackPolicy":"https:\/\/www.newsendip.com\/about-us\/","correctionsPolicy":"https:\/\/www.newsendip.com\/about-us\/","ethicsPolicy":"https:\/\/www.newsendip.com\/about-us\/","diversityPolicy":"https:\/\/www.newsendip.com\/about-us\/"},{"@type":"Person","@id":"https:\/\/www.newsendip.com\/fr\/#\/schema\/person\/b39c439f25219d252080349ee96644f3","name":"Newsendip with AP","description":"Newsendip newsroom articles with the support of Associated Press newswire","knowsAbout":["News"],"url":"https:\/\/www.newsendip.com\/fr\/author\/newsendip-associated-press\/"}]}},"_links":{"self":[{"href":"https:\/\/www.newsendip.com\/fr\/wp-json\/wp\/v2\/posts\/18293","targetHints":{"allow":["GET"]}}],"collection":[{"href":"https:\/\/www.newsendip.com\/fr\/wp-json\/wp\/v2\/posts"}],"about":[{"href":"https:\/\/www.newsendip.com\/fr\/wp-json\/wp\/v2\/types\/post"}],"author":[{"embeddable":true,"href":"https:\/\/www.newsendip.com\/fr\/wp-json\/wp\/v2\/users\/4"}],"replies":[{"embeddable":true,"href":"https:\/\/www.newsendip.com\/fr\/wp-json\/wp\/v2\/comments?post=18293"}],"version-history":[{"count":0,"href":"https:\/\/www.newsendip.com\/fr\/wp-json\/wp\/v2\/posts\/18293\/revisions"}],"wp:featuredmedia":[{"embeddable":true,"href":"https:\/\/www.newsendip.com\/fr\/wp-json\/wp\/v2\/media\/14076"}],"wp:attachment":[{"href":"https:\/\/www.newsendip.com\/fr\/wp-json\/wp\/v2\/media?parent=18293"}],"wp:term":[{"taxonomy":"category","embeddable":true,"href":"https:\/\/www.newsendip.com\/fr\/wp-json\/wp\/v2\/categories?post=18293"},{"taxonomy":"post_tag","embeddable":true,"href":"https:\/\/www.newsendip.com\/fr\/wp-json\/wp\/v2\/tags?post=18293"}],"curies":[{"name":"wp","href":"https:\/\/api.w.org\/{rel}","templated":true}]}}