{"id":18303,"date":"2022-02-04T14:34:05","date_gmt":"2022-02-04T13:34:05","guid":{"rendered":"https:\/\/www.newsendip.com\/?p=18303"},"modified":"2022-11-07T23:10:56","modified_gmt":"2022-11-07T22:10:56","slug":"une-equipe-suedoise-de-hockey-sur-glace-retire-son-nouveau-logo-controverse-frolunda","status":"publish","type":"post","link":"https:\/\/www.newsendip.com\/fr\/une-equipe-suedoise-de-hockey-sur-glace-retire-son-nouveau-logo-controverse-frolunda\/","title":{"rendered":"Une \u00e9quipe su\u00e9doise de hockey sur glace retire son nouveau logo controvers\u00e9 au bout de deux&nbsp;jours"},"content":{"rendered":"<p><strong>Le Fr\u00f6lunda Hockey Club, une \u00e9quipe professionnelle de hockey sur glace en Su\u00e8de, a retir\u00e9 son nouveau logo deux jours apr\u00e8s sa r\u00e9v\u00e9lation \u00e0 cause d\u2019accusations de plagiat, de r\u00e9f\u00e9rences au nazisme et de menaces \u00e0 l\u2019encontre de membres du conseil d\u2019administration. Le nouveau logo \u00e9tait cens\u00e9 remplacer un autre logo lui aussi controvers\u00e9.<br>\n<\/strong><\/p>\n<figure id=\"attachment_11180\" aria-describedby=\"caption-attachment-11180\" style=\"width: 960px\" class=\"wp-caption aligncenter\"><img decoding=\"async\" class=\"size-full wp-image-14024\" src=\"https:\/\/www.newsendip.com\/wp-content\/uploads\/2022\/02\/Frolunda-hockey-club.webp\" alt=\"Frolunda ice hockey club\" width=\"960\" height=\"640\" srcset=\"https:\/\/www.newsendip.com\/wp-content\/uploads\/2022\/02\/Frolunda-hockey-club.webp 960w, https:\/\/www.newsendip.com\/wp-content\/uploads\/2022\/02\/Frolunda-hockey-club-60x40.webp 60w, https:\/\/www.newsendip.com\/wp-content\/uploads\/2022\/02\/Frolunda-hockey-club-720x480.webp 720w, https:\/\/www.newsendip.com\/wp-content\/uploads\/2022\/02\/Frolunda-hockey-club-300x200.webp 300w, https:\/\/www.newsendip.com\/wp-content\/uploads\/2022\/02\/Frolunda-hockey-club-768x512.webp 768w\" sizes=\"(max-width: 960px) 100vw, 960px\"><figcaption id=\"caption-attachment-11180\" class=\"wp-caption-text\">\u00a9 Fr\u00f6lunda HC, Facebook<\/figcaption><\/figure>\n<p>Fr\u00f6lunda HC, une \u00e9quipe professionnelle de hockey sur glace en Su\u00e8de, a d\u00e9cid\u00e9 le 4 f\u00e9vrier d\u2019annuler le redesign de son logo deux jours apr\u00e8s l\u2019avoir r\u00e9v\u00e9l\u00e9 au public.<\/p>\n<p>Le nouveau logo a \u00e9t\u00e9 accus\u00e9 de plagiat et certains l\u2019ont associ\u00e9 \u00e0 des symboles allemands des ann\u00e9es 1930. Pourtant, il \u00e9tait cens\u00e9 remplacer un autre logo lui aussi controvers\u00e9.<\/p>\n<p>Le Fr\u00f6lunda Hockey Club a \u00e9t\u00e9 fond\u00e9 en 1938 \u00e0 G\u00f6teborg, la deuxi\u00e8me plus grande ville de Su\u00e8de. Il \u00e9volue dans la plus haute ligue du pays et a remport\u00e9 le titre de champions deux fois lors des quatre derniers championnats.<\/p>\n<p>Le logo du club repr\u00e9sentait un Indien d\u2019Am\u00e9rique depuis 1995 et le Fr\u00f6lunda HC se faisait appeler les Indiens de Fr\u00f6lunda. Pendant les ann\u00e9es fastes du club dans les ann\u00e9es 1960, les fans ont commenc\u00e9 \u00e0 le surnommer le Far West, mais ils ne voulaient pas \u00eatre associ\u00e9s aux cow-boys ou aux armes \u00e0&nbsp;feu.<\/p>\n<p>Mais en septembre 2020, le conseil d\u2019administration du Fr\u00f6lunda HC a d\u00e9cid\u00e9 de moderniser l\u2019image du&nbsp;club.<\/p>\n<p>\u00c0 l\u2019instar des \u00e9quipes de baseball ou de football am\u00e9ricain qui utilisent un nom ou un logo am\u00e9rindien, le nom du club \u00e9tait consid\u00e9r\u00e9 comme irrespectueux et a cess\u00e9 d\u2019\u00eatre utilis\u00e9 en septembre dernier. Le club souhaitait \u00e9galement remplacer le logo jug\u00e9 d\u00e9pass\u00e9 et controvers\u00e9.<\/p>\n<h2>Le nouveau logo retir\u00e9 deux jours apr\u00e8s sa r\u00e9v\u00e9lation officielle<\/h2>\n<p>Le 3 f\u00e9vrier, le Fr\u00f6lunda HC a organis\u00e9 un live pour r\u00e9v\u00e9ler le nouveau logo.<\/p>\n<p>Changer l\u2019identit\u00e9 d\u2019une marque et lui apporter un look plus moderne peut souvent susciter le m\u00e9contentement des supporters, critiques de voir l\u2019histoire du club dispara\u00eetre.<\/p>\n<p>Comme pr\u00e9vu, le d\u00e9bat fut intense parmi les fans, mais \u00ab\u202f<em>le Fr\u00f6lunda HC \u00e9tait pr\u00e9par\u00e9 \u00e0 ce que la nouvelle identit\u00e9 du club suscite de vives r\u00e9actions<\/em>\u202f\u00bb, a d\u00e9clar\u00e9 le club <a href=\"https:\/\/www.frolundahockey.com\/artikel\/75jjakz85-24601\/situationen-blev-ohallbar\">dans un communiqu\u00e9<\/a>. Elle a cr\u00e9\u00e9 \u00ab\u202f<em>un d\u00e9bat intense dans les m\u00e9dias et sur les r\u00e9seaux sociaux<\/em>\u202f\u00bb, ce qui, pour le club, \u00ab\u202f<em>t\u00e9moigne d\u2019un attachement \u00e9norme pour le Fr\u00f6lunda HC<\/em>\u202f\u00bb.<\/p>\n<p>Le Fr\u00f6lunda Hockey Club poss\u00e8de de nombreux supporters et b\u00e9n\u00e9ficie souvent de la plus forte affluence \u00e0 domicile de la&nbsp;ligue.<\/p>\n<p>Parmi les fans d\u00e9\u00e7us, certains esp\u00e9raient que le club reviendrait au logo d\u2019avant 1995, et souhaitaient que les supporters soient davantage impliqu\u00e9s dans le processus de d\u00e9cision.<\/p>\n<p><strong>Cependant, la pol\u00e9mique est mont\u00e9 un cran au-dessus.<br>\n<\/strong><\/p>\n<figure id=\"attachment_14022\" aria-describedby=\"caption-attachment-14022\" style=\"width: 1024px\" class=\"wp-caption aligncenter\"><img decoding=\"async\" class=\"size-large wp-image-14022\" src=\"https:\/\/www.newsendip.com\/wp-content\/uploads\/2022\/02\/Frolunda-hockey-club-logo-withdrawn-indian-1024x382.webp\" alt=\"Les logos du Fr\u00f6lunda Hockey Club: celui retir\u00e9 et celui r\u00e9pr\u00e9sentant un indien d'Am\u00e9rique\" width=\"1024\" height=\"382\" srcset=\"https:\/\/www.newsendip.com\/wp-content\/uploads\/2022\/02\/Frolunda-hockey-club-logo-withdrawn-indian-1024x382.webp 1024w, https:\/\/www.newsendip.com\/wp-content\/uploads\/2022\/02\/Frolunda-hockey-club-logo-withdrawn-indian-300x112.webp 300w, https:\/\/www.newsendip.com\/wp-content\/uploads\/2022\/02\/Frolunda-hockey-club-logo-withdrawn-indian-768x286.webp 768w, https:\/\/www.newsendip.com\/wp-content\/uploads\/2022\/02\/Frolunda-hockey-club-logo-withdrawn-indian.webp 1335w\" sizes=\"(max-width: 1024px) 100vw, 1024px\"><figcaption id=\"caption-attachment-14022\" class=\"wp-caption-text\">\u00c0 gauche&nbsp;: le logo du Fr\u00f6lunda Hockey Club retir\u00e9 2 jours apr\u00e8s avoir \u00e9t\u00e9 r\u00e9v\u00e9l\u00e9 au public. \u00c0 droite&nbsp;: le logo actuel du club cr\u00e9\u00e9 en 1995 | Montage<\/figcaption><\/figure>\n<h2>Menaces, accusation de plagiat et lien pr\u00e9sum\u00e9 avec des symboles nazis<\/h2>\n<p><!--more--><\/p>\n<p>Jeudi, \u00ab\u202f<em>le ton a progressivement chang\u00e9 et la nouvelle identit\u00e9 du club a \u00e9t\u00e9 associ\u00e9e \u00e0 des symboles de l\u2019Allemagne des ann\u00e9es 1930 \u2013 une analogie que l\u2019association regrette et dont elle se dissocie fortement.<\/em>\u202f\u00bb<\/p>\n<p><strong>Le nouveau logo ressemblerait \u00e0 la croix gamm\u00e9e nazie.<\/strong> Une site d\u2019actualit\u00e9s su\u00e9dois n\u00e9o-nazi a salu\u00e9 ce changement.<\/p>\n<p>Le logo a \u00e9galement \u00e9t\u00e9 accus\u00e9 de plagiat.<\/p>\n<p>Il a \u00e9t\u00e9 jug\u00e9 trop similaire au logo de la <strong>marque de v\u00eatements de sport Hansdotter,<\/strong> fond\u00e9e par l\u2019ancienne skieuse alpine su\u00e9doise et m\u00e9daill\u00e9e d\u2019<a href=\"https:\/\/www.newsendip.com\/fr\/la-pollution-de-lair-en-forte-baisse-a-pekin-avant-les-jeux-olympiques\/\">or olympique<\/a> Frida Hansdotter. La marque a \u00e9t\u00e9 lanc\u00e9e il y a quelques semaines et la similitude a \u00e9galement frapp\u00e9 la n\u00e9o-entrepreneuse, ce qui a suscit\u00e9 des discussions en interne sur la d\u00e9marche \u00e0 adopter.<\/p>\n<p>Il ressemblerait \u00e9galement \u00e0 une association pour l\u2019acc\u00e8s \u00e0 l\u2019immobilier en Su\u00e8de, <strong>Fastighets\u00e4garnas<\/strong>.<\/p>\n<p>Pourtant, le club a d\u00e9clar\u00e9 avoir engag\u00e9 <strong>une soci\u00e9t\u00e9 pour v\u00e9rifier l\u2019unicit\u00e9 de son logo et \u00e9viter tout probl\u00e8me du genre<\/strong>.<\/p>\n<figure id=\"attachment_14023\" aria-describedby=\"caption-attachment-14023\" style=\"width: 1024px\" class=\"wp-caption aligncenter\"><img decoding=\"async\" class=\"size-large wp-image-14023\" src=\"https:\/\/www.newsendip.com\/wp-content\/uploads\/2022\/02\/hansdotter-fastighetsagarnas-logos-1024x383.webp\" alt=\"Logos de Fastighetsagarnas et Hansdotter\" width=\"1024\" height=\"383\" srcset=\"https:\/\/www.newsendip.com\/wp-content\/uploads\/2022\/02\/hansdotter-fastighetsagarnas-logos-1024x383.webp 1024w, https:\/\/www.newsendip.com\/wp-content\/uploads\/2022\/02\/hansdotter-fastighetsagarnas-logos-300x112.webp 300w, https:\/\/www.newsendip.com\/wp-content\/uploads\/2022\/02\/hansdotter-fastighetsagarnas-logos-768x287.webp 768w, https:\/\/www.newsendip.com\/wp-content\/uploads\/2022\/02\/hansdotter-fastighetsagarnas-logos.webp 1104w\" sizes=\"(max-width: 1024px) 100vw, 1024px\"><figcaption id=\"caption-attachment-14023\" class=\"wp-caption-text\">\u00c0 gauche&nbsp;: le logo de Fastighetsagarnas \u00c0 droite&nbsp;: le logo de Hansdotter | Montage<\/figcaption><\/figure>\n<p>Selon <a href=\"https:\/\/www.resume.se\/kommunikation\/varumarke\/reklambyran-bakom-frolundas-skrotade-klubbemblem-sa-har-har-vi-tankt-vi-ar-stolta-over-resultatet\/\"><em>Resume<\/em><\/a>, le club a investi 1 million de couronnes (107 000 dollars) pour la refonte du logo. L\u2019agence de marketing Sould, qui a cr\u00e9\u00e9 le logo, y travaillait depuis l\u2019\u00e9t\u00e9 2021. Ils ont repris le travail d\u2019une agence pr\u00e9c\u00e9dente car le club souhaitait un nouveau d\u00e9part, explique l\u2019entreprise.<\/p>\n<p>Pour empirer la situation, <strong>les membres du conseil d\u2019administration du Fr\u00f6lunda HC ont commenc\u00e9 jeudi \u00e0 recevoir des appels t\u00e9l\u00e9phoniques, des emails et des SMS mena\u00e7ants.<\/strong><\/p>\n<p>Tout cela a conduit \u00e0 une \u00ab\u202f<em>situation insoutenable<\/em>\u202f\u00bb pour l\u2019organisation, qui a convoqu\u00e9 une conf\u00e9rence de presse pour tout clarifier et annoncer qu\u2019ils ont d\u00e9cid\u00e9 de retirer le nouveau logo.<\/p>\n<p>\u00ab\u202f<em>Notre \u00e9valuation est que le logo indien vivra encore six mois<\/em>\u202f\u00bb, a d\u00e9clar\u00e9 le pr\u00e9sident de Fr\u00f6lunda, Mats Grauers. \u00ab\u202f<em>Nous commencerons alors un nouveau travail. Il aura un aspect diff\u00e9rent. Et nous le ferons avec les membres et les supporters du club.<\/em>\u202f\u00bb<\/p>\n<p><a href=\"https:\/\/www.newsendip.com\/fr\/etiquette\/suede\/\"><strong>D\u00e9couvrez plus d\u2019actualit\u00e9s de&nbsp;Su\u00e8de<\/strong><\/a><\/p>\n","protected":false},"excerpt":{"rendered":"<p>Le Fr\u00f6lunda Hockey Club, une \u00e9quipe professionnelle de hockey sur glace en Su\u00e8de, a retir\u00e9 son nouveau logo deux jours apr\u00e8s sa r\u00e9v\u00e9lation \u00e0 cause d\u2019accusations de plagiat, de r\u00e9f\u00e9rences au nazisme et de menaces \u00e0 l\u2019encontre de membres du conseil d\u2019administration.<\/p>\n","protected":false},"author":1,"featured_media":14024,"comment_status":"closed","ping_status":"closed","sticky":false,"template":"","format":"standard","meta":{"wp_typography_post_enhancements_disabled":false,"footnotes":""},"categories":[431],"tags":[411,513],"class_list":["post-18303","post","type-post","status-publish","format-standard","has-post-thumbnail","hentry","category-culture-et-sport","tag-actuel","tag-suede"],"yoast_head":"<!-- This site is optimized with the Yoast SEO Premium plugin v27.4 (Yoast SEO v27.4) - https:\/\/yoast.com\/product\/yoast-seo-premium-wordpress\/ -->\n<title>Une \u00e9quipe su\u00e9doise de hockey sur glace retire son nouveau logo controvers\u00e9 au bout de deux jours<\/title>\n<meta name=\"description\" content=\"Le Fr\u00f6lunda Hockey Club, une \u00e9quipe professionnelle de hockey sur glace en Su\u00e8de, a retir\u00e9 son nouveau logo deux jours apr\u00e8s sa r\u00e9v\u00e9lation \u00e0 cause d&#039;accusations de plagiat, de r\u00e9f\u00e9rences au nazisme et de menaces \u00e0 l&#039;encontre de membres du conseil d&#039;administration.\" \/>\n<meta name=\"robots\" content=\"index, follow, max-snippet:-1, max-image-preview:large, max-video-preview:-1\" \/>\n<link rel=\"canonical\" href=\"https:\/\/www.newsendip.com\/fr\/une-equipe-suedoise-de-hockey-sur-glace-retire-son-nouveau-logo-controverse-frolunda\/\" \/>\n<meta property=\"og:locale\" content=\"fr_FR\" \/>\n<meta property=\"og:type\" content=\"article\" \/>\n<meta property=\"og:title\" content=\"Une \u00e9quipe su\u00e9doise de hockey sur glace retire son nouveau logo controvers\u00e9 au bout de deux jours\" \/>\n<meta property=\"og:description\" content=\"Le Fr\u00f6lunda Hockey Club, une \u00e9quipe professionnelle de hockey sur glace en Su\u00e8de, a retir\u00e9 son nouveau logo deux jours apr\u00e8s sa r\u00e9v\u00e9lation \u00e0 cause d&#039;accusations de plagiat, de r\u00e9f\u00e9rences au nazisme et de menaces \u00e0 l&#039;encontre de membres du conseil d&#039;administration.\" \/>\n<meta property=\"og:url\" content=\"https:\/\/www.newsendip.com\/fr\/une-equipe-suedoise-de-hockey-sur-glace-retire-son-nouveau-logo-controverse-frolunda\/\" \/>\n<meta property=\"og:site_name\" content=\"Newsendip\" \/>\n<meta property=\"article:publisher\" content=\"https:\/\/www.facebook.com\/newsendip\" \/>\n<meta property=\"article:published_time\" content=\"2022-02-04T13:34:05+00:00\" \/>\n<meta property=\"article:modified_time\" content=\"2022-11-07T22:10:56+00:00\" \/>\n<meta property=\"og:image\" content=\"https:\/\/www.newsendip.com\/wp-content\/uploads\/2022\/02\/Frolunda-hockey-club-progressive.jpeg\" \/>\n\t<meta property=\"og:image:width\" content=\"960\" \/>\n\t<meta property=\"og:image:height\" content=\"640\" \/>\n\t<meta property=\"og:image:type\" content=\"image\/jpeg\" \/>\n<meta name=\"author\" content=\"Cl\u00e9ment V\u00e9rit\u00e9\" \/>\n<meta name=\"twitter:card\" content=\"summary_large_image\" \/>\n<meta name=\"twitter:image\" content=\"https:\/\/www.newsendip.com\/wp-content\/uploads\/2022\/02\/Frolunda-hockey-club-progressive.jpeg\" \/>\n<meta name=\"twitter:creator\" content=\"@https:\/\/twitter.com\/cverite\" \/>\n<meta name=\"twitter:site\" content=\"@newsendip\" \/>\n<meta name=\"twitter:label1\" content=\"\u00c9crit par\" \/>\n\t<meta name=\"twitter:data1\" content=\"Cl\u00e9ment V\u00e9rit\u00e9\" \/>\n\t<meta name=\"twitter:label2\" content=\"Dur\u00e9e de lecture estim\u00e9e\" \/>\n\t<meta name=\"twitter:data2\" content=\"5 minutes\" \/>\n<!-- \/ Yoast SEO Premium plugin. -->","yoast_head_json":{"title":"Une \u00e9quipe su\u00e9doise de hockey sur glace retire son nouveau logo controvers\u00e9 au bout de deux jours","description":"Le Fr\u00f6lunda Hockey Club, une \u00e9quipe professionnelle de hockey sur glace en Su\u00e8de, a retir\u00e9 son nouveau logo deux jours apr\u00e8s sa r\u00e9v\u00e9lation \u00e0 cause d'accusations de plagiat, de r\u00e9f\u00e9rences au nazisme et de menaces \u00e0 l'encontre de membres du conseil d'administration.","robots":{"index":"index","follow":"follow","max-snippet":"max-snippet:-1","max-image-preview":"max-image-preview:large","max-video-preview":"max-video-preview:-1"},"canonical":"https:\/\/www.newsendip.com\/fr\/une-equipe-suedoise-de-hockey-sur-glace-retire-son-nouveau-logo-controverse-frolunda\/","og_locale":"fr_FR","og_type":"article","og_title":"Une \u00e9quipe su\u00e9doise de hockey sur glace retire son nouveau logo controvers\u00e9 au bout de deux jours","og_description":"Le Fr\u00f6lunda Hockey Club, une \u00e9quipe professionnelle de hockey sur glace en Su\u00e8de, a retir\u00e9 son nouveau logo deux jours apr\u00e8s sa r\u00e9v\u00e9lation \u00e0 cause d'accusations de plagiat, de r\u00e9f\u00e9rences au nazisme et de menaces \u00e0 l'encontre de membres du conseil d'administration.","og_url":"https:\/\/www.newsendip.com\/fr\/une-equipe-suedoise-de-hockey-sur-glace-retire-son-nouveau-logo-controverse-frolunda\/","og_site_name":"Newsendip","article_publisher":"https:\/\/www.facebook.com\/newsendip","article_published_time":"2022-02-04T13:34:05+00:00","article_modified_time":"2022-11-07T22:10:56+00:00","og_image":[{"width":960,"height":640,"url":"https:\/\/www.newsendip.com\/wp-content\/uploads\/2022\/02\/Frolunda-hockey-club-progressive.jpeg","type":"image\/jpeg"}],"author":"Cl\u00e9ment V\u00e9rit\u00e9","twitter_card":"summary_large_image","twitter_image":"https:\/\/www.newsendip.com\/wp-content\/uploads\/2022\/02\/Frolunda-hockey-club-progressive.jpeg","twitter_creator":"@https:\/\/twitter.com\/cverite","twitter_site":"@newsendip","twitter_misc":{"\u00c9crit par":"Cl\u00e9ment V\u00e9rit\u00e9","Dur\u00e9e de lecture estim\u00e9e":"5 minutes"},"schema":{"@context":"https:\/\/schema.org","@graph":[{"@type":"NewsArticle","@id":"https:\/\/www.newsendip.com\/fr\/une-equipe-suedoise-de-hockey-sur-glace-retire-son-nouveau-logo-controverse-frolunda\/#article","isPartOf":{"@id":"https:\/\/www.newsendip.com\/fr\/une-equipe-suedoise-de-hockey-sur-glace-retire-son-nouveau-logo-controverse-frolunda\/"},"author":{"name":"Cl\u00e9ment V\u00e9rit\u00e9","@id":"https:\/\/www.newsendip.com\/fr\/#\/schema\/person\/ea22c01755f464a3cbc2c619584d6363"},"headline":"Une \u00e9quipe su\u00e9doise de hockey sur glace retire son nouveau logo controvers\u00e9 au bout de deux&nbsp;jours","datePublished":"2022-02-04T13:34:05+00:00","dateModified":"2022-11-07T22:10:56+00:00","mainEntityOfPage":{"@id":"https:\/\/www.newsendip.com\/fr\/une-equipe-suedoise-de-hockey-sur-glace-retire-son-nouveau-logo-controverse-frolunda\/"},"wordCount":939,"publisher":{"@id":"https:\/\/www.newsendip.com\/fr\/#organization"},"image":{"@id":"https:\/\/www.newsendip.com\/fr\/une-equipe-suedoise-de-hockey-sur-glace-retire-son-nouveau-logo-controverse-frolunda\/#primaryimage"},"thumbnailUrl":"https:\/\/www.newsendip.com\/wp-content\/uploads\/2022\/02\/Frolunda-hockey-club.webp","keywords":["Actuel","Su\u00e8de"],"articleSection":["Culture et sport"],"inLanguage":"fr-FR","copyrightYear":"2022","copyrightHolder":{"@id":"https:\/\/www.newsendip.com\/#organization"}},{"@type":"WebPage","@id":"https:\/\/www.newsendip.com\/fr\/une-equipe-suedoise-de-hockey-sur-glace-retire-son-nouveau-logo-controverse-frolunda\/","url":"https:\/\/www.newsendip.com\/fr\/une-equipe-suedoise-de-hockey-sur-glace-retire-son-nouveau-logo-controverse-frolunda\/","name":"Une \u00e9quipe su\u00e9doise de hockey sur glace retire son nouveau logo controvers\u00e9 au bout de deux jours","isPartOf":{"@id":"https:\/\/www.newsendip.com\/fr\/#website"},"primaryImageOfPage":{"@id":"https:\/\/www.newsendip.com\/fr\/une-equipe-suedoise-de-hockey-sur-glace-retire-son-nouveau-logo-controverse-frolunda\/#primaryimage"},"image":{"@id":"https:\/\/www.newsendip.com\/fr\/une-equipe-suedoise-de-hockey-sur-glace-retire-son-nouveau-logo-controverse-frolunda\/#primaryimage"},"thumbnailUrl":"https:\/\/www.newsendip.com\/wp-content\/uploads\/2022\/02\/Frolunda-hockey-club.webp","datePublished":"2022-02-04T13:34:05+00:00","dateModified":"2022-11-07T22:10:56+00:00","description":"Le Fr\u00f6lunda Hockey Club, une \u00e9quipe professionnelle de hockey sur glace en Su\u00e8de, a retir\u00e9 son nouveau logo deux jours apr\u00e8s sa r\u00e9v\u00e9lation \u00e0 cause d'accusations de plagiat, de r\u00e9f\u00e9rences au nazisme et de menaces \u00e0 l'encontre de membres du conseil d'administration.","breadcrumb":{"@id":"https:\/\/www.newsendip.com\/fr\/une-equipe-suedoise-de-hockey-sur-glace-retire-son-nouveau-logo-controverse-frolunda\/#breadcrumb"},"inLanguage":"fr-FR","potentialAction":[{"@type":"ReadAction","target":["https:\/\/www.newsendip.com\/fr\/une-equipe-suedoise-de-hockey-sur-glace-retire-son-nouveau-logo-controverse-frolunda\/"]}]},{"@type":"ImageObject","inLanguage":"fr-FR","@id":"https:\/\/www.newsendip.com\/fr\/une-equipe-suedoise-de-hockey-sur-glace-retire-son-nouveau-logo-controverse-frolunda\/#primaryimage","url":"https:\/\/www.newsendip.com\/wp-content\/uploads\/2022\/02\/Frolunda-hockey-club.webp","contentUrl":"https:\/\/www.newsendip.com\/wp-content\/uploads\/2022\/02\/Frolunda-hockey-club.webp","width":960,"height":640,"caption":"\u00a9 Fr\u00f6lunda HC, Facebook"},{"@type":"BreadcrumbList","@id":"https:\/\/www.newsendip.com\/fr\/une-equipe-suedoise-de-hockey-sur-glace-retire-son-nouveau-logo-controverse-frolunda\/#breadcrumb","itemListElement":[{"@type":"ListItem","position":1,"name":"Accueil","item":"https:\/\/www.newsendip.com\/fr\/"},{"@type":"ListItem","position":2,"name":"Une \u00e9quipe su\u00e9doise de hockey sur glace retire son nouveau logo controvers\u00e9 au bout de deux&nbsp;jours"}]},{"@type":"WebSite","@id":"https:\/\/www.newsendip.com\/fr\/#website","url":"https:\/\/www.newsendip.com\/fr\/","name":"Newsendip","description":"Red\u00e9couvrez l&#039;actualit\u00e9 internationale","publisher":{"@id":"https:\/\/www.newsendip.com\/fr\/#organization"},"potentialAction":[{"@type":"SearchAction","target":{"@type":"EntryPoint","urlTemplate":"https:\/\/www.newsendip.com\/fr\/?s={search_term_string}"},"query-input":{"@type":"PropertyValueSpecification","valueRequired":true,"valueName":"search_term_string"}}],"inLanguage":"fr-FR"},{"@type":"Organization","@id":"https:\/\/www.newsendip.com\/fr\/#organization","name":"Newsendip","url":"https:\/\/www.newsendip.com\/fr\/","logo":{"@type":"ImageObject","inLanguage":"fr-FR","@id":"https:\/\/www.newsendip.com\/fr\/#\/schema\/logo\/image\/","url":"https:\/\/www.newsendip.com\/wp-content\/uploads\/2023\/12\/512x512.svg","contentUrl":"https:\/\/www.newsendip.com\/wp-content\/uploads\/2023\/12\/512x512.svg","width":1,"height":1,"caption":"Newsendip"},"image":{"@id":"https:\/\/www.newsendip.com\/fr\/#\/schema\/logo\/image\/"},"sameAs":["https:\/\/www.facebook.com\/newsendip","https:\/\/x.com\/newsendip","https:\/\/mastodon.social\/@newsendip","https:\/\/www.linkedin.com\/company\/newsendip"],"description":"Newsendip est un site qui a pour mission de rendre l'actualit\u00e9 internationale accessible et diversifi\u00e9e","email":"contact@newsendip.com","legalName":"Newsendip SAS","foundingDate":"2022-11-04","vatID":"FR60921124723","numberOfEmployees":{"@type":"QuantitativeValue","minValue":"1","maxValue":"10"},"publishingPrinciples":"https:\/\/www.newsendip.com\/about-us\/","ownershipFundingInfo":"https:\/\/www.newsendip.com\/legal-notice\/","actionableFeedbackPolicy":"https:\/\/www.newsendip.com\/about-us\/","correctionsPolicy":"https:\/\/www.newsendip.com\/about-us\/","ethicsPolicy":"https:\/\/www.newsendip.com\/about-us\/","diversityPolicy":"https:\/\/www.newsendip.com\/about-us\/"},{"@type":"Person","@id":"https:\/\/www.newsendip.com\/fr\/#\/schema\/person\/ea22c01755f464a3cbc2c619584d6363","name":"Cl\u00e9ment V\u00e9rit\u00e9","description":"Cl\u00e9ment is the executive editor and founder of Newsendip. He started in the media industry as a freelance reporter at 16 for a local French newspaper after school and has never left it. He later worked for seven years at The New York Times, notably as a data analyst. He holds a Master of Management in France and a Master of Arts in the United Kingdom in International Marketing &amp; Communications Strategy. He has lived in France, the United Kingdom, and Italy.","sameAs":["https:\/\/www.newsendip.com\/","https:\/\/www.linkedin.com\/in\/clementverite\/","https:\/\/x.com\/https:\/\/twitter.com\/cverite"],"knowsAbout":["News","International","Business","Media monitoring"],"knowsLanguage":["English","French","Italian","Spanish"],"url":"https:\/\/www.newsendip.com\/fr\/author\/clement-verite\/"}]}},"_links":{"self":[{"href":"https:\/\/www.newsendip.com\/fr\/wp-json\/wp\/v2\/posts\/18303","targetHints":{"allow":["GET"]}}],"collection":[{"href":"https:\/\/www.newsendip.com\/fr\/wp-json\/wp\/v2\/posts"}],"about":[{"href":"https:\/\/www.newsendip.com\/fr\/wp-json\/wp\/v2\/types\/post"}],"author":[{"embeddable":true,"href":"https:\/\/www.newsendip.com\/fr\/wp-json\/wp\/v2\/users\/1"}],"replies":[{"embeddable":true,"href":"https:\/\/www.newsendip.com\/fr\/wp-json\/wp\/v2\/comments?post=18303"}],"version-history":[{"count":0,"href":"https:\/\/www.newsendip.com\/fr\/wp-json\/wp\/v2\/posts\/18303\/revisions"}],"wp:featuredmedia":[{"embeddable":true,"href":"https:\/\/www.newsendip.com\/fr\/wp-json\/wp\/v2\/media\/14024"}],"wp:attachment":[{"href":"https:\/\/www.newsendip.com\/fr\/wp-json\/wp\/v2\/media?parent=18303"}],"wp:term":[{"taxonomy":"category","embeddable":true,"href":"https:\/\/www.newsendip.com\/fr\/wp-json\/wp\/v2\/categories?post=18303"},{"taxonomy":"post_tag","embeddable":true,"href":"https:\/\/www.newsendip.com\/fr\/wp-json\/wp\/v2\/tags?post=18303"}],"curies":[{"name":"wp","href":"https:\/\/api.w.org\/{rel}","templated":true}]}}