{"id":18342,"date":"2021-02-11T00:00:31","date_gmt":"2021-02-10T23:00:31","guid":{"rendered":"https:\/\/www.newsendip.com\/?p=18342"},"modified":"2022-11-13T00:17:35","modified_gmt":"2022-11-12T23:17:35","slug":"pourquoi-les-britanniques-pensent-ils-appartenir-a-la-classe-ouvriere-alors-quils-ne-le-sont-pas","status":"publish","type":"post","link":"https:\/\/www.newsendip.com\/fr\/pourquoi-les-britanniques-pensent-ils-appartenir-a-la-classe-ouvriere-alors-quils-ne-le-sont-pas\/","title":{"rendered":"Pourquoi les Britanniques pensent-ils appartenir \u00e0 la classe ouvri\u00e8re alors qu\u2019ils ne le sont&nbsp;pas\u202f?"},"content":{"rendered":"<p><strong>Une \u00e9tude a cherch\u00e9 \u00e0 comprendre pourquoi les Britanniques ont tendance \u00e0 se consid\u00e9rer comme appartenant \u00e0 la classe ouvri\u00e8re alors qu\u2019ils ne le sont&nbsp;pas.<br>\n<\/strong><\/p>\n<p><img decoding=\"async\" class=\"aligncenter size-full wp-image-13464\" src=\"https:\/\/www.newsendip.com\/wp-content\/uploads\/2021\/02\/middle_class.png\" alt=\"classes sociales\" width=\"602\" height=\"265\" srcset=\"https:\/\/www.newsendip.com\/wp-content\/uploads\/2021\/02\/middle_class.png 602w, https:\/\/www.newsendip.com\/wp-content\/uploads\/2021\/02\/middle_class-60x26.png 60w, https:\/\/www.newsendip.com\/wp-content\/uploads\/2021\/02\/middle_class-300x132.png 300w\" sizes=\"(max-width: 602px) 100vw, 602px\"><\/p>\n<p>Une <a href=\"#ref\">\u00e9tude de la London School of Economics<\/a> a tent\u00e9 de comprendre les raisons pour lesquelles <strong>certaines personnes vivant dans un milieu privil\u00e9gi\u00e9 se percevaient comme appartenant \u00e0 un milieu ouvrier modeste<\/strong>.<\/p>\n<p>Pour ce faire, Friedman et al. ont interrog\u00e9 175 personnes avec un travail consid\u00e9r\u00e9 comme faisant partie de la classe moyenne tel que r\u00e9f\u00e9renc\u00e9 dans la classification socio-\u00e9conomique des statistiques nationales britanniques. La quasi-totalit\u00e9 d\u2019entre elles se sont identifi\u00e9es appartenir \u00e0 la classe moyenne ou \u00e0 la classe moyenne sup\u00e9rieure. Mais plusieurs d\u2019entre elles ne se sont pas correctement rattach\u00e9es \u00e0 leurs origines.<\/p>\n<p>Selon une \u00e9tude d\u2019Ipsos, le Royaume-Uni est <a href=\"#ref\">en majorit\u00e9 une population appartenant \u00e0 la classe moyenne<\/a>, incluant ainsi environ 55\u202f% des Britanniques depuis les ann\u00e9es 2000. Toutefois, en 2008, un sondage soulignait que 52\u202f% des personnes interrog\u00e9es <a href=\"#ref\">se consid\u00e9raient encore comme appartenant \u00e0 la classe ouvri\u00e8re<\/a>.<\/p>\n<p>According to an Ipsos study, the <a href=\"#ref\">UK have become more middle class<\/a>, with a roughly 55\u201345% split since 2000. However, in 2008, a poll highlighted <a href=\"#ref\">52% would still consider themselves as working class<\/a>.<\/p>\n<h2>Diff\u00e9rences entre perception d\u2019une position sociale et r\u00e9alit\u00e9<\/h2>\n<p>Dans l\u2019\u00e9tude de la LSE, la justification d\u2019appartenance \u00e0 un milieu ouvrier s\u2019accompagne souvent d\u2019un<strong> r\u00e9cit sur les origines des membres de la famille<\/strong> \u00e9largie, tels que les grands-parents, qui \u00e9taient en fait ouvriers.<\/p>\n<p>Les personnes interrog\u00e9es \u00ab\u202f<em>ont tendance \u00e0 minimiser le c\u00f4t\u00e9 privil\u00e9gi\u00e9 de leur propre \u00e9ducation et \u00e0 mettre l\u2019accent sur les affinit\u00e9s avec l\u2019histoire de leur famille \u00e9largie faisant partie de la classe ouvri\u00e8re<\/em>\u202f\u00bb.<\/p>\n<p>De cette mani\u00e8re, les personnes occupant des rangs plus privil\u00e9gi\u00e9s dans la soci\u00e9t\u00e9 se sentent l\u00e9gitimes de leur situation, gr\u00e2ce \u00e0 la <strong>m\u00e9ritocratie en mettant l\u2019accent sur le travail<\/strong> par exemple.<\/p>\n<p>Ce type d\u2019id\u00e9e fausse sur les appartenances sociales appara\u00eet comme une sp\u00e9cificit\u00e9 britannique.<\/p>\n<p>Dans les pays occidentaux, les personnes ont tendance \u00e0 se faire une fausse id\u00e9e de leur position dans la soci\u00e9t\u00e9. Cependant, <strong>la plupart d\u2019entre elles pensent qu\u2019elles appartiennent \u00e0 la classe moyenne<\/strong>. Par exemple, les personnes se per\u00e7oivent rarement comme riches, et les auteurs sugg\u00e8rent que cela peut s\u2019expliquer par la th\u00e9orie du groupe de r\u00e9f\u00e9rence.<\/p>\n<h2>Distorsion de la r\u00e9alit\u00e9<\/h2>\n<p><!--more--><\/p>\n<p>Cette th\u00e9orie sugg\u00e8re que les personnes se comparent \u00e0 leur environnement social imm\u00e9diat.<\/p>\n<p>Les personnes ressemblent souvent aux groupes sociaux auxquels elles appartiennent, comme leur famille ou leurs amis. Et au final, cette ressemblance cr\u00e9e une normalisation de son statut social et donne le sentiment d\u2019\u00eatre \u00ab\u202fau milieu\u202f\u00bb. Par cons\u00e9quent, les personnes riches se retrouvent souvent dans un groupe autre que le&nbsp;sien.<\/p>\n<p>Au final, ces deux perceptions servent \u00e0 <strong>justifier que les privil\u00e8ges sont l\u00e9gitimes<\/strong>.<\/p>\n<p>N\u00e9anmoins, ces distorsions de la r\u00e9alit\u00e9 peuvent donner des perceptions erron\u00e9es de la soci\u00e9t\u00e9 dans laquelle on vit. En effet, seuls 10\u202f% des Britanniques issus de la classe ouvri\u00e8re acc\u00e8dent \u00e0 des postes de direction.<\/p>\n<p><strong><a href=\"https:\/\/www.newsendip.com\/fr\/etiquette\/royaume-uni\/\">D\u00e9couvrez plus d\u2019actualit\u00e9s du Royaume-Uni<\/a><\/strong><\/p>\n<h3 id=\"ref\">Sources et liens utiles&nbsp;:<\/h3>\n<ul>\n<li><a href=\"https:\/\/journals.sagepub.com\/doi\/pdf\/10.1177\/0038038520982225\">Deflecting Privilege&nbsp;: Class Identity and the Intergenerational Self<\/a>, 2020, acc\u00e8s gratuit<\/li>\n<li><a href=\"https:\/\/journals.sagepub.com\/doi\/abs\/10.1177\/0001839219893235?journalCode=asqa\">The Class Ceiling&nbsp;: Why It Pays to Be Privileged<\/a>, Friedman et Laurison, 2019<\/li>\n<li>&nbsp;<a href=\"https:\/\/www.theguardian.com\/news\/datablog\/2016\/feb\/26\/uk-more-middle-class-than-working-class-2000-data\">UK became more middle class than working class in 2000, data shows<\/a>, The Guardian, 2016, acc\u00e8s gratuit<\/li>\n<\/ul>\n","protected":false},"excerpt":{"rendered":"<p>Une \u00e9tude a cherch\u00e9 \u00e0 comprendre pourquoi les Britanniques ont tendance \u00e0 se consid\u00e9rer comme appartenant \u00e0 la classe ouvri\u00e8re alors qu\u2019ils ne le sont&nbsp;pas.<\/p>\n","protected":false},"author":1,"featured_media":13464,"comment_status":"closed","ping_status":"closed","sticky":false,"template":"","format":"standard","meta":{"wp_typography_post_enhancements_disabled":false,"footnotes":""},"categories":[409],"tags":[411,410],"class_list":["post-18342","post","type-post","status-publish","format-standard","has-post-thumbnail","hentry","category-societe","tag-actuel","tag-royaume-uni"],"yoast_head":"<!-- This site is optimized with the Yoast SEO Premium plugin v27.4 (Yoast SEO v27.4) - https:\/\/yoast.com\/product\/yoast-seo-premium-wordpress\/ -->\n<title>Pourquoi les Britanniques pensent-ils appartenir \u00e0 la classe ouvri\u00e8re alors qu&#039;ils ne le sont pas ?<\/title>\n<meta name=\"description\" content=\"Une \u00e9tude a cherch\u00e9 \u00e0 comprendre pourquoi les Britanniques ont tendance \u00e0 se consid\u00e9rer comme appartenant \u00e0 la classe ouvri\u00e8re alors qu&#039;ils ne le sont pas.\" \/>\n<meta name=\"robots\" content=\"index, follow, max-snippet:-1, max-image-preview:large, max-video-preview:-1\" \/>\n<link rel=\"canonical\" href=\"https:\/\/www.newsendip.com\/fr\/pourquoi-les-britanniques-pensent-ils-appartenir-a-la-classe-ouvriere-alors-quils-ne-le-sont-pas\/\" \/>\n<meta property=\"og:locale\" content=\"fr_FR\" \/>\n<meta property=\"og:type\" content=\"article\" \/>\n<meta property=\"og:title\" content=\"Pourquoi les Britanniques pensent-ils appartenir \u00e0 la classe ouvri\u00e8re alors qu&#039;ils ne le sont pas ?\" \/>\n<meta property=\"og:description\" content=\"Une \u00e9tude a cherch\u00e9 \u00e0 comprendre pourquoi les Britanniques ont tendance \u00e0 se consid\u00e9rer comme appartenant \u00e0 la classe ouvri\u00e8re alors qu&#039;ils ne le sont pas.\" \/>\n<meta property=\"og:url\" content=\"https:\/\/www.newsendip.com\/fr\/pourquoi-les-britanniques-pensent-ils-appartenir-a-la-classe-ouvriere-alors-quils-ne-le-sont-pas\/\" \/>\n<meta property=\"og:site_name\" content=\"Newsendip\" \/>\n<meta property=\"article:publisher\" content=\"https:\/\/www.facebook.com\/newsendip\" \/>\n<meta property=\"article:published_time\" content=\"2021-02-10T23:00:31+00:00\" \/>\n<meta property=\"article:modified_time\" content=\"2022-11-12T23:17:35+00:00\" \/>\n<meta property=\"og:image\" content=\"https:\/\/www.newsendip.com\/wp-content\/uploads\/2021\/02\/middle_class.png\" \/>\n\t<meta property=\"og:image:width\" content=\"602\" \/>\n\t<meta property=\"og:image:height\" content=\"265\" \/>\n\t<meta property=\"og:image:type\" content=\"image\/png\" \/>\n<meta name=\"author\" content=\"Cl\u00e9ment V\u00e9rit\u00e9\" \/>\n<meta name=\"twitter:card\" content=\"summary_large_image\" \/>\n<meta name=\"twitter:creator\" content=\"@https:\/\/twitter.com\/cverite\" \/>\n<meta name=\"twitter:site\" content=\"@newsendip\" \/>\n<meta name=\"twitter:label1\" content=\"\u00c9crit par\" \/>\n\t<meta name=\"twitter:data1\" content=\"Cl\u00e9ment V\u00e9rit\u00e9\" \/>\n\t<meta name=\"twitter:label2\" content=\"Dur\u00e9e de lecture estim\u00e9e\" \/>\n\t<meta name=\"twitter:data2\" content=\"3 minutes\" \/>\n<!-- \/ Yoast SEO Premium plugin. -->","yoast_head_json":{"title":"Pourquoi les Britanniques pensent-ils appartenir \u00e0 la classe ouvri\u00e8re alors qu'ils ne le sont pas ?","description":"Une \u00e9tude a cherch\u00e9 \u00e0 comprendre pourquoi les Britanniques ont tendance \u00e0 se consid\u00e9rer comme appartenant \u00e0 la classe ouvri\u00e8re alors qu'ils ne le sont pas.","robots":{"index":"index","follow":"follow","max-snippet":"max-snippet:-1","max-image-preview":"max-image-preview:large","max-video-preview":"max-video-preview:-1"},"canonical":"https:\/\/www.newsendip.com\/fr\/pourquoi-les-britanniques-pensent-ils-appartenir-a-la-classe-ouvriere-alors-quils-ne-le-sont-pas\/","og_locale":"fr_FR","og_type":"article","og_title":"Pourquoi les Britanniques pensent-ils appartenir \u00e0 la classe ouvri\u00e8re alors qu'ils ne le sont pas ?","og_description":"Une \u00e9tude a cherch\u00e9 \u00e0 comprendre pourquoi les Britanniques ont tendance \u00e0 se consid\u00e9rer comme appartenant \u00e0 la classe ouvri\u00e8re alors qu'ils ne le sont pas.","og_url":"https:\/\/www.newsendip.com\/fr\/pourquoi-les-britanniques-pensent-ils-appartenir-a-la-classe-ouvriere-alors-quils-ne-le-sont-pas\/","og_site_name":"Newsendip","article_publisher":"https:\/\/www.facebook.com\/newsendip","article_published_time":"2021-02-10T23:00:31+00:00","article_modified_time":"2022-11-12T23:17:35+00:00","og_image":[{"width":602,"height":265,"url":"https:\/\/www.newsendip.com\/wp-content\/uploads\/2021\/02\/middle_class.png","type":"image\/png"}],"author":"Cl\u00e9ment V\u00e9rit\u00e9","twitter_card":"summary_large_image","twitter_creator":"@https:\/\/twitter.com\/cverite","twitter_site":"@newsendip","twitter_misc":{"\u00c9crit par":"Cl\u00e9ment V\u00e9rit\u00e9","Dur\u00e9e de lecture estim\u00e9e":"3 minutes"},"schema":{"@context":"https:\/\/schema.org","@graph":[{"@type":"NewsArticle","@id":"https:\/\/www.newsendip.com\/fr\/pourquoi-les-britanniques-pensent-ils-appartenir-a-la-classe-ouvriere-alors-quils-ne-le-sont-pas\/#article","isPartOf":{"@id":"https:\/\/www.newsendip.com\/fr\/pourquoi-les-britanniques-pensent-ils-appartenir-a-la-classe-ouvriere-alors-quils-ne-le-sont-pas\/"},"author":{"name":"Cl\u00e9ment V\u00e9rit\u00e9","@id":"https:\/\/www.newsendip.com\/fr\/#\/schema\/person\/ea22c01755f464a3cbc2c619584d6363"},"headline":"Pourquoi les Britanniques pensent-ils appartenir \u00e0 la classe ouvri\u00e8re alors qu\u2019ils ne le sont&nbsp;pas\u202f?","datePublished":"2021-02-10T23:00:31+00:00","dateModified":"2022-11-12T23:17:35+00:00","mainEntityOfPage":{"@id":"https:\/\/www.newsendip.com\/fr\/pourquoi-les-britanniques-pensent-ils-appartenir-a-la-classe-ouvriere-alors-quils-ne-le-sont-pas\/"},"wordCount":600,"publisher":{"@id":"https:\/\/www.newsendip.com\/fr\/#organization"},"image":{"@id":"https:\/\/www.newsendip.com\/fr\/pourquoi-les-britanniques-pensent-ils-appartenir-a-la-classe-ouvriere-alors-quils-ne-le-sont-pas\/#primaryimage"},"thumbnailUrl":"https:\/\/www.newsendip.com\/wp-content\/uploads\/2021\/02\/middle_class.png","keywords":["Actuel","Royaume-Uni"],"articleSection":["Soci\u00e9t\u00e9"],"inLanguage":"fr-FR","copyrightYear":"2021","copyrightHolder":{"@id":"https:\/\/www.newsendip.com\/#organization"}},{"@type":"WebPage","@id":"https:\/\/www.newsendip.com\/fr\/pourquoi-les-britanniques-pensent-ils-appartenir-a-la-classe-ouvriere-alors-quils-ne-le-sont-pas\/","url":"https:\/\/www.newsendip.com\/fr\/pourquoi-les-britanniques-pensent-ils-appartenir-a-la-classe-ouvriere-alors-quils-ne-le-sont-pas\/","name":"Pourquoi les Britanniques pensent-ils appartenir \u00e0 la classe ouvri\u00e8re alors qu'ils ne le sont pas ?","isPartOf":{"@id":"https:\/\/www.newsendip.com\/fr\/#website"},"primaryImageOfPage":{"@id":"https:\/\/www.newsendip.com\/fr\/pourquoi-les-britanniques-pensent-ils-appartenir-a-la-classe-ouvriere-alors-quils-ne-le-sont-pas\/#primaryimage"},"image":{"@id":"https:\/\/www.newsendip.com\/fr\/pourquoi-les-britanniques-pensent-ils-appartenir-a-la-classe-ouvriere-alors-quils-ne-le-sont-pas\/#primaryimage"},"thumbnailUrl":"https:\/\/www.newsendip.com\/wp-content\/uploads\/2021\/02\/middle_class.png","datePublished":"2021-02-10T23:00:31+00:00","dateModified":"2022-11-12T23:17:35+00:00","description":"Une \u00e9tude a cherch\u00e9 \u00e0 comprendre pourquoi les Britanniques ont tendance \u00e0 se consid\u00e9rer comme appartenant \u00e0 la classe ouvri\u00e8re alors qu'ils ne le sont pas.","breadcrumb":{"@id":"https:\/\/www.newsendip.com\/fr\/pourquoi-les-britanniques-pensent-ils-appartenir-a-la-classe-ouvriere-alors-quils-ne-le-sont-pas\/#breadcrumb"},"inLanguage":"fr-FR","potentialAction":[{"@type":"ReadAction","target":["https:\/\/www.newsendip.com\/fr\/pourquoi-les-britanniques-pensent-ils-appartenir-a-la-classe-ouvriere-alors-quils-ne-le-sont-pas\/"]}]},{"@type":"ImageObject","inLanguage":"fr-FR","@id":"https:\/\/www.newsendip.com\/fr\/pourquoi-les-britanniques-pensent-ils-appartenir-a-la-classe-ouvriere-alors-quils-ne-le-sont-pas\/#primaryimage","url":"https:\/\/www.newsendip.com\/wp-content\/uploads\/2021\/02\/middle_class.png","contentUrl":"https:\/\/www.newsendip.com\/wp-content\/uploads\/2021\/02\/middle_class.png","width":602,"height":265,"caption":"classes sociales"},{"@type":"BreadcrumbList","@id":"https:\/\/www.newsendip.com\/fr\/pourquoi-les-britanniques-pensent-ils-appartenir-a-la-classe-ouvriere-alors-quils-ne-le-sont-pas\/#breadcrumb","itemListElement":[{"@type":"ListItem","position":1,"name":"Accueil","item":"https:\/\/www.newsendip.com\/fr\/"},{"@type":"ListItem","position":2,"name":"Pourquoi les Britanniques pensent-ils appartenir \u00e0 la classe ouvri\u00e8re alors qu\u2019ils ne le sont&nbsp;pas&nbsp;?"}]},{"@type":"WebSite","@id":"https:\/\/www.newsendip.com\/fr\/#website","url":"https:\/\/www.newsendip.com\/fr\/","name":"Newsendip","description":"Red\u00e9couvrez l&#039;actualit\u00e9 internationale","publisher":{"@id":"https:\/\/www.newsendip.com\/fr\/#organization"},"potentialAction":[{"@type":"SearchAction","target":{"@type":"EntryPoint","urlTemplate":"https:\/\/www.newsendip.com\/fr\/?s={search_term_string}"},"query-input":{"@type":"PropertyValueSpecification","valueRequired":true,"valueName":"search_term_string"}}],"inLanguage":"fr-FR"},{"@type":"Organization","@id":"https:\/\/www.newsendip.com\/fr\/#organization","name":"Newsendip","url":"https:\/\/www.newsendip.com\/fr\/","logo":{"@type":"ImageObject","inLanguage":"fr-FR","@id":"https:\/\/www.newsendip.com\/fr\/#\/schema\/logo\/image\/","url":"https:\/\/www.newsendip.com\/wp-content\/uploads\/2023\/12\/512x512.svg","contentUrl":"https:\/\/www.newsendip.com\/wp-content\/uploads\/2023\/12\/512x512.svg","width":1,"height":1,"caption":"Newsendip"},"image":{"@id":"https:\/\/www.newsendip.com\/fr\/#\/schema\/logo\/image\/"},"sameAs":["https:\/\/www.facebook.com\/newsendip","https:\/\/x.com\/newsendip","https:\/\/mastodon.social\/@newsendip","https:\/\/www.linkedin.com\/company\/newsendip"],"description":"Newsendip est un site qui a pour mission de rendre l'actualit\u00e9 internationale accessible et diversifi\u00e9e","email":"contact@newsendip.com","legalName":"Newsendip SAS","foundingDate":"2022-11-04","vatID":"FR60921124723","numberOfEmployees":{"@type":"QuantitativeValue","minValue":"1","maxValue":"10"},"publishingPrinciples":"https:\/\/www.newsendip.com\/about-us\/","ownershipFundingInfo":"https:\/\/www.newsendip.com\/legal-notice\/","actionableFeedbackPolicy":"https:\/\/www.newsendip.com\/about-us\/","correctionsPolicy":"https:\/\/www.newsendip.com\/about-us\/","ethicsPolicy":"https:\/\/www.newsendip.com\/about-us\/","diversityPolicy":"https:\/\/www.newsendip.com\/about-us\/"},{"@type":"Person","@id":"https:\/\/www.newsendip.com\/fr\/#\/schema\/person\/ea22c01755f464a3cbc2c619584d6363","name":"Cl\u00e9ment V\u00e9rit\u00e9","description":"Cl\u00e9ment is the executive editor and founder of Newsendip. He started in the media industry as a freelance reporter at 16 for a local French newspaper after school and has never left it. He later worked for seven years at The New York Times, notably as a data analyst. He holds a Master of Management in France and a Master of Arts in the United Kingdom in International Marketing &amp; Communications Strategy. He has lived in France, the United Kingdom, and Italy.","sameAs":["https:\/\/www.newsendip.com\/","https:\/\/www.linkedin.com\/in\/clementverite\/","https:\/\/x.com\/https:\/\/twitter.com\/cverite"],"knowsAbout":["News","International","Business","Media monitoring"],"knowsLanguage":["English","French","Italian","Spanish"],"url":"https:\/\/www.newsendip.com\/fr\/author\/clement-verite\/"}]}},"_links":{"self":[{"href":"https:\/\/www.newsendip.com\/fr\/wp-json\/wp\/v2\/posts\/18342","targetHints":{"allow":["GET"]}}],"collection":[{"href":"https:\/\/www.newsendip.com\/fr\/wp-json\/wp\/v2\/posts"}],"about":[{"href":"https:\/\/www.newsendip.com\/fr\/wp-json\/wp\/v2\/types\/post"}],"author":[{"embeddable":true,"href":"https:\/\/www.newsendip.com\/fr\/wp-json\/wp\/v2\/users\/1"}],"replies":[{"embeddable":true,"href":"https:\/\/www.newsendip.com\/fr\/wp-json\/wp\/v2\/comments?post=18342"}],"version-history":[{"count":0,"href":"https:\/\/www.newsendip.com\/fr\/wp-json\/wp\/v2\/posts\/18342\/revisions"}],"wp:featuredmedia":[{"embeddable":true,"href":"https:\/\/www.newsendip.com\/fr\/wp-json\/wp\/v2\/media\/13464"}],"wp:attachment":[{"href":"https:\/\/www.newsendip.com\/fr\/wp-json\/wp\/v2\/media?parent=18342"}],"wp:term":[{"taxonomy":"category","embeddable":true,"href":"https:\/\/www.newsendip.com\/fr\/wp-json\/wp\/v2\/categories?post=18342"},{"taxonomy":"post_tag","embeddable":true,"href":"https:\/\/www.newsendip.com\/fr\/wp-json\/wp\/v2\/tags?post=18342"}],"curies":[{"name":"wp","href":"https:\/\/api.w.org\/{rel}","templated":true}]}}