{"id":18345,"date":"2022-02-22T13:00:03","date_gmt":"2022-02-22T12:00:03","guid":{"rendered":"https:\/\/www.newsendip.com\/?p=18345"},"modified":"2024-07-16T21:20:56","modified_gmt":"2024-07-16T19:20:56","slug":"91-pourcent-du-portugal-sous-un-secheresse-severe-ou-extreme","status":"publish","type":"post","link":"https:\/\/www.newsendip.com\/fr\/91-pourcent-du-portugal-sous-un-secheresse-severe-ou-extreme\/","title":{"rendered":"91\u202f% du Portugal sous un s\u00e9cheresse s\u00e9v\u00e8re ou extr\u00eame"},"content":{"rendered":"<p><strong>La quasi-totalit\u00e9 du territoire portugais sera bient\u00f4t soumise \u00e0 une s\u00e9cheresse s\u00e9v\u00e8re ou extr\u00eame d\u2019ici la fin f\u00e9vrier selon les pr\u00e9visions m\u00e9t\u00e9orologiques.<br>\n<\/strong><\/p>\n<figure id=\"attachment_14100\" aria-describedby=\"caption-attachment-14100\" style=\"width: 1024px\" class=\"wp-caption aligncenter\"><img decoding=\"async\" class=\"size-large wp-image-14100\" src=\"https:\/\/www.newsendip.com\/wp-content\/uploads\/2022\/02\/portugal-agueda-1024x727.webp\" alt=\"Parapluies sous le ciel bleu dans une rue d'Agueda, au Portugal\" width=\"1024\" height=\"727\" srcset=\"https:\/\/www.newsendip.com\/wp-content\/uploads\/2022\/02\/portugal-agueda-1024x727.webp 1024w, https:\/\/www.newsendip.com\/wp-content\/uploads\/2022\/02\/portugal-agueda-60x43.webp 60w, https:\/\/www.newsendip.com\/wp-content\/uploads\/2022\/02\/portugal-agueda-300x213.webp 300w, https:\/\/www.newsendip.com\/wp-content\/uploads\/2022\/02\/portugal-agueda-768x546.webp 768w, https:\/\/www.newsendip.com\/wp-content\/uploads\/2022\/02\/portugal-agueda-1536x1091.webp 1536w, https:\/\/www.newsendip.com\/wp-content\/uploads\/2022\/02\/portugal-agueda.webp 1920w\" sizes=\"(max-width: 1024px) 100vw, 1024px\"><figcaption id=\"caption-attachment-14100\" class=\"wp-caption-text\">Parapluies sous le ciel bleu dans une rue d\u2019Agueda, au Portugal | Ricardo Resende, 2018<\/figcaption><\/figure>\n<p>L\u2019agence m\u00e9t\u00e9orologique nationale du Portugal a indiqu\u00e9 le 21 f\u00e9vrier que 91\u202f% du territoire est d\u00e9sormais soumis \u00e0 une s\u00e9cheresse s\u00e9v\u00e8re ou extr\u00eame.<\/p>\n<p>L\u2019<a href=\"#post-bottom-source\">Institut portugais de la mer et de l\u2019atmosph\u00e8re<\/a> (IPMA) a publi\u00e9 son bulletin sur la base des derni\u00e8res donn\u00e9es jusqu\u2019au 15 f\u00e9vrier.<\/p>\n<p>Depuis le 1er octobre, il n\u2019a plu que 220,8\u202fmm en moyenne. Cela repr\u00e9sente 39\u202f% des valeurs normales calcul\u00e9es \u00e0 partir des niveaux enregistr\u00e9s entre 1971 et 2000. Et la situation s\u2019est aggrav\u00e9e ces derniers jours.<\/p>\n<p>Au cours de la premi\u00e8re moiti\u00e9 de f\u00e9vrier, le Portugal n\u2019a re\u00e7u que 7\u202f% des niveaux de pr\u00e9cipitations habituels.<\/p>\n<p>Les <a href=\"https:\/\/www.newsendip.com\/fr\/affrontements-lors-de-manifestations-contre-la-penurie-deau-liran-accuse-les-etats-unis-dagir-en-coulisses\/\">p\u00e9riodes de s\u00e9cheresse<\/a> ne sont pas inhabituelles au Portugal, mais leur fr\u00e9quence a augment\u00e9 au cours des 20 derni\u00e8res ann\u00e9es. Les pr\u00e9cipitations durant cet hiver sont \u00e0 ce jour plus rares que lors des s\u00e9cheresses pr\u00e9c\u00e9dentes pendant les hivers 2004-05, 2011-12 et 2017\u201318.<!--more--><\/p>\n<p>Plus de la moiti\u00e9 du territoire (52,2\u202f%) est d\u00e9sormais consid\u00e9r\u00e9e comme \u00e9tant en s\u00e9cheresse s\u00e9v\u00e8re et 38,6\u202f% en s\u00e9cheresse extr\u00eame, les deux niveaux les plus \u00e9lev\u00e9s de l\u2019indice. Les 9,2\u202f% restants sont en situation de s\u00e9cheresse mod\u00e9r\u00e9e.<\/p>\n<p>\u00c0 la fin du mois de d\u00e9cembre 2021, seul 8,7\u202f% du territoire \u00e9tait en situation de s\u00e9cheresse grave et aucune zone n\u2019\u00e9tait en situation de s\u00e9cheresse extr\u00eame, ce qui montre que la situation n\u2019a cess\u00e9 de se d\u00e9grader au cours des derni\u00e8res semaines. Les pr\u00e9dictions les plus pessimistes de l\u2019IPMA \u00e0 la fin du mois de janvier se sont av\u00e9r\u00e9es \u00eatre les bonnes.<\/p>\n<p>La situation frappe particuli\u00e8rement la r\u00e9gion de l\u2019Algarve, dans le sud du Portugal, tandis que seul l\u2019extr\u00eame nord-ouest est soumis \u00e0 une s\u00e9cheresse mod\u00e9r\u00e9e.<\/p>\n<p>La situation ne devrait pas s\u2019am\u00e9liorer de sit\u00f4t car aucune pr\u00e9cipitation majeure n\u2019est attendue d\u2019ici la fin du mois de f\u00e9vrier. \u00ab\u202f<em>Selon les pr\u00e9visions m\u00e9t\u00e9orologiques, la s\u00e9cheresse m\u00e9t\u00e9orologique va tr\u00e8s probablement se poursuivre \u00e0 la fin du mois de f\u00e9vrier, la quasi-totalit\u00e9 du territoire se situant dans les rangs les plus s\u00e9v\u00e8res de l\u2019indice IPMA<\/em>\u202f\u00bb, conclut le rapport.<\/p>\n<p>Le gouvernement portugais restreint d\u00e9j\u00e0 l\u2019utilisation de cinq barrages pour la production d\u2019<a href=\"https:\/\/www.newsendip.com\/fr\/le-controverse-barrage-de-la-renaissance-en-ethiopie-sur-le-nil-a-commence-a-produire-de-lelectricite\/\">\u00e9nergie hydro\u00e9lectrique<\/a> afin d\u2019\u00e9conomiser l\u2019<a href=\"https:\/\/www.newsendip.com\/fr\/les-parlementaires-chiliens-approuvent-une-reforme-du-code-de-leau-vieille-de-onze-ans\/\">eau pour la consommation publique<\/a>. Les agriculteurs demandent \u00e9galement une aide financi\u00e8re pour le manque d\u2019herbe pour nourrir leur b\u00e9tail.<\/p>\n<p>\u00c0 ce titre, les ministres de l\u2019agriculture du Portugal et de l\u2019Espagne ont pr\u00e9sent\u00e9 le 21 f\u00e9vrier \u00e0 la Commission europ\u00e9enne une s\u00e9rie de mesures visant \u00e0 \u00ab\u202f<em>minimiser<\/em>\u202f\u00bb les effets de la s\u00e9cheresse dans la p\u00e9ninsule ib\u00e9rique.<\/p>\n<p><a href=\"https:\/\/www.newsendip.com\/fr\/etiquette\/portugal\/\"><strong>D\u00e9couvrez plus d\u2019actualit\u00e9s du Portugal<\/strong><\/a><\/p>\n","protected":false},"excerpt":{"rendered":"<p>La quasi-totalit\u00e9 du territoire portugais sera bient\u00f4t soumise \u00e0 une s\u00e9cheresse s\u00e9v\u00e8re ou extr\u00eame d\u2019ici la fin f\u00e9vrier selon les pr\u00e9visions m\u00e9t\u00e9orologiques.<\/p>\n","protected":false},"author":1,"featured_media":14100,"comment_status":"closed","ping_status":"closed","sticky":false,"template":"","format":"standard","meta":{"wp_typography_post_enhancements_disabled":false,"footnotes":""},"categories":[3016],"tags":[453,421],"class_list":["post-18345","post","type-post","status-publish","format-standard","has-post-thumbnail","hentry","category-environnement","tag-portugal","tag-vieux"],"yoast_head":"<!-- This site is optimized with the Yoast SEO Premium plugin v27.4 (Yoast SEO v27.4) - https:\/\/yoast.com\/product\/yoast-seo-premium-wordpress\/ -->\n<title>91 % du Portugal sous un s\u00e9cheresse s\u00e9v\u00e8re ou extr\u00eame<\/title>\n<meta name=\"description\" content=\"La quasi-totalit\u00e9 du territoire portugais sera bient\u00f4t soumise \u00e0 une s\u00e9cheresse s\u00e9v\u00e8re ou extr\u00eame d&#039;ici la fin f\u00e9vrier selon les pr\u00e9visions m\u00e9t\u00e9orologiques.\" \/>\n<meta name=\"robots\" content=\"index, follow, max-snippet:-1, max-image-preview:large, max-video-preview:-1\" \/>\n<link rel=\"canonical\" href=\"https:\/\/www.newsendip.com\/fr\/91-pourcent-du-portugal-sous-un-secheresse-severe-ou-extreme\/\" \/>\n<meta property=\"og:locale\" content=\"fr_FR\" \/>\n<meta property=\"og:type\" content=\"article\" \/>\n<meta property=\"og:title\" content=\"91 % du Portugal sous un s\u00e9cheresse s\u00e9v\u00e8re ou extr\u00eame\" \/>\n<meta property=\"og:description\" content=\"La quasi-totalit\u00e9 du territoire portugais sera bient\u00f4t soumise \u00e0 une s\u00e9cheresse s\u00e9v\u00e8re ou extr\u00eame d&#039;ici la fin f\u00e9vrier selon les pr\u00e9visions m\u00e9t\u00e9orologiques.\" \/>\n<meta property=\"og:url\" content=\"https:\/\/www.newsendip.com\/fr\/91-pourcent-du-portugal-sous-un-secheresse-severe-ou-extreme\/\" \/>\n<meta property=\"og:site_name\" content=\"Newsendip\" \/>\n<meta property=\"article:publisher\" content=\"https:\/\/www.facebook.com\/newsendip\" \/>\n<meta property=\"article:published_time\" content=\"2022-02-22T12:00:03+00:00\" \/>\n<meta property=\"article:modified_time\" content=\"2024-07-16T19:20:56+00:00\" \/>\n<meta property=\"og:image\" content=\"https:\/\/www.newsendip.com\/wp-content\/uploads\/2022\/02\/portugal-agueda-progressive.jpeg\" \/>\n\t<meta property=\"og:image:width\" content=\"1920\" \/>\n\t<meta property=\"og:image:height\" content=\"1364\" \/>\n\t<meta property=\"og:image:type\" content=\"image\/jpeg\" \/>\n<meta name=\"author\" content=\"Cl\u00e9ment V\u00e9rit\u00e9\" \/>\n<meta name=\"twitter:card\" content=\"summary_large_image\" \/>\n<meta name=\"twitter:image\" content=\"https:\/\/www.newsendip.com\/wp-content\/uploads\/2022\/02\/portugal-agueda-progressive.jpeg\" \/>\n<meta name=\"twitter:creator\" content=\"@https:\/\/twitter.com\/cverite\" \/>\n<meta name=\"twitter:site\" content=\"@newsendip\" \/>\n<meta name=\"twitter:label1\" content=\"\u00c9crit par\" \/>\n\t<meta name=\"twitter:data1\" content=\"Cl\u00e9ment V\u00e9rit\u00e9\" \/>\n\t<meta name=\"twitter:label2\" content=\"Dur\u00e9e de lecture estim\u00e9e\" \/>\n\t<meta name=\"twitter:data2\" content=\"3 minutes\" \/>\n<!-- \/ Yoast SEO Premium plugin. -->","yoast_head_json":{"title":"91 % du Portugal sous un s\u00e9cheresse s\u00e9v\u00e8re ou extr\u00eame","description":"La quasi-totalit\u00e9 du territoire portugais sera bient\u00f4t soumise \u00e0 une s\u00e9cheresse s\u00e9v\u00e8re ou extr\u00eame d'ici la fin f\u00e9vrier selon les pr\u00e9visions m\u00e9t\u00e9orologiques.","robots":{"index":"index","follow":"follow","max-snippet":"max-snippet:-1","max-image-preview":"max-image-preview:large","max-video-preview":"max-video-preview:-1"},"canonical":"https:\/\/www.newsendip.com\/fr\/91-pourcent-du-portugal-sous-un-secheresse-severe-ou-extreme\/","og_locale":"fr_FR","og_type":"article","og_title":"91 % du Portugal sous un s\u00e9cheresse s\u00e9v\u00e8re ou extr\u00eame","og_description":"La quasi-totalit\u00e9 du territoire portugais sera bient\u00f4t soumise \u00e0 une s\u00e9cheresse s\u00e9v\u00e8re ou extr\u00eame d'ici la fin f\u00e9vrier selon les pr\u00e9visions m\u00e9t\u00e9orologiques.","og_url":"https:\/\/www.newsendip.com\/fr\/91-pourcent-du-portugal-sous-un-secheresse-severe-ou-extreme\/","og_site_name":"Newsendip","article_publisher":"https:\/\/www.facebook.com\/newsendip","article_published_time":"2022-02-22T12:00:03+00:00","article_modified_time":"2024-07-16T19:20:56+00:00","og_image":[{"width":1920,"height":1364,"url":"https:\/\/www.newsendip.com\/wp-content\/uploads\/2022\/02\/portugal-agueda-progressive.jpeg","type":"image\/jpeg"}],"author":"Cl\u00e9ment V\u00e9rit\u00e9","twitter_card":"summary_large_image","twitter_image":"https:\/\/www.newsendip.com\/wp-content\/uploads\/2022\/02\/portugal-agueda-progressive.jpeg","twitter_creator":"@https:\/\/twitter.com\/cverite","twitter_site":"@newsendip","twitter_misc":{"\u00c9crit par":"Cl\u00e9ment V\u00e9rit\u00e9","Dur\u00e9e de lecture estim\u00e9e":"3 minutes"},"schema":{"@context":"https:\/\/schema.org","@graph":[{"@type":"NewsArticle","@id":"https:\/\/www.newsendip.com\/fr\/91-pourcent-du-portugal-sous-un-secheresse-severe-ou-extreme\/#article","isPartOf":{"@id":"https:\/\/www.newsendip.com\/fr\/91-pourcent-du-portugal-sous-un-secheresse-severe-ou-extreme\/"},"author":{"name":"Cl\u00e9ment V\u00e9rit\u00e9","@id":"https:\/\/www.newsendip.com\/fr\/#\/schema\/person\/ea22c01755f464a3cbc2c619584d6363"},"headline":"91\u202f% du Portugal sous un s\u00e9cheresse s\u00e9v\u00e8re ou extr\u00eame","datePublished":"2022-02-22T12:00:03+00:00","dateModified":"2024-07-16T19:20:56+00:00","mainEntityOfPage":{"@id":"https:\/\/www.newsendip.com\/fr\/91-pourcent-du-portugal-sous-un-secheresse-severe-ou-extreme\/"},"wordCount":551,"publisher":{"@id":"https:\/\/www.newsendip.com\/fr\/#organization"},"image":{"@id":"https:\/\/www.newsendip.com\/fr\/91-pourcent-du-portugal-sous-un-secheresse-severe-ou-extreme\/#primaryimage"},"thumbnailUrl":"https:\/\/www.newsendip.com\/wp-content\/uploads\/2022\/02\/portugal-agueda.webp","keywords":["Portugal","Vieux"],"articleSection":["Environnement"],"inLanguage":"fr-FR","copyrightYear":"2022","copyrightHolder":{"@id":"https:\/\/www.newsendip.com\/#organization"}},{"@type":"WebPage","@id":"https:\/\/www.newsendip.com\/fr\/91-pourcent-du-portugal-sous-un-secheresse-severe-ou-extreme\/","url":"https:\/\/www.newsendip.com\/fr\/91-pourcent-du-portugal-sous-un-secheresse-severe-ou-extreme\/","name":"91 % du Portugal sous un s\u00e9cheresse s\u00e9v\u00e8re ou extr\u00eame","isPartOf":{"@id":"https:\/\/www.newsendip.com\/fr\/#website"},"primaryImageOfPage":{"@id":"https:\/\/www.newsendip.com\/fr\/91-pourcent-du-portugal-sous-un-secheresse-severe-ou-extreme\/#primaryimage"},"image":{"@id":"https:\/\/www.newsendip.com\/fr\/91-pourcent-du-portugal-sous-un-secheresse-severe-ou-extreme\/#primaryimage"},"thumbnailUrl":"https:\/\/www.newsendip.com\/wp-content\/uploads\/2022\/02\/portugal-agueda.webp","datePublished":"2022-02-22T12:00:03+00:00","dateModified":"2024-07-16T19:20:56+00:00","description":"La quasi-totalit\u00e9 du territoire portugais sera bient\u00f4t soumise \u00e0 une s\u00e9cheresse s\u00e9v\u00e8re ou extr\u00eame d'ici la fin f\u00e9vrier selon les pr\u00e9visions m\u00e9t\u00e9orologiques.","breadcrumb":{"@id":"https:\/\/www.newsendip.com\/fr\/91-pourcent-du-portugal-sous-un-secheresse-severe-ou-extreme\/#breadcrumb"},"inLanguage":"fr-FR","potentialAction":[{"@type":"ReadAction","target":["https:\/\/www.newsendip.com\/fr\/91-pourcent-du-portugal-sous-un-secheresse-severe-ou-extreme\/"]}]},{"@type":"ImageObject","inLanguage":"fr-FR","@id":"https:\/\/www.newsendip.com\/fr\/91-pourcent-du-portugal-sous-un-secheresse-severe-ou-extreme\/#primaryimage","url":"https:\/\/www.newsendip.com\/wp-content\/uploads\/2022\/02\/portugal-agueda.webp","contentUrl":"https:\/\/www.newsendip.com\/wp-content\/uploads\/2022\/02\/portugal-agueda.webp","width":1920,"height":1364,"caption":"Parapluies sous le ciel bleu dans une rue d'Agueda, au Portugal | Ricardo Resende, 2018"},{"@type":"BreadcrumbList","@id":"https:\/\/www.newsendip.com\/fr\/91-pourcent-du-portugal-sous-un-secheresse-severe-ou-extreme\/#breadcrumb","itemListElement":[{"@type":"ListItem","position":1,"name":"Accueil","item":"https:\/\/www.newsendip.com\/fr\/"},{"@type":"ListItem","position":2,"name":"91 % du Portugal sous un s\u00e9cheresse s\u00e9v\u00e8re ou extr\u00eame"}]},{"@type":"WebSite","@id":"https:\/\/www.newsendip.com\/fr\/#website","url":"https:\/\/www.newsendip.com\/fr\/","name":"Newsendip","description":"Red\u00e9couvrez l&#039;actualit\u00e9 internationale","publisher":{"@id":"https:\/\/www.newsendip.com\/fr\/#organization"},"potentialAction":[{"@type":"SearchAction","target":{"@type":"EntryPoint","urlTemplate":"https:\/\/www.newsendip.com\/fr\/?s={search_term_string}"},"query-input":{"@type":"PropertyValueSpecification","valueRequired":true,"valueName":"search_term_string"}}],"inLanguage":"fr-FR"},{"@type":"Organization","@id":"https:\/\/www.newsendip.com\/fr\/#organization","name":"Newsendip","url":"https:\/\/www.newsendip.com\/fr\/","logo":{"@type":"ImageObject","inLanguage":"fr-FR","@id":"https:\/\/www.newsendip.com\/fr\/#\/schema\/logo\/image\/","url":"https:\/\/www.newsendip.com\/wp-content\/uploads\/2023\/12\/512x512.svg","contentUrl":"https:\/\/www.newsendip.com\/wp-content\/uploads\/2023\/12\/512x512.svg","width":1,"height":1,"caption":"Newsendip"},"image":{"@id":"https:\/\/www.newsendip.com\/fr\/#\/schema\/logo\/image\/"},"sameAs":["https:\/\/www.facebook.com\/newsendip","https:\/\/x.com\/newsendip","https:\/\/mastodon.social\/@newsendip","https:\/\/www.linkedin.com\/company\/newsendip"],"description":"Newsendip est un site qui a pour mission de rendre l'actualit\u00e9 internationale accessible et diversifi\u00e9e","email":"contact@newsendip.com","legalName":"Newsendip SAS","foundingDate":"2022-11-04","vatID":"FR60921124723","numberOfEmployees":{"@type":"QuantitativeValue","minValue":"1","maxValue":"10"},"publishingPrinciples":"https:\/\/www.newsendip.com\/about-us\/","ownershipFundingInfo":"https:\/\/www.newsendip.com\/legal-notice\/","actionableFeedbackPolicy":"https:\/\/www.newsendip.com\/about-us\/","correctionsPolicy":"https:\/\/www.newsendip.com\/about-us\/","ethicsPolicy":"https:\/\/www.newsendip.com\/about-us\/","diversityPolicy":"https:\/\/www.newsendip.com\/about-us\/"},{"@type":"Person","@id":"https:\/\/www.newsendip.com\/fr\/#\/schema\/person\/ea22c01755f464a3cbc2c619584d6363","name":"Cl\u00e9ment V\u00e9rit\u00e9","description":"Cl\u00e9ment is the executive editor and founder of Newsendip. He started in the media industry as a freelance reporter at 16 for a local French newspaper after school and has never left it. He later worked for seven years at The New York Times, notably as a data analyst. He holds a Master of Management in France and a Master of Arts in the United Kingdom in International Marketing &amp; Communications Strategy. He has lived in France, the United Kingdom, and Italy.","sameAs":["https:\/\/www.newsendip.com\/","https:\/\/www.linkedin.com\/in\/clementverite\/","https:\/\/x.com\/https:\/\/twitter.com\/cverite"],"knowsAbout":["News","International","Business","Media monitoring"],"knowsLanguage":["English","French","Italian","Spanish"],"url":"https:\/\/www.newsendip.com\/fr\/author\/clement-verite\/"}]}},"_links":{"self":[{"href":"https:\/\/www.newsendip.com\/fr\/wp-json\/wp\/v2\/posts\/18345","targetHints":{"allow":["GET"]}}],"collection":[{"href":"https:\/\/www.newsendip.com\/fr\/wp-json\/wp\/v2\/posts"}],"about":[{"href":"https:\/\/www.newsendip.com\/fr\/wp-json\/wp\/v2\/types\/post"}],"author":[{"embeddable":true,"href":"https:\/\/www.newsendip.com\/fr\/wp-json\/wp\/v2\/users\/1"}],"replies":[{"embeddable":true,"href":"https:\/\/www.newsendip.com\/fr\/wp-json\/wp\/v2\/comments?post=18345"}],"version-history":[{"count":0,"href":"https:\/\/www.newsendip.com\/fr\/wp-json\/wp\/v2\/posts\/18345\/revisions"}],"wp:featuredmedia":[{"embeddable":true,"href":"https:\/\/www.newsendip.com\/fr\/wp-json\/wp\/v2\/media\/14100"}],"wp:attachment":[{"href":"https:\/\/www.newsendip.com\/fr\/wp-json\/wp\/v2\/media?parent=18345"}],"wp:term":[{"taxonomy":"category","embeddable":true,"href":"https:\/\/www.newsendip.com\/fr\/wp-json\/wp\/v2\/categories?post=18345"},{"taxonomy":"post_tag","embeddable":true,"href":"https:\/\/www.newsendip.com\/fr\/wp-json\/wp\/v2\/tags?post=18345"}],"curies":[{"name":"wp","href":"https:\/\/api.w.org\/{rel}","templated":true}]}}