{"id":18350,"date":"2022-01-17T13:13:39","date_gmt":"2022-01-17T12:13:39","guid":{"rendered":"https:\/\/www.newsendip.com\/?p=18350"},"modified":"2022-11-08T23:14:59","modified_gmt":"2022-11-08T22:14:59","slug":"une-amende-de-125-million-deuros-pour-la-ville-de-lisbonne-pour-le-transfert-de-donnees-personnelles-a-des-ambassades-etrangeres","status":"publish","type":"post","link":"https:\/\/www.newsendip.com\/fr\/une-amende-de-125-million-deuros-pour-la-ville-de-lisbonne-pour-le-transfert-de-donnees-personnelles-a-des-ambassades-etrangeres\/","title":{"rendered":"Une amende de 1,25 million d\u2019euros pour la ville de Lisbonne pour le transfert de donn\u00e9es personnelles \u00e0 des ambassades \u00e9trang\u00e8res"},"content":{"rendered":"<p><strong>Lisbonne a re\u00e7u une amende pour avoir enfreint le r\u00e8glement g\u00e9n\u00e9ral de l\u2019UE sur la protection des donn\u00e9es. Elle a partag\u00e9 des donn\u00e9es personnelles de manifestants avec des ambassades \u00e9trang\u00e8res vis\u00e9es par les protestations. L\u2019amende repr\u00e9sente 0,1\u202f% du budget annuel de la&nbsp;ville.<br>\n<\/strong><\/p>\n<figure id=\"attachment_13922\" aria-describedby=\"caption-attachment-13922\" style=\"width: 1024px\" class=\"wp-caption aligncenter\"><img decoding=\"async\" class=\"size-large wp-image-13922\" src=\"https:\/\/www.newsendip.com\/wp-content\/uploads\/2022\/01\/Lisbon-mayor-media-GDPR-data-breach-protesters-1024x682.webp\" alt=\"Fernando Medina c\u00e9l\u00e9brant sa victoire lors de sa r\u00e9\u00e9lection \u00e0 Lisbonne\" width=\"1024\" height=\"682\" srcset=\"https:\/\/www.newsendip.com\/wp-content\/uploads\/2022\/01\/Lisbon-mayor-media-GDPR-data-breach-protesters-1024x682.webp 1024w, https:\/\/www.newsendip.com\/wp-content\/uploads\/2022\/01\/Lisbon-mayor-media-GDPR-data-breach-protesters-60x40.webp 60w, https:\/\/www.newsendip.com\/wp-content\/uploads\/2022\/01\/Lisbon-mayor-media-GDPR-data-breach-protesters-720x480.webp 720w, https:\/\/www.newsendip.com\/wp-content\/uploads\/2022\/01\/Lisbon-mayor-media-GDPR-data-breach-protesters-300x200.webp 300w, https:\/\/www.newsendip.com\/wp-content\/uploads\/2022\/01\/Lisbon-mayor-media-GDPR-data-breach-protesters-768x512.webp 768w, https:\/\/www.newsendip.com\/wp-content\/uploads\/2022\/01\/Lisbon-mayor-media-GDPR-data-breach-protesters.webp 1414w\" sizes=\"(max-width: 1024px) 100vw, 1024px\"><figcaption id=\"caption-attachment-13922\" class=\"wp-caption-text\">Lisbonne est condamn\u00e9e \u00e0 une amende de 1,25 million d\u2019euros pour avoir viol\u00e9 le r\u00e8glement europ\u00e9en sur la protection des donn\u00e9es pendant le mandat de Fernando Medina | Fernando Medina c\u00e9l\u00e9brant sa victoire lors de sa r\u00e9\u00e9lection \u00e0 Lisbonne \u00a9 Pedro Nunes via Reuters, octobre 2017.<\/figcaption><\/figure>\n<p>L\u2019<a href=\"#post-bottom-source\">autorit\u00e9 portugaise de protection des donn\u00e9es<\/a> a sanctionn\u00e9 la mairie de Lisbonne d\u2019une amende de 1,25 million d\u2019euros le 14 janvier.<\/p>\n<p>Lisbonne a partag\u00e9 des <strong>donn\u00e9es personnelles d\u2019organisateurs de manifestations avec des ambassades de pays cibl\u00e9s par ces manifestations<\/strong>.<\/p>\n<p>L\u2019affaire fut r\u00e9v\u00e9l\u00e9e au grand public en juin 2021, lorsque Ksenia Ashrafullina a d\u00e9clar\u00e9 avoir re\u00e7u un email montrant que la mairie avait partag\u00e9 des donn\u00e9es sur elle et sur d\u2019autres organisateurs avec l\u2019ambassade de Russie.<\/p>\n<p>Ksenia Ashrafullina est une femme russo-portugaise qui a organis\u00e9 une manifestation \u00e0 Lisbonne en soutien \u00e0 Alexei Navalny, un homme politique russe critique du Kremlin emprisonn\u00e9 et empoisonn\u00e9 en&nbsp;2020.<\/p>\n<p>Les donn\u00e9es personnelles des organisateurs ont \u00e9t\u00e9 envoy\u00e9es aux ambassades lorsque les manifestations ont cibl\u00e9 leur pays. Cuba, l\u2019Angola, le Venezuela, Isra\u00ebl ou les bureaux de repr\u00e9sentation de la <a href=\"https:\/\/www.newsendip.com\/fr\/etiquette\/russie\/\">Russie<\/a> ont re\u00e7u ce type de donn\u00e9es.<\/p>\n<p>Une enqu\u00eate interne a montr\u00e9 que <strong>Lisbonne partageait des donn\u00e9es aux ambassades \u00e9trang\u00e8res depuis 2012<\/strong>. Les organisateurs de 180 manifestations ont vu leurs donn\u00e9es personnelles partag\u00e9es avec des pays \u00e9trangers.<\/p>\n<p>En 2011, la responsabilit\u00e9 de la gestion des manifestations a \u00e9t\u00e9 transf\u00e9r\u00e9e du gouvernement aux municipalit\u00e9s.<\/p>\n<h2>Lisbonne a partag\u00e9 des donn\u00e9es personnelles et a enfreint les dispositions du&nbsp;RGPD<\/h2>\n<p><!--more--><\/p>\n<p>\u00c0 cette \u00e9poque, Lisbonne \u00e9tait gouvern\u00e9e par des maires du Parti socialiste. Ant\u00f3nio Costa fut maire de Lisbonne entre 2007 et 2015 avant de former une coalition qui l\u2019a conduit \u00e0 devenir Premier ministre, r\u00f4le qu\u2019il occupe toujours \u00e0 ce jour. Fernando Medina, du Parti socialiste, a succ\u00e9d\u00e9 \u00e0 Costa en 2015 et a \u00e9t\u00e9 r\u00e9\u00e9lu en&nbsp;2017.<\/p>\n<p>M. Medina a ensuite conc\u00e9d\u00e9 sa d\u00e9faite aux \u00e9lections locales remport\u00e9es par le candidat de centre-droit Carlos Moedas en septembre 2021.<\/p>\n<p>Avec le r\u00e8glement g\u00e9n\u00e9ral sur la protection des donn\u00e9es, l\u2019Union europ\u00e9enne a interdit les transferts de donn\u00e9es depuis 2018. L\u2019amende correspond \u00e0 <strong>225 violations concernant diverses dispositions du RGPD<\/strong> sous l\u2019autorit\u00e9 de M. Medina, punissant ainsi uniquement les actions depuis l\u2019application du r\u00e8glement.<\/p>\n<p>Selon l\u2019autorit\u00e9 portugaise de protection des donn\u00e9es, <strong>entre 2018 et 2021<\/strong> <strong>la mairie a partag\u00e9 des informations personnelles li\u00e9es \u00e0 52 manifestations avec des ambassades et d\u2019autres entit\u00e9s<\/strong>.<\/p>\n<h2>Une amende repr\u00e9sentant 0,1\u202f% du budget annuel de Lisbonne<\/h2>\n<p>Dans un communiqu\u00e9, l\u2019actuel maire de Lisbonne a d\u00e9clar\u00e9 que cette amende \u00e9tait un \u00ab\u202f<em>lourd h\u00e9ritage [\u2026] laiss\u00e9 aux habitants de Lisbonne<\/em>\u202f\u00bb et un d\u00e9fi pour le budget, ciblant le fonctionnement de ses pr\u00e9d\u00e9cesseurs.<\/p>\n<p>Le budget propos\u00e9 par Lisbonne pour 2021\u20132022 est de 1,16 milliard d\u2019euros, avec un d\u00e9ficit de 346 millions d\u2019euros. L\u2019amende repr\u00e9sente 0,1\u202f% des d\u00e9penses annuelles de Lisbonne.<\/p>\n<p>Mme Ashrafullina a d\u00e9clar\u00e9 \u00e0 Reuters qu\u2019elle \u00e9tait satisfaite de la d\u00e9cision&nbsp;: \u00ab\u202f<em>Nous l\u2019attendions, et elle est enfin arriv\u00e9e<\/em>\u202f\u00bb. N\u00e9anmoins, elle craint toujours les cons\u00e9quences d\u2019un tel partage de donn\u00e9es si elle devait un jour retourner en Russie.<\/p>\n<p><strong><a href=\"https:\/\/www.newsendip.com\/fr\/etiquette\/portugal\/\">D\u00e9couvrez plus d\u2019actualit\u00e9s du Portugal<\/a><\/strong><\/p>\n","protected":false},"excerpt":{"rendered":"<p>Lisbonne a re\u00e7u une amende pour avoir partag\u00e9 des donn\u00e9es personnelles de manifestants avec des ambassades \u00e9trang\u00e8res vis\u00e9es par les protestations.<\/p>\n","protected":false},"author":2,"featured_media":13922,"comment_status":"closed","ping_status":"closed","sticky":false,"template":"","format":"standard","meta":{"wp_typography_post_enhancements_disabled":false,"footnotes":""},"categories":[416],"tags":[411,453],"class_list":["post-18350","post","type-post","status-publish","format-standard","has-post-thumbnail","hentry","category-politique","tag-actuel","tag-portugal"],"yoast_head":"<!-- This site is optimized with the Yoast SEO Premium plugin v27.4 (Yoast SEO v27.4) - https:\/\/yoast.com\/product\/yoast-seo-premium-wordpress\/ -->\n<title>Une amende de 1,25 million d&#039;euros pour la ville de Lisbonne pour le transfert de donn\u00e9es personnelles \u00e0 des ambassades \u00e9trang\u00e8res<\/title>\n<meta name=\"description\" content=\"Lisbonne a re\u00e7u une amende pour avoir partag\u00e9 des donn\u00e9es personnelles de manifestants avec des ambassades \u00e9trang\u00e8res vis\u00e9es par les protestations.\" \/>\n<meta name=\"robots\" content=\"index, follow, max-snippet:-1, max-image-preview:large, max-video-preview:-1\" \/>\n<link rel=\"canonical\" href=\"https:\/\/www.newsendip.com\/fr\/une-amende-de-125-million-deuros-pour-la-ville-de-lisbonne-pour-le-transfert-de-donnees-personnelles-a-des-ambassades-etrangeres\/\" \/>\n<meta property=\"og:locale\" content=\"fr_FR\" \/>\n<meta property=\"og:type\" content=\"article\" \/>\n<meta property=\"og:title\" content=\"Une amende de 1,25 million d&#039;euros pour la ville de Lisbonne pour le transfert de donn\u00e9es personnelles \u00e0 des ambassades \u00e9trang\u00e8res\" \/>\n<meta property=\"og:description\" content=\"Lisbonne a re\u00e7u une amende pour avoir partag\u00e9 des donn\u00e9es personnelles de manifestants avec des ambassades \u00e9trang\u00e8res vis\u00e9es par les protestations.\" \/>\n<meta property=\"og:url\" content=\"https:\/\/www.newsendip.com\/fr\/une-amende-de-125-million-deuros-pour-la-ville-de-lisbonne-pour-le-transfert-de-donnees-personnelles-a-des-ambassades-etrangeres\/\" \/>\n<meta property=\"og:site_name\" content=\"Newsendip\" \/>\n<meta property=\"article:publisher\" content=\"https:\/\/www.facebook.com\/newsendip\" \/>\n<meta property=\"article:published_time\" content=\"2022-01-17T12:13:39+00:00\" \/>\n<meta property=\"article:modified_time\" content=\"2022-11-08T22:14:59+00:00\" \/>\n<meta property=\"og:image\" content=\"https:\/\/www.newsendip.com\/wp-content\/uploads\/2022\/01\/Lisbon-mayor-media-GDPR-data-breach-protesters-progressive.jpeg\" \/>\n\t<meta property=\"og:image:width\" content=\"1414\" \/>\n\t<meta property=\"og:image:height\" content=\"942\" \/>\n\t<meta property=\"og:image:type\" content=\"image\/jpeg\" \/>\n<meta name=\"author\" content=\"Newsendip with Reuters\" \/>\n<meta name=\"twitter:card\" content=\"summary_large_image\" \/>\n<meta name=\"twitter:image\" content=\"https:\/\/www.newsendip.com\/wp-content\/uploads\/2022\/01\/Lisbon-mayor-media-GDPR-data-breach-protesters-progressive.jpeg\" \/>\n<meta name=\"twitter:creator\" content=\"@newsendip\" \/>\n<meta name=\"twitter:site\" content=\"@newsendip\" \/>\n<meta name=\"twitter:label1\" content=\"\u00c9crit par\" \/>\n\t<meta name=\"twitter:data1\" content=\"Newsendip avec Reuters\" \/>\n\t<meta name=\"twitter:label2\" content=\"Dur\u00e9e de lecture estim\u00e9e\" \/>\n\t<meta name=\"twitter:data2\" content=\"3 minutes\" \/>\n<!-- \/ Yoast SEO Premium plugin. -->","yoast_head_json":{"title":"Une amende de 1,25 million d'euros pour la ville de Lisbonne pour le transfert de donn\u00e9es personnelles \u00e0 des ambassades \u00e9trang\u00e8res","description":"Lisbonne a re\u00e7u une amende pour avoir partag\u00e9 des donn\u00e9es personnelles de manifestants avec des ambassades \u00e9trang\u00e8res vis\u00e9es par les protestations.","robots":{"index":"index","follow":"follow","max-snippet":"max-snippet:-1","max-image-preview":"max-image-preview:large","max-video-preview":"max-video-preview:-1"},"canonical":"https:\/\/www.newsendip.com\/fr\/une-amende-de-125-million-deuros-pour-la-ville-de-lisbonne-pour-le-transfert-de-donnees-personnelles-a-des-ambassades-etrangeres\/","og_locale":"fr_FR","og_type":"article","og_title":"Une amende de 1,25 million d'euros pour la ville de Lisbonne pour le transfert de donn\u00e9es personnelles \u00e0 des ambassades \u00e9trang\u00e8res","og_description":"Lisbonne a re\u00e7u une amende pour avoir partag\u00e9 des donn\u00e9es personnelles de manifestants avec des ambassades \u00e9trang\u00e8res vis\u00e9es par les protestations.","og_url":"https:\/\/www.newsendip.com\/fr\/une-amende-de-125-million-deuros-pour-la-ville-de-lisbonne-pour-le-transfert-de-donnees-personnelles-a-des-ambassades-etrangeres\/","og_site_name":"Newsendip","article_publisher":"https:\/\/www.facebook.com\/newsendip","article_published_time":"2022-01-17T12:13:39+00:00","article_modified_time":"2022-11-08T22:14:59+00:00","og_image":[{"width":1414,"height":942,"url":"https:\/\/www.newsendip.com\/wp-content\/uploads\/2022\/01\/Lisbon-mayor-media-GDPR-data-breach-protesters-progressive.jpeg","type":"image\/jpeg"}],"author":"Newsendip with Reuters","twitter_card":"summary_large_image","twitter_image":"https:\/\/www.newsendip.com\/wp-content\/uploads\/2022\/01\/Lisbon-mayor-media-GDPR-data-breach-protesters-progressive.jpeg","twitter_creator":"@newsendip","twitter_site":"@newsendip","twitter_misc":{"\u00c9crit par":"Newsendip avec Reuters","Dur\u00e9e de lecture estim\u00e9e":"3 minutes"},"schema":{"@context":"https:\/\/schema.org","@graph":[{"@type":"NewsArticle","@id":"https:\/\/www.newsendip.com\/fr\/une-amende-de-125-million-deuros-pour-la-ville-de-lisbonne-pour-le-transfert-de-donnees-personnelles-a-des-ambassades-etrangeres\/#article","isPartOf":{"@id":"https:\/\/www.newsendip.com\/fr\/une-amende-de-125-million-deuros-pour-la-ville-de-lisbonne-pour-le-transfert-de-donnees-personnelles-a-des-ambassades-etrangeres\/"},"author":{"name":"Newsendip with Reuters","@id":"https:\/\/www.newsendip.com\/fr\/#\/schema\/person\/182bec5d3cd42e6d99fd38038be46ccb"},"headline":"Une amende de 1,25 million d\u2019euros pour la ville de Lisbonne pour le transfert de donn\u00e9es personnelles \u00e0 des ambassades \u00e9trang\u00e8res","datePublished":"2022-01-17T12:13:39+00:00","dateModified":"2022-11-08T22:14:59+00:00","mainEntityOfPage":{"@id":"https:\/\/www.newsendip.com\/fr\/une-amende-de-125-million-deuros-pour-la-ville-de-lisbonne-pour-le-transfert-de-donnees-personnelles-a-des-ambassades-etrangeres\/"},"wordCount":645,"publisher":{"@id":"https:\/\/www.newsendip.com\/fr\/#organization"},"image":{"@id":"https:\/\/www.newsendip.com\/fr\/une-amende-de-125-million-deuros-pour-la-ville-de-lisbonne-pour-le-transfert-de-donnees-personnelles-a-des-ambassades-etrangeres\/#primaryimage"},"thumbnailUrl":"https:\/\/www.newsendip.com\/wp-content\/uploads\/2022\/01\/Lisbon-mayor-media-GDPR-data-breach-protesters.webp","keywords":["Actuel","Portugal"],"articleSection":["Politique"],"inLanguage":"fr-FR","copyrightYear":"2022","copyrightHolder":{"@id":"https:\/\/www.newsendip.com\/#organization"}},{"@type":"WebPage","@id":"https:\/\/www.newsendip.com\/fr\/une-amende-de-125-million-deuros-pour-la-ville-de-lisbonne-pour-le-transfert-de-donnees-personnelles-a-des-ambassades-etrangeres\/","url":"https:\/\/www.newsendip.com\/fr\/une-amende-de-125-million-deuros-pour-la-ville-de-lisbonne-pour-le-transfert-de-donnees-personnelles-a-des-ambassades-etrangeres\/","name":"Une amende de 1,25 million d'euros pour la ville de Lisbonne pour le transfert de donn\u00e9es personnelles \u00e0 des ambassades \u00e9trang\u00e8res","isPartOf":{"@id":"https:\/\/www.newsendip.com\/fr\/#website"},"primaryImageOfPage":{"@id":"https:\/\/www.newsendip.com\/fr\/une-amende-de-125-million-deuros-pour-la-ville-de-lisbonne-pour-le-transfert-de-donnees-personnelles-a-des-ambassades-etrangeres\/#primaryimage"},"image":{"@id":"https:\/\/www.newsendip.com\/fr\/une-amende-de-125-million-deuros-pour-la-ville-de-lisbonne-pour-le-transfert-de-donnees-personnelles-a-des-ambassades-etrangeres\/#primaryimage"},"thumbnailUrl":"https:\/\/www.newsendip.com\/wp-content\/uploads\/2022\/01\/Lisbon-mayor-media-GDPR-data-breach-protesters.webp","datePublished":"2022-01-17T12:13:39+00:00","dateModified":"2022-11-08T22:14:59+00:00","description":"Lisbonne a re\u00e7u une amende pour avoir partag\u00e9 des donn\u00e9es personnelles de manifestants avec des ambassades \u00e9trang\u00e8res vis\u00e9es par les protestations.","breadcrumb":{"@id":"https:\/\/www.newsendip.com\/fr\/une-amende-de-125-million-deuros-pour-la-ville-de-lisbonne-pour-le-transfert-de-donnees-personnelles-a-des-ambassades-etrangeres\/#breadcrumb"},"inLanguage":"fr-FR","potentialAction":[{"@type":"ReadAction","target":["https:\/\/www.newsendip.com\/fr\/une-amende-de-125-million-deuros-pour-la-ville-de-lisbonne-pour-le-transfert-de-donnees-personnelles-a-des-ambassades-etrangeres\/"]}]},{"@type":"ImageObject","inLanguage":"fr-FR","@id":"https:\/\/www.newsendip.com\/fr\/une-amende-de-125-million-deuros-pour-la-ville-de-lisbonne-pour-le-transfert-de-donnees-personnelles-a-des-ambassades-etrangeres\/#primaryimage","url":"https:\/\/www.newsendip.com\/wp-content\/uploads\/2022\/01\/Lisbon-mayor-media-GDPR-data-breach-protesters.webp","contentUrl":"https:\/\/www.newsendip.com\/wp-content\/uploads\/2022\/01\/Lisbon-mayor-media-GDPR-data-breach-protesters.webp","width":1414,"height":942,"caption":"Lisbonne est condamn\u00e9e \u00e0 une amende de 1,25 million d'euros pour avoir viol\u00e9 le r\u00e8glement europ\u00e9en sur la protection des donn\u00e9es pendant le mandat de Fernando Medina | Fernando Medina c\u00e9l\u00e9brant sa victoire lors de sa r\u00e9\u00e9lection \u00e0 Lisbonne \u00a9 Pedro Nunes via Reuters, octobre 2017."},{"@type":"BreadcrumbList","@id":"https:\/\/www.newsendip.com\/fr\/une-amende-de-125-million-deuros-pour-la-ville-de-lisbonne-pour-le-transfert-de-donnees-personnelles-a-des-ambassades-etrangeres\/#breadcrumb","itemListElement":[{"@type":"ListItem","position":1,"name":"Accueil","item":"https:\/\/www.newsendip.com\/fr\/"},{"@type":"ListItem","position":2,"name":"Une amende de 1,25 million d\u2019euros pour la ville de Lisbonne pour le transfert de donn\u00e9es personnelles \u00e0 des ambassades \u00e9trang\u00e8res"}]},{"@type":"WebSite","@id":"https:\/\/www.newsendip.com\/fr\/#website","url":"https:\/\/www.newsendip.com\/fr\/","name":"Newsendip","description":"Red\u00e9couvrez l&#039;actualit\u00e9 internationale","publisher":{"@id":"https:\/\/www.newsendip.com\/fr\/#organization"},"potentialAction":[{"@type":"SearchAction","target":{"@type":"EntryPoint","urlTemplate":"https:\/\/www.newsendip.com\/fr\/?s={search_term_string}"},"query-input":{"@type":"PropertyValueSpecification","valueRequired":true,"valueName":"search_term_string"}}],"inLanguage":"fr-FR"},{"@type":"Organization","@id":"https:\/\/www.newsendip.com\/fr\/#organization","name":"Newsendip","url":"https:\/\/www.newsendip.com\/fr\/","logo":{"@type":"ImageObject","inLanguage":"fr-FR","@id":"https:\/\/www.newsendip.com\/fr\/#\/schema\/logo\/image\/","url":"https:\/\/www.newsendip.com\/wp-content\/uploads\/2023\/12\/512x512.svg","contentUrl":"https:\/\/www.newsendip.com\/wp-content\/uploads\/2023\/12\/512x512.svg","width":1,"height":1,"caption":"Newsendip"},"image":{"@id":"https:\/\/www.newsendip.com\/fr\/#\/schema\/logo\/image\/"},"sameAs":["https:\/\/www.facebook.com\/newsendip","https:\/\/x.com\/newsendip","https:\/\/mastodon.social\/@newsendip","https:\/\/www.linkedin.com\/company\/newsendip"],"description":"Newsendip est un site qui a pour mission de rendre l'actualit\u00e9 internationale accessible et diversifi\u00e9e","email":"contact@newsendip.com","legalName":"Newsendip SAS","foundingDate":"2022-11-04","vatID":"FR60921124723","numberOfEmployees":{"@type":"QuantitativeValue","minValue":"1","maxValue":"10"},"publishingPrinciples":"https:\/\/www.newsendip.com\/about-us\/","ownershipFundingInfo":"https:\/\/www.newsendip.com\/legal-notice\/","actionableFeedbackPolicy":"https:\/\/www.newsendip.com\/about-us\/","correctionsPolicy":"https:\/\/www.newsendip.com\/about-us\/","ethicsPolicy":"https:\/\/www.newsendip.com\/about-us\/","diversityPolicy":"https:\/\/www.newsendip.com\/about-us\/"},{"@type":"Person","@id":"https:\/\/www.newsendip.com\/fr\/#\/schema\/person\/182bec5d3cd42e6d99fd38038be46ccb","name":"Newsendip with Reuters","description":"Newsendip newsroom articles with the support of Reuters newswire","knowsAbout":["News"],"url":"https:\/\/www.newsendip.com\/fr\/author\/newsendip-reuters\/"}]}},"_links":{"self":[{"href":"https:\/\/www.newsendip.com\/fr\/wp-json\/wp\/v2\/posts\/18350","targetHints":{"allow":["GET"]}}],"collection":[{"href":"https:\/\/www.newsendip.com\/fr\/wp-json\/wp\/v2\/posts"}],"about":[{"href":"https:\/\/www.newsendip.com\/fr\/wp-json\/wp\/v2\/types\/post"}],"author":[{"embeddable":true,"href":"https:\/\/www.newsendip.com\/fr\/wp-json\/wp\/v2\/users\/2"}],"replies":[{"embeddable":true,"href":"https:\/\/www.newsendip.com\/fr\/wp-json\/wp\/v2\/comments?post=18350"}],"version-history":[{"count":0,"href":"https:\/\/www.newsendip.com\/fr\/wp-json\/wp\/v2\/posts\/18350\/revisions"}],"wp:featuredmedia":[{"embeddable":true,"href":"https:\/\/www.newsendip.com\/fr\/wp-json\/wp\/v2\/media\/13922"}],"wp:attachment":[{"href":"https:\/\/www.newsendip.com\/fr\/wp-json\/wp\/v2\/media?parent=18350"}],"wp:term":[{"taxonomy":"category","embeddable":true,"href":"https:\/\/www.newsendip.com\/fr\/wp-json\/wp\/v2\/categories?post=18350"},{"taxonomy":"post_tag","embeddable":true,"href":"https:\/\/www.newsendip.com\/fr\/wp-json\/wp\/v2\/tags?post=18350"}],"curies":[{"name":"wp","href":"https:\/\/api.w.org\/{rel}","templated":true}]}}