{"id":18358,"date":"2021-11-30T10:45:40","date_gmt":"2021-11-30T09:45:40","guid":{"rendered":"https:\/\/www.newsendip.com\/?p=18358"},"modified":"2024-07-23T17:12:17","modified_gmt":"2024-07-23T15:12:17","slug":"le-president-portugais-rejette-a-nouveau-la-loi-sur-leuthanasie-et-le-suicide-assiste","status":"publish","type":"post","link":"https:\/\/www.newsendip.com\/fr\/le-president-portugais-rejette-a-nouveau-la-loi-sur-leuthanasie-et-le-suicide-assiste\/","title":{"rendered":"Le pr\u00e9sident portugais rejette \u00e0 nouveau la loi sur l\u2019euthanasie et le suicide assist\u00e9"},"content":{"rendered":"<p><strong>Le pr\u00e9sident du Portugal demande au parlement de modifier \u00e0 nouveau la loi sur l\u2019euthanasie et le suicide assist\u00e9. Il ne sera pas approuv\u00e9 avant 2022 car il a dissous le parlement.<\/strong><\/p>\n<figure id=\"attachment_13794\" aria-describedby=\"caption-attachment-13794\" style=\"width: 1024px\" class=\"wp-caption aligncenter\"><img decoding=\"async\" class=\"size-large wp-image-13794\" src=\"https:\/\/www.newsendip.com\/wp-content\/uploads\/2021\/11\/portugal-president-law-euthanasia-assisted-suicide-dying-progressive-1024x537.jpeg\" alt=\"Marcelo Rebelo de Sousa, pr\u00e9sident du Portugal\" width=\"1024\" height=\"537\" srcset=\"https:\/\/www.newsendip.com\/wp-content\/uploads\/2021\/11\/portugal-president-law-euthanasia-assisted-suicide-dying-progressive-1024x537.jpeg 1024w, https:\/\/www.newsendip.com\/wp-content\/uploads\/2021\/11\/portugal-president-law-euthanasia-assisted-suicide-dying-progressive-60x31.jpeg 60w, https:\/\/www.newsendip.com\/wp-content\/uploads\/2021\/11\/portugal-president-law-euthanasia-assisted-suicide-dying-progressive-300x157.jpeg 300w, https:\/\/www.newsendip.com\/wp-content\/uploads\/2021\/11\/portugal-president-law-euthanasia-assisted-suicide-dying-progressive-768x403.jpeg 768w, https:\/\/www.newsendip.com\/wp-content\/uploads\/2021\/11\/portugal-president-law-euthanasia-assisted-suicide-dying-progressive.jpeg 1075w\" sizes=\"(max-width: 1024px) 100vw, 1024px\"><figcaption id=\"caption-attachment-13794\" class=\"wp-caption-text\">Marcelo Rebelo de Sousa, pr\u00e9sident du Portugal | \u00a9 Presid\u00eancia da Rep\u00fablica Portugesa<\/figcaption><\/figure>\n<p>Le 29 novembre, le pr\u00e9sident du Portugal Marcelo Rebelo de Sousa a choisi de ne <strong>pas promulguer le d\u00e9cret qui d\u00e9p\u00e9naliserait l\u2019euthanasie et le suicide assist\u00e9.<\/strong><\/p>\n<p>Le projet de loi est renvoy\u00e9 au parlement pour r\u00e9vision. Sauf que le parlement doit \u00eatre dissous.<\/p>\n<p>Dans une <a href=\"https:\/\/www.presidencia.pt\/atualidade\/toda-a-atualidade\/2021\/11\/presidente-da-republica-devolve-sem-promulgacao-decreto-da-assembleia-da-republica-sobre-morte-medicamente-assistida\/\">note envoy\u00e9e au pr\u00e9sident de l\u2019Assembl\u00e9e nationale<\/a>, le pr\u00e9sident Rebelo de Sousa demande que la <strong>loi soit plus pr\u00e9cise<\/strong> sur les conditions pour rendre la mort m\u00e9dicalement assist\u00e9e l\u00e9gale.<\/p>\n<p>Le texte de loi devrait \u00eatre clair sur le type de maladie pour lequel l\u2019euthanasie ou le suicide assist\u00e9 puisse \u00eatre autoris\u00e9. Le texte manque de coh\u00e9rence car il fait r\u00e9f\u00e9rence aux conditions d\u2019acc\u00e8s possibles tout en <strong>utilisant diff\u00e9rents termes portant des d\u00e9finitions diff\u00e9rentes<\/strong>.<\/p>\n<p>Le pr\u00e9sident a donc demand\u00e9 \u00ab\u202f<em>de clarifier si une \u201cmaladie mortelle\u201d est requise pour une mort m\u00e9dicalement assist\u00e9e et si une \u201cmaladie grave\u201d et une \u201cmaladie incurable\u201d sont des conditions alternatives ou cumulatives<\/em>\u202f\u00bb.<\/p>\n<h2>Droit \u00e0 la vie ou \u00e0 l\u2019autod\u00e9termination<\/h2>\n<p>Il a \u00e9galement appel\u00e9 \u00e0 \u00ab\u202f<em>prendre en compte le droit \u00e0 la vie d\u2019une part, et la libert\u00e9 d\u2019autod\u00e9termination<\/em>\u202f\u00bb d\u2019autre part pour ajuster le&nbsp;texte.<!--more--><\/p>\n<p>En effet, certains pays exigent que la personne soit en phase terminale pour une mort m\u00e9dicalement assist\u00e9e alors que cela n\u2019est pas requis dans d\u2019autres (lorsque le patient souffre \u00e9norm\u00e9ment d\u2019une maladie incurable par exemple).<\/p>\n<p>Le pr\u00e9sident avait <a href=\"https:\/\/www.newsendip.com\/fr\/?p=36679\">d\u00e9j\u00e0 oppos\u00e9 son veto \u00e0 une premi\u00e8re version de la loi en 202<\/a>1. En avril, la Cour constitutionnelle, saisie par le pr\u00e9sident, avait examin\u00e9 et d\u00e9clar\u00e9 le projet de loi inconstitutionnel en raison d\u2019une \u00ab\u202f<em>densit\u00e9 normative insuffisante<\/em>\u202f\u00bb.<\/p>\n<p>L\u2019Assembl\u00e9e de la R\u00e9publique, le parlement portugais, avait alors vot\u00e9 et approuv\u00e9 une nouvelle version de la loi d\u00e9but novembre. Mais le m\u00eame jour, le pr\u00e9sident a d\u00e9cid\u00e9 de <strong>dissoudre l\u2019Assembl\u00e9e parce qu\u2019elle ne parvenait pas \u00e0 se mettre d\u2019accord sur le budget pour 2022<\/strong>.<\/p>\n<p>De nouvelles \u00e9lections sont pr\u00e9vues en janvier 2022.<\/p>\n<p>Le pr\u00e9sident a renvoy\u00e9 la loi trois jours seulement apr\u00e8s avoir re\u00e7u le projet de loi sur sa table car il consid\u00e8re que \u00ab\u202f<em>ce serait constitutionnel, mais un signe d\u2019irrespect, d\u2019utiliser les d\u00e9lais \u00e9tablis par la Constitution et de d\u00e9cider apr\u00e8s la dissolution de l\u2019Assembl\u00e9e de la R\u00e9publique<\/em>\u202f\u00bb.<\/p>\n<p>N\u00e9anmoins, comme le Parlement a cess\u00e9 de travailler vendredi pour \u00eatre officiellement dissous dans les prochains jours, le projet de loi ne sera discut\u00e9 et vot\u00e9 qu\u2019apr\u00e8s les \u00e9lections l\u00e9gislatives pr\u00e9vues le 30 janvier 2022.<\/p>\n<p><a href=\"https:\/\/www.newsendip.com\/fr\/etiquette\/portugal\/\"><strong>D\u00e9couvrez plus d\u2019actualit\u00e9s du Portugal<\/strong><\/a><\/p>\n","protected":false},"excerpt":{"rendered":"<p>Le pr\u00e9sident du Portugal demande au parlement de modifier \u00e0 nouveau la loi sur l\u2019euthanasie et le suicide assist\u00e9<\/p>\n","protected":false},"author":1,"featured_media":13794,"comment_status":"closed","ping_status":"closed","sticky":false,"template":"","format":"standard","meta":{"wp_typography_post_enhancements_disabled":false,"footnotes":""},"categories":[412],"tags":[453,421],"class_list":["post-18358","post","type-post","status-publish","format-standard","has-post-thumbnail","hentry","category-sciences-et-sante","tag-portugal","tag-vieux"],"yoast_head":"<!-- This site is optimized with the Yoast SEO Premium plugin v27.4 (Yoast SEO v27.4) - https:\/\/yoast.com\/product\/yoast-seo-premium-wordpress\/ -->\n<title>Le pr\u00e9sident portugais rejette \u00e0 nouveau la loi sur l&#039;euthanasie et le suicide assist\u00e9<\/title>\n<meta name=\"description\" content=\"Le pr\u00e9sident du Portugal demande au parlement de modifier \u00e0 nouveau la loi sur l&#039;euthanasie et le suicide assist\u00e9\" \/>\n<meta name=\"robots\" content=\"index, follow, max-snippet:-1, max-image-preview:large, max-video-preview:-1\" \/>\n<link rel=\"canonical\" href=\"https:\/\/www.newsendip.com\/fr\/le-president-portugais-rejette-a-nouveau-la-loi-sur-leuthanasie-et-le-suicide-assiste\/\" \/>\n<meta property=\"og:locale\" content=\"fr_FR\" \/>\n<meta property=\"og:type\" content=\"article\" \/>\n<meta property=\"og:title\" content=\"Le pr\u00e9sident portugais rejette \u00e0 nouveau la loi sur l&#039;euthanasie et le suicide assist\u00e9\" \/>\n<meta property=\"og:description\" content=\"Le pr\u00e9sident du Portugal demande au parlement de modifier \u00e0 nouveau la loi sur l&#039;euthanasie et le suicide assist\u00e9\" \/>\n<meta property=\"og:url\" content=\"https:\/\/www.newsendip.com\/fr\/le-president-portugais-rejette-a-nouveau-la-loi-sur-leuthanasie-et-le-suicide-assiste\/\" \/>\n<meta property=\"og:site_name\" content=\"Newsendip\" \/>\n<meta property=\"article:publisher\" content=\"https:\/\/www.facebook.com\/newsendip\" \/>\n<meta property=\"article:published_time\" content=\"2021-11-30T09:45:40+00:00\" \/>\n<meta property=\"article:modified_time\" content=\"2024-07-23T15:12:17+00:00\" \/>\n<meta property=\"og:image\" content=\"https:\/\/www.newsendip.com\/wp-content\/uploads\/2021\/11\/portugal-president-law-euthanasia-assisted-suicide-dying-progressive.jpeg\" \/>\n\t<meta property=\"og:image:width\" content=\"1075\" \/>\n\t<meta property=\"og:image:height\" content=\"564\" \/>\n\t<meta property=\"og:image:type\" content=\"image\/jpeg\" \/>\n<meta name=\"author\" content=\"Cl\u00e9ment V\u00e9rit\u00e9\" \/>\n<meta name=\"twitter:card\" content=\"summary_large_image\" \/>\n<meta name=\"twitter:creator\" content=\"@https:\/\/twitter.com\/cverite\" \/>\n<meta name=\"twitter:site\" content=\"@newsendip\" \/>\n<meta name=\"twitter:label1\" content=\"\u00c9crit par\" \/>\n\t<meta name=\"twitter:data1\" content=\"Cl\u00e9ment V\u00e9rit\u00e9\" \/>\n\t<meta name=\"twitter:label2\" content=\"Dur\u00e9e de lecture estim\u00e9e\" \/>\n\t<meta name=\"twitter:data2\" content=\"3 minutes\" \/>\n<!-- \/ Yoast SEO Premium plugin. -->","yoast_head_json":{"title":"Le pr\u00e9sident portugais rejette \u00e0 nouveau la loi sur l'euthanasie et le suicide assist\u00e9","description":"Le pr\u00e9sident du Portugal demande au parlement de modifier \u00e0 nouveau la loi sur l'euthanasie et le suicide assist\u00e9","robots":{"index":"index","follow":"follow","max-snippet":"max-snippet:-1","max-image-preview":"max-image-preview:large","max-video-preview":"max-video-preview:-1"},"canonical":"https:\/\/www.newsendip.com\/fr\/le-president-portugais-rejette-a-nouveau-la-loi-sur-leuthanasie-et-le-suicide-assiste\/","og_locale":"fr_FR","og_type":"article","og_title":"Le pr\u00e9sident portugais rejette \u00e0 nouveau la loi sur l'euthanasie et le suicide assist\u00e9","og_description":"Le pr\u00e9sident du Portugal demande au parlement de modifier \u00e0 nouveau la loi sur l'euthanasie et le suicide assist\u00e9","og_url":"https:\/\/www.newsendip.com\/fr\/le-president-portugais-rejette-a-nouveau-la-loi-sur-leuthanasie-et-le-suicide-assiste\/","og_site_name":"Newsendip","article_publisher":"https:\/\/www.facebook.com\/newsendip","article_published_time":"2021-11-30T09:45:40+00:00","article_modified_time":"2024-07-23T15:12:17+00:00","og_image":[{"width":1075,"height":564,"url":"https:\/\/www.newsendip.com\/wp-content\/uploads\/2021\/11\/portugal-president-law-euthanasia-assisted-suicide-dying-progressive.jpeg","type":"image\/jpeg"}],"author":"Cl\u00e9ment V\u00e9rit\u00e9","twitter_card":"summary_large_image","twitter_creator":"@https:\/\/twitter.com\/cverite","twitter_site":"@newsendip","twitter_misc":{"\u00c9crit par":"Cl\u00e9ment V\u00e9rit\u00e9","Dur\u00e9e de lecture estim\u00e9e":"3 minutes"},"schema":{"@context":"https:\/\/schema.org","@graph":[{"@type":"NewsArticle","@id":"https:\/\/www.newsendip.com\/fr\/le-president-portugais-rejette-a-nouveau-la-loi-sur-leuthanasie-et-le-suicide-assiste\/#article","isPartOf":{"@id":"https:\/\/www.newsendip.com\/fr\/le-president-portugais-rejette-a-nouveau-la-loi-sur-leuthanasie-et-le-suicide-assiste\/"},"author":{"name":"Cl\u00e9ment V\u00e9rit\u00e9","@id":"https:\/\/www.newsendip.com\/fr\/#\/schema\/person\/ea22c01755f464a3cbc2c619584d6363"},"headline":"Le pr\u00e9sident portugais rejette \u00e0 nouveau la loi sur l\u2019euthanasie et le suicide assist\u00e9","datePublished":"2021-11-30T09:45:40+00:00","dateModified":"2024-07-23T15:12:17+00:00","mainEntityOfPage":{"@id":"https:\/\/www.newsendip.com\/fr\/le-president-portugais-rejette-a-nouveau-la-loi-sur-leuthanasie-et-le-suicide-assiste\/"},"wordCount":532,"publisher":{"@id":"https:\/\/www.newsendip.com\/fr\/#organization"},"image":{"@id":"https:\/\/www.newsendip.com\/fr\/le-president-portugais-rejette-a-nouveau-la-loi-sur-leuthanasie-et-le-suicide-assiste\/#primaryimage"},"thumbnailUrl":"https:\/\/www.newsendip.com\/wp-content\/uploads\/2021\/11\/portugal-president-law-euthanasia-assisted-suicide-dying-progressive.jpeg","keywords":["Portugal","Vieux"],"articleSection":["Sciences et sant\u00e9"],"inLanguage":"fr-FR","copyrightYear":"2021","copyrightHolder":{"@id":"https:\/\/www.newsendip.com\/#organization"}},{"@type":"WebPage","@id":"https:\/\/www.newsendip.com\/fr\/le-president-portugais-rejette-a-nouveau-la-loi-sur-leuthanasie-et-le-suicide-assiste\/","url":"https:\/\/www.newsendip.com\/fr\/le-president-portugais-rejette-a-nouveau-la-loi-sur-leuthanasie-et-le-suicide-assiste\/","name":"Le pr\u00e9sident portugais rejette \u00e0 nouveau la loi sur l'euthanasie et le suicide assist\u00e9","isPartOf":{"@id":"https:\/\/www.newsendip.com\/fr\/#website"},"primaryImageOfPage":{"@id":"https:\/\/www.newsendip.com\/fr\/le-president-portugais-rejette-a-nouveau-la-loi-sur-leuthanasie-et-le-suicide-assiste\/#primaryimage"},"image":{"@id":"https:\/\/www.newsendip.com\/fr\/le-president-portugais-rejette-a-nouveau-la-loi-sur-leuthanasie-et-le-suicide-assiste\/#primaryimage"},"thumbnailUrl":"https:\/\/www.newsendip.com\/wp-content\/uploads\/2021\/11\/portugal-president-law-euthanasia-assisted-suicide-dying-progressive.jpeg","datePublished":"2021-11-30T09:45:40+00:00","dateModified":"2024-07-23T15:12:17+00:00","description":"Le pr\u00e9sident du Portugal demande au parlement de modifier \u00e0 nouveau la loi sur l'euthanasie et le suicide assist\u00e9","breadcrumb":{"@id":"https:\/\/www.newsendip.com\/fr\/le-president-portugais-rejette-a-nouveau-la-loi-sur-leuthanasie-et-le-suicide-assiste\/#breadcrumb"},"inLanguage":"fr-FR","potentialAction":[{"@type":"ReadAction","target":["https:\/\/www.newsendip.com\/fr\/le-president-portugais-rejette-a-nouveau-la-loi-sur-leuthanasie-et-le-suicide-assiste\/"]}]},{"@type":"ImageObject","inLanguage":"fr-FR","@id":"https:\/\/www.newsendip.com\/fr\/le-president-portugais-rejette-a-nouveau-la-loi-sur-leuthanasie-et-le-suicide-assiste\/#primaryimage","url":"https:\/\/www.newsendip.com\/wp-content\/uploads\/2021\/11\/portugal-president-law-euthanasia-assisted-suicide-dying-progressive.jpeg","contentUrl":"https:\/\/www.newsendip.com\/wp-content\/uploads\/2021\/11\/portugal-president-law-euthanasia-assisted-suicide-dying-progressive.jpeg","width":1075,"height":564,"caption":"Marcelo Rebelo de Sousa, pr\u00e9sident du Portugal | \u00a9 Presid\u00eancia da Rep\u00fablica Portugesa"},{"@type":"BreadcrumbList","@id":"https:\/\/www.newsendip.com\/fr\/le-president-portugais-rejette-a-nouveau-la-loi-sur-leuthanasie-et-le-suicide-assiste\/#breadcrumb","itemListElement":[{"@type":"ListItem","position":1,"name":"Accueil","item":"https:\/\/www.newsendip.com\/fr\/"},{"@type":"ListItem","position":2,"name":"Le pr\u00e9sident portugais rejette \u00e0 nouveau la loi sur l&#8217;euthanasie et le suicide assist\u00e9"}]},{"@type":"WebSite","@id":"https:\/\/www.newsendip.com\/fr\/#website","url":"https:\/\/www.newsendip.com\/fr\/","name":"Newsendip","description":"Red\u00e9couvrez l&#039;actualit\u00e9 internationale","publisher":{"@id":"https:\/\/www.newsendip.com\/fr\/#organization"},"potentialAction":[{"@type":"SearchAction","target":{"@type":"EntryPoint","urlTemplate":"https:\/\/www.newsendip.com\/fr\/?s={search_term_string}"},"query-input":{"@type":"PropertyValueSpecification","valueRequired":true,"valueName":"search_term_string"}}],"inLanguage":"fr-FR"},{"@type":"Organization","@id":"https:\/\/www.newsendip.com\/fr\/#organization","name":"Newsendip","url":"https:\/\/www.newsendip.com\/fr\/","logo":{"@type":"ImageObject","inLanguage":"fr-FR","@id":"https:\/\/www.newsendip.com\/fr\/#\/schema\/logo\/image\/","url":"https:\/\/www.newsendip.com\/wp-content\/uploads\/2023\/12\/512x512.svg","contentUrl":"https:\/\/www.newsendip.com\/wp-content\/uploads\/2023\/12\/512x512.svg","width":1,"height":1,"caption":"Newsendip"},"image":{"@id":"https:\/\/www.newsendip.com\/fr\/#\/schema\/logo\/image\/"},"sameAs":["https:\/\/www.facebook.com\/newsendip","https:\/\/x.com\/newsendip","https:\/\/mastodon.social\/@newsendip","https:\/\/www.linkedin.com\/company\/newsendip"],"description":"Newsendip est un site qui a pour mission de rendre l'actualit\u00e9 internationale accessible et diversifi\u00e9e","email":"contact@newsendip.com","legalName":"Newsendip SAS","foundingDate":"2022-11-04","vatID":"FR60921124723","numberOfEmployees":{"@type":"QuantitativeValue","minValue":"1","maxValue":"10"},"publishingPrinciples":"https:\/\/www.newsendip.com\/about-us\/","ownershipFundingInfo":"https:\/\/www.newsendip.com\/legal-notice\/","actionableFeedbackPolicy":"https:\/\/www.newsendip.com\/about-us\/","correctionsPolicy":"https:\/\/www.newsendip.com\/about-us\/","ethicsPolicy":"https:\/\/www.newsendip.com\/about-us\/","diversityPolicy":"https:\/\/www.newsendip.com\/about-us\/"},{"@type":"Person","@id":"https:\/\/www.newsendip.com\/fr\/#\/schema\/person\/ea22c01755f464a3cbc2c619584d6363","name":"Cl\u00e9ment V\u00e9rit\u00e9","description":"Cl\u00e9ment is the executive editor and founder of Newsendip. He started in the media industry as a freelance reporter at 16 for a local French newspaper after school and has never left it. He later worked for seven years at The New York Times, notably as a data analyst. He holds a Master of Management in France and a Master of Arts in the United Kingdom in International Marketing &amp; Communications Strategy. He has lived in France, the United Kingdom, and Italy.","sameAs":["https:\/\/www.newsendip.com\/","https:\/\/www.linkedin.com\/in\/clementverite\/","https:\/\/x.com\/https:\/\/twitter.com\/cverite"],"knowsAbout":["News","International","Business","Media monitoring"],"knowsLanguage":["English","French","Italian","Spanish"],"url":"https:\/\/www.newsendip.com\/fr\/author\/clement-verite\/"}]}},"_links":{"self":[{"href":"https:\/\/www.newsendip.com\/fr\/wp-json\/wp\/v2\/posts\/18358","targetHints":{"allow":["GET"]}}],"collection":[{"href":"https:\/\/www.newsendip.com\/fr\/wp-json\/wp\/v2\/posts"}],"about":[{"href":"https:\/\/www.newsendip.com\/fr\/wp-json\/wp\/v2\/types\/post"}],"author":[{"embeddable":true,"href":"https:\/\/www.newsendip.com\/fr\/wp-json\/wp\/v2\/users\/1"}],"replies":[{"embeddable":true,"href":"https:\/\/www.newsendip.com\/fr\/wp-json\/wp\/v2\/comments?post=18358"}],"version-history":[{"count":0,"href":"https:\/\/www.newsendip.com\/fr\/wp-json\/wp\/v2\/posts\/18358\/revisions"}],"wp:featuredmedia":[{"embeddable":true,"href":"https:\/\/www.newsendip.com\/fr\/wp-json\/wp\/v2\/media\/13794"}],"wp:attachment":[{"href":"https:\/\/www.newsendip.com\/fr\/wp-json\/wp\/v2\/media?parent=18358"}],"wp:term":[{"taxonomy":"category","embeddable":true,"href":"https:\/\/www.newsendip.com\/fr\/wp-json\/wp\/v2\/categories?post=18358"},{"taxonomy":"post_tag","embeddable":true,"href":"https:\/\/www.newsendip.com\/fr\/wp-json\/wp\/v2\/tags?post=18358"}],"curies":[{"name":"wp","href":"https:\/\/api.w.org\/{rel}","templated":true}]}}