{"id":18373,"date":"2022-02-01T12:51:20","date_gmt":"2022-02-01T11:51:20","guid":{"rendered":"https:\/\/www.newsendip.com\/?p=18373"},"modified":"2022-11-07T23:22:57","modified_gmt":"2022-11-07T22:22:57","slug":"pourquoi-un-tribunal-japonais-a-juge-que-les-elections-legislatives-etaient-de-nouveau-inconstitutionnelles","status":"publish","type":"post","link":"https:\/\/www.newsendip.com\/fr\/pourquoi-un-tribunal-japonais-a-juge-que-les-elections-legislatives-etaient-de-nouveau-inconstitutionnelles\/","title":{"rendered":"Pourquoi un tribunal japonais a jug\u00e9 que les \u00e9lections l\u00e9gislatives \u00e9taient de nouveau inconstitutionnelles"},"content":{"rendered":"<p><strong>Une Haute Cour du Japon estime que les derni\u00e8res \u00e9lections g\u00e9n\u00e9rales de la Chambre des repr\u00e9sentants se sont d\u00e9roul\u00e9es dans des conditions inconstitutionnelles car le poids de chaque \u00e9lecteur n\u2019\u00e9tait pas \u00e9quitablement r\u00e9parti entre les districts.<br>\n<\/strong><\/p>\n<figure id=\"attachment_10951\" aria-describedby=\"caption-attachment-10951\" style=\"width: 1024px\" class=\"wp-caption aligncenter\"><img decoding=\"async\" class=\"size-large wp-image-14003\" src=\"https:\/\/www.newsendip.com\/wp-content\/uploads\/2022\/02\/japan-house-representatives-1024x768.webp\" alt=\"Japan house of representatives\" width=\"1024\" height=\"768\" srcset=\"https:\/\/www.newsendip.com\/wp-content\/uploads\/2022\/02\/japan-house-representatives-1024x768.webp 1024w, https:\/\/www.newsendip.com\/wp-content\/uploads\/2022\/02\/japan-house-representatives-300x225.webp 300w, https:\/\/www.newsendip.com\/wp-content\/uploads\/2022\/02\/japan-house-representatives-768x576.webp 768w, https:\/\/www.newsendip.com\/wp-content\/uploads\/2022\/02\/japan-house-representatives-1536x1152.webp 1536w, https:\/\/www.newsendip.com\/wp-content\/uploads\/2022\/02\/japan-house-representatives.webp 2048w\" sizes=\"(max-width: 1024px) 100vw, 1024px\"><figcaption id=\"caption-attachment-10951\" class=\"wp-caption-text\">Japan House of representatives | \u00a9 Kim Ahlstr\u00f6m, 2006<\/figcaption><\/figure>\n<p>La Haute Cour de Takamatsu a jug\u00e9 le 1er f\u00e9vrier que les \u00e9lections l\u00e9gislatives d\u2019octobre dernier au Japon se sont d\u00e9roul\u00e9es dans un \u00e9tat d\u2019inconstitutionnalit\u00e9 en raison de fortes disparit\u00e9s dans la valeur des votes. Le poids de chaque vote n\u2019\u00e9tait pas \u00e9quitablement r\u00e9parti.<\/p>\n<p>Le Japon a organis\u00e9 des \u00e9lections g\u00e9n\u00e9rales pour \u00e9lire les membres de la Chambre des repr\u00e9sentants, la chambre la plus importante du parlement bicam\u00e9ral japonais, appel\u00e9e la Di\u00e8te nationale.<\/p>\n<p>Le Parti lib\u00e9ral d\u00e9mocrate a conserv\u00e9 une majorit\u00e9 de si\u00e8ges malgr\u00e9 une p\u00e9riode tumultueuse depuis la d\u00e9mission de Shinzo Abe en 2020\u202fen raison de probl\u00e8mes de sant\u00e9, de critiques sur la gestion de la pand\u00e9mie de Covid-19 et de l\u2019organisation des Jeux olympiques de&nbsp;Tokyo.<\/p>\n<p>Mais apr\u00e8s les r\u00e9sultats des \u00e9lections, des avocats ont d\u00e9pos\u00e9 des plaintes demandant l\u2019invalidation des \u00e9lections en raison d\u2019une disparit\u00e9 trop d\u00e9s\u00e9quilibr\u00e9e dans la d\u00e9limitation des districts, c\u2019est \u00e0 dire la <strong>r\u00e9partition l\u00e9gislative<\/strong>.<\/p>\n<h2>Une grande disparit\u00e9 de valeur entre les&nbsp;votes<\/h2>\n<p>En effet, au Japon, <strong>certains \u00e9lecteurs ont beaucoup plus de poids que d\u2019autres<\/strong> pour l\u2019\u00e9lection des parlementaires.<!--more--><\/p>\n<p>En octobre dernier, le 1er district de Tottori, le plus petit district du Japon, a vot\u00e9 pour un seul repr\u00e9sentant alors qu\u2019il compte environ 230 000 \u00e9lecteurs \u00e9ligibles. En revanche, le 13e district de Tokyo comptait 480 000 \u00e9lecteurs pour un seul repr\u00e9sentant.<\/p>\n<p><strong>Un \u00e9lecteur du 1er district de Tottori avait donc 2,09 fois plus de poids dans les \u00e9lections qu\u2019un \u00e9lecteur du plus grand district de&nbsp;Tokyo.<\/strong><\/p>\n<p>Il est souvent reproch\u00e9 \u00e0 ce syst\u00e8me de fausser la repr\u00e9sentation en faveur des zones rurales, o\u00f9 il y a cependant moins d\u2019habitants. La pr\u00e9fecture de Tottori a une densit\u00e9 de 163 habitants au km2 alors que Tokyo compte plus de 6 000 habitants au&nbsp;km2.<\/p>\n<p>Mais <a href=\"https:\/\/www.yomiuri.co.jp\/politics\/20211214-OYT1T50195\/\">depuis une r\u00e9forme \u00e9lectorale en 1994<\/a>, <strong>la disparit\u00e9 des \u00e9lecteurs au Japon ne peut \u00eatre sup\u00e9rieure \u00e0 2<\/strong>. Elle est cependant r\u00e9guli\u00e8rement d\u00e9pass\u00e9e car les Japonais sont <a href=\"https:\/\/www.newsendip.com\/fr\/au-japon-14-des-logements-sont-vacants-plus-de-42-millions-de-logements-vides-dans-le-monde\/\">toujours plus nombreux \u00e0 quitter les zones rurales pour les villes<\/a>.<\/p>\n<p>La Di\u00e8te nationale a chang\u00e9 sa m\u00e9thode de calcul et <strong>ajust\u00e9 la composition de la Chambre des repr\u00e9sentants pour les \u00e9lections g\u00e9n\u00e9rales de 2017<\/strong>. Mais en 2021, la Di\u00e8te n\u2019a pas pu s\u2019adapter \u00e0 temps pour les \u00e9lections d\u2019octobre.<\/p>\n<p>En cons\u00e9quence, la disparit\u00e9 du poids des votes \u00e9tait sup\u00e9rieure \u00e0 2 dans 29 districts du&nbsp;pays.<\/p>\n<h2>Des \u00e9lections g\u00e9n\u00e9rales r\u00e9guli\u00e8rement consid\u00e9r\u00e9es comme anticonstitutionnelles<\/h2>\n<p>Le 1er f\u00e9vrier, la Haute Cour de Takamatsu a jug\u00e9 que les \u00e9lections g\u00e9n\u00e9rales d\u2019octobre \u00e9taient dans un \u00e9tat inconstitutionnel. \u00ab\u202f<em>Il y a une disparit\u00e9 importante dans la valeur des votes qui ne peut \u00eatre n\u00e9glig\u00e9e<\/em>\u202f\u00bb, a <a href=\"https:\/\/www.jiji.com\/jc\/article?k=2022020100728&amp;g=soc\">d\u00e9clar\u00e9 le juge<\/a>. Il a toutefois rejet\u00e9 la demande d\u2019invalidation des r\u00e9sultats qui conduirait \u00e0 la tenue de nouvelles \u00e9lections.<\/p>\n<p>La d\u00e9cision de la Haute Cour de Takamatsu est la premi\u00e8re d\u2019une s\u00e9rie de 16 proc\u00e8s intent\u00e9s dans tout le pays. La Haute Cour supr\u00eame devrait prendre une d\u00e9cision unifi\u00e9e apr\u00e8s que les 16 jugements auront \u00e9t\u00e9 rendus d\u2019ici&nbsp;mars.<\/p>\n<p>Si la disproportion n\u2019est pas nouvelle dans le pays, l\u2019\u00e9tat d\u2019inconstitutionnalit\u00e9 est plus r\u00e9cent.<\/p>\n<p>En 2011, la Cour supr\u00eame a consid\u00e9r\u00e9 que les \u00e9lections de 2009 s\u2019\u00e9taient d\u00e9roul\u00e9es dans un \u00e9tat d\u2019inconstitutionnalit\u00e9 en raison de la mauvaise r\u00e9partition des circonscriptions \u00e9lectorales. Les r\u00e9sultats n\u2019ont pas \u00e9t\u00e9 invalid\u00e9s mais la disparit\u00e9 du poids des voix a d\u00fb \u00eatre r\u00e9duite.<\/p>\n<p>Les \u00e9lections \u00e0 la Chambre des repr\u00e9sentants ont \u00e9galement \u00e9t\u00e9 jug\u00e9es inconstitutionnelles en 2012 et 2014, ce qui a entra\u00een\u00e9 des changements dans la m\u00e9thode de calcul Adams pour&nbsp;2017.<\/p>\n<p>Il est peu probable que la Cour supr\u00eame demande un nouveau vote, mais la d\u00e9cision peut <strong>influencer le d\u00e9coupage \u00e9lectoral pour les prochaines \u00e9lections de la Chambre des repr\u00e9sentants<\/strong>.<\/p>\n<p><a href=\"https:\/\/www.newsendip.com\/fr\/etiquette\/japon\/\"><strong>D\u00e9couvrez plus d\u2019actualit\u00e9s du&nbsp;Japon<\/strong><\/a><\/p>\n","protected":false},"excerpt":{"rendered":"<p>Une Haute Cour du Japon estime que les derni\u00e8res \u00e9lections g\u00e9n\u00e9rales de la Chambre des repr\u00e9sentants se sont d\u00e9roul\u00e9es dans des conditions inconstitutionnelles car le poids de chaque \u00e9lecteur n\u2019\u00e9tait pas \u00e9quitablement r\u00e9parti entre les districts.<\/p>\n","protected":false},"author":1,"featured_media":10951,"comment_status":"closed","ping_status":"closed","sticky":false,"template":"","format":"standard","meta":{"wp_typography_post_enhancements_disabled":false,"footnotes":""},"categories":[416],"tags":[411,486],"class_list":["post-18373","post","type-post","status-publish","format-standard","has-post-thumbnail","hentry","category-politique","tag-actuel","tag-japon"],"yoast_head":"<!-- This site is optimized with the Yoast SEO Premium plugin v27.4 (Yoast SEO v27.4) - https:\/\/yoast.com\/product\/yoast-seo-premium-wordpress\/ -->\n<title>Pourquoi un tribunal japonais a jug\u00e9 que les \u00e9lections l\u00e9gislatives \u00e9taient de nouveau inconstitutionnelles<\/title>\n<meta name=\"description\" content=\"Une Haute Cour du Japon estime que les derni\u00e8res \u00e9lections g\u00e9n\u00e9rales de la Chambre des repr\u00e9sentants se sont d\u00e9roul\u00e9es dans des conditions inconstitutionnelles car le poids de chaque \u00e9lecteur n&#039;\u00e9tait pas \u00e9quitablement r\u00e9parti entre les districts.\" \/>\n<meta name=\"robots\" content=\"index, follow, max-snippet:-1, max-image-preview:large, max-video-preview:-1\" \/>\n<link rel=\"canonical\" href=\"https:\/\/www.newsendip.com\/fr\/pourquoi-un-tribunal-japonais-a-juge-que-les-elections-legislatives-etaient-de-nouveau-inconstitutionnelles\/\" \/>\n<meta property=\"og:locale\" content=\"fr_FR\" \/>\n<meta property=\"og:type\" content=\"article\" \/>\n<meta property=\"og:title\" content=\"Pourquoi un tribunal japonais a jug\u00e9 que les \u00e9lections l\u00e9gislatives \u00e9taient de nouveau inconstitutionnelles\" \/>\n<meta property=\"og:description\" content=\"Une Haute Cour du Japon estime que les derni\u00e8res \u00e9lections g\u00e9n\u00e9rales de la Chambre des repr\u00e9sentants se sont d\u00e9roul\u00e9es dans des conditions inconstitutionnelles car le poids de chaque \u00e9lecteur n&#039;\u00e9tait pas \u00e9quitablement r\u00e9parti entre les districts.\" \/>\n<meta property=\"og:url\" content=\"https:\/\/www.newsendip.com\/fr\/pourquoi-un-tribunal-japonais-a-juge-que-les-elections-legislatives-etaient-de-nouveau-inconstitutionnelles\/\" \/>\n<meta property=\"og:site_name\" content=\"Newsendip\" \/>\n<meta property=\"article:publisher\" content=\"https:\/\/www.facebook.com\/newsendip\" \/>\n<meta property=\"article:published_time\" content=\"2022-02-01T11:51:20+00:00\" \/>\n<meta property=\"article:modified_time\" content=\"2022-11-07T22:22:57+00:00\" \/>\n<meta property=\"og:image\" content=\"https:\/\/www.newsendip.com\/wp-content\/uploads\/2022\/02\/japan-house-representatives-progressive.jpeg\" \/>\n\t<meta property=\"og:image:width\" content=\"2048\" \/>\n\t<meta property=\"og:image:height\" content=\"1536\" \/>\n\t<meta property=\"og:image:type\" content=\"image\/jpeg\" \/>\n<meta name=\"author\" content=\"Cl\u00e9ment V\u00e9rit\u00e9\" \/>\n<meta name=\"twitter:card\" content=\"summary_large_image\" \/>\n<meta name=\"twitter:image\" content=\"https:\/\/www.newsendip.com\/wp-content\/uploads\/2022\/02\/japan-house-representatives-progressive.jpeg\" \/>\n<meta name=\"twitter:creator\" content=\"@https:\/\/twitter.com\/cverite\" \/>\n<meta name=\"twitter:site\" content=\"@newsendip\" \/>\n<meta name=\"twitter:label1\" content=\"\u00c9crit par\" \/>\n\t<meta name=\"twitter:data1\" content=\"Cl\u00e9ment V\u00e9rit\u00e9\" \/>\n\t<meta name=\"twitter:label2\" content=\"Dur\u00e9e de lecture estim\u00e9e\" \/>\n\t<meta name=\"twitter:data2\" content=\"4 minutes\" \/>\n<!-- \/ Yoast SEO Premium plugin. -->","yoast_head_json":{"title":"Pourquoi un tribunal japonais a jug\u00e9 que les \u00e9lections l\u00e9gislatives \u00e9taient de nouveau inconstitutionnelles","description":"Une Haute Cour du Japon estime que les derni\u00e8res \u00e9lections g\u00e9n\u00e9rales de la Chambre des repr\u00e9sentants se sont d\u00e9roul\u00e9es dans des conditions inconstitutionnelles car le poids de chaque \u00e9lecteur n'\u00e9tait pas \u00e9quitablement r\u00e9parti entre les districts.","robots":{"index":"index","follow":"follow","max-snippet":"max-snippet:-1","max-image-preview":"max-image-preview:large","max-video-preview":"max-video-preview:-1"},"canonical":"https:\/\/www.newsendip.com\/fr\/pourquoi-un-tribunal-japonais-a-juge-que-les-elections-legislatives-etaient-de-nouveau-inconstitutionnelles\/","og_locale":"fr_FR","og_type":"article","og_title":"Pourquoi un tribunal japonais a jug\u00e9 que les \u00e9lections l\u00e9gislatives \u00e9taient de nouveau inconstitutionnelles","og_description":"Une Haute Cour du Japon estime que les derni\u00e8res \u00e9lections g\u00e9n\u00e9rales de la Chambre des repr\u00e9sentants se sont d\u00e9roul\u00e9es dans des conditions inconstitutionnelles car le poids de chaque \u00e9lecteur n'\u00e9tait pas \u00e9quitablement r\u00e9parti entre les districts.","og_url":"https:\/\/www.newsendip.com\/fr\/pourquoi-un-tribunal-japonais-a-juge-que-les-elections-legislatives-etaient-de-nouveau-inconstitutionnelles\/","og_site_name":"Newsendip","article_publisher":"https:\/\/www.facebook.com\/newsendip","article_published_time":"2022-02-01T11:51:20+00:00","article_modified_time":"2022-11-07T22:22:57+00:00","og_image":[{"width":2048,"height":1536,"url":"https:\/\/www.newsendip.com\/wp-content\/uploads\/2022\/02\/japan-house-representatives-progressive.jpeg","type":"image\/jpeg"}],"author":"Cl\u00e9ment V\u00e9rit\u00e9","twitter_card":"summary_large_image","twitter_image":"https:\/\/www.newsendip.com\/wp-content\/uploads\/2022\/02\/japan-house-representatives-progressive.jpeg","twitter_creator":"@https:\/\/twitter.com\/cverite","twitter_site":"@newsendip","twitter_misc":{"\u00c9crit par":"Cl\u00e9ment V\u00e9rit\u00e9","Dur\u00e9e de lecture estim\u00e9e":"4 minutes"},"schema":{"@context":"https:\/\/schema.org","@graph":[{"@type":"NewsArticle","@id":"https:\/\/www.newsendip.com\/fr\/pourquoi-un-tribunal-japonais-a-juge-que-les-elections-legislatives-etaient-de-nouveau-inconstitutionnelles\/#article","isPartOf":{"@id":"https:\/\/www.newsendip.com\/fr\/pourquoi-un-tribunal-japonais-a-juge-que-les-elections-legislatives-etaient-de-nouveau-inconstitutionnelles\/"},"author":{"name":"Cl\u00e9ment V\u00e9rit\u00e9","@id":"https:\/\/www.newsendip.com\/fr\/#\/schema\/person\/ea22c01755f464a3cbc2c619584d6363"},"headline":"Pourquoi un tribunal japonais a jug\u00e9 que les \u00e9lections l\u00e9gislatives \u00e9taient de nouveau inconstitutionnelles","datePublished":"2022-02-01T11:51:20+00:00","dateModified":"2022-11-07T22:22:57+00:00","mainEntityOfPage":{"@id":"https:\/\/www.newsendip.com\/fr\/pourquoi-un-tribunal-japonais-a-juge-que-les-elections-legislatives-etaient-de-nouveau-inconstitutionnelles\/"},"wordCount":769,"publisher":{"@id":"https:\/\/www.newsendip.com\/fr\/#organization"},"image":{"@id":"https:\/\/www.newsendip.com\/fr\/pourquoi-un-tribunal-japonais-a-juge-que-les-elections-legislatives-etaient-de-nouveau-inconstitutionnelles\/#primaryimage"},"thumbnailUrl":"https:\/\/www.newsendip.com\/wp-content\/uploads\/2022\/02\/japan-house-representatives.webp","keywords":["Actuel","Japon"],"articleSection":["Politique"],"inLanguage":"fr-FR","copyrightYear":"2022","copyrightHolder":{"@id":"https:\/\/www.newsendip.com\/#organization"}},{"@type":"WebPage","@id":"https:\/\/www.newsendip.com\/fr\/pourquoi-un-tribunal-japonais-a-juge-que-les-elections-legislatives-etaient-de-nouveau-inconstitutionnelles\/","url":"https:\/\/www.newsendip.com\/fr\/pourquoi-un-tribunal-japonais-a-juge-que-les-elections-legislatives-etaient-de-nouveau-inconstitutionnelles\/","name":"Pourquoi un tribunal japonais a jug\u00e9 que les \u00e9lections l\u00e9gislatives \u00e9taient de nouveau inconstitutionnelles","isPartOf":{"@id":"https:\/\/www.newsendip.com\/fr\/#website"},"primaryImageOfPage":{"@id":"https:\/\/www.newsendip.com\/fr\/pourquoi-un-tribunal-japonais-a-juge-que-les-elections-legislatives-etaient-de-nouveau-inconstitutionnelles\/#primaryimage"},"image":{"@id":"https:\/\/www.newsendip.com\/fr\/pourquoi-un-tribunal-japonais-a-juge-que-les-elections-legislatives-etaient-de-nouveau-inconstitutionnelles\/#primaryimage"},"thumbnailUrl":"https:\/\/www.newsendip.com\/wp-content\/uploads\/2022\/02\/japan-house-representatives.webp","datePublished":"2022-02-01T11:51:20+00:00","dateModified":"2022-11-07T22:22:57+00:00","description":"Une Haute Cour du Japon estime que les derni\u00e8res \u00e9lections g\u00e9n\u00e9rales de la Chambre des repr\u00e9sentants se sont d\u00e9roul\u00e9es dans des conditions inconstitutionnelles car le poids de chaque \u00e9lecteur n'\u00e9tait pas \u00e9quitablement r\u00e9parti entre les districts.","breadcrumb":{"@id":"https:\/\/www.newsendip.com\/fr\/pourquoi-un-tribunal-japonais-a-juge-que-les-elections-legislatives-etaient-de-nouveau-inconstitutionnelles\/#breadcrumb"},"inLanguage":"fr-FR","potentialAction":[{"@type":"ReadAction","target":["https:\/\/www.newsendip.com\/fr\/pourquoi-un-tribunal-japonais-a-juge-que-les-elections-legislatives-etaient-de-nouveau-inconstitutionnelles\/"]}]},{"@type":"ImageObject","inLanguage":"fr-FR","@id":"https:\/\/www.newsendip.com\/fr\/pourquoi-un-tribunal-japonais-a-juge-que-les-elections-legislatives-etaient-de-nouveau-inconstitutionnelles\/#primaryimage","url":"https:\/\/www.newsendip.com\/wp-content\/uploads\/2022\/02\/japan-house-representatives.webp","contentUrl":"https:\/\/www.newsendip.com\/wp-content\/uploads\/2022\/02\/japan-house-representatives.webp","width":2048,"height":1536,"caption":"Chambre des repr\u00e9sentants du Japon | \u00a9 Kim Ahlstr\u00f6m, 2006"},{"@type":"BreadcrumbList","@id":"https:\/\/www.newsendip.com\/fr\/pourquoi-un-tribunal-japonais-a-juge-que-les-elections-legislatives-etaient-de-nouveau-inconstitutionnelles\/#breadcrumb","itemListElement":[{"@type":"ListItem","position":1,"name":"Accueil","item":"https:\/\/www.newsendip.com\/fr\/"},{"@type":"ListItem","position":2,"name":"Pourquoi un tribunal japonais a jug\u00e9 que les \u00e9lections l\u00e9gislatives \u00e9taient de nouveau inconstitutionnelles"}]},{"@type":"WebSite","@id":"https:\/\/www.newsendip.com\/fr\/#website","url":"https:\/\/www.newsendip.com\/fr\/","name":"Newsendip","description":"Red\u00e9couvrez l&#039;actualit\u00e9 internationale","publisher":{"@id":"https:\/\/www.newsendip.com\/fr\/#organization"},"potentialAction":[{"@type":"SearchAction","target":{"@type":"EntryPoint","urlTemplate":"https:\/\/www.newsendip.com\/fr\/?s={search_term_string}"},"query-input":{"@type":"PropertyValueSpecification","valueRequired":true,"valueName":"search_term_string"}}],"inLanguage":"fr-FR"},{"@type":"Organization","@id":"https:\/\/www.newsendip.com\/fr\/#organization","name":"Newsendip","url":"https:\/\/www.newsendip.com\/fr\/","logo":{"@type":"ImageObject","inLanguage":"fr-FR","@id":"https:\/\/www.newsendip.com\/fr\/#\/schema\/logo\/image\/","url":"https:\/\/www.newsendip.com\/wp-content\/uploads\/2023\/12\/512x512.svg","contentUrl":"https:\/\/www.newsendip.com\/wp-content\/uploads\/2023\/12\/512x512.svg","width":1,"height":1,"caption":"Newsendip"},"image":{"@id":"https:\/\/www.newsendip.com\/fr\/#\/schema\/logo\/image\/"},"sameAs":["https:\/\/www.facebook.com\/newsendip","https:\/\/x.com\/newsendip","https:\/\/mastodon.social\/@newsendip","https:\/\/www.linkedin.com\/company\/newsendip"],"description":"Newsendip est un site qui a pour mission de rendre l'actualit\u00e9 internationale accessible et diversifi\u00e9e","email":"contact@newsendip.com","legalName":"Newsendip SAS","foundingDate":"2022-11-04","vatID":"FR60921124723","numberOfEmployees":{"@type":"QuantitativeValue","minValue":"1","maxValue":"10"},"publishingPrinciples":"https:\/\/www.newsendip.com\/about-us\/","ownershipFundingInfo":"https:\/\/www.newsendip.com\/legal-notice\/","actionableFeedbackPolicy":"https:\/\/www.newsendip.com\/about-us\/","correctionsPolicy":"https:\/\/www.newsendip.com\/about-us\/","ethicsPolicy":"https:\/\/www.newsendip.com\/about-us\/","diversityPolicy":"https:\/\/www.newsendip.com\/about-us\/"},{"@type":"Person","@id":"https:\/\/www.newsendip.com\/fr\/#\/schema\/person\/ea22c01755f464a3cbc2c619584d6363","name":"Cl\u00e9ment V\u00e9rit\u00e9","description":"Cl\u00e9ment is the executive editor and founder of Newsendip. He started in the media industry as a freelance reporter at 16 for a local French newspaper after school and has never left it. He later worked for seven years at The New York Times, notably as a data analyst. He holds a Master of Management in France and a Master of Arts in the United Kingdom in International Marketing &amp; Communications Strategy. He has lived in France, the United Kingdom, and Italy.","sameAs":["https:\/\/www.newsendip.com\/","https:\/\/www.linkedin.com\/in\/clementverite\/","https:\/\/x.com\/https:\/\/twitter.com\/cverite"],"knowsAbout":["News","International","Business","Media monitoring"],"knowsLanguage":["English","French","Italian","Spanish"],"url":"https:\/\/www.newsendip.com\/fr\/author\/clement-verite\/"}]}},"_links":{"self":[{"href":"https:\/\/www.newsendip.com\/fr\/wp-json\/wp\/v2\/posts\/18373","targetHints":{"allow":["GET"]}}],"collection":[{"href":"https:\/\/www.newsendip.com\/fr\/wp-json\/wp\/v2\/posts"}],"about":[{"href":"https:\/\/www.newsendip.com\/fr\/wp-json\/wp\/v2\/types\/post"}],"author":[{"embeddable":true,"href":"https:\/\/www.newsendip.com\/fr\/wp-json\/wp\/v2\/users\/1"}],"replies":[{"embeddable":true,"href":"https:\/\/www.newsendip.com\/fr\/wp-json\/wp\/v2\/comments?post=18373"}],"version-history":[{"count":0,"href":"https:\/\/www.newsendip.com\/fr\/wp-json\/wp\/v2\/posts\/18373\/revisions"}],"wp:featuredmedia":[{"embeddable":true,"href":"https:\/\/www.newsendip.com\/fr\/wp-json\/wp\/v2\/media\/10951"}],"wp:attachment":[{"href":"https:\/\/www.newsendip.com\/fr\/wp-json\/wp\/v2\/media?parent=18373"}],"wp:term":[{"taxonomy":"category","embeddable":true,"href":"https:\/\/www.newsendip.com\/fr\/wp-json\/wp\/v2\/categories?post=18373"},{"taxonomy":"post_tag","embeddable":true,"href":"https:\/\/www.newsendip.com\/fr\/wp-json\/wp\/v2\/tags?post=18373"}],"curies":[{"name":"wp","href":"https:\/\/api.w.org\/{rel}","templated":true}]}}