{"id":18392,"date":"2022-01-20T16:22:43","date_gmt":"2022-01-20T15:22:43","guid":{"rendered":"https:\/\/www.newsendip.com\/?p=18392"},"modified":"2024-07-16T23:13:06","modified_gmt":"2024-07-16T21:13:06","slug":"lirlande-declare-un-jour-ferie-unique-pour-la-pandemie-de-covid-19-avant-quelle-ne-soit-terminee","status":"publish","type":"post","link":"https:\/\/www.newsendip.com\/fr\/lirlande-declare-un-jour-ferie-unique-pour-la-pandemie-de-covid-19-avant-quelle-ne-soit-terminee\/","title":{"rendered":"L\u2019Irlande d\u00e9clare un jour f\u00e9ri\u00e9 unique pour la pand\u00e9mie de COVID-19 avant qu\u2019elle ne soit termin\u00e9e"},"content":{"rendered":"<p><strong>L\u2019Irlande aura un jour f\u00e9ri\u00e9 exceptionnel pour comm\u00e9morer les d\u00e9c\u00e8s et c\u00e9l\u00e9brer les travailleurs durant la pand\u00e9mie de COVID-19 avant qu\u2019elle ne soit termin\u00e9e. L\u2019Irlande versera \u00e9galement une prime au personnel soignant.<br>\n<\/strong><\/p>\n<figure id=\"attachment_13947\" aria-describedby=\"caption-attachment-13947\" style=\"width: 1024px\" class=\"wp-caption aligncenter\"><img decoding=\"async\" class=\"size-large wp-image-13947\" src=\"https:\/\/www.newsendip.com\/wp-content\/uploads\/2022\/01\/ireland-public-holiday-covid-19-pandemic-1024x683.webp\" alt=\"Test COVID-19\" width=\"1024\" height=\"683\" srcset=\"https:\/\/www.newsendip.com\/wp-content\/uploads\/2022\/01\/ireland-public-holiday-covid-19-pandemic-1024x683.webp 1024w, https:\/\/www.newsendip.com\/wp-content\/uploads\/2022\/01\/ireland-public-holiday-covid-19-pandemic-60x40.webp 60w, https:\/\/www.newsendip.com\/wp-content\/uploads\/2022\/01\/ireland-public-holiday-covid-19-pandemic-720x480.webp 720w, https:\/\/www.newsendip.com\/wp-content\/uploads\/2022\/01\/ireland-public-holiday-covid-19-pandemic-300x200.webp 300w, https:\/\/www.newsendip.com\/wp-content\/uploads\/2022\/01\/ireland-public-holiday-covid-19-pandemic-768x512.webp 768w, https:\/\/www.newsendip.com\/wp-content\/uploads\/2022\/01\/ireland-public-holiday-covid-19-pandemic-1536x1024.webp 1536w, https:\/\/www.newsendip.com\/wp-content\/uploads\/2022\/01\/ireland-public-holiday-covid-19-pandemic.webp 1920w\" sizes=\"(max-width: 1024px) 100vw, 1024px\"><figcaption id=\"caption-attachment-13947\" class=\"wp-caption-text\">\u00a9 Mufid Majnun<\/figcaption><\/figure>\n<p>Le gouvernement irlandais a donn\u00e9 son accord le 19 janvier pour <strong>un jour f\u00e9ri\u00e9 unique et le paiement d\u2019une prime pour le personnel soignant<\/strong> qui a travaill\u00e9 pendant la pand\u00e9mie de COVID-19.<\/p>\n<p>Le vendredi 18 mars 2022 sera un jour f\u00e9ri\u00e9 unique en reconnaissance \u00ab\u202f<em>des efforts du grand public, des volontaires et de tous les travailleurs pendant la pand\u00e9mie de COVID-19<\/em>\u2033, explique le gouvernement dans un communiqu\u00e9.<\/p>\n<p>Cette journ\u00e9e sera \u00e9galement organis\u00e9e \u00ab\u202f<em>en m\u00e9moire des plus de 9 000 personnes qui sont d\u00e9c\u00e9d\u00e9es en Irlande \u00e0 cause du COVID<\/em>\u202f\u00bb.<\/p>\n<p>Une journ\u00e9e de comm\u00e9moration suivra ce jour f\u00e9ri\u00e9, qui aura lieu pendant le week-end de la Saint-Patrick. La Saint-Patrick a lieu le 17 mars et les travailleurs irlandais auront donc un week-end de quatre jours cette&nbsp;ann\u00e9e.<\/p>\n<p>Mars 2022 marquera la deuxi\u00e8me ann\u00e9e de lutte du pays contre le COVID-19. Leo Varadkar, le ministre de l\u2019entreprise, du commerce et de l\u2019emploi, a justifi\u00e9 la d\u00e9cision d\u2019avoir un jour f\u00e9ri\u00e9 maintenant, alors que la pand\u00e9mie n\u2019est pas termin\u00e9e, car \u00ab\u202f<em>beaucoup de personnes ont d\u00e9j\u00e0 tant donn\u00e9<\/em>\u202f\u00bb.<\/p>\n<p>\u00c0 partir de 2023, l\u2019Irlande aura toujours un nouveau jour f\u00e9ri\u00e9 mais le 1er f\u00e9vrier, qui sera <a href=\"https:\/\/www.newsendip.com\/fr\/la-saint-brigids-day-nouveau-jour-ferie-en-irlande-le-premier-du-pays-associe-au-nom-dune-femme\/\">le premier jour f\u00e9ri\u00e9 portant le nom d\u2019une femme dans le pays<\/a>. Le St Brigid\u2019s Day c\u00e9l\u00e8bre une sainte patronne irlandaise associ\u00e9e \u00e0 la fertilit\u00e9, la protection et la gu\u00e9rison.<!--more--><\/p>\n<p>F\u00f3rsa, le plus grand syndicat irlandais de la fonction publique, a salu\u00e9 l\u2019annonce d\u2019un \u00ab\u202f<em>jour f\u00e9ri\u00e9 suppl\u00e9mentaire et r\u00e9current pour reconna\u00eetre la contribution et le sacrifice des travailleurs pendant la pand\u00e9mie<\/em>\u202f\u00bb.<\/p>\n<p>En plus d\u2019un jour f\u00e9ri\u00e9 li\u00e9 \u00e0 la pand\u00e9mie, le gouvernement versera une prime non imposable de 1 000 euros \u00e0 100 000 travailleurs de la sant\u00e9 du secteur public en \u00ab\u202f<em>reconnaissance de leur travail dans des conditions dangereuses et difficiles pendant la pand\u00e9mie, et pour les milliers de vies sauv\u00e9es gr\u00e2ce \u00e0 leurs efforts<\/em>\u202f\u00bb.<\/p>\n<p>L\u2019<a href=\"https:\/\/www.newsendip.com\/fr\/etiquette\/inde\/\">Inde<\/a> a \u00e9mis en d\u00e9but de semaine un timbre postal <a href=\"https:\/\/twitter.com\/newsendip\/status\/1482763156946571266\/photo\/1\">c\u00e9l\u00e9brant sa campagne de vaccination contre le COVID-19<\/a>.<\/p>\n<p><strong><a href=\"https:\/\/www.newsendip.com\/fr\/etiquette\/irlande\/\">D\u00e9couvrez plus d\u2019actualit\u00e9s d\u2019Irlande<\/a><\/strong><\/p>\n","protected":false},"excerpt":{"rendered":"<p>L\u2019Irlande aura un jour f\u00e9ri\u00e9 exceptionnel pour comm\u00e9morer les d\u00e9c\u00e8s et c\u00e9l\u00e9brer les travailleurs durant la pand\u00e9mie de Covid-19 avant qu\u2019elle ne soit termin\u00e9e. L\u2019Irlande versera \u00e9galement une prime au personnel soignant.<\/p>\n","protected":false},"author":1,"featured_media":13947,"comment_status":"closed","ping_status":"closed","sticky":false,"template":"","format":"standard","meta":{"wp_typography_post_enhancements_disabled":false,"footnotes":""},"categories":[412],"tags":[430,421],"class_list":["post-18392","post","type-post","status-publish","format-standard","has-post-thumbnail","hentry","category-sciences-et-sante","tag-irlande","tag-vieux"],"yoast_head":"<!-- This site is optimized with the Yoast SEO Premium plugin v27.4 (Yoast SEO v27.4) - https:\/\/yoast.com\/product\/yoast-seo-premium-wordpress\/ -->\n<title>L&#039;Irlande d\u00e9clare un jour f\u00e9ri\u00e9 unique pour la pand\u00e9mie de COVID-19 avant qu&#039;elle ne soit termin\u00e9e<\/title>\n<meta name=\"description\" content=\"L&#039;Irlande aura un jour f\u00e9ri\u00e9 exceptionnel pour comm\u00e9morer les d\u00e9c\u00e8s et c\u00e9l\u00e9brer les travailleurs durant la pand\u00e9mie de Covid-19 avant qu&#039;elle ne soit termin\u00e9e. L&#039;Irlande versera \u00e9galement une prime au personnel soignant.\" \/>\n<meta name=\"robots\" content=\"index, follow, max-snippet:-1, max-image-preview:large, max-video-preview:-1\" \/>\n<link rel=\"canonical\" href=\"https:\/\/www.newsendip.com\/fr\/lirlande-declare-un-jour-ferie-unique-pour-la-pandemie-de-covid-19-avant-quelle-ne-soit-terminee\/\" \/>\n<meta property=\"og:locale\" content=\"fr_FR\" \/>\n<meta property=\"og:type\" content=\"article\" \/>\n<meta property=\"og:title\" content=\"L&#039;Irlande d\u00e9clare un jour f\u00e9ri\u00e9 unique pour la pand\u00e9mie de COVID-19 avant qu&#039;elle ne soit termin\u00e9e\" \/>\n<meta property=\"og:description\" content=\"L&#039;Irlande aura un jour f\u00e9ri\u00e9 exceptionnel pour comm\u00e9morer les d\u00e9c\u00e8s et c\u00e9l\u00e9brer les travailleurs durant la pand\u00e9mie de Covid-19 avant qu&#039;elle ne soit termin\u00e9e. L&#039;Irlande versera \u00e9galement une prime au personnel soignant.\" \/>\n<meta property=\"og:url\" content=\"https:\/\/www.newsendip.com\/fr\/lirlande-declare-un-jour-ferie-unique-pour-la-pandemie-de-covid-19-avant-quelle-ne-soit-terminee\/\" \/>\n<meta property=\"og:site_name\" content=\"Newsendip\" \/>\n<meta property=\"article:publisher\" content=\"https:\/\/www.facebook.com\/newsendip\" \/>\n<meta property=\"article:published_time\" content=\"2022-01-20T15:22:43+00:00\" \/>\n<meta property=\"article:modified_time\" content=\"2024-07-16T21:13:06+00:00\" \/>\n<meta property=\"og:image\" content=\"https:\/\/www.newsendip.com\/wp-content\/uploads\/2022\/01\/ireland-public-holiday-covid-19-pandemic-progressive.jpeg\" \/>\n\t<meta property=\"og:image:width\" content=\"1920\" \/>\n\t<meta property=\"og:image:height\" content=\"1280\" \/>\n\t<meta property=\"og:image:type\" content=\"image\/jpeg\" \/>\n<meta name=\"author\" content=\"Cl\u00e9ment V\u00e9rit\u00e9\" \/>\n<meta name=\"twitter:card\" content=\"summary_large_image\" \/>\n<meta name=\"twitter:image\" content=\"https:\/\/www.newsendip.com\/wp-content\/uploads\/2022\/01\/ireland-public-holiday-covid-19-pandemic-progressive.jpeg\" \/>\n<meta name=\"twitter:creator\" content=\"@https:\/\/twitter.com\/cverite\" \/>\n<meta name=\"twitter:site\" content=\"@newsendip\" \/>\n<meta name=\"twitter:label1\" content=\"\u00c9crit par\" \/>\n\t<meta name=\"twitter:data1\" content=\"Cl\u00e9ment V\u00e9rit\u00e9\" \/>\n\t<meta name=\"twitter:label2\" content=\"Dur\u00e9e de lecture estim\u00e9e\" \/>\n\t<meta name=\"twitter:data2\" content=\"3 minutes\" \/>\n<!-- \/ Yoast SEO Premium plugin. -->","yoast_head_json":{"title":"L'Irlande d\u00e9clare un jour f\u00e9ri\u00e9 unique pour la pand\u00e9mie de COVID-19 avant qu'elle ne soit termin\u00e9e","description":"L'Irlande aura un jour f\u00e9ri\u00e9 exceptionnel pour comm\u00e9morer les d\u00e9c\u00e8s et c\u00e9l\u00e9brer les travailleurs durant la pand\u00e9mie de Covid-19 avant qu'elle ne soit termin\u00e9e. L'Irlande versera \u00e9galement une prime au personnel soignant.","robots":{"index":"index","follow":"follow","max-snippet":"max-snippet:-1","max-image-preview":"max-image-preview:large","max-video-preview":"max-video-preview:-1"},"canonical":"https:\/\/www.newsendip.com\/fr\/lirlande-declare-un-jour-ferie-unique-pour-la-pandemie-de-covid-19-avant-quelle-ne-soit-terminee\/","og_locale":"fr_FR","og_type":"article","og_title":"L'Irlande d\u00e9clare un jour f\u00e9ri\u00e9 unique pour la pand\u00e9mie de COVID-19 avant qu'elle ne soit termin\u00e9e","og_description":"L'Irlande aura un jour f\u00e9ri\u00e9 exceptionnel pour comm\u00e9morer les d\u00e9c\u00e8s et c\u00e9l\u00e9brer les travailleurs durant la pand\u00e9mie de Covid-19 avant qu'elle ne soit termin\u00e9e. L'Irlande versera \u00e9galement une prime au personnel soignant.","og_url":"https:\/\/www.newsendip.com\/fr\/lirlande-declare-un-jour-ferie-unique-pour-la-pandemie-de-covid-19-avant-quelle-ne-soit-terminee\/","og_site_name":"Newsendip","article_publisher":"https:\/\/www.facebook.com\/newsendip","article_published_time":"2022-01-20T15:22:43+00:00","article_modified_time":"2024-07-16T21:13:06+00:00","og_image":[{"width":1920,"height":1280,"url":"https:\/\/www.newsendip.com\/wp-content\/uploads\/2022\/01\/ireland-public-holiday-covid-19-pandemic-progressive.jpeg","type":"image\/jpeg"}],"author":"Cl\u00e9ment V\u00e9rit\u00e9","twitter_card":"summary_large_image","twitter_image":"https:\/\/www.newsendip.com\/wp-content\/uploads\/2022\/01\/ireland-public-holiday-covid-19-pandemic-progressive.jpeg","twitter_creator":"@https:\/\/twitter.com\/cverite","twitter_site":"@newsendip","twitter_misc":{"\u00c9crit par":"Cl\u00e9ment V\u00e9rit\u00e9","Dur\u00e9e de lecture estim\u00e9e":"3 minutes"},"schema":{"@context":"https:\/\/schema.org","@graph":[{"@type":"NewsArticle","@id":"https:\/\/www.newsendip.com\/fr\/lirlande-declare-un-jour-ferie-unique-pour-la-pandemie-de-covid-19-avant-quelle-ne-soit-terminee\/#article","isPartOf":{"@id":"https:\/\/www.newsendip.com\/fr\/lirlande-declare-un-jour-ferie-unique-pour-la-pandemie-de-covid-19-avant-quelle-ne-soit-terminee\/"},"author":{"name":"Cl\u00e9ment V\u00e9rit\u00e9","@id":"https:\/\/www.newsendip.com\/fr\/#\/schema\/person\/ea22c01755f464a3cbc2c619584d6363"},"headline":"L\u2019Irlande d\u00e9clare un jour f\u00e9ri\u00e9 unique pour la pand\u00e9mie de COVID-19 avant qu\u2019elle ne soit termin\u00e9e","datePublished":"2022-01-20T15:22:43+00:00","dateModified":"2024-07-16T21:13:06+00:00","mainEntityOfPage":{"@id":"https:\/\/www.newsendip.com\/fr\/lirlande-declare-un-jour-ferie-unique-pour-la-pandemie-de-covid-19-avant-quelle-ne-soit-terminee\/"},"wordCount":443,"publisher":{"@id":"https:\/\/www.newsendip.com\/fr\/#organization"},"image":{"@id":"https:\/\/www.newsendip.com\/fr\/lirlande-declare-un-jour-ferie-unique-pour-la-pandemie-de-covid-19-avant-quelle-ne-soit-terminee\/#primaryimage"},"thumbnailUrl":"https:\/\/www.newsendip.com\/wp-content\/uploads\/2022\/01\/ireland-public-holiday-covid-19-pandemic.webp","keywords":["Irlande","Vieux"],"articleSection":["Sciences et sant\u00e9"],"inLanguage":"fr-FR","copyrightYear":"2022","copyrightHolder":{"@id":"https:\/\/www.newsendip.com\/#organization"}},{"@type":"WebPage","@id":"https:\/\/www.newsendip.com\/fr\/lirlande-declare-un-jour-ferie-unique-pour-la-pandemie-de-covid-19-avant-quelle-ne-soit-terminee\/","url":"https:\/\/www.newsendip.com\/fr\/lirlande-declare-un-jour-ferie-unique-pour-la-pandemie-de-covid-19-avant-quelle-ne-soit-terminee\/","name":"L'Irlande d\u00e9clare un jour f\u00e9ri\u00e9 unique pour la pand\u00e9mie de COVID-19 avant qu'elle ne soit termin\u00e9e","isPartOf":{"@id":"https:\/\/www.newsendip.com\/fr\/#website"},"primaryImageOfPage":{"@id":"https:\/\/www.newsendip.com\/fr\/lirlande-declare-un-jour-ferie-unique-pour-la-pandemie-de-covid-19-avant-quelle-ne-soit-terminee\/#primaryimage"},"image":{"@id":"https:\/\/www.newsendip.com\/fr\/lirlande-declare-un-jour-ferie-unique-pour-la-pandemie-de-covid-19-avant-quelle-ne-soit-terminee\/#primaryimage"},"thumbnailUrl":"https:\/\/www.newsendip.com\/wp-content\/uploads\/2022\/01\/ireland-public-holiday-covid-19-pandemic.webp","datePublished":"2022-01-20T15:22:43+00:00","dateModified":"2024-07-16T21:13:06+00:00","description":"L'Irlande aura un jour f\u00e9ri\u00e9 exceptionnel pour comm\u00e9morer les d\u00e9c\u00e8s et c\u00e9l\u00e9brer les travailleurs durant la pand\u00e9mie de Covid-19 avant qu'elle ne soit termin\u00e9e. L'Irlande versera \u00e9galement une prime au personnel soignant.","breadcrumb":{"@id":"https:\/\/www.newsendip.com\/fr\/lirlande-declare-un-jour-ferie-unique-pour-la-pandemie-de-covid-19-avant-quelle-ne-soit-terminee\/#breadcrumb"},"inLanguage":"fr-FR","potentialAction":[{"@type":"ReadAction","target":["https:\/\/www.newsendip.com\/fr\/lirlande-declare-un-jour-ferie-unique-pour-la-pandemie-de-covid-19-avant-quelle-ne-soit-terminee\/"]}]},{"@type":"ImageObject","inLanguage":"fr-FR","@id":"https:\/\/www.newsendip.com\/fr\/lirlande-declare-un-jour-ferie-unique-pour-la-pandemie-de-covid-19-avant-quelle-ne-soit-terminee\/#primaryimage","url":"https:\/\/www.newsendip.com\/wp-content\/uploads\/2022\/01\/ireland-public-holiday-covid-19-pandemic.webp","contentUrl":"https:\/\/www.newsendip.com\/wp-content\/uploads\/2022\/01\/ireland-public-holiday-covid-19-pandemic.webp","width":1920,"height":1280,"caption":"\u00a9 Mufid Majnun"},{"@type":"BreadcrumbList","@id":"https:\/\/www.newsendip.com\/fr\/lirlande-declare-un-jour-ferie-unique-pour-la-pandemie-de-covid-19-avant-quelle-ne-soit-terminee\/#breadcrumb","itemListElement":[{"@type":"ListItem","position":1,"name":"Accueil","item":"https:\/\/www.newsendip.com\/fr\/"},{"@type":"ListItem","position":2,"name":"L&#8217;Irlande d\u00e9clare un jour f\u00e9ri\u00e9 unique pour la pand\u00e9mie de COVID-19 avant qu&#8217;elle ne soit termin\u00e9e"}]},{"@type":"WebSite","@id":"https:\/\/www.newsendip.com\/fr\/#website","url":"https:\/\/www.newsendip.com\/fr\/","name":"Newsendip","description":"Red\u00e9couvrez l&#039;actualit\u00e9 internationale","publisher":{"@id":"https:\/\/www.newsendip.com\/fr\/#organization"},"potentialAction":[{"@type":"SearchAction","target":{"@type":"EntryPoint","urlTemplate":"https:\/\/www.newsendip.com\/fr\/?s={search_term_string}"},"query-input":{"@type":"PropertyValueSpecification","valueRequired":true,"valueName":"search_term_string"}}],"inLanguage":"fr-FR"},{"@type":"Organization","@id":"https:\/\/www.newsendip.com\/fr\/#organization","name":"Newsendip","url":"https:\/\/www.newsendip.com\/fr\/","logo":{"@type":"ImageObject","inLanguage":"fr-FR","@id":"https:\/\/www.newsendip.com\/fr\/#\/schema\/logo\/image\/","url":"https:\/\/www.newsendip.com\/wp-content\/uploads\/2023\/12\/512x512.svg","contentUrl":"https:\/\/www.newsendip.com\/wp-content\/uploads\/2023\/12\/512x512.svg","width":1,"height":1,"caption":"Newsendip"},"image":{"@id":"https:\/\/www.newsendip.com\/fr\/#\/schema\/logo\/image\/"},"sameAs":["https:\/\/www.facebook.com\/newsendip","https:\/\/x.com\/newsendip","https:\/\/mastodon.social\/@newsendip","https:\/\/www.linkedin.com\/company\/newsendip"],"description":"Newsendip est un site qui a pour mission de rendre l'actualit\u00e9 internationale accessible et diversifi\u00e9e","email":"contact@newsendip.com","legalName":"Newsendip SAS","foundingDate":"2022-11-04","vatID":"FR60921124723","numberOfEmployees":{"@type":"QuantitativeValue","minValue":"1","maxValue":"10"},"publishingPrinciples":"https:\/\/www.newsendip.com\/about-us\/","ownershipFundingInfo":"https:\/\/www.newsendip.com\/legal-notice\/","actionableFeedbackPolicy":"https:\/\/www.newsendip.com\/about-us\/","correctionsPolicy":"https:\/\/www.newsendip.com\/about-us\/","ethicsPolicy":"https:\/\/www.newsendip.com\/about-us\/","diversityPolicy":"https:\/\/www.newsendip.com\/about-us\/"},{"@type":"Person","@id":"https:\/\/www.newsendip.com\/fr\/#\/schema\/person\/ea22c01755f464a3cbc2c619584d6363","name":"Cl\u00e9ment V\u00e9rit\u00e9","description":"Cl\u00e9ment is the executive editor and founder of Newsendip. He started in the media industry as a freelance reporter at 16 for a local French newspaper after school and has never left it. He later worked for seven years at The New York Times, notably as a data analyst. He holds a Master of Management in France and a Master of Arts in the United Kingdom in International Marketing &amp; Communications Strategy. He has lived in France, the United Kingdom, and Italy.","sameAs":["https:\/\/www.newsendip.com\/","https:\/\/www.linkedin.com\/in\/clementverite\/","https:\/\/x.com\/https:\/\/twitter.com\/cverite"],"knowsAbout":["News","International","Business","Media monitoring"],"knowsLanguage":["English","French","Italian","Spanish"],"url":"https:\/\/www.newsendip.com\/fr\/author\/clement-verite\/"}]}},"_links":{"self":[{"href":"https:\/\/www.newsendip.com\/fr\/wp-json\/wp\/v2\/posts\/18392","targetHints":{"allow":["GET"]}}],"collection":[{"href":"https:\/\/www.newsendip.com\/fr\/wp-json\/wp\/v2\/posts"}],"about":[{"href":"https:\/\/www.newsendip.com\/fr\/wp-json\/wp\/v2\/types\/post"}],"author":[{"embeddable":true,"href":"https:\/\/www.newsendip.com\/fr\/wp-json\/wp\/v2\/users\/1"}],"replies":[{"embeddable":true,"href":"https:\/\/www.newsendip.com\/fr\/wp-json\/wp\/v2\/comments?post=18392"}],"version-history":[{"count":0,"href":"https:\/\/www.newsendip.com\/fr\/wp-json\/wp\/v2\/posts\/18392\/revisions"}],"wp:featuredmedia":[{"embeddable":true,"href":"https:\/\/www.newsendip.com\/fr\/wp-json\/wp\/v2\/media\/13947"}],"wp:attachment":[{"href":"https:\/\/www.newsendip.com\/fr\/wp-json\/wp\/v2\/media?parent=18392"}],"wp:term":[{"taxonomy":"category","embeddable":true,"href":"https:\/\/www.newsendip.com\/fr\/wp-json\/wp\/v2\/categories?post=18392"},{"taxonomy":"post_tag","embeddable":true,"href":"https:\/\/www.newsendip.com\/fr\/wp-json\/wp\/v2\/tags?post=18392"}],"curies":[{"name":"wp","href":"https:\/\/api.w.org\/{rel}","templated":true}]}}