{"id":18395,"date":"2022-01-20T14:40:00","date_gmt":"2022-01-20T13:40:00","guid":{"rendered":"https:\/\/www.newsendip.com\/?p=18395"},"modified":"2023-09-05T19:12:13","modified_gmt":"2023-09-05T17:12:13","slug":"la-saint-brigids-day-nouveau-jour-ferie-en-irlande-le-premier-du-pays-associe-au-nom-dune-femme","status":"publish","type":"post","link":"https:\/\/www.newsendip.com\/fr\/la-saint-brigids-day-nouveau-jour-ferie-en-irlande-le-premier-du-pays-associe-au-nom-dune-femme\/","title":{"rendered":"La Saint Brigid\u2019s Day&nbsp;: nouveau jour f\u00e9ri\u00e9 en Irlande, le premier du pays associ\u00e9 au nom d\u2019une&nbsp;femme"},"content":{"rendered":"<p><strong>Le gouvernement irlandais a annonc\u00e9 la cr\u00e9ation d\u2019un nouveau jour f\u00e9ri\u00e9 lors de la Saint Brigitte, le premier jour f\u00e9ri\u00e9 irlandais associ\u00e9 au nom d\u2019une femme. Il d\u00e9butera le 1er f\u00e9vrier 2023.<br>\n<\/strong><\/p>\n<figure id=\"attachment_13945\" aria-describedby=\"caption-attachment-13945\" style=\"width: 1024px\" class=\"wp-caption aligncenter\"><img decoding=\"async\" class=\"size-large wp-image-13945\" src=\"https:\/\/www.newsendip.com\/wp-content\/uploads\/2022\/01\/saint-brigid-day-ireland-public-holiday-1024x678.webp\" alt=\"rue de Galway en Irlande\" width=\"1024\" height=\"678\" srcset=\"https:\/\/www.newsendip.com\/wp-content\/uploads\/2022\/01\/saint-brigid-day-ireland-public-holiday-1024x678.webp 1024w, https:\/\/www.newsendip.com\/wp-content\/uploads\/2022\/01\/saint-brigid-day-ireland-public-holiday-60x40.webp 60w, https:\/\/www.newsendip.com\/wp-content\/uploads\/2022\/01\/saint-brigid-day-ireland-public-holiday-300x199.webp 300w, https:\/\/www.newsendip.com\/wp-content\/uploads\/2022\/01\/saint-brigid-day-ireland-public-holiday-768x509.webp 768w, https:\/\/www.newsendip.com\/wp-content\/uploads\/2022\/01\/saint-brigid-day-ireland-public-holiday-1536x1018.webp 1536w, https:\/\/www.newsendip.com\/wp-content\/uploads\/2022\/01\/saint-brigid-day-ireland-public-holiday.webp 1920w\" sizes=\"(max-width: 1024px) 100vw, 1024px\"><figcaption id=\"caption-attachment-13945\" class=\"wp-caption-text\">L\u2019Irlande a annonc\u00e9 la cr\u00e9ation d\u2019un nouveau jour f\u00e9ri\u00e9 \u00e0 l\u2019occasion de la Saint Brigid\u2019s Day. C\u2019est le premier parmi les dix jours f\u00e9ri\u00e9s irlandais portant le nom d\u2019une femme | \u00a9 Ruby Doan, rue de Galway en Irlande, 2019<\/figcaption><\/figure>\n<p>Le <a href=\"#post-bottom-source\">gouvernement irlandais<\/a> a convenu le 19 janvier d\u2019un nouveau jour f\u00e9ri\u00e9 annuel, ainsi que d\u2019un <a href=\"https:\/\/www.newsendip.com\/ireland-once-off-public-holiday-covid-19-pandemic-march-17-2021\/\">jour f\u00e9ri\u00e9 unique pour se comm\u00e9morer la pand\u00e9mie de COVID-19<\/a>.<\/p>\n<p>Le nouveau jour f\u00e9ri\u00e9 sera observ\u00e9 \u00e0 l\u2019occasion de la c\u00e9l\u00e9bration d\u2019Imbolc, \u00e9galement appel\u00e9 St Brigid\u2019s Day, soit le jour de la Saint Brigitte, le 1er f\u00e9vrier. Il s\u2019agira du premier jour f\u00e9ri\u00e9 irlandais associ\u00e9 au nom d\u2019une femme. Sainte Brigitte d\u2019Irlande est la seule femme parmi les trois saints patrons chr\u00e9tiens de l\u2019Irlande.<\/p>\n<p>Avec cette d\u00e9cision, les quatre festivals saisonniers celtiques seront des jours f\u00e9ri\u00e9s. Bealtaine en mai, Lunaghasa en ao\u00fbt et Samhain, ou Halloween, en octobre-novembre, et d\u00e9sormais Imbolc en f\u00e9vrier.<\/p>\n<p>Imbolc est une f\u00eate traditionnelle ga\u00e9lique c\u00e9l\u00e9brant la vie nouvelle et la fertilit\u00e9. Les chr\u00e9tiens c\u00e9l\u00e8brent \u00e9galement Sainte Brigitte ce jour-l\u00e0. C\u2019\u00e9tait autrefois l\u2019un des jours les plus importants de l\u2019ann\u00e9e en Irlande.<\/p>\n<h2>La Saint Brigid\u2019s Day pour se souvenir et reconna\u00eetre le travail du personnel soignant<\/h2>\n<p>Le 1er f\u00e9vrier, les Irlandais organisaient traditionnellement un repas de f\u00eate pour c\u00e9l\u00e9brer l\u2019arriv\u00e9e de jours plus chauds, de nouvelles plantations et la naissance des animaux de la ferme. Ils fabriquent des croix de Brigitte \u00e0 quatre branches \u00e0 partir de&nbsp;jonc.<!--more--><\/p>\n<p>Sainte Brigitte est associ\u00e9e \u00e0 la fertilit\u00e9, \u00e0 la protection ou \u00e0 la gu\u00e9rison. Une nonne aveugle aurait retrouv\u00e9 la vue apr\u00e8s les pri\u00e8res de Brigitte. On dit aussi qu\u2019elle a transform\u00e9 de l\u2019eau en&nbsp;bi\u00e8re.<\/p>\n<p>Brigitte, une divinit\u00e9 celte avant l\u2019apparition du christianisme en Irlande, est \u00e9galement associ\u00e9e \u00e0 Sainte Brigitte car elle partage de nombreuses histoires et attributs.<\/p>\n<p>Ce nouveau jour f\u00e9ri\u00e9 sera le dixi\u00e8me jour f\u00e9ri\u00e9 en Irlande, ce qui est \u00ab\u202f<em>plus conforme \u00e0 la moyenne europ\u00e9enne<\/em>\u202f\u00bb, a expliqu\u00e9 le ministre de l\u2019entreprise, du commerce et de l\u2019emploi.<\/p>\n<p>En 2022, les Irlandais auront \u00e9galement un jour f\u00e9ri\u00e9 unique, c\u00e9l\u00e9br\u00e9 le 18 mars en souvenir de la pand\u00e9mie de COVID-19 et en reconnaissance des travailleurs en premi\u00e8re ligne face \u00e0 la pand\u00e9mie. Mais \u00e0 partir de 2023, le jour f\u00e9ri\u00e9 se tiendra le 1er f\u00e9vrier en l\u2019honneur d\u2019une sainte associ\u00e9e aux pouvoirs de gu\u00e9rison.<\/p>\n<p>F\u00f3rsa, le plus grand syndicat de la fonction publique irlandaise, a salu\u00e9 l\u2019annonce d\u2019un jour f\u00e9ri\u00e9 suppl\u00e9mentaire et r\u00e9current pour reconna\u00eetre la contribution et le sacrifice des travailleurs pendant la pand\u00e9mie.<\/p>\n<p>Le St Brigid\u2019s Day sera observ\u00e9 le premier lundi de f\u00e9vrier, sauf si le 1er f\u00e9vrier tombe un vendredi auquel cas il sera observ\u00e9 le vendredi.<\/p>\n<p><strong><a href=\"https:\/\/www.newsendip.com\/fr\/etiquette\/irlande\/\">D\u00e9couvrez plus d\u2019actualit\u00e9s d\u2019Irlande<\/a><\/strong><\/p>\n","protected":false},"excerpt":{"rendered":"<p>Le gouvernement irlandais a annonc\u00e9 la cr\u00e9ation d\u2019un nouveau jour f\u00e9ri\u00e9 lors de la Saint Brigitte, le premier jour f\u00e9ri\u00e9 irlandais associ\u00e9 au nom d\u2019une femme. Il d\u00e9butera le 1er f\u00e9vrier 2023.<\/p>\n","protected":false},"author":1,"featured_media":13945,"comment_status":"closed","ping_status":"closed","sticky":false,"template":"","format":"standard","meta":{"wp_typography_post_enhancements_disabled":false,"footnotes":""},"categories":[409],"tags":[411,430],"class_list":["post-18395","post","type-post","status-publish","format-standard","has-post-thumbnail","hentry","category-societe","tag-actuel","tag-irlande"],"yoast_head":"<!-- This site is optimized with the Yoast SEO Premium plugin v27.4 (Yoast SEO v27.4) - https:\/\/yoast.com\/product\/yoast-seo-premium-wordpress\/ -->\n<title>La Saint Brigid&#039;s Day : nouveau jour f\u00e9ri\u00e9 en Irlande, le premier du pays associ\u00e9 au nom d&#039;une femme<\/title>\n<meta name=\"description\" content=\"Le gouvernement irlandais a annonc\u00e9 la cr\u00e9ation d&#039;un nouveau jour f\u00e9ri\u00e9 lors de la Saint Brigitte, le premier jour f\u00e9ri\u00e9 irlandais associ\u00e9 au nom d&#039;une femme. Il d\u00e9butera le 1er f\u00e9vrier 2023.\" \/>\n<meta name=\"robots\" content=\"index, follow, max-snippet:-1, max-image-preview:large, max-video-preview:-1\" \/>\n<link rel=\"canonical\" href=\"https:\/\/www.newsendip.com\/fr\/la-saint-brigids-day-nouveau-jour-ferie-en-irlande-le-premier-du-pays-associe-au-nom-dune-femme\/\" \/>\n<meta property=\"og:locale\" content=\"fr_FR\" \/>\n<meta property=\"og:type\" content=\"article\" \/>\n<meta property=\"og:title\" content=\"La Saint Brigid&#039;s Day : nouveau jour f\u00e9ri\u00e9 en Irlande, le premier du pays associ\u00e9 au nom d&#039;une femme\" \/>\n<meta property=\"og:description\" content=\"Le gouvernement irlandais a annonc\u00e9 la cr\u00e9ation d&#039;un nouveau jour f\u00e9ri\u00e9 lors de la Saint Brigitte, le premier jour f\u00e9ri\u00e9 irlandais associ\u00e9 au nom d&#039;une femme. Il d\u00e9butera le 1er f\u00e9vrier 2023.\" \/>\n<meta property=\"og:url\" content=\"https:\/\/www.newsendip.com\/fr\/la-saint-brigids-day-nouveau-jour-ferie-en-irlande-le-premier-du-pays-associe-au-nom-dune-femme\/\" \/>\n<meta property=\"og:site_name\" content=\"Newsendip\" \/>\n<meta property=\"article:publisher\" content=\"https:\/\/www.facebook.com\/newsendip\" \/>\n<meta property=\"article:published_time\" content=\"2022-01-20T13:40:00+00:00\" \/>\n<meta property=\"article:modified_time\" content=\"2023-09-05T17:12:13+00:00\" \/>\n<meta property=\"og:image\" content=\"https:\/\/www.newsendip.com\/wp-content\/uploads\/2022\/01\/saint-brigid-day-ireland-public-holiday-progressive.jpeg\" \/>\n\t<meta property=\"og:image:width\" content=\"1920\" \/>\n\t<meta property=\"og:image:height\" content=\"1272\" \/>\n\t<meta property=\"og:image:type\" content=\"image\/jpeg\" \/>\n<meta name=\"author\" content=\"Cl\u00e9ment V\u00e9rit\u00e9\" \/>\n<meta name=\"twitter:card\" content=\"summary_large_image\" \/>\n<meta name=\"twitter:image\" content=\"https:\/\/www.newsendip.com\/wp-content\/uploads\/2022\/01\/saint-brigid-day-ireland-public-holiday-progressive.jpeg\" \/>\n<meta name=\"twitter:creator\" content=\"@https:\/\/twitter.com\/cverite\" \/>\n<meta name=\"twitter:site\" content=\"@newsendip\" \/>\n<meta name=\"twitter:label1\" content=\"\u00c9crit par\" \/>\n\t<meta name=\"twitter:data1\" content=\"Cl\u00e9ment V\u00e9rit\u00e9\" \/>\n\t<meta name=\"twitter:label2\" content=\"Dur\u00e9e de lecture estim\u00e9e\" \/>\n\t<meta name=\"twitter:data2\" content=\"3 minutes\" \/>\n<!-- \/ Yoast SEO Premium plugin. -->","yoast_head_json":{"title":"La Saint Brigid's Day : nouveau jour f\u00e9ri\u00e9 en Irlande, le premier du pays associ\u00e9 au nom d'une femme","description":"Le gouvernement irlandais a annonc\u00e9 la cr\u00e9ation d'un nouveau jour f\u00e9ri\u00e9 lors de la Saint Brigitte, le premier jour f\u00e9ri\u00e9 irlandais associ\u00e9 au nom d'une femme. Il d\u00e9butera le 1er f\u00e9vrier 2023.","robots":{"index":"index","follow":"follow","max-snippet":"max-snippet:-1","max-image-preview":"max-image-preview:large","max-video-preview":"max-video-preview:-1"},"canonical":"https:\/\/www.newsendip.com\/fr\/la-saint-brigids-day-nouveau-jour-ferie-en-irlande-le-premier-du-pays-associe-au-nom-dune-femme\/","og_locale":"fr_FR","og_type":"article","og_title":"La Saint Brigid's Day : nouveau jour f\u00e9ri\u00e9 en Irlande, le premier du pays associ\u00e9 au nom d'une femme","og_description":"Le gouvernement irlandais a annonc\u00e9 la cr\u00e9ation d'un nouveau jour f\u00e9ri\u00e9 lors de la Saint Brigitte, le premier jour f\u00e9ri\u00e9 irlandais associ\u00e9 au nom d'une femme. Il d\u00e9butera le 1er f\u00e9vrier 2023.","og_url":"https:\/\/www.newsendip.com\/fr\/la-saint-brigids-day-nouveau-jour-ferie-en-irlande-le-premier-du-pays-associe-au-nom-dune-femme\/","og_site_name":"Newsendip","article_publisher":"https:\/\/www.facebook.com\/newsendip","article_published_time":"2022-01-20T13:40:00+00:00","article_modified_time":"2023-09-05T17:12:13+00:00","og_image":[{"width":1920,"height":1272,"url":"https:\/\/www.newsendip.com\/wp-content\/uploads\/2022\/01\/saint-brigid-day-ireland-public-holiday-progressive.jpeg","type":"image\/jpeg"}],"author":"Cl\u00e9ment V\u00e9rit\u00e9","twitter_card":"summary_large_image","twitter_image":"https:\/\/www.newsendip.com\/wp-content\/uploads\/2022\/01\/saint-brigid-day-ireland-public-holiday-progressive.jpeg","twitter_creator":"@https:\/\/twitter.com\/cverite","twitter_site":"@newsendip","twitter_misc":{"\u00c9crit par":"Cl\u00e9ment V\u00e9rit\u00e9","Dur\u00e9e de lecture estim\u00e9e":"3 minutes"},"schema":{"@context":"https:\/\/schema.org","@graph":[{"@type":"NewsArticle","@id":"https:\/\/www.newsendip.com\/fr\/la-saint-brigids-day-nouveau-jour-ferie-en-irlande-le-premier-du-pays-associe-au-nom-dune-femme\/#article","isPartOf":{"@id":"https:\/\/www.newsendip.com\/fr\/la-saint-brigids-day-nouveau-jour-ferie-en-irlande-le-premier-du-pays-associe-au-nom-dune-femme\/"},"author":{"name":"Cl\u00e9ment V\u00e9rit\u00e9","@id":"https:\/\/www.newsendip.com\/fr\/#\/schema\/person\/ea22c01755f464a3cbc2c619584d6363"},"headline":"La Saint Brigid\u2019s Day&nbsp;: nouveau jour f\u00e9ri\u00e9 en Irlande, le premier du pays associ\u00e9 au nom d\u2019une&nbsp;femme","datePublished":"2022-01-20T13:40:00+00:00","dateModified":"2023-09-05T17:12:13+00:00","mainEntityOfPage":{"@id":"https:\/\/www.newsendip.com\/fr\/la-saint-brigids-day-nouveau-jour-ferie-en-irlande-le-premier-du-pays-associe-au-nom-dune-femme\/"},"wordCount":589,"publisher":{"@id":"https:\/\/www.newsendip.com\/fr\/#organization"},"image":{"@id":"https:\/\/www.newsendip.com\/fr\/la-saint-brigids-day-nouveau-jour-ferie-en-irlande-le-premier-du-pays-associe-au-nom-dune-femme\/#primaryimage"},"thumbnailUrl":"https:\/\/www.newsendip.com\/wp-content\/uploads\/2022\/01\/saint-brigid-day-ireland-public-holiday.webp","keywords":["Actuel","Irlande"],"articleSection":["Soci\u00e9t\u00e9"],"inLanguage":"fr-FR","copyrightYear":"2022","copyrightHolder":{"@id":"https:\/\/www.newsendip.com\/#organization"}},{"@type":"WebPage","@id":"https:\/\/www.newsendip.com\/fr\/la-saint-brigids-day-nouveau-jour-ferie-en-irlande-le-premier-du-pays-associe-au-nom-dune-femme\/","url":"https:\/\/www.newsendip.com\/fr\/la-saint-brigids-day-nouveau-jour-ferie-en-irlande-le-premier-du-pays-associe-au-nom-dune-femme\/","name":"La Saint Brigid's Day : nouveau jour f\u00e9ri\u00e9 en Irlande, le premier du pays associ\u00e9 au nom d'une femme","isPartOf":{"@id":"https:\/\/www.newsendip.com\/fr\/#website"},"primaryImageOfPage":{"@id":"https:\/\/www.newsendip.com\/fr\/la-saint-brigids-day-nouveau-jour-ferie-en-irlande-le-premier-du-pays-associe-au-nom-dune-femme\/#primaryimage"},"image":{"@id":"https:\/\/www.newsendip.com\/fr\/la-saint-brigids-day-nouveau-jour-ferie-en-irlande-le-premier-du-pays-associe-au-nom-dune-femme\/#primaryimage"},"thumbnailUrl":"https:\/\/www.newsendip.com\/wp-content\/uploads\/2022\/01\/saint-brigid-day-ireland-public-holiday.webp","datePublished":"2022-01-20T13:40:00+00:00","dateModified":"2023-09-05T17:12:13+00:00","description":"Le gouvernement irlandais a annonc\u00e9 la cr\u00e9ation d'un nouveau jour f\u00e9ri\u00e9 lors de la Saint Brigitte, le premier jour f\u00e9ri\u00e9 irlandais associ\u00e9 au nom d'une femme. Il d\u00e9butera le 1er f\u00e9vrier 2023.","breadcrumb":{"@id":"https:\/\/www.newsendip.com\/fr\/la-saint-brigids-day-nouveau-jour-ferie-en-irlande-le-premier-du-pays-associe-au-nom-dune-femme\/#breadcrumb"},"inLanguage":"fr-FR","potentialAction":[{"@type":"ReadAction","target":["https:\/\/www.newsendip.com\/fr\/la-saint-brigids-day-nouveau-jour-ferie-en-irlande-le-premier-du-pays-associe-au-nom-dune-femme\/"]}]},{"@type":"ImageObject","inLanguage":"fr-FR","@id":"https:\/\/www.newsendip.com\/fr\/la-saint-brigids-day-nouveau-jour-ferie-en-irlande-le-premier-du-pays-associe-au-nom-dune-femme\/#primaryimage","url":"https:\/\/www.newsendip.com\/wp-content\/uploads\/2022\/01\/saint-brigid-day-ireland-public-holiday.webp","contentUrl":"https:\/\/www.newsendip.com\/wp-content\/uploads\/2022\/01\/saint-brigid-day-ireland-public-holiday.webp","width":1920,"height":1272,"caption":"L'Irlande a annonc\u00e9 la cr\u00e9ation d'un nouveau jour f\u00e9ri\u00e9 \u00e0 l'occasion de la Saint Brigid's Day. C'est le premier parmi les dix jours f\u00e9ri\u00e9s irlandais portant le nom d'une femme | \u00a9 Ruby Doan, rue de Galway en Irlande, 2019"},{"@type":"BreadcrumbList","@id":"https:\/\/www.newsendip.com\/fr\/la-saint-brigids-day-nouveau-jour-ferie-en-irlande-le-premier-du-pays-associe-au-nom-dune-femme\/#breadcrumb","itemListElement":[{"@type":"ListItem","position":1,"name":"Accueil","item":"https:\/\/www.newsendip.com\/fr\/"},{"@type":"ListItem","position":2,"name":"La Saint Brigid\u2019s Day : nouveau jour f\u00e9ri\u00e9 en Irlande, le premier du pays associ\u00e9 au nom d\u2019une&nbsp;femme"}]},{"@type":"WebSite","@id":"https:\/\/www.newsendip.com\/fr\/#website","url":"https:\/\/www.newsendip.com\/fr\/","name":"Newsendip","description":"Red\u00e9couvrez l&#039;actualit\u00e9 internationale","publisher":{"@id":"https:\/\/www.newsendip.com\/fr\/#organization"},"potentialAction":[{"@type":"SearchAction","target":{"@type":"EntryPoint","urlTemplate":"https:\/\/www.newsendip.com\/fr\/?s={search_term_string}"},"query-input":{"@type":"PropertyValueSpecification","valueRequired":true,"valueName":"search_term_string"}}],"inLanguage":"fr-FR"},{"@type":"Organization","@id":"https:\/\/www.newsendip.com\/fr\/#organization","name":"Newsendip","url":"https:\/\/www.newsendip.com\/fr\/","logo":{"@type":"ImageObject","inLanguage":"fr-FR","@id":"https:\/\/www.newsendip.com\/fr\/#\/schema\/logo\/image\/","url":"https:\/\/www.newsendip.com\/wp-content\/uploads\/2023\/12\/512x512.svg","contentUrl":"https:\/\/www.newsendip.com\/wp-content\/uploads\/2023\/12\/512x512.svg","width":1,"height":1,"caption":"Newsendip"},"image":{"@id":"https:\/\/www.newsendip.com\/fr\/#\/schema\/logo\/image\/"},"sameAs":["https:\/\/www.facebook.com\/newsendip","https:\/\/x.com\/newsendip","https:\/\/mastodon.social\/@newsendip","https:\/\/www.linkedin.com\/company\/newsendip"],"description":"Newsendip est un site qui a pour mission de rendre l'actualit\u00e9 internationale accessible et diversifi\u00e9e","email":"contact@newsendip.com","legalName":"Newsendip SAS","foundingDate":"2022-11-04","vatID":"FR60921124723","numberOfEmployees":{"@type":"QuantitativeValue","minValue":"1","maxValue":"10"},"publishingPrinciples":"https:\/\/www.newsendip.com\/about-us\/","ownershipFundingInfo":"https:\/\/www.newsendip.com\/legal-notice\/","actionableFeedbackPolicy":"https:\/\/www.newsendip.com\/about-us\/","correctionsPolicy":"https:\/\/www.newsendip.com\/about-us\/","ethicsPolicy":"https:\/\/www.newsendip.com\/about-us\/","diversityPolicy":"https:\/\/www.newsendip.com\/about-us\/"},{"@type":"Person","@id":"https:\/\/www.newsendip.com\/fr\/#\/schema\/person\/ea22c01755f464a3cbc2c619584d6363","name":"Cl\u00e9ment V\u00e9rit\u00e9","description":"Cl\u00e9ment is the executive editor and founder of Newsendip. He started in the media industry as a freelance reporter at 16 for a local French newspaper after school and has never left it. He later worked for seven years at The New York Times, notably as a data analyst. He holds a Master of Management in France and a Master of Arts in the United Kingdom in International Marketing &amp; Communications Strategy. He has lived in France, the United Kingdom, and Italy.","sameAs":["https:\/\/www.newsendip.com\/","https:\/\/www.linkedin.com\/in\/clementverite\/","https:\/\/x.com\/https:\/\/twitter.com\/cverite"],"knowsAbout":["News","International","Business","Media monitoring"],"knowsLanguage":["English","French","Italian","Spanish"],"url":"https:\/\/www.newsendip.com\/fr\/author\/clement-verite\/"}]}},"_links":{"self":[{"href":"https:\/\/www.newsendip.com\/fr\/wp-json\/wp\/v2\/posts\/18395","targetHints":{"allow":["GET"]}}],"collection":[{"href":"https:\/\/www.newsendip.com\/fr\/wp-json\/wp\/v2\/posts"}],"about":[{"href":"https:\/\/www.newsendip.com\/fr\/wp-json\/wp\/v2\/types\/post"}],"author":[{"embeddable":true,"href":"https:\/\/www.newsendip.com\/fr\/wp-json\/wp\/v2\/users\/1"}],"replies":[{"embeddable":true,"href":"https:\/\/www.newsendip.com\/fr\/wp-json\/wp\/v2\/comments?post=18395"}],"version-history":[{"count":0,"href":"https:\/\/www.newsendip.com\/fr\/wp-json\/wp\/v2\/posts\/18395\/revisions"}],"wp:featuredmedia":[{"embeddable":true,"href":"https:\/\/www.newsendip.com\/fr\/wp-json\/wp\/v2\/media\/13945"}],"wp:attachment":[{"href":"https:\/\/www.newsendip.com\/fr\/wp-json\/wp\/v2\/media?parent=18395"}],"wp:term":[{"taxonomy":"category","embeddable":true,"href":"https:\/\/www.newsendip.com\/fr\/wp-json\/wp\/v2\/categories?post=18395"},{"taxonomy":"post_tag","embeddable":true,"href":"https:\/\/www.newsendip.com\/fr\/wp-json\/wp\/v2\/tags?post=18395"}],"curies":[{"name":"wp","href":"https:\/\/api.w.org\/{rel}","templated":true}]}}