{"id":18402,"date":"2021-10-26T10:25:21","date_gmt":"2021-10-26T08:25:21","guid":{"rendered":"https:\/\/www.newsendip.com\/?p=18402"},"modified":"2024-07-16T23:42:31","modified_gmt":"2024-07-16T21:42:31","slug":"payer-les-heures-supplementaires-des-fonctionnaires-en-irlande-plus-couteux-que-prevu","status":"publish","type":"post","link":"https:\/\/www.newsendip.com\/fr\/payer-les-heures-supplementaires-des-fonctionnaires-en-irlande-plus-couteux-que-prevu\/","title":{"rendered":"Payer les heures suppl\u00e9mentaires des fonctionnaires en Irlande plus co\u00fbteux que&nbsp;pr\u00e9vu"},"content":{"rendered":"<p><strong>En d\u00e9cembre 2020, l\u2019Irlande \u00e9tait revenue sur un plan d\u2019aust\u00e9rit\u00e9 qui augmentait le temps de travail des fonctionnaires. Mais le montant des compensations pourrait \u00eatre quatre fois plus \u00e9lev\u00e9 qu\u2019initialement pr\u00e9vu, alors que les syndicats rejettent les pr\u00e9visions du gouvernement.<br>\n<\/strong><\/p>\n<figure id=\"attachment_13731\" aria-describedby=\"caption-attachment-13731\" style=\"width: 640px\" class=\"wp-caption aligncenter\"><img decoding=\"async\" class=\"size-full wp-image-13731\" src=\"https:\/\/www.newsendip.com\/wp-content\/uploads\/2021\/10\/emergency-hospital-progressive.jpeg\" alt=\"H\u00f4pital\" width=\"640\" height=\"423\" srcset=\"https:\/\/www.newsendip.com\/wp-content\/uploads\/2021\/10\/emergency-hospital-progressive.jpeg 640w, https:\/\/www.newsendip.com\/wp-content\/uploads\/2021\/10\/emergency-hospital-progressive-60x40.jpeg 60w, https:\/\/www.newsendip.com\/wp-content\/uploads\/2021\/10\/emergency-hospital-progressive-300x198.jpeg 300w\" sizes=\"(max-width: 640px) 100vw, 640px\"><figcaption id=\"caption-attachment-13731\" class=\"wp-caption-text\">Le gouvernement pr\u00e9voit que la r\u00e9duction du temps de travail dans le secteur de la sant\u00e9 co\u00fbterait 300 millions d\u2019euros par&nbsp;an.<\/figcaption><\/figure>\n<p>En d\u00e9cembre 2020, au milieu de la pand\u00e9mie de Covid-19, le gouvernement irlandais \u00e9tait revenu sur des mesures d\u2019aust\u00e9rit\u00e9 instaur\u00e9es dix ans auparavant dans le secteur public.<\/p>\n<p>Le plan Building Momentum est un accord salarial national qui ouvre la voie \u00e0 des ressources suppl\u00e9mentaires dans le secteur public pour les deux prochaines ann\u00e9es. Le gouvernement a par exemple pr\u00e9vu deux augmentations de salaire, de 1\u202f% ou de 500 euros, selon le montant le plus \u00e9lev\u00e9, sur le salaire annuel de tous les fonctionnaires en octobre 2021 et&nbsp;2022.<\/p>\n<p>Avec ce plan, le gouvernement a \u00e9galement accept\u00e9 de revoir certaines parties de l\u2019accord \u00ab\u202fHaddington Road\u202f\u00bb, l\u2019une des principales revendications des syndicats de travailleurs pour n\u00e9gocier avec le gouvernement.<\/p>\n<p>L\u2019accord d\u2019<a href=\"#post-bottom-source\">Haddington Road<\/a> de 2013 est une mesure d\u2019aust\u00e9rit\u00e9 permettant d\u2019\u00e9conomiser un milliard d\u2019euros pour <a href=\"https:\/\/www.newsendip.com\/fr\/en-irlande-une-commission-parlementaire-recommande-de-ne-pas-augmenter-lage-de-depart-en-retraite\/\">financer les retraites<\/a> en <strong>r\u00e9duisant les salaires et en augmentant le temps de travail hebdomadaire<\/strong>. Les personnes qui travaillaient moins de 35 heures par semaine ont augment\u00e9 leurs heures \u00e0 37 heures hebdomadaires, et celles entre 35 et 39 heures devaient travailler 39 heures par semaine.<\/p>\n<p>Ainsi, les heures suppl\u00e9mentaires \u00e9taient consid\u00e9r\u00e9es comme des heures r\u00e9guli\u00e8res tandis que les syndicats de travailleurs consid\u00e8rent qu\u2019il ne s\u2019agissait que d\u2019une mesure temporaire et r\u00e9clament le paiement des heures suppl\u00e9mentaires pass\u00e9es.<\/p>\n<h2>Un demi-milliard de plus que ce que le gouvernement a&nbsp;pr\u00e9vu<\/h2>\n<p>Une enveloppe de 150 millions d\u2019euros avait \u00e9t\u00e9 d\u00e9bloqu\u00e9e pour compenser l\u2019annulation partielle de l\u2019accord de Haddington Road et la diminution des heures de travail.<!--more--><\/p>\n<p>L\u2019\u00e9t\u00e9 dernier, le <a href=\"#post-bottom-source\">comit\u00e9 du service public du Congr\u00e8s irlandais des syndicats<\/a> (ICTU), qui repr\u00e9sente 90\u202f% des fonctionnaires, avait alors estim\u00e9 que cette somme suffirait \u00e0 financer le changement sans effets n\u00e9gatifs.<\/p>\n<p>Mais les pr\u00e9visions du gouvernement sont bien plus \u00e9lev\u00e9es.<\/p>\n<p>Pour le minist\u00e8re irlandais des D\u00e9penses publiques et de la R\u00e9forme (DPER), le d\u00e9partement du gouvernement charg\u00e9 de superviser les r\u00e9formes dans le secteur public, <strong>la r\u00e9duction du temps de travail co\u00fbterait 645 millions d\u2019euros par an<\/strong> rapporte l\u2019<a href=\"https:\/\/www.irishtimes.com\/news\/ireland\/irish-news\/ending-public-service-austerity-hours-costs-same-as-11-000-new-jobs-department-says-1.4709492\"><em>Irish Times<\/em><\/a>. En 2017, le minist\u00e8re avait estim\u00e9 le co\u00fbt \u00e0 600 millions d\u2019euros afin d\u2019embaucher et de compenser les heures de travail suppl\u00e9mentaires.<\/p>\n<p>Les pr\u00e9visions repr\u00e9senteraient <strong>500 millions d\u2019euros de plus que ce qui a \u00e9t\u00e9 anticip\u00e9<\/strong>. Environ 300 millions d\u2019euros seraient n\u00e9cessaires pour le secteur de la sant\u00e9 uniquement.<\/p>\n<p>Selon l\u2019<em>Irish Times<\/em>, le DPER a calcul\u00e9 que les <strong>heures perdues repr\u00e9sentaient l\u2019\u00e9quivalent de pr\u00e8s de 11 000 employ\u00e9s \u00e0 temps plein<\/strong>.<\/p>\n<p>Mais pour la commission des services publics de l\u2019ICTU, les estimations sont sur\u00e9valu\u00e9es car elles ne tiennent pas compte de l\u2019<strong>am\u00e9lioration de la productivit\u00e9<\/strong> et des services fournis depuis 2013.<\/p>\n<p>Comme les augmentations salariales risquent d\u2019\u00eatre inf\u00e9rieures \u00e0 l\u2019inflation, le d\u00e9ploiement de l\u2019inversion de l\u2019accord n\u2019est pas donc finalis\u00e9. Et des questions demeurent ainsi sur la capacit\u00e9 du gouvernement \u00e0 satisfaire ou \u00e0 n\u00e9gocier la r\u00e9duction du temps de travail des fonctionnaires.<\/p>\n<p><strong><a href=\"https:\/\/www.newsendip.com\/fr\/etiquette\/irlande\/\">D\u00e9couvrez plus d\u2019actualit\u00e9s d\u2019Irlande<\/a><\/strong><\/p>\n","protected":false},"excerpt":{"rendered":"<p>l\u2019Irlande \u00e9tait revenue sur un plan d\u2019aust\u00e9rit\u00e9 qui augmentait le temps de travail des fonctionnaires. Mais le montant des compensations pourrait \u00eatre quatre fois plus \u00e9lev\u00e9 qu\u2019initialement pr\u00e9vu.<\/p>\n","protected":false},"author":1,"featured_media":13731,"comment_status":"closed","ping_status":"closed","sticky":false,"template":"","format":"standard","meta":{"wp_typography_post_enhancements_disabled":false,"footnotes":""},"categories":[416],"tags":[430,421],"class_list":["post-18402","post","type-post","status-publish","format-standard","has-post-thumbnail","hentry","category-politique","tag-irlande","tag-vieux"],"yoast_head":"<!-- This site is optimized with the Yoast SEO Premium plugin v27.4 (Yoast SEO v27.4) - https:\/\/yoast.com\/product\/yoast-seo-premium-wordpress\/ -->\n<title>Payer les heures suppl\u00e9mentaires des fonctionnaires en Irlande plus co\u00fbteux que pr\u00e9vu<\/title>\n<meta name=\"description\" content=\"l&#039;Irlande \u00e9tait revenue sur un plan d&#039;aust\u00e9rit\u00e9 qui augmentait le temps de travail des fonctionnaires. Mais le montant des compensations pourrait \u00eatre quatre fois plus \u00e9lev\u00e9 qu&#039;initialement pr\u00e9vu.\" \/>\n<meta name=\"robots\" content=\"index, follow, max-snippet:-1, max-image-preview:large, max-video-preview:-1\" \/>\n<link rel=\"canonical\" href=\"https:\/\/www.newsendip.com\/fr\/payer-les-heures-supplementaires-des-fonctionnaires-en-irlande-plus-couteux-que-prevu\/\" \/>\n<meta property=\"og:locale\" content=\"fr_FR\" \/>\n<meta property=\"og:type\" content=\"article\" \/>\n<meta property=\"og:title\" content=\"Payer les heures suppl\u00e9mentaires des fonctionnaires en Irlande plus co\u00fbteux que pr\u00e9vu\" \/>\n<meta property=\"og:description\" content=\"l&#039;Irlande \u00e9tait revenue sur un plan d&#039;aust\u00e9rit\u00e9 qui augmentait le temps de travail des fonctionnaires. Mais le montant des compensations pourrait \u00eatre quatre fois plus \u00e9lev\u00e9 qu&#039;initialement pr\u00e9vu.\" \/>\n<meta property=\"og:url\" content=\"https:\/\/www.newsendip.com\/fr\/payer-les-heures-supplementaires-des-fonctionnaires-en-irlande-plus-couteux-que-prevu\/\" \/>\n<meta property=\"og:site_name\" content=\"Newsendip\" \/>\n<meta property=\"article:publisher\" content=\"https:\/\/www.facebook.com\/newsendip\" \/>\n<meta property=\"article:published_time\" content=\"2021-10-26T08:25:21+00:00\" \/>\n<meta property=\"article:modified_time\" content=\"2024-07-16T21:42:31+00:00\" \/>\n<meta property=\"og:image\" content=\"https:\/\/www.newsendip.com\/wp-content\/uploads\/2021\/10\/emergency-hospital-progressive.jpeg\" \/>\n\t<meta property=\"og:image:width\" content=\"640\" \/>\n\t<meta property=\"og:image:height\" content=\"423\" \/>\n\t<meta property=\"og:image:type\" content=\"image\/jpeg\" \/>\n<meta name=\"author\" content=\"Cl\u00e9ment V\u00e9rit\u00e9\" \/>\n<meta name=\"twitter:card\" content=\"summary_large_image\" \/>\n<meta name=\"twitter:creator\" content=\"@https:\/\/twitter.com\/cverite\" \/>\n<meta name=\"twitter:site\" content=\"@newsendip\" \/>\n<meta name=\"twitter:label1\" content=\"\u00c9crit par\" \/>\n\t<meta name=\"twitter:data1\" content=\"Cl\u00e9ment V\u00e9rit\u00e9\" \/>\n\t<meta name=\"twitter:label2\" content=\"Dur\u00e9e de lecture estim\u00e9e\" \/>\n\t<meta name=\"twitter:data2\" content=\"3 minutes\" \/>\n<!-- \/ Yoast SEO Premium plugin. -->","yoast_head_json":{"title":"Payer les heures suppl\u00e9mentaires des fonctionnaires en Irlande plus co\u00fbteux que pr\u00e9vu","description":"l'Irlande \u00e9tait revenue sur un plan d'aust\u00e9rit\u00e9 qui augmentait le temps de travail des fonctionnaires. Mais le montant des compensations pourrait \u00eatre quatre fois plus \u00e9lev\u00e9 qu'initialement pr\u00e9vu.","robots":{"index":"index","follow":"follow","max-snippet":"max-snippet:-1","max-image-preview":"max-image-preview:large","max-video-preview":"max-video-preview:-1"},"canonical":"https:\/\/www.newsendip.com\/fr\/payer-les-heures-supplementaires-des-fonctionnaires-en-irlande-plus-couteux-que-prevu\/","og_locale":"fr_FR","og_type":"article","og_title":"Payer les heures suppl\u00e9mentaires des fonctionnaires en Irlande plus co\u00fbteux que pr\u00e9vu","og_description":"l'Irlande \u00e9tait revenue sur un plan d'aust\u00e9rit\u00e9 qui augmentait le temps de travail des fonctionnaires. Mais le montant des compensations pourrait \u00eatre quatre fois plus \u00e9lev\u00e9 qu'initialement pr\u00e9vu.","og_url":"https:\/\/www.newsendip.com\/fr\/payer-les-heures-supplementaires-des-fonctionnaires-en-irlande-plus-couteux-que-prevu\/","og_site_name":"Newsendip","article_publisher":"https:\/\/www.facebook.com\/newsendip","article_published_time":"2021-10-26T08:25:21+00:00","article_modified_time":"2024-07-16T21:42:31+00:00","og_image":[{"width":640,"height":423,"url":"https:\/\/www.newsendip.com\/wp-content\/uploads\/2021\/10\/emergency-hospital-progressive.jpeg","type":"image\/jpeg"}],"author":"Cl\u00e9ment V\u00e9rit\u00e9","twitter_card":"summary_large_image","twitter_creator":"@https:\/\/twitter.com\/cverite","twitter_site":"@newsendip","twitter_misc":{"\u00c9crit par":"Cl\u00e9ment V\u00e9rit\u00e9","Dur\u00e9e de lecture estim\u00e9e":"3 minutes"},"schema":{"@context":"https:\/\/schema.org","@graph":[{"@type":"NewsArticle","@id":"https:\/\/www.newsendip.com\/fr\/payer-les-heures-supplementaires-des-fonctionnaires-en-irlande-plus-couteux-que-prevu\/#article","isPartOf":{"@id":"https:\/\/www.newsendip.com\/fr\/payer-les-heures-supplementaires-des-fonctionnaires-en-irlande-plus-couteux-que-prevu\/"},"author":{"name":"Cl\u00e9ment V\u00e9rit\u00e9","@id":"https:\/\/www.newsendip.com\/fr\/#\/schema\/person\/ea22c01755f464a3cbc2c619584d6363"},"headline":"Payer les heures suppl\u00e9mentaires des fonctionnaires en Irlande plus co\u00fbteux que&nbsp;pr\u00e9vu","datePublished":"2021-10-26T08:25:21+00:00","dateModified":"2024-07-16T21:42:31+00:00","mainEntityOfPage":{"@id":"https:\/\/www.newsendip.com\/fr\/payer-les-heures-supplementaires-des-fonctionnaires-en-irlande-plus-couteux-que-prevu\/"},"wordCount":622,"publisher":{"@id":"https:\/\/www.newsendip.com\/fr\/#organization"},"image":{"@id":"https:\/\/www.newsendip.com\/fr\/payer-les-heures-supplementaires-des-fonctionnaires-en-irlande-plus-couteux-que-prevu\/#primaryimage"},"thumbnailUrl":"https:\/\/www.newsendip.com\/wp-content\/uploads\/2021\/10\/emergency-hospital-progressive.jpeg","keywords":["Irlande","Vieux"],"articleSection":["Politique"],"inLanguage":"fr-FR","copyrightYear":"2021","copyrightHolder":{"@id":"https:\/\/www.newsendip.com\/#organization"}},{"@type":"WebPage","@id":"https:\/\/www.newsendip.com\/fr\/payer-les-heures-supplementaires-des-fonctionnaires-en-irlande-plus-couteux-que-prevu\/","url":"https:\/\/www.newsendip.com\/fr\/payer-les-heures-supplementaires-des-fonctionnaires-en-irlande-plus-couteux-que-prevu\/","name":"Payer les heures suppl\u00e9mentaires des fonctionnaires en Irlande plus co\u00fbteux que pr\u00e9vu","isPartOf":{"@id":"https:\/\/www.newsendip.com\/fr\/#website"},"primaryImageOfPage":{"@id":"https:\/\/www.newsendip.com\/fr\/payer-les-heures-supplementaires-des-fonctionnaires-en-irlande-plus-couteux-que-prevu\/#primaryimage"},"image":{"@id":"https:\/\/www.newsendip.com\/fr\/payer-les-heures-supplementaires-des-fonctionnaires-en-irlande-plus-couteux-que-prevu\/#primaryimage"},"thumbnailUrl":"https:\/\/www.newsendip.com\/wp-content\/uploads\/2021\/10\/emergency-hospital-progressive.jpeg","datePublished":"2021-10-26T08:25:21+00:00","dateModified":"2024-07-16T21:42:31+00:00","description":"l'Irlande \u00e9tait revenue sur un plan d'aust\u00e9rit\u00e9 qui augmentait le temps de travail des fonctionnaires. Mais le montant des compensations pourrait \u00eatre quatre fois plus \u00e9lev\u00e9 qu'initialement pr\u00e9vu.","breadcrumb":{"@id":"https:\/\/www.newsendip.com\/fr\/payer-les-heures-supplementaires-des-fonctionnaires-en-irlande-plus-couteux-que-prevu\/#breadcrumb"},"inLanguage":"fr-FR","potentialAction":[{"@type":"ReadAction","target":["https:\/\/www.newsendip.com\/fr\/payer-les-heures-supplementaires-des-fonctionnaires-en-irlande-plus-couteux-que-prevu\/"]}]},{"@type":"ImageObject","inLanguage":"fr-FR","@id":"https:\/\/www.newsendip.com\/fr\/payer-les-heures-supplementaires-des-fonctionnaires-en-irlande-plus-couteux-que-prevu\/#primaryimage","url":"https:\/\/www.newsendip.com\/wp-content\/uploads\/2021\/10\/emergency-hospital-progressive.jpeg","contentUrl":"https:\/\/www.newsendip.com\/wp-content\/uploads\/2021\/10\/emergency-hospital-progressive.jpeg","width":640,"height":423,"caption":"Le gouvernement pr\u00e9voit que la r\u00e9duction du temps de travail dans le secteur de la sant\u00e9 co\u00fbterait 300 millions d'euros par an."},{"@type":"BreadcrumbList","@id":"https:\/\/www.newsendip.com\/fr\/payer-les-heures-supplementaires-des-fonctionnaires-en-irlande-plus-couteux-que-prevu\/#breadcrumb","itemListElement":[{"@type":"ListItem","position":1,"name":"Accueil","item":"https:\/\/www.newsendip.com\/fr\/"},{"@type":"ListItem","position":2,"name":"Payer les heures suppl\u00e9mentaires des fonctionnaires en Irlande plus co\u00fbteux que pr\u00e9vu"}]},{"@type":"WebSite","@id":"https:\/\/www.newsendip.com\/fr\/#website","url":"https:\/\/www.newsendip.com\/fr\/","name":"Newsendip","description":"Red\u00e9couvrez l&#039;actualit\u00e9 internationale","publisher":{"@id":"https:\/\/www.newsendip.com\/fr\/#organization"},"potentialAction":[{"@type":"SearchAction","target":{"@type":"EntryPoint","urlTemplate":"https:\/\/www.newsendip.com\/fr\/?s={search_term_string}"},"query-input":{"@type":"PropertyValueSpecification","valueRequired":true,"valueName":"search_term_string"}}],"inLanguage":"fr-FR"},{"@type":"Organization","@id":"https:\/\/www.newsendip.com\/fr\/#organization","name":"Newsendip","url":"https:\/\/www.newsendip.com\/fr\/","logo":{"@type":"ImageObject","inLanguage":"fr-FR","@id":"https:\/\/www.newsendip.com\/fr\/#\/schema\/logo\/image\/","url":"https:\/\/www.newsendip.com\/wp-content\/uploads\/2023\/12\/512x512.svg","contentUrl":"https:\/\/www.newsendip.com\/wp-content\/uploads\/2023\/12\/512x512.svg","width":1,"height":1,"caption":"Newsendip"},"image":{"@id":"https:\/\/www.newsendip.com\/fr\/#\/schema\/logo\/image\/"},"sameAs":["https:\/\/www.facebook.com\/newsendip","https:\/\/x.com\/newsendip","https:\/\/mastodon.social\/@newsendip","https:\/\/www.linkedin.com\/company\/newsendip"],"description":"Newsendip est un site qui a pour mission de rendre l'actualit\u00e9 internationale accessible et diversifi\u00e9e","email":"contact@newsendip.com","legalName":"Newsendip SAS","foundingDate":"2022-11-04","vatID":"FR60921124723","numberOfEmployees":{"@type":"QuantitativeValue","minValue":"1","maxValue":"10"},"publishingPrinciples":"https:\/\/www.newsendip.com\/about-us\/","ownershipFundingInfo":"https:\/\/www.newsendip.com\/legal-notice\/","actionableFeedbackPolicy":"https:\/\/www.newsendip.com\/about-us\/","correctionsPolicy":"https:\/\/www.newsendip.com\/about-us\/","ethicsPolicy":"https:\/\/www.newsendip.com\/about-us\/","diversityPolicy":"https:\/\/www.newsendip.com\/about-us\/"},{"@type":"Person","@id":"https:\/\/www.newsendip.com\/fr\/#\/schema\/person\/ea22c01755f464a3cbc2c619584d6363","name":"Cl\u00e9ment V\u00e9rit\u00e9","description":"Cl\u00e9ment is the executive editor and founder of Newsendip. He started in the media industry as a freelance reporter at 16 for a local French newspaper after school and has never left it. He later worked for seven years at The New York Times, notably as a data analyst. He holds a Master of Management in France and a Master of Arts in the United Kingdom in International Marketing &amp; Communications Strategy. He has lived in France, the United Kingdom, and Italy.","sameAs":["https:\/\/www.newsendip.com\/","https:\/\/www.linkedin.com\/in\/clementverite\/","https:\/\/x.com\/https:\/\/twitter.com\/cverite"],"knowsAbout":["News","International","Business","Media monitoring"],"knowsLanguage":["English","French","Italian","Spanish"],"url":"https:\/\/www.newsendip.com\/fr\/author\/clement-verite\/"}]}},"_links":{"self":[{"href":"https:\/\/www.newsendip.com\/fr\/wp-json\/wp\/v2\/posts\/18402","targetHints":{"allow":["GET"]}}],"collection":[{"href":"https:\/\/www.newsendip.com\/fr\/wp-json\/wp\/v2\/posts"}],"about":[{"href":"https:\/\/www.newsendip.com\/fr\/wp-json\/wp\/v2\/types\/post"}],"author":[{"embeddable":true,"href":"https:\/\/www.newsendip.com\/fr\/wp-json\/wp\/v2\/users\/1"}],"replies":[{"embeddable":true,"href":"https:\/\/www.newsendip.com\/fr\/wp-json\/wp\/v2\/comments?post=18402"}],"version-history":[{"count":0,"href":"https:\/\/www.newsendip.com\/fr\/wp-json\/wp\/v2\/posts\/18402\/revisions"}],"wp:featuredmedia":[{"embeddable":true,"href":"https:\/\/www.newsendip.com\/fr\/wp-json\/wp\/v2\/media\/13731"}],"wp:attachment":[{"href":"https:\/\/www.newsendip.com\/fr\/wp-json\/wp\/v2\/media?parent=18402"}],"wp:term":[{"taxonomy":"category","embeddable":true,"href":"https:\/\/www.newsendip.com\/fr\/wp-json\/wp\/v2\/categories?post=18402"},{"taxonomy":"post_tag","embeddable":true,"href":"https:\/\/www.newsendip.com\/fr\/wp-json\/wp\/v2\/tags?post=18402"}],"curies":[{"name":"wp","href":"https:\/\/api.w.org\/{rel}","templated":true}]}}