{"id":18410,"date":"2021-05-12T06:00:00","date_gmt":"2021-05-12T04:00:00","guid":{"rendered":"https:\/\/www.newsendip.com\/?p=18410"},"modified":"2024-07-23T18:00:33","modified_gmt":"2024-07-23T16:00:33","slug":"les-performances-environnementales-de-lirlande-patissent-dune-mauvaise-gestion-de-leau-et-dun-exces-de-places-de-parking-selon-locde","status":"publish","type":"post","link":"https:\/\/www.newsendip.com\/fr\/les-performances-environnementales-de-lirlande-patissent-dune-mauvaise-gestion-de-leau-et-dun-exces-de-places-de-parking-selon-locde\/","title":{"rendered":"Les performances environnementales de l\u2019Irlande p\u00e2tissent d\u2019une mauvaise gestion de l\u2019eau et d\u2019un exc\u00e8s de places de parking selon l\u2019OCDE"},"content":{"rendered":"<p><strong>L\u2019OCDE met en \u00e9vidence certaines sp\u00e9cificit\u00e9s de l\u2019Irlande \u00e0 l\u2019origine de probl\u00e8mes environnementaux&nbsp;: les places de stationnement et la gestion de l\u2019eau. Malgr\u00e9 des progr\u00e8s consid\u00e9rables, des efforts suppl\u00e9mentaires sont n\u00e9cessaires pour poursuivre les objectifs li\u00e9s au climat, \u00e0 l\u2019\u00e9nergie, \u00e0 l\u2019eau et \u00e0 la biodiversit\u00e9.<\/strong><\/p>\n<figure id=\"attachment_13546\" aria-describedby=\"caption-attachment-13546\" style=\"width: 640px\" class=\"wp-caption aligncenter\"><img decoding=\"async\" class=\"size-full wp-image-13546\" src=\"https:\/\/www.newsendip.com\/wp-content\/uploads\/2021\/05\/Ireland-Environment-Cars.jpg\" alt=\"Selon l'OCDE, les voitures devraient \u00eatre moins utilis\u00e9es en Irlande pour am\u00e9liorer ses performances environnementales\" width=\"640\" height=\"427\" srcset=\"https:\/\/www.newsendip.com\/wp-content\/uploads\/2021\/05\/Ireland-Environment-Cars.jpg 640w, https:\/\/www.newsendip.com\/wp-content\/uploads\/2021\/05\/Ireland-Environment-Cars-300x200.jpg 300w\" sizes=\"(max-width: 640px) 100vw, 640px\"><figcaption id=\"caption-attachment-13546\" class=\"wp-caption-text\">Selon l\u2019OCDE, les voitures devraient \u00eatre moins utilis\u00e9es en Irlande pour am\u00e9liorer ses performances environnementales<\/figcaption><\/figure>\n<p>L\u2019Irlande a l\u2019un des taux les plus \u00e9lev\u00e9s d\u2019\u00e9missions de gaz \u00e0 effet de serre par habitant en Europe, selon le dernier <a href=\"#ref\">examen des performances environnementales de l\u2019Irlande<\/a> effectu\u00e9 par l\u2019Organisation de coop\u00e9ration et de d\u00e9veloppement \u00e9conomiques. <strong>Les transports sont la premi\u00e8re source<\/strong> d\u2019<a href=\"https:\/\/www.newsendip.com\/fr\/bataille-politique-autour-de-la-tourbe-en-irlande\/\">\u00e9missions de gaz \u00e0 effet de serre en Irlande<\/a>, et 74\u202f% d\u2019entre elles proviennent des d\u00e9placements en voiture de particuliers. L\u2019agriculture vient en deuxi\u00e8me position.<\/p>\n<p>La population de l\u2019Irlande est r\u00e9partie dans tout le pays, 57\u202f% des habitants vivent dans une zone rurale, avec une faible densit\u00e9 de population (69 personnes par km\u00b2), ce qui fait de la route le mode de transport privil\u00e9gie.<\/p>\n<p>Parmi les 43 recommandations, le rapport sugg\u00e8re d\u2019augmenter progressivement les taxes sur le diesel pour les aligner sur celles de l\u2019essence. Le fait que les voitures \u00e0 moteur thermique soient plus ch\u00e8res devrait inciter les gens \u00e0 se tourner vers les <a href=\"https:\/\/www.newsendip.com\/fr\/sony-aidera-honda-a-produire-des-voitures-electriques-dans-une-initiative-au-japon\/\">v\u00e9hicules \u00e9lectriques<\/a>. Jusqu\u2019\u00e0 pr\u00e9sent, il s\u2019agit d\u2019une suggestion plut\u00f4t classique, que l\u2019on retrouve dans la plupart des pays d\u00e9velopp\u00e9s.<\/p>\n<p>Mais l\u2019OCDE a \u00e9galement soulign\u00e9 qu\u2019il y a <strong>trop de places de parking dans le pays<\/strong>, ce qui repr\u00e9sente une \u00ab\u202f<em>puissante subvention aux voitures et aux d\u00e9placements en voiture<\/em>\u202f\u00bb.<\/p>\n<p>Au cours des derni\u00e8res ann\u00e9es, l\u2019Irlande a pris des mesures pour r\u00e9duire \u00ab\u202f<em>les exigences excessives en mati\u00e8re de stationnement pour les nouveaux d\u00e9veloppements immobiliers<\/em>\u202f\u00bb, reconna\u00eet le rapport. Et l\u2019OCDE de sugg\u00e9rer une redevance de stationnement en temps r\u00e9el comme l\u2019une des solutions potentielles pour mieux g\u00e9rer les d\u00e9placements en voiture. Plusieurs villes comme San Francisco, Seattle ou Washington testent des prix de places de stationnement ajust\u00e9s en temps r\u00e9el en fonction de l\u2019occupation de l\u2019emplacement. De plus, moins de 4\u202f% des conducteurs paient eux-m\u00eames leur stationnement lorsqu\u2019ils travaillent \u00e0 Dublin, ce qui encourage les personnes \u00e0 utiliser leur voiture pour venir travailler.<\/p>\n<h2>Les traitement de l\u2019eau uniquement g\u00e9r\u00e9 avec le budget de l\u2019\u00c9tat irlandais<\/h2>\n<p><!--more--><\/p>\n<p>Le rapport met \u00e9galement l\u2019accent sur <strong>le cas sp\u00e9cifique de l\u2019Irlande en mati\u00e8re de gestion de l\u2019eau<\/strong>. Les probl\u00e8mes de gestion des eaux us\u00e9es de l\u2019Irlande peuvent en fait poser des risques s\u00e9rieux pour la sant\u00e9 humaine et l\u2019environnement. En 2019, la Cour europ\u00e9enne de justice, saisie par la Commission europ\u00e9enne en 2017, avait estim\u00e9 que<strong> l\u2019Irlande ne respectait pas les lois europ\u00e9ennes dans pr\u00e8s de 30 stations d\u2019\u00e9puration<\/strong> \u00e0 travers le pays. Les \u00c9tats membres de l\u2019UE avaient jusqu\u2019en 2005 pour assurer un traitement appropri\u00e9 des eaux us\u00e9es des agglom\u00e9rations.<\/p>\n<p>L\u2019Irlande se distingue des membres de l\u2019OCDE car <strong>elle ne fait pas payer les m\u00e9nages pour les services d\u2019eau potable et d\u2019assainissement<\/strong>, un mod\u00e8le qui \u00ab\u202f<em>pourrait ne pas \u00eatre en mesure de r\u00e9pondre \u00e0 l\u2019ampleur des investissements requis<\/em>\u202f\u00bb. L\u2019introduction d\u2019une taxe en 2015 fut retir\u00e9e en raison d\u2019une forte opposition sociale. En 2022, l\u2019Irlande ne fera payer que les m\u00e9nages qui d\u00e9passent un certain seuil de consommation d\u2019eau. Moins de 10\u202f% des m\u00e9nages sont responsables de 40\u202f% de la consommation d\u2019eau domestique, et la plupart sont cens\u00e9s \u00eatre dus \u00e0 des fuites dans les canalisations. Pr\u00e8s de 45\u202f% de l\u2019eau trait\u00e9e n\u2019est pas comptabilis\u00e9e dans les statistiques.<\/p>\n<p>Par cons\u00e9quent, 20\u202f% de la population irlandaise dispose de son propre syst\u00e8me d\u2019eau potable et 40\u202f% de la population n\u2019est pas raccord\u00e9e \u00e0 un syst\u00e8me avanc\u00e9 de traitement des eaux us\u00e9es. Les mauvaises performances en mati\u00e8re de gestion de l\u2019eau entra\u00eenent des <strong>cons\u00e9quences environnementales et sanitaires qui sont \u00e9troitement li\u00e9es<\/strong>.<\/p>\n<figure id=\"attachment_13545\" aria-describedby=\"caption-attachment-13545\" style=\"width: 640px\" class=\"wp-caption aligncenter\"><img decoding=\"async\" class=\"size-full wp-image-13545\" src=\"https:\/\/www.newsendip.com\/wp-content\/uploads\/2021\/05\/Ireland-Environment-Water-Management.jpg\" alt=\"Gap of Dunloe en Irlande\" width=\"640\" height=\"427\" srcset=\"https:\/\/www.newsendip.com\/wp-content\/uploads\/2021\/05\/Ireland-Environment-Water-Management.jpg 640w, https:\/\/www.newsendip.com\/wp-content\/uploads\/2021\/05\/Ireland-Environment-Water-Management-300x200.jpg 300w\" sizes=\"(max-width: 640px) 100vw, 640px\"><figcaption id=\"caption-attachment-13545\" class=\"wp-caption-text\">L\u2019Irlande a beau avoir certains des plus beaux lacs et rivi\u00e8res, son eau n\u2019est peut-\u00eatre pas aussi propre qu\u2019elle le semble | Gap of Dunloe, Mark Lawson<\/figcaption><\/figure>\n<h2>De grandes quantit\u00e9s d\u2019engrais et une eau de mauvaise qualit\u00e9<\/h2>\n<p>Par exemple, les puits priv\u00e9s peuvent ne pas \u00eatre scell\u00e9s de mani\u00e8re ad\u00e9quate et \u00eatre propices \u00e0 des maladies. L\u2019Irlande a<strong> le plus haut niveau d\u2019infection pour des maladies comme l\u2019E. Coli<\/strong> en raison de la contamination de l\u2019eau par le lisier de bovins. De plus, <strong>un tiers de la population d\u00e9pend de son propre syst\u00e8me de traitement de l\u2019eau, comme les fosses sceptiques<\/strong>, dont la moiti\u00e9 environ ne serait pas conforme aux normes l\u00e9gales.<\/p>\n<p>Et les 8,5 milliards d\u2019euros investis dans les infrastructures publiques de l\u2019eau pourraient ne pas suffire, selon l\u2019OCDE.<\/p>\n<p>La concentration de nutriments dans les eaux irlandaises est l\u2019une des plus faibles de l\u2019Union europ\u00e9enne. <strong>Cette mauvaise qualit\u00e9 de l\u2019eau est principalement due \u00e0 l\u2019agriculture et au traitement inad\u00e9quat des eaux us\u00e9es<\/strong>. Les niveaux d\u2019azote ont augment\u00e9 depuis 2011, et <a href=\"https:\/\/www.newsendip.com\/fr\/urine-humaine-engrais-indispensable-pour-une-agriculture-durable\/\">la quantit\u00e9 d\u2019engrais azot\u00e9s<\/a> utilis\u00e9e en Irlande est plus de 3 fois sup\u00e9rieure \u00e0 la quantit\u00e9 moyenne parmi les membres de l\u2019OCDE.<\/p>\n<p>De mani\u00e8re g\u00e9n\u00e9rale, les performances environnementales de l\u2019Irlande suivent les performances \u00e9conomiques. L\u2019OCDE note que la pression sur l\u2019environnement a augment\u00e9 pendant la p\u00e9riode de forte croissance de 2014 \u00e0 2019, mais que le pays a connu des probl\u00e8mes environnementaux moins importants pendant sa r\u00e9cession \u00e9conomique de 2007\u20132012.<\/p>\n<p>Les <a href=\"https:\/\/www.newsendip.com\/fr\/data-les-emissions-de-gaz-a-effet-de-serre-de-lue-sont-inferieures-aux-niveaux-davant-la-pandemie-mais-pas-q4\/\">effets environnementaux positifs de la crise du COVID-19<\/a> devraient \u00eatre temporaires. Pendant la p\u00e9riode de r\u00e9cession, gr\u00e2ce \u00e0 la dette souveraine, l\u2019Irlande a pu atteindre l\u2019objectif du protocole de Kyoto. Cependant, la r\u00e9duction estim\u00e9e \u00e0 10\u202f% des gaz \u00e0 effet de serre due aux cons\u00e9quences du COVID-19 ne serait pas suffisante pour atteindre l\u2019objectif de r\u00e9duction de 20\u202f% pour&nbsp;2020.<\/p>\n<p><strong><a href=\"https:\/\/www.newsendip.com\/fr\/etiquette\/irlande\/\">D\u00e9couvrez plus d\u2019actualit\u00e9s d\u2019Irlande<\/a><\/strong><\/p>\n<h3 id=\"ref\">Liens et sources utiles&nbsp;:<\/h3>\n<ul>\n<li><a href=\"https:\/\/read.oecd-ilibrary.org\/environment\/oecd-environmental-performance-reviews-ireland-2021_9ef10b4f-en#page18\">OECD Environmental Performance Reviews&nbsp;: Ireland 2021<\/a>, acc\u00e8s gratuit<\/li>\n<\/ul>\n","protected":false},"excerpt":{"rendered":"<p>l\u2019OCDE met en \u00e9vidence certaines sp\u00e9cificit\u00e9s de l\u2019Irlande \u00e0 l\u2019origine de probl\u00e8mes environnementaux&nbsp;: les places de stationnement et la gestion de&nbsp;l\u2019eau<\/p>\n","protected":false},"author":1,"featured_media":2946,"comment_status":"closed","ping_status":"closed","sticky":false,"template":"","format":"standard","meta":{"wp_typography_post_enhancements_disabled":false,"footnotes":""},"categories":[3016],"tags":[411,430],"class_list":["post-18410","post","type-post","status-publish","format-standard","has-post-thumbnail","hentry","category-environnement","tag-actuel","tag-irlande"],"yoast_head":"<!-- This site is optimized with the Yoast SEO Premium plugin v27.4 (Yoast SEO v27.4) - https:\/\/yoast.com\/product\/yoast-seo-premium-wordpress\/ -->\n<title>Les performances environnementales de l&#039;Irlande p\u00e2tissent d&#039;une mauvaise gestion de l&#039;eau et d&#039;un exc\u00e8s de places de parking selon l&#039;OCDE<\/title>\n<meta name=\"description\" content=\"l&#039;OCDE met en \u00e9vidence certaines sp\u00e9cificit\u00e9s de l&#039;Irlande \u00e0 l&#039;origine de probl\u00e8mes environnementaux : les places de stationnement et la gestion de l&#039;eau\" \/>\n<meta name=\"robots\" content=\"index, follow, max-snippet:-1, max-image-preview:large, max-video-preview:-1\" \/>\n<link rel=\"canonical\" href=\"https:\/\/www.newsendip.com\/fr\/les-performances-environnementales-de-lirlande-patissent-dune-mauvaise-gestion-de-leau-et-dun-exces-de-places-de-parking-selon-locde\/\" \/>\n<meta property=\"og:locale\" content=\"fr_FR\" \/>\n<meta property=\"og:type\" content=\"article\" \/>\n<meta property=\"og:title\" content=\"Les performances environnementales de l&#039;Irlande p\u00e2tissent d&#039;une mauvaise gestion de l&#039;eau et d&#039;un exc\u00e8s de places de parking selon l&#039;OCDE\" \/>\n<meta property=\"og:description\" content=\"l&#039;OCDE met en \u00e9vidence certaines sp\u00e9cificit\u00e9s de l&#039;Irlande \u00e0 l&#039;origine de probl\u00e8mes environnementaux : les places de stationnement et la gestion de l&#039;eau\" \/>\n<meta property=\"og:url\" content=\"https:\/\/www.newsendip.com\/fr\/les-performances-environnementales-de-lirlande-patissent-dune-mauvaise-gestion-de-leau-et-dun-exces-de-places-de-parking-selon-locde\/\" \/>\n<meta property=\"og:site_name\" content=\"Newsendip\" \/>\n<meta property=\"article:publisher\" content=\"https:\/\/www.facebook.com\/newsendip\" \/>\n<meta property=\"article:published_time\" content=\"2021-05-12T04:00:00+00:00\" \/>\n<meta property=\"article:modified_time\" content=\"2024-07-23T16:00:33+00:00\" \/>\n<meta property=\"og:image\" content=\"https:\/\/www.newsendip.com\/wp-content\/uploads\/2021\/05\/Ireland-Environment-Cars.jpg\" \/>\n\t<meta property=\"og:image:width\" content=\"640\" \/>\n\t<meta property=\"og:image:height\" content=\"427\" \/>\n\t<meta property=\"og:image:type\" content=\"image\/jpeg\" \/>\n<meta name=\"author\" content=\"Cl\u00e9ment V\u00e9rit\u00e9\" \/>\n<meta name=\"twitter:card\" content=\"summary_large_image\" \/>\n<meta name=\"twitter:creator\" content=\"@https:\/\/twitter.com\/cverite\" \/>\n<meta name=\"twitter:site\" content=\"@newsendip\" \/>\n<meta name=\"twitter:label1\" content=\"\u00c9crit par\" \/>\n\t<meta name=\"twitter:data1\" content=\"Cl\u00e9ment V\u00e9rit\u00e9\" \/>\n\t<meta name=\"twitter:label2\" content=\"Dur\u00e9e de lecture estim\u00e9e\" \/>\n\t<meta name=\"twitter:data2\" content=\"5 minutes\" \/>\n<!-- \/ Yoast SEO Premium plugin. -->","yoast_head_json":{"title":"Les performances environnementales de l'Irlande p\u00e2tissent d'une mauvaise gestion de l'eau et d'un exc\u00e8s de places de parking selon l'OCDE","description":"l'OCDE met en \u00e9vidence certaines sp\u00e9cificit\u00e9s de l'Irlande \u00e0 l'origine de probl\u00e8mes environnementaux : les places de stationnement et la gestion de l'eau","robots":{"index":"index","follow":"follow","max-snippet":"max-snippet:-1","max-image-preview":"max-image-preview:large","max-video-preview":"max-video-preview:-1"},"canonical":"https:\/\/www.newsendip.com\/fr\/les-performances-environnementales-de-lirlande-patissent-dune-mauvaise-gestion-de-leau-et-dun-exces-de-places-de-parking-selon-locde\/","og_locale":"fr_FR","og_type":"article","og_title":"Les performances environnementales de l'Irlande p\u00e2tissent d'une mauvaise gestion de l'eau et d'un exc\u00e8s de places de parking selon l'OCDE","og_description":"l'OCDE met en \u00e9vidence certaines sp\u00e9cificit\u00e9s de l'Irlande \u00e0 l'origine de probl\u00e8mes environnementaux : les places de stationnement et la gestion de l'eau","og_url":"https:\/\/www.newsendip.com\/fr\/les-performances-environnementales-de-lirlande-patissent-dune-mauvaise-gestion-de-leau-et-dun-exces-de-places-de-parking-selon-locde\/","og_site_name":"Newsendip","article_publisher":"https:\/\/www.facebook.com\/newsendip","article_published_time":"2021-05-12T04:00:00+00:00","article_modified_time":"2024-07-23T16:00:33+00:00","og_image":[{"width":640,"height":427,"url":"https:\/\/www.newsendip.com\/wp-content\/uploads\/2021\/05\/Ireland-Environment-Cars.jpg","type":"image\/jpeg"}],"author":"Cl\u00e9ment V\u00e9rit\u00e9","twitter_card":"summary_large_image","twitter_creator":"@https:\/\/twitter.com\/cverite","twitter_site":"@newsendip","twitter_misc":{"\u00c9crit par":"Cl\u00e9ment V\u00e9rit\u00e9","Dur\u00e9e de lecture estim\u00e9e":"5 minutes"},"schema":{"@context":"https:\/\/schema.org","@graph":[{"@type":"NewsArticle","@id":"https:\/\/www.newsendip.com\/fr\/les-performances-environnementales-de-lirlande-patissent-dune-mauvaise-gestion-de-leau-et-dun-exces-de-places-de-parking-selon-locde\/#article","isPartOf":{"@id":"https:\/\/www.newsendip.com\/fr\/les-performances-environnementales-de-lirlande-patissent-dune-mauvaise-gestion-de-leau-et-dun-exces-de-places-de-parking-selon-locde\/"},"author":{"name":"Cl\u00e9ment V\u00e9rit\u00e9","@id":"https:\/\/www.newsendip.com\/fr\/#\/schema\/person\/ea22c01755f464a3cbc2c619584d6363"},"headline":"Les performances environnementales de l\u2019Irlande p\u00e2tissent d\u2019une mauvaise gestion de l\u2019eau et d\u2019un exc\u00e8s de places de parking selon l\u2019OCDE","datePublished":"2021-05-12T04:00:00+00:00","dateModified":"2024-07-23T16:00:33+00:00","mainEntityOfPage":{"@id":"https:\/\/www.newsendip.com\/fr\/les-performances-environnementales-de-lirlande-patissent-dune-mauvaise-gestion-de-leau-et-dun-exces-de-places-de-parking-selon-locde\/"},"wordCount":1118,"publisher":{"@id":"https:\/\/www.newsendip.com\/fr\/#organization"},"image":{"@id":"https:\/\/www.newsendip.com\/fr\/les-performances-environnementales-de-lirlande-patissent-dune-mauvaise-gestion-de-leau-et-dun-exces-de-places-de-parking-selon-locde\/#primaryimage"},"thumbnailUrl":"https:\/\/www.newsendip.com\/wp-content\/uploads\/2021\/05\/Ireland-Environment-Cars.jpg","keywords":["Actuel","Irlande"],"articleSection":["Environnement"],"inLanguage":"fr-FR","copyrightYear":"2021","copyrightHolder":{"@id":"https:\/\/www.newsendip.com\/#organization"}},{"@type":"WebPage","@id":"https:\/\/www.newsendip.com\/fr\/les-performances-environnementales-de-lirlande-patissent-dune-mauvaise-gestion-de-leau-et-dun-exces-de-places-de-parking-selon-locde\/","url":"https:\/\/www.newsendip.com\/fr\/les-performances-environnementales-de-lirlande-patissent-dune-mauvaise-gestion-de-leau-et-dun-exces-de-places-de-parking-selon-locde\/","name":"Les performances environnementales de l'Irlande p\u00e2tissent d'une mauvaise gestion de l'eau et d'un exc\u00e8s de places de parking selon l'OCDE","isPartOf":{"@id":"https:\/\/www.newsendip.com\/fr\/#website"},"primaryImageOfPage":{"@id":"https:\/\/www.newsendip.com\/fr\/les-performances-environnementales-de-lirlande-patissent-dune-mauvaise-gestion-de-leau-et-dun-exces-de-places-de-parking-selon-locde\/#primaryimage"},"image":{"@id":"https:\/\/www.newsendip.com\/fr\/les-performances-environnementales-de-lirlande-patissent-dune-mauvaise-gestion-de-leau-et-dun-exces-de-places-de-parking-selon-locde\/#primaryimage"},"thumbnailUrl":"https:\/\/www.newsendip.com\/wp-content\/uploads\/2021\/05\/Ireland-Environment-Cars.jpg","datePublished":"2021-05-12T04:00:00+00:00","dateModified":"2024-07-23T16:00:33+00:00","description":"l'OCDE met en \u00e9vidence certaines sp\u00e9cificit\u00e9s de l'Irlande \u00e0 l'origine de probl\u00e8mes environnementaux : les places de stationnement et la gestion de l'eau","breadcrumb":{"@id":"https:\/\/www.newsendip.com\/fr\/les-performances-environnementales-de-lirlande-patissent-dune-mauvaise-gestion-de-leau-et-dun-exces-de-places-de-parking-selon-locde\/#breadcrumb"},"inLanguage":"fr-FR","potentialAction":[{"@type":"ReadAction","target":["https:\/\/www.newsendip.com\/fr\/les-performances-environnementales-de-lirlande-patissent-dune-mauvaise-gestion-de-leau-et-dun-exces-de-places-de-parking-selon-locde\/"]}]},{"@type":"ImageObject","inLanguage":"fr-FR","@id":"https:\/\/www.newsendip.com\/fr\/les-performances-environnementales-de-lirlande-patissent-dune-mauvaise-gestion-de-leau-et-dun-exces-de-places-de-parking-selon-locde\/#primaryimage","url":"https:\/\/www.newsendip.com\/wp-content\/uploads\/2021\/05\/Ireland-Environment-Cars.jpg","contentUrl":"https:\/\/www.newsendip.com\/wp-content\/uploads\/2021\/05\/Ireland-Environment-Cars.jpg","width":640,"height":427,"caption":"Selon l'OCDE, les voitures devraient \u00eatre moins utilis\u00e9es en Irlande pour am\u00e9liorer ses performances environnementales"},{"@type":"BreadcrumbList","@id":"https:\/\/www.newsendip.com\/fr\/les-performances-environnementales-de-lirlande-patissent-dune-mauvaise-gestion-de-leau-et-dun-exces-de-places-de-parking-selon-locde\/#breadcrumb","itemListElement":[{"@type":"ListItem","position":1,"name":"Accueil","item":"https:\/\/www.newsendip.com\/fr\/"},{"@type":"ListItem","position":2,"name":"Les performances environnementales de l&#8217;Irlande p\u00e2tissent d&#8217;une mauvaise gestion de l&#8217;eau et d&#8217;un exc\u00e8s de places de parking selon l&#8217;OCDE"}]},{"@type":"WebSite","@id":"https:\/\/www.newsendip.com\/fr\/#website","url":"https:\/\/www.newsendip.com\/fr\/","name":"Newsendip","description":"Red\u00e9couvrez l&#039;actualit\u00e9 internationale","publisher":{"@id":"https:\/\/www.newsendip.com\/fr\/#organization"},"potentialAction":[{"@type":"SearchAction","target":{"@type":"EntryPoint","urlTemplate":"https:\/\/www.newsendip.com\/fr\/?s={search_term_string}"},"query-input":{"@type":"PropertyValueSpecification","valueRequired":true,"valueName":"search_term_string"}}],"inLanguage":"fr-FR"},{"@type":"Organization","@id":"https:\/\/www.newsendip.com\/fr\/#organization","name":"Newsendip","url":"https:\/\/www.newsendip.com\/fr\/","logo":{"@type":"ImageObject","inLanguage":"fr-FR","@id":"https:\/\/www.newsendip.com\/fr\/#\/schema\/logo\/image\/","url":"https:\/\/www.newsendip.com\/wp-content\/uploads\/2023\/12\/512x512.svg","contentUrl":"https:\/\/www.newsendip.com\/wp-content\/uploads\/2023\/12\/512x512.svg","width":1,"height":1,"caption":"Newsendip"},"image":{"@id":"https:\/\/www.newsendip.com\/fr\/#\/schema\/logo\/image\/"},"sameAs":["https:\/\/www.facebook.com\/newsendip","https:\/\/x.com\/newsendip","https:\/\/mastodon.social\/@newsendip","https:\/\/www.linkedin.com\/company\/newsendip"],"description":"Newsendip est un site qui a pour mission de rendre l'actualit\u00e9 internationale accessible et diversifi\u00e9e","email":"contact@newsendip.com","legalName":"Newsendip SAS","foundingDate":"2022-11-04","vatID":"FR60921124723","numberOfEmployees":{"@type":"QuantitativeValue","minValue":"1","maxValue":"10"},"publishingPrinciples":"https:\/\/www.newsendip.com\/about-us\/","ownershipFundingInfo":"https:\/\/www.newsendip.com\/legal-notice\/","actionableFeedbackPolicy":"https:\/\/www.newsendip.com\/about-us\/","correctionsPolicy":"https:\/\/www.newsendip.com\/about-us\/","ethicsPolicy":"https:\/\/www.newsendip.com\/about-us\/","diversityPolicy":"https:\/\/www.newsendip.com\/about-us\/"},{"@type":"Person","@id":"https:\/\/www.newsendip.com\/fr\/#\/schema\/person\/ea22c01755f464a3cbc2c619584d6363","name":"Cl\u00e9ment V\u00e9rit\u00e9","description":"Cl\u00e9ment is the executive editor and founder of Newsendip. He started in the media industry as a freelance reporter at 16 for a local French newspaper after school and has never left it. He later worked for seven years at The New York Times, notably as a data analyst. He holds a Master of Management in France and a Master of Arts in the United Kingdom in International Marketing &amp; Communications Strategy. He has lived in France, the United Kingdom, and Italy.","sameAs":["https:\/\/www.newsendip.com\/","https:\/\/www.linkedin.com\/in\/clementverite\/","https:\/\/x.com\/https:\/\/twitter.com\/cverite"],"knowsAbout":["News","International","Business","Media monitoring"],"knowsLanguage":["English","French","Italian","Spanish"],"url":"https:\/\/www.newsendip.com\/fr\/author\/clement-verite\/"}]}},"_links":{"self":[{"href":"https:\/\/www.newsendip.com\/fr\/wp-json\/wp\/v2\/posts\/18410","targetHints":{"allow":["GET"]}}],"collection":[{"href":"https:\/\/www.newsendip.com\/fr\/wp-json\/wp\/v2\/posts"}],"about":[{"href":"https:\/\/www.newsendip.com\/fr\/wp-json\/wp\/v2\/types\/post"}],"author":[{"embeddable":true,"href":"https:\/\/www.newsendip.com\/fr\/wp-json\/wp\/v2\/users\/1"}],"replies":[{"embeddable":true,"href":"https:\/\/www.newsendip.com\/fr\/wp-json\/wp\/v2\/comments?post=18410"}],"version-history":[{"count":0,"href":"https:\/\/www.newsendip.com\/fr\/wp-json\/wp\/v2\/posts\/18410\/revisions"}],"wp:featuredmedia":[{"embeddable":true,"href":"https:\/\/www.newsendip.com\/fr\/wp-json\/wp\/v2\/media\/2946"}],"wp:attachment":[{"href":"https:\/\/www.newsendip.com\/fr\/wp-json\/wp\/v2\/media?parent=18410"}],"wp:term":[{"taxonomy":"category","embeddable":true,"href":"https:\/\/www.newsendip.com\/fr\/wp-json\/wp\/v2\/categories?post=18410"},{"taxonomy":"post_tag","embeddable":true,"href":"https:\/\/www.newsendip.com\/fr\/wp-json\/wp\/v2\/tags?post=18410"}],"curies":[{"name":"wp","href":"https:\/\/api.w.org\/{rel}","templated":true}]}}