{"id":18417,"date":"2022-01-26T19:44:14","date_gmt":"2022-01-26T18:44:14","guid":{"rendered":"https:\/\/www.newsendip.com\/?p=18417"},"modified":"2022-07-07T17:32:59","modified_gmt":"2022-07-07T15:32:59","slug":"la-societe-neerlandaise-a-fait-pression-sur-les-meres-biologiques-pour-quelles-placent-leur-enfant-a-ladoption-selon-un-tribunal","status":"publish","type":"post","link":"https:\/\/www.newsendip.com\/fr\/la-societe-neerlandaise-a-fait-pression-sur-les-meres-biologiques-pour-quelles-placent-leur-enfant-a-ladoption-selon-un-tribunal\/","title":{"rendered":"La soci\u00e9t\u00e9 n\u00e9erlandaise a fait pression sur les m\u00e8res biologiques pour qu\u2019elles placent leur enfant \u00e0 l\u2019adoption selon un tribunal"},"content":{"rendered":"<p><strong>Des N\u00e9erlandaises estiment que les Pays-Bas sont responsables d\u2019avoir forc\u00e9 des femmes non mari\u00e9es \u00e0 remettre leur enfant \u00e0 l\u2019adoption entre 1956 et 1984, mais un tribunal a jug\u00e9 le contraire.<br>\n<\/strong><\/p>\n<figure id=\"attachment_13977\" aria-describedby=\"caption-attachment-13977\" style=\"width: 1024px\" class=\"wp-caption aligncenter\"><img decoding=\"async\" class=\"size-large wp-image-13977\" src=\"https:\/\/www.newsendip.com\/wp-content\/uploads\/2022\/01\/adoption-netherlands-single-mother-1024x683.webp\" alt=\"Pays-Bas adoption m\u00e8res\" width=\"1024\" height=\"683\" srcset=\"https:\/\/www.newsendip.com\/wp-content\/uploads\/2022\/01\/adoption-netherlands-single-mother-1024x683.webp 1024w, https:\/\/www.newsendip.com\/wp-content\/uploads\/2022\/01\/adoption-netherlands-single-mother-60x40.webp 60w, https:\/\/www.newsendip.com\/wp-content\/uploads\/2022\/01\/adoption-netherlands-single-mother-720x480.webp 720w, https:\/\/www.newsendip.com\/wp-content\/uploads\/2022\/01\/adoption-netherlands-single-mother-300x200.webp 300w, https:\/\/www.newsendip.com\/wp-content\/uploads\/2022\/01\/adoption-netherlands-single-mother-768x512.webp 768w, https:\/\/www.newsendip.com\/wp-content\/uploads\/2022\/01\/adoption-netherlands-single-mother-1536x1024.webp 1536w, https:\/\/www.newsendip.com\/wp-content\/uploads\/2022\/01\/adoption-netherlands-single-mother.webp 1920w\" sizes=\"(max-width: 1024px) 100vw, 1024px\"><figcaption id=\"caption-attachment-13977\" class=\"wp-caption-text\">Illustration \u00a9 Dylan&nbsp;nolte<\/figcaption><\/figure>\n<p>Le <a href=\"#post-bottom-source\">tribunal de district de La Haye<\/a> a rejet\u00e9 le 26 janvier la demande selon laquelle les Pays-Bas devraient \u00eatre tenus l\u00e9galement responsables pour <strong>les m\u00e8res qui ont plac\u00e9 un enfant \u00e0 l\u2019adoption contre leur gr\u00e9 entre 1956 et 1984<\/strong>.<\/p>\n<p>Trudy Scheele-Gertsen avait 22 ans et n\u2019\u00e9tait pas mari\u00e9e en 1968 lorsqu\u2019elle est devenue m\u00e8re d\u2019un enfant. Ses parents l\u2019ont envoy\u00e9e dans un centre catholique pour femmes c\u00e9libataires o\u00f9 elle a donn\u00e9 naissance \u00e0 un gar\u00e7on. Elle a dit qu\u2019elle voulait garder son fils, mais le dossier indiquait qu\u2019elle voulait le remettre \u00e0 l\u2019adoption. <a href=\"https:\/\/nos.nl\/artikel\/2414523-afstandsmoeder-trudy-wil-erkenning-er-zijn-mensenrechten-geschonden\">Elle a retrouv\u00e9 son fils des dizaines d\u2019ann\u00e9es<\/a> plus tard sur LinkedIn.<\/p>\n<p>En 2019, Trudy Scheele-Gertsen et d\u2019autres femmes, avec le soutien de la fondation Clara Wichmann, ont intent\u00e9 un proc\u00e8s contre le Conseil de l\u2019aide et de la protection de l\u2019enfance, une division du minist\u00e8re de la S\u00e9curit\u00e9 et de la Justice n\u00e9erlandaise.<\/p>\n<p>Elles estiment que l\u2019\u00c9tat n\u00e9erlandais est responsable de la cr\u00e9ation d\u2019un syst\u00e8me dans lequel les m\u00e8res non mari\u00e9es ont \u00e9t\u00e9 priv\u00e9es de l\u2019autorit\u00e9 parentale entre 1956 et 1984, lorsque <strong>l\u2019adoption \u00e9tait l\u00e9gale mais pas l\u2019avortement<\/strong>.<\/p>\n<p><strong>Les femmes ayant un enfant hors mariage \u00e9taient stigmatis\u00e9es<\/strong> et rejet\u00e9es par la soci\u00e9t\u00e9 \u00e0 l\u2019\u00e9poque. La Cour a reconnu la <a href=\"https:\/\/www.newsendip.com\/fr\/les-neerlandaises-perdent-46-de-leur-revenu-potentiel-7-ans-apres-la-naissance-dun-enfant\/\">pression sociale exerc\u00e9e sur les m\u00e8res c\u00e9libataires<\/a>. Beaucoup d\u2019entre elles sont encore aux prises avec une profonde tristesse, a not\u00e9 la&nbsp;Cour.<\/p>\n<h2>Le Child Care and Protection Board n\u2019a pas agi ill\u00e9galement<\/h2>\n<p>Au cours de la p\u00e9riode 1956\u20131984, il y a eu entre 13 000 et 14 000 <em>afstandsmoeders<\/em> aux Pays-Bas, ces femmes qui ont remis un ou plusieurs enfants en vue de leur adoption.<\/p>\n<p>Les plaignantes ont affirm\u00e9 \u00e0 la Cour que le Conseil pour la protection de l\u2019enfance avait activement contribu\u00e9 \u00e0 cette situation et n\u2019avait rien fait pour emp\u00eacher les adoptions. Elles ont avanc\u00e9 que le Conseil avait <strong>omis d\u2019informer correctement les m\u00e8res sur leurs droits et les solutions pour \u00e9lever leur enfant<\/strong>. En cons\u00e9quence, les m\u00e8res n\u2019ont pas eu la libert\u00e9 de d\u00e9cider et se sont senties oblig\u00e9es de <a href=\"https:\/\/www.newsendip.com\/fr\/la-suede-ouvre-un-enquete-sur-les-activites-adoption-a-letranger\/\">remettre leur enfant \u00e0 l\u2019adoption<\/a>.<\/p>\n<p>La Cour a rejet\u00e9 l\u2019affaire consid\u00e9rant qu\u2019il n\u2019est <strong>pas \u00e9tabli que la Commission de protection de l\u2019enfance a commis des erreurs punissables par la loi<\/strong> ou a agi ill\u00e9galement au cours de cette p\u00e9riode.<\/p>\n<p>De plus, la Cour a estim\u00e9 qu\u2019<strong>il n\u2019\u00e9tait pas du devoir de la Commission d\u2019informer les m\u00e8res<\/strong> des options l\u00e9gales et pratiques pour \u00e9lever elles-m\u00eames leur enfant. Toutefois, elle n\u2019a pas exclu que la Commission ait commis des erreurs r\u00e9pr\u00e9hensibles dans des cas individuels.<\/p>\n<p>L\u2019ancien ministre de la Protection juridique, Sander Dekker, a lanc\u00e9 en 2019 une enqu\u00eate sur une \u00ab\u202f<em>page sombre<\/em>\u202f\u00bb de l\u2019histoire des Pays-Bas. Mais l\u2019enqu\u00eate fut stopp\u00e9e en novembre dernier \u00e0 la demande des victimes, car les informations n\u2019\u00e9taient pas trait\u00e9es correctement ou de mani\u00e8re confidentielle.<\/p>\n<p>Le procureur de l\u2019\u00c9tat a invoqu\u00e9 la prescription des faits pour des situations qui se sont d\u00e9roul\u00e9es il y a plus de trente ans.<\/p>\n<p>Trudy Scheele-Gertsen s\u2019est dite \u00ab\u202f<em>en col\u00e8re<\/em>\u202f\u00bb par cette d\u00e9cision. \u00ab\u202f<em>Nous allons lire le verdict en d\u00e9tail et envisager un appel. Nous maintenons que le Conseil de protection de l\u2019enfance, et donc l\u2019\u00c9tat n\u00e9erlandais, sont responsables de cette injustice<\/em>\u202f\u00bb, a d\u00e9clar\u00e9 dans un communiqu\u00e9 l\u2019avocate Linde Bryk de l\u2019association <a href=\"#post-bottom-source\">Clara Wichmann<\/a>.<\/p>\n<p><strong><a href=\"https:\/\/www.newsendip.com\/fr\/etiquette\/pays-bas\/\">D\u00e9couvrez plus d\u2019actualit\u00e9 des Pays-Bas<\/a><\/strong><\/p>\n","protected":false},"excerpt":{"rendered":"<p>Des N\u00e9erlandaises estiment que les Pays-Bas sont responsables d\u2019avoir forc\u00e9 des femmes non mari\u00e9es \u00e0 remettre leur enfant \u00e0 l\u2019adoption entre 1956 et 1984, mais un tribunal a jug\u00e9 le contraire.<\/p>\n","protected":false},"author":1,"featured_media":13977,"comment_status":"closed","ping_status":"closed","sticky":false,"template":"","format":"standard","meta":{"wp_typography_post_enhancements_disabled":false,"footnotes":""},"categories":[409],"tags":[411,434],"class_list":["post-18417","post","type-post","status-publish","format-standard","has-post-thumbnail","hentry","category-societe","tag-actuel","tag-pays-bas"],"yoast_head":"<!-- This site is optimized with the Yoast SEO Premium plugin v27.4 (Yoast SEO v27.4) - https:\/\/yoast.com\/product\/yoast-seo-premium-wordpress\/ -->\n<title>La soci\u00e9t\u00e9 n\u00e9erlandaise a fait pression sur les m\u00e8res biologiques pour qu&#039;elles placent leur enfant \u00e0 l&#039;adoption selon un tribunal<\/title>\n<meta name=\"description\" content=\"Des N\u00e9erlandaises estiment que les Pays-Bas sont responsables d&#039;avoir forc\u00e9 des femmes non mari\u00e9es \u00e0 remettre leur enfant \u00e0 l&#039;adoption entre 1956 et 1984, mais un tribunal a jug\u00e9 le contraire.\" \/>\n<meta name=\"robots\" content=\"index, follow, max-snippet:-1, max-image-preview:large, max-video-preview:-1\" \/>\n<link rel=\"canonical\" href=\"https:\/\/www.newsendip.com\/fr\/la-societe-neerlandaise-a-fait-pression-sur-les-meres-biologiques-pour-quelles-placent-leur-enfant-a-ladoption-selon-un-tribunal\/\" \/>\n<meta property=\"og:locale\" content=\"fr_FR\" \/>\n<meta property=\"og:type\" content=\"article\" \/>\n<meta property=\"og:title\" content=\"La soci\u00e9t\u00e9 n\u00e9erlandaise a fait pression sur les m\u00e8res biologiques pour qu&#039;elles placent leur enfant \u00e0 l&#039;adoption selon un tribunal\" \/>\n<meta property=\"og:description\" content=\"Des N\u00e9erlandaises estiment que les Pays-Bas sont responsables d&#039;avoir forc\u00e9 des femmes non mari\u00e9es \u00e0 remettre leur enfant \u00e0 l&#039;adoption entre 1956 et 1984, mais un tribunal a jug\u00e9 le contraire.\" \/>\n<meta property=\"og:url\" content=\"https:\/\/www.newsendip.com\/fr\/la-societe-neerlandaise-a-fait-pression-sur-les-meres-biologiques-pour-quelles-placent-leur-enfant-a-ladoption-selon-un-tribunal\/\" \/>\n<meta property=\"og:site_name\" content=\"Newsendip\" \/>\n<meta property=\"article:publisher\" content=\"https:\/\/www.facebook.com\/newsendip\" \/>\n<meta property=\"article:published_time\" content=\"2022-01-26T18:44:14+00:00\" \/>\n<meta property=\"article:modified_time\" content=\"2022-07-07T15:32:59+00:00\" \/>\n<meta property=\"og:image\" content=\"https:\/\/www.newsendip.com\/wp-content\/uploads\/2022\/01\/adoption-netherlands-single-mother-progressive.jpeg\" \/>\n\t<meta property=\"og:image:width\" content=\"1920\" \/>\n\t<meta property=\"og:image:height\" content=\"1280\" \/>\n\t<meta property=\"og:image:type\" content=\"image\/jpeg\" \/>\n<meta name=\"author\" content=\"Cl\u00e9ment V\u00e9rit\u00e9\" \/>\n<meta name=\"twitter:card\" content=\"summary_large_image\" \/>\n<meta name=\"twitter:image\" content=\"https:\/\/www.newsendip.com\/wp-content\/uploads\/2022\/01\/adoption-netherlands-single-mother-progressive.jpeg\" \/>\n<meta name=\"twitter:creator\" content=\"@https:\/\/twitter.com\/cverite\" \/>\n<meta name=\"twitter:site\" content=\"@newsendip\" \/>\n<meta name=\"twitter:label1\" content=\"\u00c9crit par\" \/>\n\t<meta name=\"twitter:data1\" content=\"Cl\u00e9ment V\u00e9rit\u00e9\" \/>\n\t<meta name=\"twitter:label2\" content=\"Dur\u00e9e de lecture estim\u00e9e\" \/>\n\t<meta name=\"twitter:data2\" content=\"3 minutes\" \/>\n<!-- \/ Yoast SEO Premium plugin. -->","yoast_head_json":{"title":"La soci\u00e9t\u00e9 n\u00e9erlandaise a fait pression sur les m\u00e8res biologiques pour qu'elles placent leur enfant \u00e0 l'adoption selon un tribunal","description":"Des N\u00e9erlandaises estiment que les Pays-Bas sont responsables d'avoir forc\u00e9 des femmes non mari\u00e9es \u00e0 remettre leur enfant \u00e0 l'adoption entre 1956 et 1984, mais un tribunal a jug\u00e9 le contraire.","robots":{"index":"index","follow":"follow","max-snippet":"max-snippet:-1","max-image-preview":"max-image-preview:large","max-video-preview":"max-video-preview:-1"},"canonical":"https:\/\/www.newsendip.com\/fr\/la-societe-neerlandaise-a-fait-pression-sur-les-meres-biologiques-pour-quelles-placent-leur-enfant-a-ladoption-selon-un-tribunal\/","og_locale":"fr_FR","og_type":"article","og_title":"La soci\u00e9t\u00e9 n\u00e9erlandaise a fait pression sur les m\u00e8res biologiques pour qu'elles placent leur enfant \u00e0 l'adoption selon un tribunal","og_description":"Des N\u00e9erlandaises estiment que les Pays-Bas sont responsables d'avoir forc\u00e9 des femmes non mari\u00e9es \u00e0 remettre leur enfant \u00e0 l'adoption entre 1956 et 1984, mais un tribunal a jug\u00e9 le contraire.","og_url":"https:\/\/www.newsendip.com\/fr\/la-societe-neerlandaise-a-fait-pression-sur-les-meres-biologiques-pour-quelles-placent-leur-enfant-a-ladoption-selon-un-tribunal\/","og_site_name":"Newsendip","article_publisher":"https:\/\/www.facebook.com\/newsendip","article_published_time":"2022-01-26T18:44:14+00:00","article_modified_time":"2022-07-07T15:32:59+00:00","og_image":[{"width":1920,"height":1280,"url":"https:\/\/www.newsendip.com\/wp-content\/uploads\/2022\/01\/adoption-netherlands-single-mother-progressive.jpeg","type":"image\/jpeg"}],"author":"Cl\u00e9ment V\u00e9rit\u00e9","twitter_card":"summary_large_image","twitter_image":"https:\/\/www.newsendip.com\/wp-content\/uploads\/2022\/01\/adoption-netherlands-single-mother-progressive.jpeg","twitter_creator":"@https:\/\/twitter.com\/cverite","twitter_site":"@newsendip","twitter_misc":{"\u00c9crit par":"Cl\u00e9ment V\u00e9rit\u00e9","Dur\u00e9e de lecture estim\u00e9e":"3 minutes"},"schema":{"@context":"https:\/\/schema.org","@graph":[{"@type":"NewsArticle","@id":"https:\/\/www.newsendip.com\/fr\/la-societe-neerlandaise-a-fait-pression-sur-les-meres-biologiques-pour-quelles-placent-leur-enfant-a-ladoption-selon-un-tribunal\/#article","isPartOf":{"@id":"https:\/\/www.newsendip.com\/fr\/la-societe-neerlandaise-a-fait-pression-sur-les-meres-biologiques-pour-quelles-placent-leur-enfant-a-ladoption-selon-un-tribunal\/"},"author":{"name":"Cl\u00e9ment V\u00e9rit\u00e9","@id":"https:\/\/www.newsendip.com\/fr\/#\/schema\/person\/ea22c01755f464a3cbc2c619584d6363"},"headline":"La soci\u00e9t\u00e9 n\u00e9erlandaise a fait pression sur les m\u00e8res biologiques pour qu\u2019elles placent leur enfant \u00e0 l\u2019adoption selon un tribunal","datePublished":"2022-01-26T18:44:14+00:00","dateModified":"2022-07-07T15:32:59+00:00","mainEntityOfPage":{"@id":"https:\/\/www.newsendip.com\/fr\/la-societe-neerlandaise-a-fait-pression-sur-les-meres-biologiques-pour-quelles-placent-leur-enfant-a-ladoption-selon-un-tribunal\/"},"wordCount":686,"publisher":{"@id":"https:\/\/www.newsendip.com\/fr\/#organization"},"image":{"@id":"https:\/\/www.newsendip.com\/fr\/la-societe-neerlandaise-a-fait-pression-sur-les-meres-biologiques-pour-quelles-placent-leur-enfant-a-ladoption-selon-un-tribunal\/#primaryimage"},"thumbnailUrl":"https:\/\/www.newsendip.com\/wp-content\/uploads\/2022\/01\/adoption-netherlands-single-mother.webp","keywords":["Actuel","Pays-Bas"],"articleSection":["Soci\u00e9t\u00e9"],"inLanguage":"fr-FR","copyrightYear":"2022","copyrightHolder":{"@id":"https:\/\/www.newsendip.com\/#organization"}},{"@type":"WebPage","@id":"https:\/\/www.newsendip.com\/fr\/la-societe-neerlandaise-a-fait-pression-sur-les-meres-biologiques-pour-quelles-placent-leur-enfant-a-ladoption-selon-un-tribunal\/","url":"https:\/\/www.newsendip.com\/fr\/la-societe-neerlandaise-a-fait-pression-sur-les-meres-biologiques-pour-quelles-placent-leur-enfant-a-ladoption-selon-un-tribunal\/","name":"La soci\u00e9t\u00e9 n\u00e9erlandaise a fait pression sur les m\u00e8res biologiques pour qu'elles placent leur enfant \u00e0 l'adoption selon un tribunal","isPartOf":{"@id":"https:\/\/www.newsendip.com\/fr\/#website"},"primaryImageOfPage":{"@id":"https:\/\/www.newsendip.com\/fr\/la-societe-neerlandaise-a-fait-pression-sur-les-meres-biologiques-pour-quelles-placent-leur-enfant-a-ladoption-selon-un-tribunal\/#primaryimage"},"image":{"@id":"https:\/\/www.newsendip.com\/fr\/la-societe-neerlandaise-a-fait-pression-sur-les-meres-biologiques-pour-quelles-placent-leur-enfant-a-ladoption-selon-un-tribunal\/#primaryimage"},"thumbnailUrl":"https:\/\/www.newsendip.com\/wp-content\/uploads\/2022\/01\/adoption-netherlands-single-mother.webp","datePublished":"2022-01-26T18:44:14+00:00","dateModified":"2022-07-07T15:32:59+00:00","description":"Des N\u00e9erlandaises estiment que les Pays-Bas sont responsables d'avoir forc\u00e9 des femmes non mari\u00e9es \u00e0 remettre leur enfant \u00e0 l'adoption entre 1956 et 1984, mais un tribunal a jug\u00e9 le contraire.","breadcrumb":{"@id":"https:\/\/www.newsendip.com\/fr\/la-societe-neerlandaise-a-fait-pression-sur-les-meres-biologiques-pour-quelles-placent-leur-enfant-a-ladoption-selon-un-tribunal\/#breadcrumb"},"inLanguage":"fr-FR","potentialAction":[{"@type":"ReadAction","target":["https:\/\/www.newsendip.com\/fr\/la-societe-neerlandaise-a-fait-pression-sur-les-meres-biologiques-pour-quelles-placent-leur-enfant-a-ladoption-selon-un-tribunal\/"]}]},{"@type":"ImageObject","inLanguage":"fr-FR","@id":"https:\/\/www.newsendip.com\/fr\/la-societe-neerlandaise-a-fait-pression-sur-les-meres-biologiques-pour-quelles-placent-leur-enfant-a-ladoption-selon-un-tribunal\/#primaryimage","url":"https:\/\/www.newsendip.com\/wp-content\/uploads\/2022\/01\/adoption-netherlands-single-mother.webp","contentUrl":"https:\/\/www.newsendip.com\/wp-content\/uploads\/2022\/01\/adoption-netherlands-single-mother.webp","width":1920,"height":1280,"caption":"Illustration \u00a9 Dylan nolte"},{"@type":"BreadcrumbList","@id":"https:\/\/www.newsendip.com\/fr\/la-societe-neerlandaise-a-fait-pression-sur-les-meres-biologiques-pour-quelles-placent-leur-enfant-a-ladoption-selon-un-tribunal\/#breadcrumb","itemListElement":[{"@type":"ListItem","position":1,"name":"Accueil","item":"https:\/\/www.newsendip.com\/fr\/"},{"@type":"ListItem","position":2,"name":"La soci\u00e9t\u00e9 n\u00e9erlandaise a fait pression sur les m\u00e8res biologiques pour qu\u2019elles placent leur enfant \u00e0 l\u2019adoption selon un tribunal"}]},{"@type":"WebSite","@id":"https:\/\/www.newsendip.com\/fr\/#website","url":"https:\/\/www.newsendip.com\/fr\/","name":"Newsendip","description":"Red\u00e9couvrez l&#039;actualit\u00e9 internationale","publisher":{"@id":"https:\/\/www.newsendip.com\/fr\/#organization"},"potentialAction":[{"@type":"SearchAction","target":{"@type":"EntryPoint","urlTemplate":"https:\/\/www.newsendip.com\/fr\/?s={search_term_string}"},"query-input":{"@type":"PropertyValueSpecification","valueRequired":true,"valueName":"search_term_string"}}],"inLanguage":"fr-FR"},{"@type":"Organization","@id":"https:\/\/www.newsendip.com\/fr\/#organization","name":"Newsendip","url":"https:\/\/www.newsendip.com\/fr\/","logo":{"@type":"ImageObject","inLanguage":"fr-FR","@id":"https:\/\/www.newsendip.com\/fr\/#\/schema\/logo\/image\/","url":"https:\/\/www.newsendip.com\/wp-content\/uploads\/2023\/12\/512x512.svg","contentUrl":"https:\/\/www.newsendip.com\/wp-content\/uploads\/2023\/12\/512x512.svg","width":1,"height":1,"caption":"Newsendip"},"image":{"@id":"https:\/\/www.newsendip.com\/fr\/#\/schema\/logo\/image\/"},"sameAs":["https:\/\/www.facebook.com\/newsendip","https:\/\/x.com\/newsendip","https:\/\/mastodon.social\/@newsendip","https:\/\/www.linkedin.com\/company\/newsendip"],"description":"Newsendip est un site qui a pour mission de rendre l'actualit\u00e9 internationale accessible et diversifi\u00e9e","email":"contact@newsendip.com","legalName":"Newsendip SAS","foundingDate":"2022-11-04","vatID":"FR60921124723","numberOfEmployees":{"@type":"QuantitativeValue","minValue":"1","maxValue":"10"},"publishingPrinciples":"https:\/\/www.newsendip.com\/about-us\/","ownershipFundingInfo":"https:\/\/www.newsendip.com\/legal-notice\/","actionableFeedbackPolicy":"https:\/\/www.newsendip.com\/about-us\/","correctionsPolicy":"https:\/\/www.newsendip.com\/about-us\/","ethicsPolicy":"https:\/\/www.newsendip.com\/about-us\/","diversityPolicy":"https:\/\/www.newsendip.com\/about-us\/"},{"@type":"Person","@id":"https:\/\/www.newsendip.com\/fr\/#\/schema\/person\/ea22c01755f464a3cbc2c619584d6363","name":"Cl\u00e9ment V\u00e9rit\u00e9","description":"Cl\u00e9ment is the executive editor and founder of Newsendip. He started in the media industry as a freelance reporter at 16 for a local French newspaper after school and has never left it. He later worked for seven years at The New York Times, notably as a data analyst. He holds a Master of Management in France and a Master of Arts in the United Kingdom in International Marketing &amp; Communications Strategy. He has lived in France, the United Kingdom, and Italy.","sameAs":["https:\/\/www.newsendip.com\/","https:\/\/www.linkedin.com\/in\/clementverite\/","https:\/\/x.com\/https:\/\/twitter.com\/cverite"],"knowsAbout":["News","International","Business","Media monitoring"],"knowsLanguage":["English","French","Italian","Spanish"],"url":"https:\/\/www.newsendip.com\/fr\/author\/clement-verite\/"}]}},"_links":{"self":[{"href":"https:\/\/www.newsendip.com\/fr\/wp-json\/wp\/v2\/posts\/18417","targetHints":{"allow":["GET"]}}],"collection":[{"href":"https:\/\/www.newsendip.com\/fr\/wp-json\/wp\/v2\/posts"}],"about":[{"href":"https:\/\/www.newsendip.com\/fr\/wp-json\/wp\/v2\/types\/post"}],"author":[{"embeddable":true,"href":"https:\/\/www.newsendip.com\/fr\/wp-json\/wp\/v2\/users\/1"}],"replies":[{"embeddable":true,"href":"https:\/\/www.newsendip.com\/fr\/wp-json\/wp\/v2\/comments?post=18417"}],"version-history":[{"count":0,"href":"https:\/\/www.newsendip.com\/fr\/wp-json\/wp\/v2\/posts\/18417\/revisions"}],"wp:featuredmedia":[{"embeddable":true,"href":"https:\/\/www.newsendip.com\/fr\/wp-json\/wp\/v2\/media\/13977"}],"wp:attachment":[{"href":"https:\/\/www.newsendip.com\/fr\/wp-json\/wp\/v2\/media?parent=18417"}],"wp:term":[{"taxonomy":"category","embeddable":true,"href":"https:\/\/www.newsendip.com\/fr\/wp-json\/wp\/v2\/categories?post=18417"},{"taxonomy":"post_tag","embeddable":true,"href":"https:\/\/www.newsendip.com\/fr\/wp-json\/wp\/v2\/tags?post=18417"}],"curies":[{"name":"wp","href":"https:\/\/api.w.org\/{rel}","templated":true}]}}