{"id":18420,"date":"2021-12-07T14:32:00","date_gmt":"2021-12-07T13:32:00","guid":{"rendered":"https:\/\/www.newsendip.com\/?p=18420"},"modified":"2022-11-11T01:16:31","modified_gmt":"2022-11-11T00:16:31","slug":"aux-pays-bas-la-moitie-des-victimes-de-traite-detre-humains-sont-a-nouveau-victimes-de-crimes","status":"publish","type":"post","link":"https:\/\/www.newsendip.com\/fr\/aux-pays-bas-la-moitie-des-victimes-de-traite-detre-humains-sont-a-nouveau-victimes-de-crimes\/","title":{"rendered":"Aux Pays-Bas, la moiti\u00e9 des victimes de traite d\u2019\u00eatre humains sont \u00e0 nouveau victimes de crimes"},"content":{"rendered":"<p><strong>Les victimes de la traite des \u00eatres humains semblent se retrouver dans un cycle de violence et d\u2019ins\u00e9curit\u00e9, alerte un rapport n\u00e9erlandais. En 2020, la pand\u00e9mie de COVID-19 a rendu l\u2019exploitation sexuelle moins visible tandis qu\u2019elle a mis en lumi\u00e8re le travail forc\u00e9 de travailleurs ill\u00e9gaux qui ont perdu leur emploi.<br>\n<\/strong><\/p>\n<figure id=\"attachment_13810\" aria-describedby=\"caption-attachment-13810\" style=\"width: 640px\" class=\"wp-caption aligncenter\"><img decoding=\"async\" class=\"size-full wp-image-13810\" src=\"https:\/\/www.newsendip.com\/wp-content\/uploads\/2021\/12\/human-trafficking-victim-sexual-exploitation-netherlands.webp\" alt=\"Illustration traite des \u00eatres humains aux Pays-Bas\" width=\"640\" height=\"436\" srcset=\"https:\/\/www.newsendip.com\/wp-content\/uploads\/2021\/12\/human-trafficking-victim-sexual-exploitation-netherlands.webp 640w, https:\/\/www.newsendip.com\/wp-content\/uploads\/2021\/12\/human-trafficking-victim-sexual-exploitation-netherlands-60x41.webp 60w, https:\/\/www.newsendip.com\/wp-content\/uploads\/2021\/12\/human-trafficking-victim-sexual-exploitation-netherlands-300x204.webp 300w\" sizes=\"(max-width: 640px) 100vw, 640px\"><figcaption id=\"caption-attachment-13810\" class=\"wp-caption-text\">Aux Pays-Bas, 76\u202f% des victimes de la traite des \u00eatres humains sont des femmes et deux tiers des cas li\u00e9s \u00e0 des mineurs concernent l\u2019exploitation sexuelle | \u00a9 Gerd Altmann<\/figcaption><\/figure>\n<p>Le rapport <a href=\"https:\/\/www.nationaalrapporteur.nl\/publicaties\/rapporten\/2021\/12\/07\/slachtoffermonitor-mensenhandel-2016---2020\">2016\u20132020 Victim Monitor for Human Trafficking in the Netherlands<\/a> montre que <strong>cinquante pour cent des victimes de la traite des \u00eatres humains aux Pays-Bas redeviennent victimes d\u2019un crime dans les sept ann\u00e9es qui suivent<\/strong>.<\/p>\n<p>Le document est publi\u00e9 par le rapporteur national sur la traite des \u00eatres humains et les violences sexuelles contre les enfants, une \u00e9quipe ind\u00e9pendante nomm\u00e9e pour un mandat de quatre ans qui soumet des \u00e9tudes et des suggestions au gouvernement n\u00e9erlandais.<\/p>\n<p>Les recherches montrent que <strong>45\u202f% des victimes de la traite des \u00eatres humains sont \u00e0 nouveau victimes de la criminalit\u00e9 dans les cinq ann\u00e9es suivantes<\/strong>. Ce chiffre passe \u00e0 50\u202f% apr\u00e8s 7 ans. Les crimes sont souvent graves et peuvent impliquer des agressions, des menaces, des violences sexuelles ou \u00e0 nouveau leur exploitation.<\/p>\n<p>Dans les cinq ann\u00e9es qui suivent la traite d\u2019un \u00eatre humain, 33\u202f% des victimes subissent une infraction envers leurs biens, ce qui inclut vol, cambriolage, vol \u00e0 l\u2019arrach\u00e9, l\u2019extorsion, le d\u00e9tournement de fonds ou arnaque. Vingt-cinq pour cent sont victimes d\u2019abus, <strong>8\u202f% sont \u00e0 nouveau victimes de la traite des \u00eatres humains et 8\u202f% sont victimes de d\u00e9lits sexuels<\/strong>.<\/p>\n<p>\u00ab\u202f<em>Les victimes semblent se retrouver dans un cycle d\u2019ins\u00e9curit\u00e9 et de violence dont il est difficile de sortir<\/em>\u202f\u00bb, souligne le rapport.<\/p>\n<p>La situation est d\u2019autant plus vraie lorsqu\u2019une personne a \u00e9t\u00e9 victime de la traite d\u2019\u00eatres humains durant l\u2019enfance. Elle subit alors les cons\u00e9quences d\u2019une exp\u00e9rience traumatisante sur le long&nbsp;terme.<\/p>\n<h2>COVID-19 a rendu les personnes vuln\u00e9rables encore plus isol\u00e9es<\/h2>\n<p>Environ <strong>1 000 personnes sont d\u00e9clar\u00e9es victimes de la traite d\u2019\u00eatres humains chaque ann\u00e9e aux Pays-Bas<\/strong>. Mais il pourrait y avoir <a href=\"https:\/\/nos.nl\/artikel\/2407522-schatting-5000-slachtoffers-mensenhandel-in-nederland-in-2018-en-2019\">cinq fois plus de victimes<\/a> dans le pays selon certaines estimations.<\/p>\n<p>Les victimes font souvent partie d\u2019une population vuln\u00e9rable au contexte social difficile, particuli\u00e8rement les mineurs ou les migrants. Les victimes et les agresseurs sont souvent jeunes, et parfois, les personnes peuvent \u00eatre \u00e0 la fois victimes et agresseurs. <strong>Soixante-seize pour cent des victimes sont des femmes et deux tiers des cas li\u00e9s aux mineurs concernent l\u2019exploitation sexuelle<\/strong>.<\/p>\n<p>En effet, <strong>la forme la plus courante de traite des \u00eatres humains aux Pays-Bas est l\u2019exploitation sexuelle<\/strong> (75\u202f% des cas signal\u00e9s), la moiti\u00e9 des victimes \u00e9tant n\u00e9erlandaises et l\u2019autre moiti\u00e9 venant de l\u2019\u00e9tranger. En 2020, le nombre de cas signal\u00e9s a diminu\u00e9 pour la troisi\u00e8me ann\u00e9e cons\u00e9cutive. Mais comme beaucoup de cas passent inaper\u00e7us, le rapporteur craint que la pand\u00e9mie de COVID-19 n\u2019ait aggrav\u00e9 la situation car <strong>la prostitution est devenue moins visible et les contr\u00f4les de police ont diminu\u00e9 en 2020<\/strong>.<\/p>\n<p>Et en 2020, l\u2019exploitation du travail \u00e9tait de loin la forme de traite d\u2019\u00eatres humains la plus signal\u00e9e. En effet, le nombre de victimes d\u2019exploitation par le travail signal\u00e9es a augment\u00e9 de 72\u202f% en 2020 par rapport aux 449 cas en&nbsp;2019.<\/p>\n<p>Plus de la moiti\u00e9 des victimes d\u2019exploitation par le travail provenaient de Pologne, de Hongrie ou de Bulgarie. Le rapport souligne que la pand\u00e9mie de COVID-19 a mis en lumi\u00e8re certaines situations qui seraient rest\u00e9es autrement cach\u00e9es. En effet, c\u2019est lorsque les <strong>travailleurs ill\u00e9gaux ont perdu leur emploi<\/strong>, leur salaire ou leur maison \u00e0 cause de la pand\u00e9mie qu\u2019ils ont cherch\u00e9 du soutien et de l\u2019aide aupr\u00e8s des organisations.<\/p>\n<h2>Les municipalit\u00e9s devraient agir plus rapidement<\/h2>\n<p><!--more--><\/p>\n<p>Le gouvernement n\u00e9erlandais est encore \u00ab\u202f<em>insuffisamment performant<\/em>\u202f\u00bb en mati\u00e8re de pr\u00e9vention, de protection et d\u2019assistance concernant la traite des \u00eatres humains, explique le rapporteur national.<\/p>\n<p>Le rapport met particuli\u00e8rement en \u00e9vidence le <strong>r\u00f4le des municipalit\u00e9s<\/strong>. Les municipalit\u00e9s sont les organes administratifs les plus proches de la population et le rapport sugg\u00e8re que <strong>les actions locales telles que la fourniture d\u2019abris soient plus rapides<\/strong> et renforc\u00e9es avec le soutien des minist\u00e8res de la justice et de la&nbsp;sant\u00e9.<\/p>\n<p>La recommandation urgente du rapporteur est de \u00ab\u202f<em>permettre aux municipalit\u00e9s et aux professionnels de fournir une assistance appropri\u00e9e \u00e0 toutes les victimes pr\u00e9sum\u00e9es de la traite des \u00eatres humains sur une base durable et sur le long terme<\/em>\u202f\u00bb.<\/p>\n<p>L\u2019ann\u00e9e prochaine, les municipalit\u00e9s recevront 1,3 milliard d\u2019euros suppl\u00e9mentaires pour <a href=\"https:\/\/www.volkskrant.nl\/nieuws-achtergrond\/gemeenten-krijgen-voor-volgend-jaar-1-3-miljard-extra-voor-jeugdzorg~b34a2cd7\/\">combler les manques d\u2019aide \u00e0 la jeunesse<\/a>.<\/p>\n<p>En juin, le rapport des \u00c9tats-Unis sur la traite des personnes a estim\u00e9 que les Pays-Bas faisaient des efforts suffisants pour r\u00e9duire la traite des \u00eatres humains, \u00e0 l\u2019exception des \u00eeles de Cura\u00e7ao, Saint-Martin ou Aruba qui font partie du Royaume des Pays-Bas.<\/p>\n<p>Mais le pays \u00e9tait dans une bien meilleure position que l\u2019Irlande, qui a \u00e9t\u00e9 plac\u00e9e sur <a href=\"https:\/\/www.newsendip.com\/fr\/lirlande-sur-la-liste-de-surveillance-des-etats-unis-pour-la-traite-des-etres-humains\/\">la liste de surveillance de la traite des \u00eatres humains des \u00c9tats-Unis<\/a>.<\/p>\n<p><a href=\"https:\/\/www.newsendip.com\/fr\/etiquette\/pays-bas\/\"><strong>D\u00e9couvrez plus d\u2019actualit\u00e9s sur les Pays-Bas<\/strong><\/a><\/p>\n","protected":false},"excerpt":{"rendered":"<p>Les victimes de la traite des \u00eatres humains semblent se retrouver dans un cycle de violence et d\u2019ins\u00e9curit\u00e9, alerte un rapport n\u00e9erlandais.<\/p>\n","protected":false},"author":1,"featured_media":13810,"comment_status":"closed","ping_status":"closed","sticky":false,"template":"","format":"standard","meta":{"wp_typography_post_enhancements_disabled":false,"footnotes":""},"categories":[409],"tags":[411,434],"class_list":["post-18420","post","type-post","status-publish","format-standard","has-post-thumbnail","hentry","category-societe","tag-actuel","tag-pays-bas"],"yoast_head":"<!-- This site is optimized with the Yoast SEO Premium plugin v27.4 (Yoast SEO v27.4) - https:\/\/yoast.com\/product\/yoast-seo-premium-wordpress\/ -->\n<title>Aux Pays-Bas, la moiti\u00e9 des victimes de traite d&#039;\u00eatre humains sont \u00e0 nouveau victimes de crimes<\/title>\n<meta name=\"description\" content=\"Les victimes de la traite des \u00eatres humains semblent se retrouver dans un cycle de violence et d&#039;ins\u00e9curit\u00e9, alerte un rapport n\u00e9erlandais.\" \/>\n<meta name=\"robots\" content=\"index, follow, max-snippet:-1, max-image-preview:large, max-video-preview:-1\" \/>\n<link rel=\"canonical\" href=\"https:\/\/www.newsendip.com\/fr\/aux-pays-bas-la-moitie-des-victimes-de-traite-detre-humains-sont-a-nouveau-victimes-de-crimes\/\" \/>\n<meta property=\"og:locale\" content=\"fr_FR\" \/>\n<meta property=\"og:type\" content=\"article\" \/>\n<meta property=\"og:title\" content=\"Aux Pays-Bas, la moiti\u00e9 des victimes de traite d&#039;\u00eatre humains sont \u00e0 nouveau victimes de crimes\" \/>\n<meta property=\"og:description\" content=\"Les victimes de la traite des \u00eatres humains semblent se retrouver dans un cycle de violence et d&#039;ins\u00e9curit\u00e9, alerte un rapport n\u00e9erlandais.\" \/>\n<meta property=\"og:url\" content=\"https:\/\/www.newsendip.com\/fr\/aux-pays-bas-la-moitie-des-victimes-de-traite-detre-humains-sont-a-nouveau-victimes-de-crimes\/\" \/>\n<meta property=\"og:site_name\" content=\"Newsendip\" \/>\n<meta property=\"article:publisher\" content=\"https:\/\/www.facebook.com\/newsendip\" \/>\n<meta property=\"article:published_time\" content=\"2021-12-07T13:32:00+00:00\" \/>\n<meta property=\"article:modified_time\" content=\"2022-11-11T00:16:31+00:00\" \/>\n<meta property=\"og:image\" content=\"https:\/\/www.newsendip.com\/wp-content\/uploads\/2021\/12\/human-trafficking-victim-netherlands.jpg\" \/>\n\t<meta property=\"og:image:width\" content=\"640\" \/>\n\t<meta property=\"og:image:height\" content=\"521\" \/>\n\t<meta property=\"og:image:type\" content=\"image\/jpeg\" \/>\n<meta name=\"author\" content=\"Cl\u00e9ment V\u00e9rit\u00e9\" \/>\n<meta name=\"twitter:card\" content=\"summary_large_image\" \/>\n<meta name=\"twitter:creator\" content=\"@https:\/\/twitter.com\/cverite\" \/>\n<meta name=\"twitter:site\" content=\"@newsendip\" \/>\n<meta name=\"twitter:label1\" content=\"\u00c9crit par\" \/>\n\t<meta name=\"twitter:data1\" content=\"Cl\u00e9ment V\u00e9rit\u00e9\" \/>\n\t<meta name=\"twitter:label2\" content=\"Dur\u00e9e de lecture estim\u00e9e\" \/>\n\t<meta name=\"twitter:data2\" content=\"4 minutes\" \/>\n<!-- \/ Yoast SEO Premium plugin. -->","yoast_head_json":{"title":"Aux Pays-Bas, la moiti\u00e9 des victimes de traite d'\u00eatre humains sont \u00e0 nouveau victimes de crimes","description":"Les victimes de la traite des \u00eatres humains semblent se retrouver dans un cycle de violence et d'ins\u00e9curit\u00e9, alerte un rapport n\u00e9erlandais.","robots":{"index":"index","follow":"follow","max-snippet":"max-snippet:-1","max-image-preview":"max-image-preview:large","max-video-preview":"max-video-preview:-1"},"canonical":"https:\/\/www.newsendip.com\/fr\/aux-pays-bas-la-moitie-des-victimes-de-traite-detre-humains-sont-a-nouveau-victimes-de-crimes\/","og_locale":"fr_FR","og_type":"article","og_title":"Aux Pays-Bas, la moiti\u00e9 des victimes de traite d'\u00eatre humains sont \u00e0 nouveau victimes de crimes","og_description":"Les victimes de la traite des \u00eatres humains semblent se retrouver dans un cycle de violence et d'ins\u00e9curit\u00e9, alerte un rapport n\u00e9erlandais.","og_url":"https:\/\/www.newsendip.com\/fr\/aux-pays-bas-la-moitie-des-victimes-de-traite-detre-humains-sont-a-nouveau-victimes-de-crimes\/","og_site_name":"Newsendip","article_publisher":"https:\/\/www.facebook.com\/newsendip","article_published_time":"2021-12-07T13:32:00+00:00","article_modified_time":"2022-11-11T00:16:31+00:00","og_image":[{"width":640,"height":521,"url":"https:\/\/www.newsendip.com\/wp-content\/uploads\/2021\/12\/human-trafficking-victim-netherlands.jpg","type":"image\/jpeg"}],"author":"Cl\u00e9ment V\u00e9rit\u00e9","twitter_card":"summary_large_image","twitter_creator":"@https:\/\/twitter.com\/cverite","twitter_site":"@newsendip","twitter_misc":{"\u00c9crit par":"Cl\u00e9ment V\u00e9rit\u00e9","Dur\u00e9e de lecture estim\u00e9e":"4 minutes"},"schema":{"@context":"https:\/\/schema.org","@graph":[{"@type":"NewsArticle","@id":"https:\/\/www.newsendip.com\/fr\/aux-pays-bas-la-moitie-des-victimes-de-traite-detre-humains-sont-a-nouveau-victimes-de-crimes\/#article","isPartOf":{"@id":"https:\/\/www.newsendip.com\/fr\/aux-pays-bas-la-moitie-des-victimes-de-traite-detre-humains-sont-a-nouveau-victimes-de-crimes\/"},"author":{"name":"Cl\u00e9ment V\u00e9rit\u00e9","@id":"https:\/\/www.newsendip.com\/fr\/#\/schema\/person\/ea22c01755f464a3cbc2c619584d6363"},"headline":"Aux Pays-Bas, la moiti\u00e9 des victimes de traite d\u2019\u00eatre humains sont \u00e0 nouveau victimes de crimes","datePublished":"2021-12-07T13:32:00+00:00","dateModified":"2022-11-11T00:16:31+00:00","mainEntityOfPage":{"@id":"https:\/\/www.newsendip.com\/fr\/aux-pays-bas-la-moitie-des-victimes-de-traite-detre-humains-sont-a-nouveau-victimes-de-crimes\/"},"wordCount":922,"publisher":{"@id":"https:\/\/www.newsendip.com\/fr\/#organization"},"image":{"@id":"https:\/\/www.newsendip.com\/fr\/aux-pays-bas-la-moitie-des-victimes-de-traite-detre-humains-sont-a-nouveau-victimes-de-crimes\/#primaryimage"},"thumbnailUrl":"https:\/\/www.newsendip.com\/wp-content\/uploads\/2021\/12\/human-trafficking-victim-sexual-exploitation-netherlands.webp","keywords":["Actuel","Pays-Bas"],"articleSection":["Soci\u00e9t\u00e9"],"inLanguage":"fr-FR","copyrightYear":"2021","copyrightHolder":{"@id":"https:\/\/www.newsendip.com\/#organization"}},{"@type":"WebPage","@id":"https:\/\/www.newsendip.com\/fr\/aux-pays-bas-la-moitie-des-victimes-de-traite-detre-humains-sont-a-nouveau-victimes-de-crimes\/","url":"https:\/\/www.newsendip.com\/fr\/aux-pays-bas-la-moitie-des-victimes-de-traite-detre-humains-sont-a-nouveau-victimes-de-crimes\/","name":"Aux Pays-Bas, la moiti\u00e9 des victimes de traite d'\u00eatre humains sont \u00e0 nouveau victimes de crimes","isPartOf":{"@id":"https:\/\/www.newsendip.com\/fr\/#website"},"primaryImageOfPage":{"@id":"https:\/\/www.newsendip.com\/fr\/aux-pays-bas-la-moitie-des-victimes-de-traite-detre-humains-sont-a-nouveau-victimes-de-crimes\/#primaryimage"},"image":{"@id":"https:\/\/www.newsendip.com\/fr\/aux-pays-bas-la-moitie-des-victimes-de-traite-detre-humains-sont-a-nouveau-victimes-de-crimes\/#primaryimage"},"thumbnailUrl":"https:\/\/www.newsendip.com\/wp-content\/uploads\/2021\/12\/human-trafficking-victim-sexual-exploitation-netherlands.webp","datePublished":"2021-12-07T13:32:00+00:00","dateModified":"2022-11-11T00:16:31+00:00","description":"Les victimes de la traite des \u00eatres humains semblent se retrouver dans un cycle de violence et d'ins\u00e9curit\u00e9, alerte un rapport n\u00e9erlandais.","breadcrumb":{"@id":"https:\/\/www.newsendip.com\/fr\/aux-pays-bas-la-moitie-des-victimes-de-traite-detre-humains-sont-a-nouveau-victimes-de-crimes\/#breadcrumb"},"inLanguage":"fr-FR","potentialAction":[{"@type":"ReadAction","target":["https:\/\/www.newsendip.com\/fr\/aux-pays-bas-la-moitie-des-victimes-de-traite-detre-humains-sont-a-nouveau-victimes-de-crimes\/"]}]},{"@type":"ImageObject","inLanguage":"fr-FR","@id":"https:\/\/www.newsendip.com\/fr\/aux-pays-bas-la-moitie-des-victimes-de-traite-detre-humains-sont-a-nouveau-victimes-de-crimes\/#primaryimage","url":"https:\/\/www.newsendip.com\/wp-content\/uploads\/2021\/12\/human-trafficking-victim-sexual-exploitation-netherlands.webp","contentUrl":"https:\/\/www.newsendip.com\/wp-content\/uploads\/2021\/12\/human-trafficking-victim-sexual-exploitation-netherlands.webp","width":640,"height":436,"caption":"Aux Pays-Bas, 76 % des victimes de la traite des \u00eatres humains sont des femmes et deux tiers des cas li\u00e9s \u00e0 des mineurs concernent l'exploitation sexuelle | \u00a9 Gerd Altmann"},{"@type":"BreadcrumbList","@id":"https:\/\/www.newsendip.com\/fr\/aux-pays-bas-la-moitie-des-victimes-de-traite-detre-humains-sont-a-nouveau-victimes-de-crimes\/#breadcrumb","itemListElement":[{"@type":"ListItem","position":1,"name":"Accueil","item":"https:\/\/www.newsendip.com\/fr\/"},{"@type":"ListItem","position":2,"name":"Aux Pays-Bas, la moiti\u00e9 des victimes de traite d\u2019\u00eatre humains sont \u00e0 nouveau victimes de crimes"}]},{"@type":"WebSite","@id":"https:\/\/www.newsendip.com\/fr\/#website","url":"https:\/\/www.newsendip.com\/fr\/","name":"Newsendip","description":"Red\u00e9couvrez l&#039;actualit\u00e9 internationale","publisher":{"@id":"https:\/\/www.newsendip.com\/fr\/#organization"},"potentialAction":[{"@type":"SearchAction","target":{"@type":"EntryPoint","urlTemplate":"https:\/\/www.newsendip.com\/fr\/?s={search_term_string}"},"query-input":{"@type":"PropertyValueSpecification","valueRequired":true,"valueName":"search_term_string"}}],"inLanguage":"fr-FR"},{"@type":"Organization","@id":"https:\/\/www.newsendip.com\/fr\/#organization","name":"Newsendip","url":"https:\/\/www.newsendip.com\/fr\/","logo":{"@type":"ImageObject","inLanguage":"fr-FR","@id":"https:\/\/www.newsendip.com\/fr\/#\/schema\/logo\/image\/","url":"https:\/\/www.newsendip.com\/wp-content\/uploads\/2023\/12\/512x512.svg","contentUrl":"https:\/\/www.newsendip.com\/wp-content\/uploads\/2023\/12\/512x512.svg","width":1,"height":1,"caption":"Newsendip"},"image":{"@id":"https:\/\/www.newsendip.com\/fr\/#\/schema\/logo\/image\/"},"sameAs":["https:\/\/www.facebook.com\/newsendip","https:\/\/x.com\/newsendip","https:\/\/mastodon.social\/@newsendip","https:\/\/www.linkedin.com\/company\/newsendip"],"description":"Newsendip est un site qui a pour mission de rendre l'actualit\u00e9 internationale accessible et diversifi\u00e9e","email":"contact@newsendip.com","legalName":"Newsendip SAS","foundingDate":"2022-11-04","vatID":"FR60921124723","numberOfEmployees":{"@type":"QuantitativeValue","minValue":"1","maxValue":"10"},"publishingPrinciples":"https:\/\/www.newsendip.com\/about-us\/","ownershipFundingInfo":"https:\/\/www.newsendip.com\/legal-notice\/","actionableFeedbackPolicy":"https:\/\/www.newsendip.com\/about-us\/","correctionsPolicy":"https:\/\/www.newsendip.com\/about-us\/","ethicsPolicy":"https:\/\/www.newsendip.com\/about-us\/","diversityPolicy":"https:\/\/www.newsendip.com\/about-us\/"},{"@type":"Person","@id":"https:\/\/www.newsendip.com\/fr\/#\/schema\/person\/ea22c01755f464a3cbc2c619584d6363","name":"Cl\u00e9ment V\u00e9rit\u00e9","description":"Cl\u00e9ment is the executive editor and founder of Newsendip. He started in the media industry as a freelance reporter at 16 for a local French newspaper after school and has never left it. He later worked for seven years at The New York Times, notably as a data analyst. He holds a Master of Management in France and a Master of Arts in the United Kingdom in International Marketing &amp; Communications Strategy. He has lived in France, the United Kingdom, and Italy.","sameAs":["https:\/\/www.newsendip.com\/","https:\/\/www.linkedin.com\/in\/clementverite\/","https:\/\/x.com\/https:\/\/twitter.com\/cverite"],"knowsAbout":["News","International","Business","Media monitoring"],"knowsLanguage":["English","French","Italian","Spanish"],"url":"https:\/\/www.newsendip.com\/fr\/author\/clement-verite\/"}]}},"_links":{"self":[{"href":"https:\/\/www.newsendip.com\/fr\/wp-json\/wp\/v2\/posts\/18420","targetHints":{"allow":["GET"]}}],"collection":[{"href":"https:\/\/www.newsendip.com\/fr\/wp-json\/wp\/v2\/posts"}],"about":[{"href":"https:\/\/www.newsendip.com\/fr\/wp-json\/wp\/v2\/types\/post"}],"author":[{"embeddable":true,"href":"https:\/\/www.newsendip.com\/fr\/wp-json\/wp\/v2\/users\/1"}],"replies":[{"embeddable":true,"href":"https:\/\/www.newsendip.com\/fr\/wp-json\/wp\/v2\/comments?post=18420"}],"version-history":[{"count":0,"href":"https:\/\/www.newsendip.com\/fr\/wp-json\/wp\/v2\/posts\/18420\/revisions"}],"wp:featuredmedia":[{"embeddable":true,"href":"https:\/\/www.newsendip.com\/fr\/wp-json\/wp\/v2\/media\/13810"}],"wp:attachment":[{"href":"https:\/\/www.newsendip.com\/fr\/wp-json\/wp\/v2\/media?parent=18420"}],"wp:term":[{"taxonomy":"category","embeddable":true,"href":"https:\/\/www.newsendip.com\/fr\/wp-json\/wp\/v2\/categories?post=18420"},{"taxonomy":"post_tag","embeddable":true,"href":"https:\/\/www.newsendip.com\/fr\/wp-json\/wp\/v2\/tags?post=18420"}],"curies":[{"name":"wp","href":"https:\/\/api.w.org\/{rel}","templated":true}]}}