{"id":18423,"date":"2021-09-22T15:30:00","date_gmt":"2021-09-22T13:30:00","guid":{"rendered":"https:\/\/www.newsendip.com\/?p=18423"},"modified":"2023-07-17T22:17:49","modified_gmt":"2023-07-17T20:17:49","slug":"lappartenance-ethnique-consideree-comme-un-motif-acceptable-de-controle-de-limmigration-aux-pays-bas","status":"publish","type":"post","link":"https:\/\/www.newsendip.com\/fr\/lappartenance-ethnique-consideree-comme-un-motif-acceptable-de-controle-de-limmigration-aux-pays-bas\/","title":{"rendered":"L\u2019appartenance ethnique consid\u00e9r\u00e9e comme un motif acceptable de contr\u00f4le de l\u2019immigration aux Pays-Bas"},"content":{"rendered":"<p><strong>Le 22 septembre, la Cour de justice des Pays-Bas a d\u00e9cid\u00e9 que la Mar\u00e9chauss\u00e9e royale des Pays-Bas peut utiliser l\u2019ethnicit\u00e9 comme un indicateur dans le contr\u00f4le de l\u2019immigration.<br>\n<\/strong><\/p>\n<figure id=\"attachment_13690\" aria-describedby=\"caption-attachment-13690\" style=\"width: 640px\" class=\"wp-caption aligncenter\"><img decoding=\"async\" class=\"size-full wp-image-13690\" src=\"https:\/\/www.newsendip.com\/wp-content\/uploads\/2021\/09\/netherlands-immigration-ethnicity-skin-color-border-control-progressive.jpeg\" alt=\"Mar\u00e9chauss\u00e9e royale des Pays-Bas\" width=\"640\" height=\"426\" srcset=\"https:\/\/www.newsendip.com\/wp-content\/uploads\/2021\/09\/netherlands-immigration-ethnicity-skin-color-border-control-progressive.jpeg 640w, https:\/\/www.newsendip.com\/wp-content\/uploads\/2021\/09\/netherlands-immigration-ethnicity-skin-color-border-control-progressive-60x40.jpeg 60w, https:\/\/www.newsendip.com\/wp-content\/uploads\/2021\/09\/netherlands-immigration-ethnicity-skin-color-border-control-progressive-300x200.jpeg 300w\" sizes=\"(max-width: 640px) 100vw, 640px\"><figcaption id=\"caption-attachment-13690\" class=\"wp-caption-text\">Pour la Cour de justice des Pays-Bas, l\u2019ethnicit\u00e9 peut \u00eatre une indication objective de la nationalit\u00e9 suppos\u00e9e d\u2019une personne | \u00a9 Minist\u00e8re de la D\u00e9fense<\/figcaption><\/figure>\n<p>Dans son arr\u00eat, la <a href=\"#post-bottom-source\">Cour de justice<\/a> ne voit pas de raison d\u2019interdire de mani\u00e8re g\u00e9n\u00e9rale l\u2019utilisation de l\u2019ethnicit\u00e9 pour le contr\u00f4le de l\u2019immigration.<\/p>\n<p>La question fut mise devant les tribunaux par Amnesty International, NJCM, la Fondation Radar, le Control Alt Delete et deux plaignants \u00e0 titre individuel.<\/p>\n<p>Ils ont poursuivi l\u2019\u00c9tat n\u00e9erlandais en faisant valoir que les personnes avec une <a href=\"https:\/\/www.newsendip.com\/fr\/la-cour-supreme-du-mexique-considere-les-controles-aleatoires-de-limmigration-inconstitutionnels\/\">couleur de peau fonc\u00e9e sont plus susceptibles d\u2019\u00eatre contr\u00f4l\u00e9es<\/a>. Ils ont affirm\u00e9 que <strong>l\u2019utilisation de l\u2019ethnicit\u00e9 dans les contr\u00f4les et les fouilles par la police des fronti\u00e8res n\u00e9erlandaise \u00e9tait discriminatoire<\/strong>.<\/p>\n<p>Le Royal Netherlands Marechaussee est la <a href=\"https:\/\/www.newsendip.com\/fr\/usage-de-la-force-par-la-police-neerlandaise-a-augmente-de-26-en-2021-vs-2019-violence-pays-bas\/\">force civile n\u00e9erlandaise<\/a> charg\u00e9e du contr\u00f4le des fronti\u00e8res et de l\u2019immigration. L\u2019affaire concernait la surveillance mobile de s\u00e9curit\u00e9, c\u2019est-\u00e0-dire la surveillance des personnes se rendant aux Pays-Bas en provenance d\u2019un pays de l\u2019espace Schengen.<\/p>\n<p><strong>Pour la Cour, l\u2019utilisation de l\u2019ethnicit\u00e9 dans les contr\u00f4les v\u00e9rifiant le statut de r\u00e9sident n\u2019est pas une forme de <a href=\"https:\/\/www.newsendip.com\/fr\/augmentation-des-signalements-de-discrimination-pour-la-3e-annee-de-suite-aux-pays-bas\/\">discrimination<\/a><\/strong>. \u00ab\u202f<em>La nationalit\u00e9 peut jouer un r\u00f4le important et l\u2019ethnicit\u00e9 peut constituer une indication objective de la nationalit\u00e9 pr\u00e9sum\u00e9e d\u2019une personne\u202f\u00bb<\/em>, a\u2011t-elle d\u00e9clar\u00e9.<\/p>\n<p>De plus, \u00ab\u202f<em>les contr\u00f4les al\u00e9atoires ou le fait de ne faire aucune s\u00e9lection et de contr\u00f4ler tout le monde n\u2019offre pas une alternative raisonnable\u202f\u00bb<\/em>, ajoutant que \u00ab\u202f<strong><em>l\u2019ethnicit\u00e9 n\u2019est jamais le seul indicateur<\/em><\/strong><em>\u202f\u00bb<\/em>.<\/p>\n<h2>Une violation de la constitution n\u00e9erlandaise selon Amnesty International<\/h2>\n<p><!--more--><\/p>\n<p>Le tribunal consid\u00e8re que ces contr\u00f4les sont diff\u00e9rents des enqu\u00eates sur les infractions p\u00e9nales, dans lesquelles il peut y avoir des soup\u00e7ons ou des indications d\u2019ill\u00e9galit\u00e9.<\/p>\n<p>Pour <a href=\"#post-bottom-source\">Amnesty International<\/a>, la d\u00e9cision d\u2019autoriser le recours au profilage ethnique \u00ab\u202f<em><strong>jette le droit international relatif aux droits de l\u2019homme<\/strong> par la fen\u00eatre\u202f\u00bb<\/em>, a d\u00e9clar\u00e9 la directrice d\u2019Amnesty International aux Pays-Bas, Dagmar Oudshoorn, ajoutant qu\u2019elle \u00ab\u202f<em>pi\u00e9tine\u202f\u00bb<\/em> \u00e9galement l\u2019article 1 de la constitution n\u00e9erlandaise.<\/p>\n<p>L\u2019<a href=\"#post-bottom-source\">article premier de la constitution n\u00e9erlandaise stipule<\/a> en effet que \u00ab\u202f<em>toutes les personnes aux Pays-Bas doivent \u00eatre trait\u00e9es de mani\u00e8re \u00e9gale dans des circonstances \u00e9gales. Toute discrimination fond\u00e9e sur la religion, les convictions, les opinions politiques, la race ou le sexe, ou sur tout autre motif, est interdite.\u202f\u00bb<\/em><\/p>\n<p>Amnesty International et d\u2019autres ONG souhaitent faire appel de cette d\u00e9cision.<\/p>\n<p>Mise \u00e0 jour&nbsp;: La Cour d\u2019appel de La Haye en f\u00e9vrier 2023 a consid\u00e9r\u00e9 qu\u2019il n\u2019y avait jamais de justification pour l\u2019utilisation d\u2019une ethnicit\u00e9 lors d\u2019un contr\u00f4le migratoire.<\/p>\n<p><strong><a href=\"https:\/\/www.newsendip.com\/fr\/etiquette\/pays-bas\/\">D\u00e9couvrez plus d\u2019actualit\u00e9s des Pays-Bas<\/a><\/strong><\/p>\n","protected":false},"excerpt":{"rendered":"<p>la Cour de justice des Pays-Bas a d\u00e9cid\u00e9 que la Mar\u00e9chauss\u00e9e royale peut utiliser l\u2019ethnicit\u00e9 comme un indicateur dans le contr\u00f4le de l\u2019immigration.<\/p>\n","protected":false},"author":1,"featured_media":13690,"comment_status":"closed","ping_status":"closed","sticky":false,"template":"","format":"standard","meta":{"wp_typography_post_enhancements_disabled":false,"footnotes":""},"categories":[409],"tags":[434,421],"class_list":["post-18423","post","type-post","status-publish","format-standard","has-post-thumbnail","hentry","category-societe","tag-pays-bas","tag-vieux"],"yoast_head":"<!-- This site is optimized with the Yoast SEO Premium plugin v27.4 (Yoast SEO v27.4) - https:\/\/yoast.com\/product\/yoast-seo-premium-wordpress\/ -->\n<title>L&#039;appartenance ethnique consid\u00e9r\u00e9e comme un motif acceptable de contr\u00f4le de l&#039;immigration aux Pays-Bas<\/title>\n<meta name=\"description\" content=\"la Cour de justice des Pays-Bas a d\u00e9cid\u00e9 que la Mar\u00e9chauss\u00e9e royale peut utiliser l&#039;ethnicit\u00e9 comme un indicateur dans le contr\u00f4le de l&#039;immigration.\" \/>\n<meta name=\"robots\" content=\"index, follow, max-snippet:-1, max-image-preview:large, max-video-preview:-1\" \/>\n<link rel=\"canonical\" href=\"https:\/\/www.newsendip.com\/fr\/lappartenance-ethnique-consideree-comme-un-motif-acceptable-de-controle-de-limmigration-aux-pays-bas\/\" \/>\n<meta property=\"og:locale\" content=\"fr_FR\" \/>\n<meta property=\"og:type\" content=\"article\" \/>\n<meta property=\"og:title\" content=\"L&#039;appartenance ethnique consid\u00e9r\u00e9e comme un motif acceptable de contr\u00f4le de l&#039;immigration aux Pays-Bas\" \/>\n<meta property=\"og:description\" content=\"la Cour de justice des Pays-Bas a d\u00e9cid\u00e9 que la Mar\u00e9chauss\u00e9e royale peut utiliser l&#039;ethnicit\u00e9 comme un indicateur dans le contr\u00f4le de l&#039;immigration.\" \/>\n<meta property=\"og:url\" content=\"https:\/\/www.newsendip.com\/fr\/lappartenance-ethnique-consideree-comme-un-motif-acceptable-de-controle-de-limmigration-aux-pays-bas\/\" \/>\n<meta property=\"og:site_name\" content=\"Newsendip\" \/>\n<meta property=\"article:publisher\" content=\"https:\/\/www.facebook.com\/newsendip\" \/>\n<meta property=\"article:published_time\" content=\"2021-09-22T13:30:00+00:00\" \/>\n<meta property=\"article:modified_time\" content=\"2023-07-17T20:17:49+00:00\" \/>\n<meta property=\"og:image\" content=\"https:\/\/www.newsendip.com\/wp-content\/uploads\/2021\/09\/netherlands-immigration-ethnicity-skin-color-border-control-progressive.jpeg\" \/>\n\t<meta property=\"og:image:width\" content=\"640\" \/>\n\t<meta property=\"og:image:height\" content=\"426\" \/>\n\t<meta property=\"og:image:type\" content=\"image\/jpeg\" \/>\n<meta name=\"author\" content=\"Cl\u00e9ment V\u00e9rit\u00e9\" \/>\n<meta name=\"twitter:card\" content=\"summary_large_image\" \/>\n<meta name=\"twitter:creator\" content=\"@https:\/\/twitter.com\/cverite\" \/>\n<meta name=\"twitter:site\" content=\"@newsendip\" \/>\n<meta name=\"twitter:label1\" content=\"\u00c9crit par\" \/>\n\t<meta name=\"twitter:data1\" content=\"Cl\u00e9ment V\u00e9rit\u00e9\" \/>\n\t<meta name=\"twitter:label2\" content=\"Dur\u00e9e de lecture estim\u00e9e\" \/>\n\t<meta name=\"twitter:data2\" content=\"3 minutes\" \/>\n<!-- \/ Yoast SEO Premium plugin. -->","yoast_head_json":{"title":"L'appartenance ethnique consid\u00e9r\u00e9e comme un motif acceptable de contr\u00f4le de l'immigration aux Pays-Bas","description":"la Cour de justice des Pays-Bas a d\u00e9cid\u00e9 que la Mar\u00e9chauss\u00e9e royale peut utiliser l'ethnicit\u00e9 comme un indicateur dans le contr\u00f4le de l'immigration.","robots":{"index":"index","follow":"follow","max-snippet":"max-snippet:-1","max-image-preview":"max-image-preview:large","max-video-preview":"max-video-preview:-1"},"canonical":"https:\/\/www.newsendip.com\/fr\/lappartenance-ethnique-consideree-comme-un-motif-acceptable-de-controle-de-limmigration-aux-pays-bas\/","og_locale":"fr_FR","og_type":"article","og_title":"L'appartenance ethnique consid\u00e9r\u00e9e comme un motif acceptable de contr\u00f4le de l'immigration aux Pays-Bas","og_description":"la Cour de justice des Pays-Bas a d\u00e9cid\u00e9 que la Mar\u00e9chauss\u00e9e royale peut utiliser l'ethnicit\u00e9 comme un indicateur dans le contr\u00f4le de l'immigration.","og_url":"https:\/\/www.newsendip.com\/fr\/lappartenance-ethnique-consideree-comme-un-motif-acceptable-de-controle-de-limmigration-aux-pays-bas\/","og_site_name":"Newsendip","article_publisher":"https:\/\/www.facebook.com\/newsendip","article_published_time":"2021-09-22T13:30:00+00:00","article_modified_time":"2023-07-17T20:17:49+00:00","og_image":[{"width":640,"height":426,"url":"https:\/\/www.newsendip.com\/wp-content\/uploads\/2021\/09\/netherlands-immigration-ethnicity-skin-color-border-control-progressive.jpeg","type":"image\/jpeg"}],"author":"Cl\u00e9ment V\u00e9rit\u00e9","twitter_card":"summary_large_image","twitter_creator":"@https:\/\/twitter.com\/cverite","twitter_site":"@newsendip","twitter_misc":{"\u00c9crit par":"Cl\u00e9ment V\u00e9rit\u00e9","Dur\u00e9e de lecture estim\u00e9e":"3 minutes"},"schema":{"@context":"https:\/\/schema.org","@graph":[{"@type":"NewsArticle","@id":"https:\/\/www.newsendip.com\/fr\/lappartenance-ethnique-consideree-comme-un-motif-acceptable-de-controle-de-limmigration-aux-pays-bas\/#article","isPartOf":{"@id":"https:\/\/www.newsendip.com\/fr\/lappartenance-ethnique-consideree-comme-un-motif-acceptable-de-controle-de-limmigration-aux-pays-bas\/"},"author":{"name":"Cl\u00e9ment V\u00e9rit\u00e9","@id":"https:\/\/www.newsendip.com\/fr\/#\/schema\/person\/ea22c01755f464a3cbc2c619584d6363"},"headline":"L\u2019appartenance ethnique consid\u00e9r\u00e9e comme un motif acceptable de contr\u00f4le de l\u2019immigration aux Pays-Bas","datePublished":"2021-09-22T13:30:00+00:00","dateModified":"2023-07-17T20:17:49+00:00","mainEntityOfPage":{"@id":"https:\/\/www.newsendip.com\/fr\/lappartenance-ethnique-consideree-comme-un-motif-acceptable-de-controle-de-limmigration-aux-pays-bas\/"},"wordCount":545,"publisher":{"@id":"https:\/\/www.newsendip.com\/fr\/#organization"},"image":{"@id":"https:\/\/www.newsendip.com\/fr\/lappartenance-ethnique-consideree-comme-un-motif-acceptable-de-controle-de-limmigration-aux-pays-bas\/#primaryimage"},"thumbnailUrl":"https:\/\/www.newsendip.com\/wp-content\/uploads\/2021\/09\/netherlands-immigration-ethnicity-skin-color-border-control-progressive.jpeg","keywords":["Pays-Bas","Vieux"],"articleSection":["Soci\u00e9t\u00e9"],"inLanguage":"fr-FR","copyrightYear":"2021","copyrightHolder":{"@id":"https:\/\/www.newsendip.com\/#organization"}},{"@type":"WebPage","@id":"https:\/\/www.newsendip.com\/fr\/lappartenance-ethnique-consideree-comme-un-motif-acceptable-de-controle-de-limmigration-aux-pays-bas\/","url":"https:\/\/www.newsendip.com\/fr\/lappartenance-ethnique-consideree-comme-un-motif-acceptable-de-controle-de-limmigration-aux-pays-bas\/","name":"L'appartenance ethnique consid\u00e9r\u00e9e comme un motif acceptable de contr\u00f4le de l'immigration aux Pays-Bas","isPartOf":{"@id":"https:\/\/www.newsendip.com\/fr\/#website"},"primaryImageOfPage":{"@id":"https:\/\/www.newsendip.com\/fr\/lappartenance-ethnique-consideree-comme-un-motif-acceptable-de-controle-de-limmigration-aux-pays-bas\/#primaryimage"},"image":{"@id":"https:\/\/www.newsendip.com\/fr\/lappartenance-ethnique-consideree-comme-un-motif-acceptable-de-controle-de-limmigration-aux-pays-bas\/#primaryimage"},"thumbnailUrl":"https:\/\/www.newsendip.com\/wp-content\/uploads\/2021\/09\/netherlands-immigration-ethnicity-skin-color-border-control-progressive.jpeg","datePublished":"2021-09-22T13:30:00+00:00","dateModified":"2023-07-17T20:17:49+00:00","description":"la Cour de justice des Pays-Bas a d\u00e9cid\u00e9 que la Mar\u00e9chauss\u00e9e royale peut utiliser l'ethnicit\u00e9 comme un indicateur dans le contr\u00f4le de l'immigration.","breadcrumb":{"@id":"https:\/\/www.newsendip.com\/fr\/lappartenance-ethnique-consideree-comme-un-motif-acceptable-de-controle-de-limmigration-aux-pays-bas\/#breadcrumb"},"inLanguage":"fr-FR","potentialAction":[{"@type":"ReadAction","target":["https:\/\/www.newsendip.com\/fr\/lappartenance-ethnique-consideree-comme-un-motif-acceptable-de-controle-de-limmigration-aux-pays-bas\/"]}]},{"@type":"ImageObject","inLanguage":"fr-FR","@id":"https:\/\/www.newsendip.com\/fr\/lappartenance-ethnique-consideree-comme-un-motif-acceptable-de-controle-de-limmigration-aux-pays-bas\/#primaryimage","url":"https:\/\/www.newsendip.com\/wp-content\/uploads\/2021\/09\/netherlands-immigration-ethnicity-skin-color-border-control-progressive.jpeg","contentUrl":"https:\/\/www.newsendip.com\/wp-content\/uploads\/2021\/09\/netherlands-immigration-ethnicity-skin-color-border-control-progressive.jpeg","width":640,"height":426,"caption":"Pour la Cour de justice des Pays-Bas, l'ethnicit\u00e9 peut \u00eatre une indication objective de la nationalit\u00e9 suppos\u00e9e d'une personne | \u00a9 Minist\u00e8re de la D\u00e9fense"},{"@type":"BreadcrumbList","@id":"https:\/\/www.newsendip.com\/fr\/lappartenance-ethnique-consideree-comme-un-motif-acceptable-de-controle-de-limmigration-aux-pays-bas\/#breadcrumb","itemListElement":[{"@type":"ListItem","position":1,"name":"Accueil","item":"https:\/\/www.newsendip.com\/fr\/"},{"@type":"ListItem","position":2,"name":"L\u2019appartenance ethnique consid\u00e9r\u00e9e comme un motif acceptable de contr\u00f4le de l\u2019immigration aux Pays-Bas"}]},{"@type":"WebSite","@id":"https:\/\/www.newsendip.com\/fr\/#website","url":"https:\/\/www.newsendip.com\/fr\/","name":"Newsendip","description":"Red\u00e9couvrez l&#039;actualit\u00e9 internationale","publisher":{"@id":"https:\/\/www.newsendip.com\/fr\/#organization"},"potentialAction":[{"@type":"SearchAction","target":{"@type":"EntryPoint","urlTemplate":"https:\/\/www.newsendip.com\/fr\/?s={search_term_string}"},"query-input":{"@type":"PropertyValueSpecification","valueRequired":true,"valueName":"search_term_string"}}],"inLanguage":"fr-FR"},{"@type":"Organization","@id":"https:\/\/www.newsendip.com\/fr\/#organization","name":"Newsendip","url":"https:\/\/www.newsendip.com\/fr\/","logo":{"@type":"ImageObject","inLanguage":"fr-FR","@id":"https:\/\/www.newsendip.com\/fr\/#\/schema\/logo\/image\/","url":"https:\/\/www.newsendip.com\/wp-content\/uploads\/2023\/12\/512x512.svg","contentUrl":"https:\/\/www.newsendip.com\/wp-content\/uploads\/2023\/12\/512x512.svg","width":1,"height":1,"caption":"Newsendip"},"image":{"@id":"https:\/\/www.newsendip.com\/fr\/#\/schema\/logo\/image\/"},"sameAs":["https:\/\/www.facebook.com\/newsendip","https:\/\/x.com\/newsendip","https:\/\/mastodon.social\/@newsendip","https:\/\/www.linkedin.com\/company\/newsendip"],"description":"Newsendip est un site qui a pour mission de rendre l'actualit\u00e9 internationale accessible et diversifi\u00e9e","email":"contact@newsendip.com","legalName":"Newsendip SAS","foundingDate":"2022-11-04","vatID":"FR60921124723","numberOfEmployees":{"@type":"QuantitativeValue","minValue":"1","maxValue":"10"},"publishingPrinciples":"https:\/\/www.newsendip.com\/about-us\/","ownershipFundingInfo":"https:\/\/www.newsendip.com\/legal-notice\/","actionableFeedbackPolicy":"https:\/\/www.newsendip.com\/about-us\/","correctionsPolicy":"https:\/\/www.newsendip.com\/about-us\/","ethicsPolicy":"https:\/\/www.newsendip.com\/about-us\/","diversityPolicy":"https:\/\/www.newsendip.com\/about-us\/"},{"@type":"Person","@id":"https:\/\/www.newsendip.com\/fr\/#\/schema\/person\/ea22c01755f464a3cbc2c619584d6363","name":"Cl\u00e9ment V\u00e9rit\u00e9","description":"Cl\u00e9ment is the executive editor and founder of Newsendip. He started in the media industry as a freelance reporter at 16 for a local French newspaper after school and has never left it. He later worked for seven years at The New York Times, notably as a data analyst. He holds a Master of Management in France and a Master of Arts in the United Kingdom in International Marketing &amp; Communications Strategy. He has lived in France, the United Kingdom, and Italy.","sameAs":["https:\/\/www.newsendip.com\/","https:\/\/www.linkedin.com\/in\/clementverite\/","https:\/\/x.com\/https:\/\/twitter.com\/cverite"],"knowsAbout":["News","International","Business","Media monitoring"],"knowsLanguage":["English","French","Italian","Spanish"],"url":"https:\/\/www.newsendip.com\/fr\/author\/clement-verite\/"}]}},"_links":{"self":[{"href":"https:\/\/www.newsendip.com\/fr\/wp-json\/wp\/v2\/posts\/18423","targetHints":{"allow":["GET"]}}],"collection":[{"href":"https:\/\/www.newsendip.com\/fr\/wp-json\/wp\/v2\/posts"}],"about":[{"href":"https:\/\/www.newsendip.com\/fr\/wp-json\/wp\/v2\/types\/post"}],"author":[{"embeddable":true,"href":"https:\/\/www.newsendip.com\/fr\/wp-json\/wp\/v2\/users\/1"}],"replies":[{"embeddable":true,"href":"https:\/\/www.newsendip.com\/fr\/wp-json\/wp\/v2\/comments?post=18423"}],"version-history":[{"count":0,"href":"https:\/\/www.newsendip.com\/fr\/wp-json\/wp\/v2\/posts\/18423\/revisions"}],"wp:featuredmedia":[{"embeddable":true,"href":"https:\/\/www.newsendip.com\/fr\/wp-json\/wp\/v2\/media\/13690"}],"wp:attachment":[{"href":"https:\/\/www.newsendip.com\/fr\/wp-json\/wp\/v2\/media?parent=18423"}],"wp:term":[{"taxonomy":"category","embeddable":true,"href":"https:\/\/www.newsendip.com\/fr\/wp-json\/wp\/v2\/categories?post=18423"},{"taxonomy":"post_tag","embeddable":true,"href":"https:\/\/www.newsendip.com\/fr\/wp-json\/wp\/v2\/tags?post=18423"}],"curies":[{"name":"wp","href":"https:\/\/api.w.org\/{rel}","templated":true}]}}