{"id":18449,"date":"2022-02-27T15:23:17","date_gmt":"2022-02-27T14:23:17","guid":{"rendered":"https:\/\/www.newsendip.com\/?p=18449"},"modified":"2022-07-11T10:34:46","modified_gmt":"2022-07-11T08:34:46","slug":"lallemagne-augmente-ses-depenses-militaires-au-dela-des-2-du-pib","status":"publish","type":"post","link":"https:\/\/www.newsendip.com\/fr\/lallemagne-augmente-ses-depenses-militaires-au-dela-des-2-du-pib\/","title":{"rendered":"L\u2019Allemagne augmente ses d\u00e9penses militaires au-del\u00e0 des 2\u202f% du&nbsp;PIB"},"content":{"rendered":"<p><strong>L\u2019Allemagne engage 100 milliards d\u2019euros dans un fonds sp\u00e9cial pour ses forces arm\u00e9es, portant les d\u00e9penses de d\u00e9fense \u00e0 plus de 2% du&nbsp;PIB.<br>\n<\/strong><\/p>\n<figure id=\"attachment_14137\" aria-describedby=\"caption-attachment-14137\" style=\"width: 1024px\" class=\"wp-caption aligncenter\"><img decoding=\"async\" class=\"size-large wp-image-14137\" src=\"https:\/\/www.newsendip.com\/wp-content\/uploads\/2022\/02\/Olaf-Scholz-chancellor-germany-bundestag-1024x576.webp\" alt=\"Le chancelier allemand Olaf Scholzch au Bundestag lors d'une session extraordinaire sur l'invasion de l'Ukraine par la Russie\" width=\"1024\" height=\"576\" srcset=\"https:\/\/www.newsendip.com\/wp-content\/uploads\/2022\/02\/Olaf-Scholz-chancellor-germany-bundestag-1024x576.webp 1024w, https:\/\/www.newsendip.com\/wp-content\/uploads\/2022\/02\/Olaf-Scholz-chancellor-germany-bundestag-60x34.webp 60w, https:\/\/www.newsendip.com\/wp-content\/uploads\/2022\/02\/Olaf-Scholz-chancellor-germany-bundestag-300x169.webp 300w, https:\/\/www.newsendip.com\/wp-content\/uploads\/2022\/02\/Olaf-Scholz-chancellor-germany-bundestag-768x432.webp 768w, https:\/\/www.newsendip.com\/wp-content\/uploads\/2022\/02\/Olaf-Scholz-chancellor-germany-bundestag-1536x864.webp 1536w, https:\/\/www.newsendip.com\/wp-content\/uploads\/2022\/02\/Olaf-Scholz-chancellor-germany-bundestag.webp 1920w\" sizes=\"(max-width: 1024px) 100vw, 1024px\"><figcaption id=\"caption-attachment-14137\" class=\"wp-caption-text\">Le chancelier allemand Olaf Scholzch au Bundestag lors d\u2019une session extraordinaire sur l\u2019invasion de l\u2019Ukraine par la Russie.<\/figcaption><\/figure>\n<p>Le chancelier allemand Olaf Scholz a d\u00e9clar\u00e9 le 27 f\u00e9vrier que l\u2019Allemagne engageait 100 milliards d\u2019euros dans un fonds sp\u00e9cial pour ses forces arm\u00e9es, portant ses d\u00e9penses de d\u00e9fense au-del\u00e0 des 2\u202f% du produit int\u00e9rieur brut.<\/p>\n<p>En 2020, l\u2019Allemagne a d\u00e9pens\u00e9 46 milliards d\u2019euros pour son arm\u00e9e, selon l\u2019<a href=\"https:\/\/www.sipri.org\/databases\/milex\">Institut international de recherche sur la paix de Stockholm<\/a>.<\/p>\n<p>Cela repr\u00e9sentait 1,4\u202f% de son produit int\u00e9rieur brut, soit beaucoup moins que les 4,3\u202f% de la Russie ou les 3,7\u202f% des \u00c9tats-Unis. Les d\u00e9penses militaires de l\u2019Allemagne deviendront similaires \u00e0 celles de pays comme la France et le Royaume-Uni, qui ont respectivement investi 2,1\u202f% et 2,2\u202f% de leur PIB dans les forces de d\u00e9fense en&nbsp;2020.<\/p>\n<p>\u00ab\u202f<em>Il est clair que nous devons investir beaucoup plus dans la s\u00e9curit\u00e9 de notre pays, afin de prot\u00e9ger notre libert\u00e9 et notre d\u00e9mocratie<\/em>\u202f\u00bb, a d\u00e9clar\u00e9 M. Scholz lors d\u2019un discours sur l\u2019invasion russe de l\u2019Ukraine lors d\u2019une session extraordinaire du Bundestag, le parlement f\u00e9d\u00e9ral allemand.<\/p>\n<p>Cette d\u00e9cision est importante en l\u2019Allemagne alors qu\u2019elle \u00e9tait critiqu\u00e9e par les \u00c9tats-Unis et d\u2019autres alli\u00e9s de l\u2019OTAN pour ne pas avoir investi suffisamment dans son budget de la d\u00e9fense. C\u2019est aussi la plus r\u00e9cente d\u00e9cision d\u2019une s\u00e9rie de changements majeurs dans la politique de d\u00e9fense et de s\u00e9curit\u00e9 allemande en r\u00e9ponse \u00e0 l\u2019invasion de l\u2019Ukraine par la Russie.<\/p>\n<p>Samedi soir, le gouvernement allemand a annonc\u00e9 qu\u2019il allait envoyer des armes et d\u2019autres mat\u00e9riel directement \u00e0 l\u2019Ukraine, qui se bat pour emp\u00eacher la Russie d\u2019envahir sa capitale. La France a d\u00e9clar\u00e9 avoir envoy\u00e9 500 soldats en Roumanie il y a deux jours dans <a href=\"https:\/\/www.newsendip.com\/fr\/la-perception-des-roumains-sur-leur-pays-sest-amelioree-avec-linvasion-de-lukraine\/\">le cadre de l\u2019OTAN<\/a>.<\/p>\n<p>Alors que la Russie, et les dignitaires russes, sont principalement la cible de sanctions \u00e9conomiques, l\u2019invasion de l\u2019Ukraine <a href=\"https:\/\/www.newsendip.com\/fr\/les-exigences-russes-envers-otan-concernent-aussi-la-suede-et-la-finlande\/\">affecte \u00e9galement le paysage militaire europ\u00e9en sur le long terme<\/a>.<\/p>\n<p>Pendant ce temps, le pr\u00e9sident Vladimir Poutine a plac\u00e9 les forces nucl\u00e9aires russes en \u00e9tat d\u2019alerte \u00e9lev\u00e9e par le biais d\u2019un \u00ab\u202f<em>r\u00e9gime sp\u00e9cial de service de combat<\/em>\u202f\u00bb dimanche, en r\u00e9ponse \u00e0 ce qu\u2019il a appel\u00e9 des \u00ab\u202f<em>d\u00e9clarations agressives<\/em>\u202f\u00bb de la part des <a href=\"https:\/\/www.newsendip.com\/fr\/la-suede-prevoit-aussi-une-augmentation-de-son-budget-defense\/\">principales puissances de l\u2019OTAN<\/a>, citant \u00e9galement les sanctions \u00e9conomiques.<\/p>\n<p><a href=\"https:\/\/www.newsendip.com\/fr\/etiquette\/allemagne\/\"><strong>D\u00e9couvrez plus d\u2019actualit\u00e9s sur l\u2019Allemagne<\/strong><\/a><\/p>\n","protected":false},"excerpt":{"rendered":"<p>L\u2019Allemagne engage 100 milliards d\u2019euros dans un fonds sp\u00e9cial pour ses forces arm\u00e9es, portant les d\u00e9penses de d\u00e9fense \u00e0 plus de 2% du&nbsp;PIB.<\/p>\n","protected":false},"author":4,"featured_media":14137,"comment_status":"closed","ping_status":"closed","sticky":false,"template":"","format":"standard","meta":{"wp_typography_post_enhancements_disabled":false,"footnotes":""},"categories":[416],"tags":[478,421],"class_list":["post-18449","post","type-post","status-publish","format-standard","has-post-thumbnail","hentry","category-politique","tag-allemagne","tag-vieux"],"yoast_head":"<!-- This site is optimized with the Yoast SEO Premium plugin v27.4 (Yoast SEO v27.4) - https:\/\/yoast.com\/product\/yoast-seo-premium-wordpress\/ -->\n<title>L&#039;Allemagne augmente ses d\u00e9penses militaires au-del\u00e0 des 2 % du PIB<\/title>\n<meta name=\"description\" content=\"L&#039;Allemagne engage 100 milliards d&#039;euros dans un fonds sp\u00e9cial pour ses forces arm\u00e9es, portant les d\u00e9penses de d\u00e9fense \u00e0 plus de 2% du PIB.\" \/>\n<meta name=\"robots\" content=\"index, follow, max-snippet:-1, max-image-preview:large, max-video-preview:-1\" \/>\n<link rel=\"canonical\" href=\"https:\/\/www.newsendip.com\/fr\/lallemagne-augmente-ses-depenses-militaires-au-dela-des-2-du-pib\/\" \/>\n<meta property=\"og:locale\" content=\"fr_FR\" \/>\n<meta property=\"og:type\" content=\"article\" \/>\n<meta property=\"og:title\" content=\"L&#039;Allemagne augmente ses d\u00e9penses militaires au-del\u00e0 des 2 % du PIB\" \/>\n<meta property=\"og:description\" content=\"L&#039;Allemagne engage 100 milliards d&#039;euros dans un fonds sp\u00e9cial pour ses forces arm\u00e9es, portant les d\u00e9penses de d\u00e9fense \u00e0 plus de 2% du PIB.\" \/>\n<meta property=\"og:url\" content=\"https:\/\/www.newsendip.com\/fr\/lallemagne-augmente-ses-depenses-militaires-au-dela-des-2-du-pib\/\" \/>\n<meta property=\"og:site_name\" content=\"Newsendip\" \/>\n<meta property=\"article:publisher\" content=\"https:\/\/www.facebook.com\/newsendip\" \/>\n<meta property=\"article:published_time\" content=\"2022-02-27T14:23:17+00:00\" \/>\n<meta property=\"article:modified_time\" content=\"2022-07-11T08:34:46+00:00\" \/>\n<meta property=\"og:image\" content=\"https:\/\/www.newsendip.com\/wp-content\/uploads\/2022\/02\/Olaf-Scholz-chancellor-germany-bundestag.webp\" \/>\n\t<meta property=\"og:image:width\" content=\"1920\" \/>\n\t<meta property=\"og:image:height\" content=\"1080\" \/>\n\t<meta property=\"og:image:type\" content=\"image\/webp\" \/>\n<meta name=\"author\" content=\"Newsendip with AP\" \/>\n<meta name=\"twitter:card\" content=\"summary_large_image\" \/>\n<meta name=\"twitter:creator\" content=\"@newsendip\" \/>\n<meta name=\"twitter:site\" content=\"@newsendip\" \/>\n<meta name=\"twitter:label1\" content=\"\u00c9crit par\" \/>\n\t<meta name=\"twitter:data1\" content=\"Newsendip avec AP\" \/>\n\t<meta name=\"twitter:label2\" content=\"Dur\u00e9e de lecture estim\u00e9e\" \/>\n\t<meta name=\"twitter:data2\" content=\"2 minutes\" \/>\n<!-- \/ Yoast SEO Premium plugin. -->","yoast_head_json":{"title":"L'Allemagne augmente ses d\u00e9penses militaires au-del\u00e0 des 2 % du PIB","description":"L'Allemagne engage 100 milliards d'euros dans un fonds sp\u00e9cial pour ses forces arm\u00e9es, portant les d\u00e9penses de d\u00e9fense \u00e0 plus de 2% du PIB.","robots":{"index":"index","follow":"follow","max-snippet":"max-snippet:-1","max-image-preview":"max-image-preview:large","max-video-preview":"max-video-preview:-1"},"canonical":"https:\/\/www.newsendip.com\/fr\/lallemagne-augmente-ses-depenses-militaires-au-dela-des-2-du-pib\/","og_locale":"fr_FR","og_type":"article","og_title":"L'Allemagne augmente ses d\u00e9penses militaires au-del\u00e0 des 2 % du PIB","og_description":"L'Allemagne engage 100 milliards d'euros dans un fonds sp\u00e9cial pour ses forces arm\u00e9es, portant les d\u00e9penses de d\u00e9fense \u00e0 plus de 2% du PIB.","og_url":"https:\/\/www.newsendip.com\/fr\/lallemagne-augmente-ses-depenses-militaires-au-dela-des-2-du-pib\/","og_site_name":"Newsendip","article_publisher":"https:\/\/www.facebook.com\/newsendip","article_published_time":"2022-02-27T14:23:17+00:00","article_modified_time":"2022-07-11T08:34:46+00:00","og_image":[{"width":1920,"height":1080,"url":"https:\/\/www.newsendip.com\/wp-content\/uploads\/2022\/02\/Olaf-Scholz-chancellor-germany-bundestag.webp","type":"image\/webp"}],"author":"Newsendip with AP","twitter_card":"summary_large_image","twitter_creator":"@newsendip","twitter_site":"@newsendip","twitter_misc":{"\u00c9crit par":"Newsendip avec AP","Dur\u00e9e de lecture estim\u00e9e":"2 minutes"},"schema":{"@context":"https:\/\/schema.org","@graph":[{"@type":"NewsArticle","@id":"https:\/\/www.newsendip.com\/fr\/lallemagne-augmente-ses-depenses-militaires-au-dela-des-2-du-pib\/#article","isPartOf":{"@id":"https:\/\/www.newsendip.com\/fr\/lallemagne-augmente-ses-depenses-militaires-au-dela-des-2-du-pib\/"},"author":{"name":"Newsendip with AP","@id":"https:\/\/www.newsendip.com\/fr\/#\/schema\/person\/b39c439f25219d252080349ee96644f3"},"headline":"L\u2019Allemagne augmente ses d\u00e9penses militaires au-del\u00e0 des 2\u202f% du&nbsp;PIB","datePublished":"2022-02-27T14:23:17+00:00","dateModified":"2022-07-11T08:34:46+00:00","mainEntityOfPage":{"@id":"https:\/\/www.newsendip.com\/fr\/lallemagne-augmente-ses-depenses-militaires-au-dela-des-2-du-pib\/"},"wordCount":472,"publisher":{"@id":"https:\/\/www.newsendip.com\/fr\/#organization"},"image":{"@id":"https:\/\/www.newsendip.com\/fr\/lallemagne-augmente-ses-depenses-militaires-au-dela-des-2-du-pib\/#primaryimage"},"thumbnailUrl":"https:\/\/www.newsendip.com\/wp-content\/uploads\/2022\/02\/Olaf-Scholz-chancellor-germany-bundestag.webp","keywords":["Allemagne","Vieux"],"articleSection":["Politique"],"inLanguage":"fr-FR","copyrightYear":"2022","copyrightHolder":{"@id":"https:\/\/www.newsendip.com\/#organization"}},{"@type":"WebPage","@id":"https:\/\/www.newsendip.com\/fr\/lallemagne-augmente-ses-depenses-militaires-au-dela-des-2-du-pib\/","url":"https:\/\/www.newsendip.com\/fr\/lallemagne-augmente-ses-depenses-militaires-au-dela-des-2-du-pib\/","name":"L'Allemagne augmente ses d\u00e9penses militaires au-del\u00e0 des 2 % du PIB","isPartOf":{"@id":"https:\/\/www.newsendip.com\/fr\/#website"},"primaryImageOfPage":{"@id":"https:\/\/www.newsendip.com\/fr\/lallemagne-augmente-ses-depenses-militaires-au-dela-des-2-du-pib\/#primaryimage"},"image":{"@id":"https:\/\/www.newsendip.com\/fr\/lallemagne-augmente-ses-depenses-militaires-au-dela-des-2-du-pib\/#primaryimage"},"thumbnailUrl":"https:\/\/www.newsendip.com\/wp-content\/uploads\/2022\/02\/Olaf-Scholz-chancellor-germany-bundestag.webp","datePublished":"2022-02-27T14:23:17+00:00","dateModified":"2022-07-11T08:34:46+00:00","description":"L'Allemagne engage 100 milliards d'euros dans un fonds sp\u00e9cial pour ses forces arm\u00e9es, portant les d\u00e9penses de d\u00e9fense \u00e0 plus de 2% du PIB.","breadcrumb":{"@id":"https:\/\/www.newsendip.com\/fr\/lallemagne-augmente-ses-depenses-militaires-au-dela-des-2-du-pib\/#breadcrumb"},"inLanguage":"fr-FR","potentialAction":[{"@type":"ReadAction","target":["https:\/\/www.newsendip.com\/fr\/lallemagne-augmente-ses-depenses-militaires-au-dela-des-2-du-pib\/"]}]},{"@type":"ImageObject","inLanguage":"fr-FR","@id":"https:\/\/www.newsendip.com\/fr\/lallemagne-augmente-ses-depenses-militaires-au-dela-des-2-du-pib\/#primaryimage","url":"https:\/\/www.newsendip.com\/wp-content\/uploads\/2022\/02\/Olaf-Scholz-chancellor-germany-bundestag.webp","contentUrl":"https:\/\/www.newsendip.com\/wp-content\/uploads\/2022\/02\/Olaf-Scholz-chancellor-germany-bundestag.webp","width":1920,"height":1080,"caption":"Le chancelier allemand Olaf Scholzch au Bundestag lors d'une session extraordinaire sur l'invasion de l'Ukraine par la Russie."},{"@type":"BreadcrumbList","@id":"https:\/\/www.newsendip.com\/fr\/lallemagne-augmente-ses-depenses-militaires-au-dela-des-2-du-pib\/#breadcrumb","itemListElement":[{"@type":"ListItem","position":1,"name":"Accueil","item":"https:\/\/www.newsendip.com\/fr\/"},{"@type":"ListItem","position":2,"name":"L\u2019Allemagne augmente ses d\u00e9penses militaires au-del\u00e0 des 2\u202f% du&nbsp;PIB"}]},{"@type":"WebSite","@id":"https:\/\/www.newsendip.com\/fr\/#website","url":"https:\/\/www.newsendip.com\/fr\/","name":"Newsendip","description":"Red\u00e9couvrez l&#039;actualit\u00e9 internationale","publisher":{"@id":"https:\/\/www.newsendip.com\/fr\/#organization"},"potentialAction":[{"@type":"SearchAction","target":{"@type":"EntryPoint","urlTemplate":"https:\/\/www.newsendip.com\/fr\/?s={search_term_string}"},"query-input":{"@type":"PropertyValueSpecification","valueRequired":true,"valueName":"search_term_string"}}],"inLanguage":"fr-FR"},{"@type":"Organization","@id":"https:\/\/www.newsendip.com\/fr\/#organization","name":"Newsendip","url":"https:\/\/www.newsendip.com\/fr\/","logo":{"@type":"ImageObject","inLanguage":"fr-FR","@id":"https:\/\/www.newsendip.com\/fr\/#\/schema\/logo\/image\/","url":"https:\/\/www.newsendip.com\/wp-content\/uploads\/2023\/12\/512x512.svg","contentUrl":"https:\/\/www.newsendip.com\/wp-content\/uploads\/2023\/12\/512x512.svg","width":1,"height":1,"caption":"Newsendip"},"image":{"@id":"https:\/\/www.newsendip.com\/fr\/#\/schema\/logo\/image\/"},"sameAs":["https:\/\/www.facebook.com\/newsendip","https:\/\/x.com\/newsendip","https:\/\/mastodon.social\/@newsendip","https:\/\/www.linkedin.com\/company\/newsendip"],"description":"Newsendip est un site qui a pour mission de rendre l'actualit\u00e9 internationale accessible et diversifi\u00e9e","email":"contact@newsendip.com","legalName":"Newsendip SAS","foundingDate":"2022-11-04","vatID":"FR60921124723","numberOfEmployees":{"@type":"QuantitativeValue","minValue":"1","maxValue":"10"},"publishingPrinciples":"https:\/\/www.newsendip.com\/about-us\/","ownershipFundingInfo":"https:\/\/www.newsendip.com\/legal-notice\/","actionableFeedbackPolicy":"https:\/\/www.newsendip.com\/about-us\/","correctionsPolicy":"https:\/\/www.newsendip.com\/about-us\/","ethicsPolicy":"https:\/\/www.newsendip.com\/about-us\/","diversityPolicy":"https:\/\/www.newsendip.com\/about-us\/"},{"@type":"Person","@id":"https:\/\/www.newsendip.com\/fr\/#\/schema\/person\/b39c439f25219d252080349ee96644f3","name":"Newsendip with AP","description":"Newsendip newsroom articles with the support of Associated Press newswire","knowsAbout":["News"],"url":"https:\/\/www.newsendip.com\/fr\/author\/newsendip-associated-press\/"}]}},"_links":{"self":[{"href":"https:\/\/www.newsendip.com\/fr\/wp-json\/wp\/v2\/posts\/18449","targetHints":{"allow":["GET"]}}],"collection":[{"href":"https:\/\/www.newsendip.com\/fr\/wp-json\/wp\/v2\/posts"}],"about":[{"href":"https:\/\/www.newsendip.com\/fr\/wp-json\/wp\/v2\/types\/post"}],"author":[{"embeddable":true,"href":"https:\/\/www.newsendip.com\/fr\/wp-json\/wp\/v2\/users\/4"}],"replies":[{"embeddable":true,"href":"https:\/\/www.newsendip.com\/fr\/wp-json\/wp\/v2\/comments?post=18449"}],"version-history":[{"count":0,"href":"https:\/\/www.newsendip.com\/fr\/wp-json\/wp\/v2\/posts\/18449\/revisions"}],"wp:featuredmedia":[{"embeddable":true,"href":"https:\/\/www.newsendip.com\/fr\/wp-json\/wp\/v2\/media\/14137"}],"wp:attachment":[{"href":"https:\/\/www.newsendip.com\/fr\/wp-json\/wp\/v2\/media?parent=18449"}],"wp:term":[{"taxonomy":"category","embeddable":true,"href":"https:\/\/www.newsendip.com\/fr\/wp-json\/wp\/v2\/categories?post=18449"},{"taxonomy":"post_tag","embeddable":true,"href":"https:\/\/www.newsendip.com\/fr\/wp-json\/wp\/v2\/tags?post=18449"}],"curies":[{"name":"wp","href":"https:\/\/api.w.org\/{rel}","templated":true}]}}