{"id":18468,"date":"2021-06-04T01:00:00","date_gmt":"2021-06-03T23:00:00","guid":{"rendered":"https:\/\/www.newsendip.com\/?p=18468"},"modified":"2024-07-23T17:58:09","modified_gmt":"2024-07-23T15:58:09","slug":"allemagne-a-regulierement-enfreint-la-directive-sur-la-qualite-de-lair-selon-la-cour-de-justice-de-lue","status":"publish","type":"post","link":"https:\/\/www.newsendip.com\/fr\/allemagne-a-regulierement-enfreint-la-directive-sur-la-qualite-de-lair-selon-la-cour-de-justice-de-lue\/","title":{"rendered":"l\u2019Allemagne a r\u00e9guli\u00e8rement enfreint la directive sur la qualit\u00e9 de l\u2019air selon la Cour de justice de&nbsp;l\u2019UE"},"content":{"rendered":"<p><strong>Entre 2010 et 2016, l\u2019Allemagne a d\u00e9pass\u00e9 de mani\u00e8re syst\u00e9matique et persistante les valeurs limites pour le dioxyde d\u2019azote, a d\u00e9clar\u00e9 la Cour de justice de l\u2019Union europ\u00e9enne.<\/strong><\/p>\n<figure id=\"attachment_13563\" aria-describedby=\"caption-attachment-13563\" style=\"width: 640px\" class=\"wp-caption aligncenter\"><img decoding=\"async\" class=\"size-full wp-image-13563\" src=\"https:\/\/www.newsendip.com\/wp-content\/uploads\/2021\/06\/nitrogen-dioxide-germany-pollution.jpg\" alt=\"Trafic dense \u00e0 Berlin\" width=\"640\" height=\"427\" srcset=\"https:\/\/www.newsendip.com\/wp-content\/uploads\/2021\/06\/nitrogen-dioxide-germany-pollution.jpg 640w, https:\/\/www.newsendip.com\/wp-content\/uploads\/2021\/06\/nitrogen-dioxide-germany-pollution-60x40.jpg 60w, https:\/\/www.newsendip.com\/wp-content\/uploads\/2021\/06\/nitrogen-dioxide-germany-pollution-300x200.jpg 300w\" sizes=\"(max-width: 640px) 100vw, 640px\"><figcaption id=\"caption-attachment-13563\" class=\"wp-caption-text\">La Cour de justice de l\u2019Union Europ\u00e9enne a jug\u00e9 que l\u2019Allemagne a d\u00e9pass\u00e9 de mani\u00e8re syst\u00e9matique et persistante les valeurs limites pour le dioxyde d\u2019azote entre 2010 et 2016 | Berlin, Sebastian Herrmann<\/figcaption><\/figure>\n<p>La Cour de justice a jug\u00e9 le 3 juin que l\u2019Allemagne avait <strong>d\u00e9pass\u00e9 la valeur limite de dioxyde d\u2019azote<\/strong> (NO2) fix\u00e9e par la directive sur la qualit\u00e9 de l\u2019air dans 26 des 89 zones et agglom\u00e9rations \u00e9valu\u00e9es. Cette d\u00e9cision fait suite \u00e0 une action en justice d\u00e9pos\u00e9e par la Commission europ\u00e9enne en&nbsp;2018.<\/p>\n<p>Berlin, Hambourg ou Munich, comme neuf des dix plus grandes villes du pays, ont <strong>constamment d\u00e9pass\u00e9 la limite annuelle moyenne<\/strong> de 40 \u03bcg\/m3 de dioxyde d\u2019azote entre 2010 et&nbsp;2016.<\/p>\n<p>Le <a href=\"https:\/\/www.newsendip.com\/fr\/le-confinement-a-reduit-le-nombre-de-deces-causes-par-la-pollution-atmospherique-en-france\/\">dioxyde d\u2019azote<\/a> est un compos\u00e9 chimique qui peut \u00eatre <a href=\"https:\/\/www.newsendip.com\/fr\/urine-humaine-engrais-indispensable-pour-une-agriculture-durable\/\">utilis\u00e9 dans les engrais<\/a> mais qui est consid\u00e9r\u00e9 comme un <a href=\"https:\/\/www.newsendip.com\/fr\/eskom-lentreprise-delectricite-sud-africaine-qui-emet-plus-de-dioxyde-de-soufre-que-nimporte-quel-autre-acteur-du-secteur\/\">polluant atmosph\u00e9rique<\/a>. <strong>La majeure partie de la pollution au dioxyde d\u2019azote provient des moteurs des v\u00e9hicules diesel ou des centrales \u00e0 charbon<\/strong>. Le Dieselgate, qui a impliqu\u00e9 le constructeur automobile Volkswagen, \u00e9tait d\u2019ailleurs li\u00e9 \u00e0 une fraude sur \u00e9missions de dioxyde d\u2019azote sup\u00e9rieures aux normes.<\/p>\n<p>L\u2019Allemagne a fait valoir que le d\u00e9passement des valeurs limites de NO2 \u00e9tait imputable \u00e0 un manque de la Commission europ\u00e9enne. Pour l\u2019Allemagne, <strong>la Commission n\u2019a pas promulgu\u00e9 de l\u00e9gislation efficace qui aurait limit\u00e9 les \u00e9missions de dioxyde d\u2019azote par les v\u00e9hicules diesel<\/strong>, pointant du doigt les normes Euro\u20115 mises en \u0153uvre en 2009 pour les v\u00e9hicules l\u00e9gers personnels et utilitaires.<\/p>\n<h2>L\u2019insuffisance de la l\u00e9gislation n\u2019est pas une raison pour l\u2019Allemagne de polluer<\/h2>\n<p><!--more--><\/p>\n<p><strong>La Cour a rejet\u00e9 cet argument car il ne justifiait pas le non-respect de la directive sur la qualit\u00e9 de l\u2019air<\/strong>. Elle a relev\u00e9 que l\u2019Allemagne n\u2019avait \u00ab\u202f<em>pas adopt\u00e9 les mesures appropri\u00e9es en temps voulu<\/em>\u202f\u00bb pour limiter les \u00e9missions de dioxyde d\u2019azote.<\/p>\n<p>Selon le minist\u00e8re f\u00e9d\u00e9ral des Transports et des Infrastructures num\u00e9riques, le <a href=\"#ref\">programme imm\u00e9diat air pur 2017\u20132020<\/a>, dot\u00e9 d\u2019un budget de 1,5 milliard d\u2019euros, a d\u00e9j\u00e0 permis de r\u00e9aliser des progr\u00e8s. Les efforts portaient notamment sur la num\u00e9risation du syst\u00e8me de transport, l\u2019investissement dans les v\u00e9hicules \u00e9lectriques ou la modernisation des transports publics utilisant le diesel. Selon les chiffres du minist\u00e8re, sur 90 villes qui ont d\u00e9pass\u00e9 la limite en 2017, seules 57 l\u2019ont d\u00e9pass\u00e9e en&nbsp;2018.<\/p>\n<p>L\u2019Allemagne doit se conformer sans d\u00e9lai \u00e0 l\u2019arr\u00eat de la Cour pour remplir ses obligations, mais <strong>aucune sanction n\u2019est pr\u00e9vue pour le moment<\/strong>.<\/p>\n<p><strong><a href=\"https:\/\/www.newsendip.com\/fr\/etiquette\/allemagne\/\">D\u00e9couvrez plus d\u2019actualit\u00e9s sur l\u2019Allemagne<\/a><\/strong><\/p>\n<h3 id=\"ref\">Sources et liens utiles&nbsp;:<\/h3>\n<ul>\n<li><a href=\"https:\/\/curia.europa.eu\/jcms\/upload\/docs\/application\/pdf\/2021-06\/cp210094en.pdf\">Communiqu\u00e9 de presse<\/a>, Cour de justice de l\u2019Union europ\u00e9enne, juin 2021, PDF, acc\u00e8s&nbsp;libre<\/li>\n<li><a href=\"https:\/\/www.bmvi.de\/DE\/Themen\/Mobilitaet\/Urbane-Mobilitaet\/Sofortprogramm-Saubere-Luft\/sofortprogramm-saubere-luft.html\">Sofortprogramm Saubere Luft 2017 \u2013 2020<\/a>, Minist\u00e8re f\u00e9d\u00e9ral des transports et de l\u2019infrastructure num\u00e9rique, acc\u00e8s&nbsp;libre<\/li>\n<\/ul>\n","protected":false},"excerpt":{"rendered":"<p>Entre 2010 et 2016, l\u2019Allemagne a d\u00e9pass\u00e9 de mani\u00e8re syst\u00e9matique et persistante les valeurs limites pour le dioxyde d\u2019azote<\/p>\n","protected":false},"author":1,"featured_media":13563,"comment_status":"closed","ping_status":"closed","sticky":false,"template":"","format":"standard","meta":{"wp_typography_post_enhancements_disabled":false,"footnotes":""},"categories":[3016],"tags":[478,421],"class_list":["post-18468","post","type-post","status-publish","format-standard","has-post-thumbnail","hentry","category-environnement","tag-allemagne","tag-vieux"],"yoast_head":"<!-- This site is optimized with the Yoast SEO Premium plugin v27.4 (Yoast SEO v27.4) - https:\/\/yoast.com\/product\/yoast-seo-premium-wordpress\/ -->\n<title>l&#039;Allemagne a r\u00e9guli\u00e8rement enfreint la directive sur la qualit\u00e9 de l&#039;air selon la Cour de justice de l&#039;UE<\/title>\n<meta name=\"description\" content=\"Entre 2010 et 2016, l&#039;Allemagne a d\u00e9pass\u00e9 de mani\u00e8re syst\u00e9matique et persistante les valeurs limites pour le dioxyde d&#039;azote\" \/>\n<meta name=\"robots\" content=\"index, follow, max-snippet:-1, max-image-preview:large, max-video-preview:-1\" \/>\n<link rel=\"canonical\" href=\"https:\/\/www.newsendip.com\/fr\/allemagne-a-regulierement-enfreint-la-directive-sur-la-qualite-de-lair-selon-la-cour-de-justice-de-lue\/\" \/>\n<meta property=\"og:locale\" content=\"fr_FR\" \/>\n<meta property=\"og:type\" content=\"article\" \/>\n<meta property=\"og:title\" content=\"l&#039;Allemagne a r\u00e9guli\u00e8rement enfreint la directive sur la qualit\u00e9 de l&#039;air selon la Cour de justice de l&#039;UE\" \/>\n<meta property=\"og:description\" content=\"Entre 2010 et 2016, l&#039;Allemagne a d\u00e9pass\u00e9 de mani\u00e8re syst\u00e9matique et persistante les valeurs limites pour le dioxyde d&#039;azote\" \/>\n<meta property=\"og:url\" content=\"https:\/\/www.newsendip.com\/fr\/allemagne-a-regulierement-enfreint-la-directive-sur-la-qualite-de-lair-selon-la-cour-de-justice-de-lue\/\" \/>\n<meta property=\"og:site_name\" content=\"Newsendip\" \/>\n<meta property=\"article:publisher\" content=\"https:\/\/www.facebook.com\/newsendip\" \/>\n<meta property=\"article:published_time\" content=\"2021-06-03T23:00:00+00:00\" \/>\n<meta property=\"article:modified_time\" content=\"2024-07-23T15:58:09+00:00\" \/>\n<meta property=\"og:image\" content=\"https:\/\/www.newsendip.com\/wp-content\/uploads\/2021\/06\/nitrogen-dioxide-germany-pollution.jpg\" \/>\n\t<meta property=\"og:image:width\" content=\"640\" \/>\n\t<meta property=\"og:image:height\" content=\"427\" \/>\n\t<meta property=\"og:image:type\" content=\"image\/jpeg\" \/>\n<meta name=\"author\" content=\"Cl\u00e9ment V\u00e9rit\u00e9\" \/>\n<meta name=\"twitter:card\" content=\"summary_large_image\" \/>\n<meta name=\"twitter:creator\" content=\"@https:\/\/twitter.com\/cverite\" \/>\n<meta name=\"twitter:site\" content=\"@newsendip\" \/>\n<meta name=\"twitter:label1\" content=\"\u00c9crit par\" \/>\n\t<meta name=\"twitter:data1\" content=\"Cl\u00e9ment V\u00e9rit\u00e9\" \/>\n\t<meta name=\"twitter:label2\" content=\"Dur\u00e9e de lecture estim\u00e9e\" \/>\n\t<meta name=\"twitter:data2\" content=\"3 minutes\" \/>\n<!-- \/ Yoast SEO Premium plugin. -->","yoast_head_json":{"title":"l'Allemagne a r\u00e9guli\u00e8rement enfreint la directive sur la qualit\u00e9 de l'air selon la Cour de justice de l'UE","description":"Entre 2010 et 2016, l'Allemagne a d\u00e9pass\u00e9 de mani\u00e8re syst\u00e9matique et persistante les valeurs limites pour le dioxyde d'azote","robots":{"index":"index","follow":"follow","max-snippet":"max-snippet:-1","max-image-preview":"max-image-preview:large","max-video-preview":"max-video-preview:-1"},"canonical":"https:\/\/www.newsendip.com\/fr\/allemagne-a-regulierement-enfreint-la-directive-sur-la-qualite-de-lair-selon-la-cour-de-justice-de-lue\/","og_locale":"fr_FR","og_type":"article","og_title":"l'Allemagne a r\u00e9guli\u00e8rement enfreint la directive sur la qualit\u00e9 de l'air selon la Cour de justice de l'UE","og_description":"Entre 2010 et 2016, l'Allemagne a d\u00e9pass\u00e9 de mani\u00e8re syst\u00e9matique et persistante les valeurs limites pour le dioxyde d'azote","og_url":"https:\/\/www.newsendip.com\/fr\/allemagne-a-regulierement-enfreint-la-directive-sur-la-qualite-de-lair-selon-la-cour-de-justice-de-lue\/","og_site_name":"Newsendip","article_publisher":"https:\/\/www.facebook.com\/newsendip","article_published_time":"2021-06-03T23:00:00+00:00","article_modified_time":"2024-07-23T15:58:09+00:00","og_image":[{"width":640,"height":427,"url":"https:\/\/www.newsendip.com\/wp-content\/uploads\/2021\/06\/nitrogen-dioxide-germany-pollution.jpg","type":"image\/jpeg"}],"author":"Cl\u00e9ment V\u00e9rit\u00e9","twitter_card":"summary_large_image","twitter_creator":"@https:\/\/twitter.com\/cverite","twitter_site":"@newsendip","twitter_misc":{"\u00c9crit par":"Cl\u00e9ment V\u00e9rit\u00e9","Dur\u00e9e de lecture estim\u00e9e":"3 minutes"},"schema":{"@context":"https:\/\/schema.org","@graph":[{"@type":"NewsArticle","@id":"https:\/\/www.newsendip.com\/fr\/allemagne-a-regulierement-enfreint-la-directive-sur-la-qualite-de-lair-selon-la-cour-de-justice-de-lue\/#article","isPartOf":{"@id":"https:\/\/www.newsendip.com\/fr\/allemagne-a-regulierement-enfreint-la-directive-sur-la-qualite-de-lair-selon-la-cour-de-justice-de-lue\/"},"author":{"name":"Cl\u00e9ment V\u00e9rit\u00e9","@id":"https:\/\/www.newsendip.com\/fr\/#\/schema\/person\/ea22c01755f464a3cbc2c619584d6363"},"headline":"l\u2019Allemagne a r\u00e9guli\u00e8rement enfreint la directive sur la qualit\u00e9 de l\u2019air selon la Cour de justice de&nbsp;l\u2019UE","datePublished":"2021-06-03T23:00:00+00:00","dateModified":"2024-07-23T15:58:09+00:00","mainEntityOfPage":{"@id":"https:\/\/www.newsendip.com\/fr\/allemagne-a-regulierement-enfreint-la-directive-sur-la-qualite-de-lair-selon-la-cour-de-justice-de-lue\/"},"wordCount":560,"publisher":{"@id":"https:\/\/www.newsendip.com\/fr\/#organization"},"image":{"@id":"https:\/\/www.newsendip.com\/fr\/allemagne-a-regulierement-enfreint-la-directive-sur-la-qualite-de-lair-selon-la-cour-de-justice-de-lue\/#primaryimage"},"thumbnailUrl":"https:\/\/www.newsendip.com\/wp-content\/uploads\/2021\/06\/nitrogen-dioxide-germany-pollution.jpg","keywords":["Allemagne","Vieux"],"articleSection":["Environnement"],"inLanguage":"fr-FR","copyrightYear":"2021","copyrightHolder":{"@id":"https:\/\/www.newsendip.com\/#organization"}},{"@type":"WebPage","@id":"https:\/\/www.newsendip.com\/fr\/allemagne-a-regulierement-enfreint-la-directive-sur-la-qualite-de-lair-selon-la-cour-de-justice-de-lue\/","url":"https:\/\/www.newsendip.com\/fr\/allemagne-a-regulierement-enfreint-la-directive-sur-la-qualite-de-lair-selon-la-cour-de-justice-de-lue\/","name":"l'Allemagne a r\u00e9guli\u00e8rement enfreint la directive sur la qualit\u00e9 de l'air selon la Cour de justice de l'UE","isPartOf":{"@id":"https:\/\/www.newsendip.com\/fr\/#website"},"primaryImageOfPage":{"@id":"https:\/\/www.newsendip.com\/fr\/allemagne-a-regulierement-enfreint-la-directive-sur-la-qualite-de-lair-selon-la-cour-de-justice-de-lue\/#primaryimage"},"image":{"@id":"https:\/\/www.newsendip.com\/fr\/allemagne-a-regulierement-enfreint-la-directive-sur-la-qualite-de-lair-selon-la-cour-de-justice-de-lue\/#primaryimage"},"thumbnailUrl":"https:\/\/www.newsendip.com\/wp-content\/uploads\/2021\/06\/nitrogen-dioxide-germany-pollution.jpg","datePublished":"2021-06-03T23:00:00+00:00","dateModified":"2024-07-23T15:58:09+00:00","description":"Entre 2010 et 2016, l'Allemagne a d\u00e9pass\u00e9 de mani\u00e8re syst\u00e9matique et persistante les valeurs limites pour le dioxyde d'azote","breadcrumb":{"@id":"https:\/\/www.newsendip.com\/fr\/allemagne-a-regulierement-enfreint-la-directive-sur-la-qualite-de-lair-selon-la-cour-de-justice-de-lue\/#breadcrumb"},"inLanguage":"fr-FR","potentialAction":[{"@type":"ReadAction","target":["https:\/\/www.newsendip.com\/fr\/allemagne-a-regulierement-enfreint-la-directive-sur-la-qualite-de-lair-selon-la-cour-de-justice-de-lue\/"]}]},{"@type":"ImageObject","inLanguage":"fr-FR","@id":"https:\/\/www.newsendip.com\/fr\/allemagne-a-regulierement-enfreint-la-directive-sur-la-qualite-de-lair-selon-la-cour-de-justice-de-lue\/#primaryimage","url":"https:\/\/www.newsendip.com\/wp-content\/uploads\/2021\/06\/nitrogen-dioxide-germany-pollution.jpg","contentUrl":"https:\/\/www.newsendip.com\/wp-content\/uploads\/2021\/06\/nitrogen-dioxide-germany-pollution.jpg","width":640,"height":427,"caption":"La Cour de justice de l'Union Europ\u00e9enne a jug\u00e9 que l'Allemagne a d\u00e9pass\u00e9 de mani\u00e8re syst\u00e9matique et persistante les valeurs limites pour le dioxyde d'azote entre 2010 et 2016 | Berlin, Sebastian Herrmann"},{"@type":"BreadcrumbList","@id":"https:\/\/www.newsendip.com\/fr\/allemagne-a-regulierement-enfreint-la-directive-sur-la-qualite-de-lair-selon-la-cour-de-justice-de-lue\/#breadcrumb","itemListElement":[{"@type":"ListItem","position":1,"name":"Accueil","item":"https:\/\/www.newsendip.com\/fr\/"},{"@type":"ListItem","position":2,"name":"l&#8217;Allemagne a r\u00e9guli\u00e8rement enfreint la directive sur la qualit\u00e9 de l&#8217;air selon la Cour de justice de l&#8217;UE"}]},{"@type":"WebSite","@id":"https:\/\/www.newsendip.com\/fr\/#website","url":"https:\/\/www.newsendip.com\/fr\/","name":"Newsendip","description":"Red\u00e9couvrez l&#039;actualit\u00e9 internationale","publisher":{"@id":"https:\/\/www.newsendip.com\/fr\/#organization"},"potentialAction":[{"@type":"SearchAction","target":{"@type":"EntryPoint","urlTemplate":"https:\/\/www.newsendip.com\/fr\/?s={search_term_string}"},"query-input":{"@type":"PropertyValueSpecification","valueRequired":true,"valueName":"search_term_string"}}],"inLanguage":"fr-FR"},{"@type":"Organization","@id":"https:\/\/www.newsendip.com\/fr\/#organization","name":"Newsendip","url":"https:\/\/www.newsendip.com\/fr\/","logo":{"@type":"ImageObject","inLanguage":"fr-FR","@id":"https:\/\/www.newsendip.com\/fr\/#\/schema\/logo\/image\/","url":"https:\/\/www.newsendip.com\/wp-content\/uploads\/2023\/12\/512x512.svg","contentUrl":"https:\/\/www.newsendip.com\/wp-content\/uploads\/2023\/12\/512x512.svg","width":1,"height":1,"caption":"Newsendip"},"image":{"@id":"https:\/\/www.newsendip.com\/fr\/#\/schema\/logo\/image\/"},"sameAs":["https:\/\/www.facebook.com\/newsendip","https:\/\/x.com\/newsendip","https:\/\/mastodon.social\/@newsendip","https:\/\/www.linkedin.com\/company\/newsendip"],"description":"Newsendip est un site qui a pour mission de rendre l'actualit\u00e9 internationale accessible et diversifi\u00e9e","email":"contact@newsendip.com","legalName":"Newsendip SAS","foundingDate":"2022-11-04","vatID":"FR60921124723","numberOfEmployees":{"@type":"QuantitativeValue","minValue":"1","maxValue":"10"},"publishingPrinciples":"https:\/\/www.newsendip.com\/about-us\/","ownershipFundingInfo":"https:\/\/www.newsendip.com\/legal-notice\/","actionableFeedbackPolicy":"https:\/\/www.newsendip.com\/about-us\/","correctionsPolicy":"https:\/\/www.newsendip.com\/about-us\/","ethicsPolicy":"https:\/\/www.newsendip.com\/about-us\/","diversityPolicy":"https:\/\/www.newsendip.com\/about-us\/"},{"@type":"Person","@id":"https:\/\/www.newsendip.com\/fr\/#\/schema\/person\/ea22c01755f464a3cbc2c619584d6363","name":"Cl\u00e9ment V\u00e9rit\u00e9","description":"Cl\u00e9ment is the executive editor and founder of Newsendip. He started in the media industry as a freelance reporter at 16 for a local French newspaper after school and has never left it. He later worked for seven years at The New York Times, notably as a data analyst. He holds a Master of Management in France and a Master of Arts in the United Kingdom in International Marketing &amp; Communications Strategy. He has lived in France, the United Kingdom, and Italy.","sameAs":["https:\/\/www.newsendip.com\/","https:\/\/www.linkedin.com\/in\/clementverite\/","https:\/\/x.com\/https:\/\/twitter.com\/cverite"],"knowsAbout":["News","International","Business","Media monitoring"],"knowsLanguage":["English","French","Italian","Spanish"],"url":"https:\/\/www.newsendip.com\/fr\/author\/clement-verite\/"}]}},"_links":{"self":[{"href":"https:\/\/www.newsendip.com\/fr\/wp-json\/wp\/v2\/posts\/18468","targetHints":{"allow":["GET"]}}],"collection":[{"href":"https:\/\/www.newsendip.com\/fr\/wp-json\/wp\/v2\/posts"}],"about":[{"href":"https:\/\/www.newsendip.com\/fr\/wp-json\/wp\/v2\/types\/post"}],"author":[{"embeddable":true,"href":"https:\/\/www.newsendip.com\/fr\/wp-json\/wp\/v2\/users\/1"}],"replies":[{"embeddable":true,"href":"https:\/\/www.newsendip.com\/fr\/wp-json\/wp\/v2\/comments?post=18468"}],"version-history":[{"count":0,"href":"https:\/\/www.newsendip.com\/fr\/wp-json\/wp\/v2\/posts\/18468\/revisions"}],"wp:featuredmedia":[{"embeddable":true,"href":"https:\/\/www.newsendip.com\/fr\/wp-json\/wp\/v2\/media\/13563"}],"wp:attachment":[{"href":"https:\/\/www.newsendip.com\/fr\/wp-json\/wp\/v2\/media?parent=18468"}],"wp:term":[{"taxonomy":"category","embeddable":true,"href":"https:\/\/www.newsendip.com\/fr\/wp-json\/wp\/v2\/categories?post=18468"},{"taxonomy":"post_tag","embeddable":true,"href":"https:\/\/www.newsendip.com\/fr\/wp-json\/wp\/v2\/tags?post=18468"}],"curies":[{"name":"wp","href":"https:\/\/api.w.org\/{rel}","templated":true}]}}