{"id":18494,"date":"2021-09-21T16:37:50","date_gmt":"2021-09-21T14:37:50","guid":{"rendered":"https:\/\/www.newsendip.com\/?p=18494"},"modified":"2024-07-23T17:41:46","modified_gmt":"2024-07-23T15:41:46","slug":"le-gouvernement-suedois-contourne-une-decision-de-justice-pour-eviter-une-penurie-de-ciment","status":"publish","type":"post","link":"https:\/\/www.newsendip.com\/fr\/le-gouvernement-suedois-contourne-une-decision-de-justice-pour-eviter-une-penurie-de-ciment\/","title":{"rendered":"Le gouvernement su\u00e9dois contourne les d\u00e9cisions de justice pour \u00e9viter une p\u00e9nurie de ciment"},"content":{"rendered":"<p><strong>Le gouvernement su\u00e9dois propose une loi pour \u00e9viter une p\u00e9nurie de ciment dans le pays. Mais elle va \u00e0 l\u2019encontre des d\u00e9cisions de justice. Le gouvernement la justifie par les cons\u00e9quences \u00e9ventuelles d\u2019un arr\u00eat de la production de ciment dans le&nbsp;pays.<\/strong><\/p>\n<figure id=\"attachment_13652\" aria-describedby=\"caption-attachment-13652\" style=\"width: 1024px\" class=\"wp-caption aligncenter\"><img decoding=\"async\" class=\"size-large wp-image-13652\" src=\"https:\/\/www.newsendip.com\/wp-content\/uploads\/2021\/08\/Cementa-slite-cement-progressive3-1024x623.jpeg\" alt=\"Un tribunal su\u00e9dois de l'environnement n'a pas valid\u00e9 le renouvellement du permis d'extraction de ciment dans la carri\u00e8re de Slite\" width=\"1024\" height=\"623\" srcset=\"https:\/\/www.newsendip.com\/wp-content\/uploads\/2021\/08\/Cementa-slite-cement-progressive3-1024x623.jpeg 1024w, https:\/\/www.newsendip.com\/wp-content\/uploads\/2021\/08\/Cementa-slite-cement-progressive3-2048x1245.jpeg 2048w, https:\/\/www.newsendip.com\/wp-content\/uploads\/2021\/08\/Cementa-slite-cement-progressive3-60x36.jpeg 60w, https:\/\/www.newsendip.com\/wp-content\/uploads\/2021\/08\/Cementa-slite-cement-progressive3-300x182.jpeg 300w, https:\/\/www.newsendip.com\/wp-content\/uploads\/2021\/08\/Cementa-slite-cement-progressive3-768x467.jpeg 768w, https:\/\/www.newsendip.com\/wp-content\/uploads\/2021\/08\/Cementa-slite-cement-progressive3-1536x934.jpeg 1536w\" sizes=\"(max-width: 1024px) 100vw, 1024px\"><figcaption id=\"caption-attachment-13652\" class=\"wp-caption-text\">Un tribunal su\u00e9dois de l\u2019environnement n\u2019a pas valid\u00e9 le renouvellement du permis d\u2019extraction de ciment dans la carri\u00e8re de Slite | Cementa<\/figcaption><\/figure>\n<p>Le 21 septembre, le ministre de l\u2019Environnement et du Climat Per Bolund et le ministre des Affaires, de l\u2019Industrie et de l\u2019Innovation Ibrahim Baylan ont tenu une<a href=\"#ref\"> conf\u00e9rence de presse conjointe sur le site de production de ciment de Slite<\/a>.<\/p>\n<p>Cette conf\u00e9rence fait suite \u00e0 une d\u00e9cision de la <a href=\"#ref\">Cour supr\u00eame su\u00e9doise de l\u2019environnement et du territoire<\/a> qui n\u2019a pas accept\u00e9 de renouveler le permis d\u2019extraction de calcaire de l\u2019entreprise Cementa \u00e0 Gotland, la plus grande \u00eele du pays situ\u00e9e au milieu de la mer Baltique. Le permis d\u2019exploitation mini\u00e8re expire le 31 octobre.<\/p>\n<p><a href=\"https:\/\/www.newsendip.com\/fr\/une-penurie-de-ciment-en-suede-dici-la-fin-de-lannee\/\">Face \u00e0 une p\u00e9nurie prochaine de ciment<\/a> et \u00e0 un arr\u00eat de l\u2019industrie de la construction, qui repr\u00e9sente 11\u202f% du produit int\u00e9rieur brut de la Su\u00e8de, le gouvernement a d\u00e9cid\u00e9 de <strong>soumette une proposition de loi permettant de poursuivre l\u2019extraction de calcaire<\/strong>.<\/p>\n<p>Le 10 ao\u00fbt, le gouvernement avait annonc\u00e9 un m\u00e9morandum pour modifier la l\u00e9gislation et poursuivre l\u2019extraction et les activit\u00e9s hydrauliques dans des \u00ab\u202f<em>situations exceptionnelles<\/em>\u202f\u00bb.<\/p>\n<p>Le projet de loi <strong>contient une modification temporaire du code de l\u2019environnement<\/strong> afin que le gouvernement puisse envisager d\u2019accorder un permis pour l\u2019extraction de calcaire si \u00ab\u202f<em>l\u2019activit\u00e9 rev\u00eat une importance sociale et que le besoin de la soci\u00e9t\u00e9 en calcaire ne peut \u00eatre satisfait d\u2019une autre mani\u00e8re<\/em>\u202f\u00bb.<\/p>\n<figure id=\"attachment_13653\" aria-describedby=\"caption-attachment-13653\" style=\"width: 1024px\" class=\"wp-caption aligncenter\"><img decoding=\"async\" class=\"size-large wp-image-13653\" src=\"https:\/\/www.newsendip.com\/wp-content\/uploads\/2021\/08\/Cementa-slite-cement-jobs-progressive2-1024x609.jpeg\" alt=\"La premi\u00e8re ministre su\u00e9doise Magdalena Andersson\" width=\"1024\" height=\"609\" srcset=\"https:\/\/www.newsendip.com\/wp-content\/uploads\/2021\/08\/Cementa-slite-cement-jobs-progressive2-1024x609.jpeg 1024w, https:\/\/www.newsendip.com\/wp-content\/uploads\/2021\/08\/Cementa-slite-cement-jobs-progressive2-300x178.jpeg 300w, https:\/\/www.newsendip.com\/wp-content\/uploads\/2021\/08\/Cementa-slite-cement-jobs-progressive2-768x457.jpeg 768w, https:\/\/www.newsendip.com\/wp-content\/uploads\/2021\/08\/Cementa-slite-cement-jobs-progressive2-1536x913.jpeg 1536w, https:\/\/www.newsendip.com\/wp-content\/uploads\/2021\/08\/Cementa-slite-cement-jobs-progressive2-2048x1218.jpeg 2048w\" sizes=\"(max-width: 1024px) 100vw, 1024px\"><figcaption id=\"caption-attachment-13653\" class=\"wp-caption-text\">L\u2019industrie de la construction pr\u00e9vient qu\u2019une p\u00e9nurie de ciment met en danger jusqu\u2019\u00e0 200 000 emplois en Su\u00e8de | Cementa<\/figcaption><\/figure>\n<h2>Le gouvernement ne suit pas les d\u00e9cisions de la justice<\/h2>\n<p>Mais la proposition du gouvernement va \u00e0 l\u2019encontre du syst\u00e8me judiciaire su\u00e9dois et des d\u00e9cisions de la Cour supr\u00eame de l\u2019environnement et du territoire, de la Cour supr\u00eame et de l\u2019avis du Conseil l\u00e9gislatif. Le Conseil l\u00e9gislatif est une agence gouvernementale qui rend un avis non contraignant sur la validit\u00e9 juridique des propositions de&nbsp;lois.<\/p>\n<p>En juillet, la Cour supr\u00eame de l\u2019environnement et du territoire de Su\u00e8de avait estim\u00e9 que <strong>la demande de renouvellement du permis \u00e9mise par la soci\u00e9t\u00e9 Cementa comportait des lacunes<\/strong> dans l\u2019\u00e9valuation de l\u2019impact de l\u2019activit\u00e9 sur les eaux souterraines qui ne pouvaient \u00eatre ignor\u00e9es. En cons\u00e9quence, la demande de permis, valable pour 20 ans, fut rejet\u00e9e.<!--more--><\/p>\n<p>Le 25 ao\u00fbt, la <a href=\"#ref\">Cour supr\u00eame a confort\u00e9 la d\u00e9cision de justice<\/a>. \u00ab\u202f<em>La Cour supr\u00eame a examin\u00e9 les \u00e9l\u00e9ments de l\u2019affaire et a conclu qu\u2019il n\u2019y a aucune raison d\u2019accorder un appel. [\u2026] La d\u00e9cision de la Cour supr\u00eame du territoire et de l\u2019environnement est donc confirm\u00e9e.<\/em>\u202f\u00bb<\/p>\n<p>Le 9 septembre, le <a href=\"#ref\">Conseil l\u00e9gislatif<\/a> a estim\u00e9 que la loi est tellement li\u00e9e \u00e0 la situation actuelle qu\u2019elle ne r\u00e9pondrait pas aux principes d\u2019application g\u00e9n\u00e9rale. En tant que tel, le r\u00e8glement \u00ab\u202f<em>appara\u00eet comme une mesure prise \u2013 non pas pour changer les r\u00e8gles en g\u00e9n\u00e9ral \u2013 mais pour corriger le r\u00e9sultat du processus d\u2019autorisation sur le ciment qui s\u2019est termin\u00e9 par la d\u00e9cision de la Cour supr\u00eame<\/em>\u202f\u00bb.<\/p>\n<p>Il a \u00e9galement critiqu\u00e9 une tentative de ne pas <strong>respecter une d\u00e9cision de justice<\/strong>&nbsp;: \u00ab\u202f<em>L\u2019introduction d\u2019une l\u00e9gislation enti\u00e8rement ax\u00e9e sur la correction de l\u2019issue d\u2019une affaire individuelle qui a \u00e9t\u00e9 trait\u00e9e par la justice entrave la confiance dans le syst\u00e8me juridique su\u00e9dois<\/em>\u202f\u00bb.<\/p>\n<figure id=\"attachment_13650\" aria-describedby=\"caption-attachment-13650\" style=\"width: 750px\" class=\"wp-caption aligncenter\"><img decoding=\"async\" class=\"size-full wp-image-13650\" src=\"https:\/\/www.newsendip.com\/wp-content\/uploads\/2021\/08\/sweden-house-cement-progressive.jpeg\" alt=\"La plupart des constructions de maisons en Su\u00e8de pourraient \u00eatre arr\u00eat\u00e9es en novembre \u00e0 cause d'une p\u00e9nurie de ciment\" width=\"750\" height=\"500\" srcset=\"https:\/\/www.newsendip.com\/wp-content\/uploads\/2021\/08\/sweden-house-cement-progressive.jpeg 750w, https:\/\/www.newsendip.com\/wp-content\/uploads\/2021\/08\/sweden-house-cement-progressive-60x40.jpeg 60w, https:\/\/www.newsendip.com\/wp-content\/uploads\/2021\/08\/sweden-house-cement-progressive-720x480.jpeg 720w, https:\/\/www.newsendip.com\/wp-content\/uploads\/2021\/08\/sweden-house-cement-progressive-300x200.jpeg 300w\" sizes=\"(max-width: 750px) 100vw, 750px\"><figcaption id=\"caption-attachment-13650\" class=\"wp-caption-text\">La plupart des constructions de maisons en Su\u00e8de pourraient \u00eatre arr\u00eat\u00e9es en novembre \u00e0 cause d\u2019une p\u00e9nurie de ciment | Stockholm, Jon Flobrant<\/figcaption><\/figure>\n<h2>Sans ciment, des inqui\u00e9tudes pour la construction en&nbsp;Su\u00e8de<\/h2>\n<p>La carri\u00e8re situ\u00e9e \u00e0 Slite et exploit\u00e9e par Cementa, le plus grand et unique producteur de ciment en Su\u00e8de, fournit <strong>75% du ciment du pays<\/strong>. L\u2019industrie a rapidement tir\u00e9 la sonnette d\u2019alarme sur les cons\u00e9quences d\u2019une p\u00e9nurie de ciment imminente dans le Royaume.<\/p>\n<p><a href=\"#ref\">Byggf\u00f6retagen,<\/a> la F\u00e9d\u00e9ration su\u00e9doise de la construction, une association professionnelle repr\u00e9sentant les entreprises de construction priv\u00e9es et les employeurs, a alert\u00e9 que la construction de 3 nouveaux logements sur 4\u202fen Su\u00e8de serait arr\u00eat\u00e9e \u00e0 partir de novembre. Elle a \u00e9galement affirm\u00e9 que la Su\u00e8de perdrait 20 milliards de couronnes su\u00e9doises (2,3 milliards de dollars) d\u2019investissements par mois et mettrait <strong>150 000 \u00e0 200 000 emplois en danger en raison d\u2019une p\u00e9nurie de ciment<\/strong>.<\/p>\n<p>D\u00e9but juillet, le ministre Ibrahim Baylan avait pourtant d\u00e9clar\u00e9 \u00e0 <a href=\"#ref\"><em>Dagens industri<\/em><\/a> que \u00ab\u202f<strong><em>si le verdict est maintenu, l\u2019entreprise doit cesser ses activit\u00e9s<\/em><\/strong>\u202f\u00bb.<\/p>\n<p>Les amendements vont maintenant \u00eatre examin\u00e9s par le Riksdag, le parlement su\u00e9dois. Ils sont cens\u00e9s entrer en vigueur le 15 octobre et expirer \u00e0 la fin de&nbsp;2021.<\/p>\n<p><strong><a href=\"https:\/\/www.newsendip.com\/fr\/etiquette\/suede\/\">D\u00e9couvrez plus d\u2019actualit\u00e9s de&nbsp;Su\u00e8de<\/a><\/strong><\/p>\n<h3 id=\"ref\">Sources et liens utiles&nbsp;:<\/h3>\n<ul>\n<li><a href=\"https:\/\/www.regeringen.se\/pressmeddelanden\/2021\/09\/regeringen-beslutar-om-propositionen-regeringsprovning-av-kalkstenstakter-i-undantagsfall\/\">Regeringen beslutar om propositionen Regeringspr\u00f6vning av kalkstenst\u00e4kter i undantagsfall<\/a>, Communiqu\u00e9 de presse du gouvernement su\u00e9dois, septembre 2021, acc\u00e8s gratuit<\/li>\n<li><a href=\"https:\/\/www.domstol.se\/mark--och-miljooverdomstolen\/nyheter\/2021\/07\/domstolen-avvisar-cementas-ansokan-om-takttillstand-vid-slite-pa-gotland\/\">Domstolen avvisar Cementas ans\u00f6kan om t\u00e4kttillst\u00e5nd vid Slite p\u00e5 Gotland<\/a>, Cour supr\u00eame de l\u2019environnement et du territoire, juillet 2021, acc\u00e8s gratuit<\/li>\n<li><a href=\"https:\/\/www.domstol.se\/nyheter\/2021\/08\/cementa-far-inte-provningstillstand\/\">Cementa f\u00e5r inte pr\u00f6vningstillst\u00e5nd<\/a>, Cour supr\u00eame de Su\u00e8de, ao\u00fbt 2021, acc\u00e8s gratuit<\/li>\n<li><a href=\"https:\/\/www.lagradet.se\/wp-content\/uploads\/2021\/09\/Regeringspr%C3%B6vning-av-kalkstenst%C3%A4kter-i-undantagsfall.pdf\">Regeringspr\u00f6vning av kalkstenst\u00e4kter i undantagsfall<\/a>, Conseil l\u00e9gislatif, septembre 2021, PDF, acc\u00e8s gratuit<\/li>\n<li>Cementbrist leder till omfattande byggstopp visar ny analys. Byggbranschen beg\u00e4r omg\u00e5ende m\u00f6te med regeringen, Swedish Construction Fededation, juillet 2021, acc\u00e8s gratuit<\/li>\n<li><a href=\"https:\/\/byggforetagen.se\/2021\/07\/cementbrist-leder-till-omfattande-byggstopp-visar-ny-analys-byggbranschen-begar-omgaende-mote-med-regeringen\/\" target=\"_blank\" rel=\"noopener\">Cementbrist leder till omfattande byggstopp visar ny analys. Byggbranschen beg\u00e4r omg\u00e5ende m\u00f6te med regeringen<\/a>, F\u00e9d\u00e9ration su\u00e9doise de la construction, juillet 2021, acc\u00e8s gratuit<\/li>\n<li><a href=\"https:\/\/www.di.se\/nyheter\/efter-domen-mot-cementa-byggforetagen-satter-press-pa-regeringen\/\">Efter domen mot Cementa \u2013 Byggf\u00f6retagen s\u00e4tter press p\u00e5 regeringen<\/a>, Dagens industri, juillet 2021, acc\u00e8s gratuit<\/li>\n<\/ul>\n","protected":false},"excerpt":{"rendered":"<p>Le gouvernement su\u00e9dois propose une loi pour \u00e9viter une p\u00e9nurie de ciment dans le pays. Mais elle va \u00e0 l\u2019encontre des d\u00e9cisions de la justice su\u00e9doise.<\/p>\n","protected":false},"author":1,"featured_media":13652,"comment_status":"closed","ping_status":"closed","sticky":false,"template":"","format":"standard","meta":{"wp_typography_post_enhancements_disabled":false,"footnotes":""},"categories":[414],"tags":[411,513],"class_list":["post-18494","post","type-post","status-publish","format-standard","has-post-thumbnail","hentry","category-economie","tag-actuel","tag-suede"],"yoast_head":"<!-- This site is optimized with the Yoast SEO Premium plugin v27.4 (Yoast SEO v27.4) - https:\/\/yoast.com\/product\/yoast-seo-premium-wordpress\/ -->\n<title>Le gouvernement su\u00e9dois contourne les d\u00e9cisions de justice pour \u00e9viter une p\u00e9nurie de ciment<\/title>\n<meta name=\"description\" content=\"Le gouvernement su\u00e9dois propose une loi pour \u00e9viter une p\u00e9nurie de ciment dans le pays. Mais elle va \u00e0 l&#039;encontre des d\u00e9cisions de la justice su\u00e9doise.\" \/>\n<meta name=\"robots\" content=\"index, follow, max-snippet:-1, max-image-preview:large, max-video-preview:-1\" \/>\n<link rel=\"canonical\" href=\"https:\/\/www.newsendip.com\/fr\/le-gouvernement-suedois-contourne-une-decision-de-justice-pour-eviter-une-penurie-de-ciment\/\" \/>\n<meta property=\"og:locale\" content=\"fr_FR\" \/>\n<meta property=\"og:type\" content=\"article\" \/>\n<meta property=\"og:title\" content=\"Le gouvernement su\u00e9dois contourne les d\u00e9cisions de justice pour \u00e9viter une p\u00e9nurie de ciment\" \/>\n<meta property=\"og:description\" content=\"Le gouvernement su\u00e9dois propose une loi pour \u00e9viter une p\u00e9nurie de ciment dans le pays. Mais elle va \u00e0 l&#039;encontre des d\u00e9cisions de la justice su\u00e9doise.\" \/>\n<meta property=\"og:url\" content=\"https:\/\/www.newsendip.com\/fr\/le-gouvernement-suedois-contourne-une-decision-de-justice-pour-eviter-une-penurie-de-ciment\/\" \/>\n<meta property=\"og:site_name\" content=\"Newsendip\" \/>\n<meta property=\"article:publisher\" content=\"https:\/\/www.facebook.com\/newsendip\" \/>\n<meta property=\"article:published_time\" content=\"2021-09-21T14:37:50+00:00\" \/>\n<meta property=\"article:modified_time\" content=\"2024-07-23T15:41:46+00:00\" \/>\n<meta property=\"og:image\" content=\"https:\/\/www.newsendip.com\/wp-content\/uploads\/2021\/08\/Cementa-slite-cement-progressive3-scaled.jpeg\" \/>\n\t<meta property=\"og:image:width\" content=\"2560\" \/>\n\t<meta property=\"og:image:height\" content=\"1557\" \/>\n\t<meta property=\"og:image:type\" content=\"image\/jpeg\" \/>\n<meta name=\"author\" content=\"Cl\u00e9ment V\u00e9rit\u00e9\" \/>\n<meta name=\"twitter:card\" content=\"summary_large_image\" \/>\n<meta name=\"twitter:creator\" content=\"@https:\/\/twitter.com\/cverite\" \/>\n<meta name=\"twitter:site\" content=\"@newsendip\" \/>\n<meta name=\"twitter:label1\" content=\"\u00c9crit par\" \/>\n\t<meta name=\"twitter:data1\" content=\"Cl\u00e9ment V\u00e9rit\u00e9\" \/>\n\t<meta name=\"twitter:label2\" content=\"Dur\u00e9e de lecture estim\u00e9e\" \/>\n\t<meta name=\"twitter:data2\" content=\"5 minutes\" \/>\n<!-- \/ Yoast SEO Premium plugin. -->","yoast_head_json":{"title":"Le gouvernement su\u00e9dois contourne les d\u00e9cisions de justice pour \u00e9viter une p\u00e9nurie de ciment","description":"Le gouvernement su\u00e9dois propose une loi pour \u00e9viter une p\u00e9nurie de ciment dans le pays. Mais elle va \u00e0 l'encontre des d\u00e9cisions de la justice su\u00e9doise.","robots":{"index":"index","follow":"follow","max-snippet":"max-snippet:-1","max-image-preview":"max-image-preview:large","max-video-preview":"max-video-preview:-1"},"canonical":"https:\/\/www.newsendip.com\/fr\/le-gouvernement-suedois-contourne-une-decision-de-justice-pour-eviter-une-penurie-de-ciment\/","og_locale":"fr_FR","og_type":"article","og_title":"Le gouvernement su\u00e9dois contourne les d\u00e9cisions de justice pour \u00e9viter une p\u00e9nurie de ciment","og_description":"Le gouvernement su\u00e9dois propose une loi pour \u00e9viter une p\u00e9nurie de ciment dans le pays. Mais elle va \u00e0 l'encontre des d\u00e9cisions de la justice su\u00e9doise.","og_url":"https:\/\/www.newsendip.com\/fr\/le-gouvernement-suedois-contourne-une-decision-de-justice-pour-eviter-une-penurie-de-ciment\/","og_site_name":"Newsendip","article_publisher":"https:\/\/www.facebook.com\/newsendip","article_published_time":"2021-09-21T14:37:50+00:00","article_modified_time":"2024-07-23T15:41:46+00:00","og_image":[{"width":2560,"height":1557,"url":"https:\/\/www.newsendip.com\/wp-content\/uploads\/2021\/08\/Cementa-slite-cement-progressive3-scaled.jpeg","type":"image\/jpeg"}],"author":"Cl\u00e9ment V\u00e9rit\u00e9","twitter_card":"summary_large_image","twitter_creator":"@https:\/\/twitter.com\/cverite","twitter_site":"@newsendip","twitter_misc":{"\u00c9crit par":"Cl\u00e9ment V\u00e9rit\u00e9","Dur\u00e9e de lecture estim\u00e9e":"5 minutes"},"schema":{"@context":"https:\/\/schema.org","@graph":[{"@type":"NewsArticle","@id":"https:\/\/www.newsendip.com\/fr\/le-gouvernement-suedois-contourne-une-decision-de-justice-pour-eviter-une-penurie-de-ciment\/#article","isPartOf":{"@id":"https:\/\/www.newsendip.com\/fr\/le-gouvernement-suedois-contourne-une-decision-de-justice-pour-eviter-une-penurie-de-ciment\/"},"author":{"name":"Cl\u00e9ment V\u00e9rit\u00e9","@id":"https:\/\/www.newsendip.com\/fr\/#\/schema\/person\/ea22c01755f464a3cbc2c619584d6363"},"headline":"Le gouvernement su\u00e9dois contourne les d\u00e9cisions de justice pour \u00e9viter une p\u00e9nurie de ciment","datePublished":"2021-09-21T14:37:50+00:00","dateModified":"2024-07-23T15:41:46+00:00","mainEntityOfPage":{"@id":"https:\/\/www.newsendip.com\/fr\/le-gouvernement-suedois-contourne-une-decision-de-justice-pour-eviter-une-penurie-de-ciment\/"},"wordCount":1087,"publisher":{"@id":"https:\/\/www.newsendip.com\/fr\/#organization"},"image":{"@id":"https:\/\/www.newsendip.com\/fr\/le-gouvernement-suedois-contourne-une-decision-de-justice-pour-eviter-une-penurie-de-ciment\/#primaryimage"},"thumbnailUrl":"https:\/\/www.newsendip.com\/wp-content\/uploads\/2021\/08\/Cementa-slite-cement-progressive3-scaled.jpeg","keywords":["Actuel","Su\u00e8de"],"articleSection":["\u00c9conomie"],"inLanguage":"fr-FR","copyrightYear":"2021","copyrightHolder":{"@id":"https:\/\/www.newsendip.com\/#organization"}},{"@type":"WebPage","@id":"https:\/\/www.newsendip.com\/fr\/le-gouvernement-suedois-contourne-une-decision-de-justice-pour-eviter-une-penurie-de-ciment\/","url":"https:\/\/www.newsendip.com\/fr\/le-gouvernement-suedois-contourne-une-decision-de-justice-pour-eviter-une-penurie-de-ciment\/","name":"Le gouvernement su\u00e9dois contourne les d\u00e9cisions de justice pour \u00e9viter une p\u00e9nurie de ciment","isPartOf":{"@id":"https:\/\/www.newsendip.com\/fr\/#website"},"primaryImageOfPage":{"@id":"https:\/\/www.newsendip.com\/fr\/le-gouvernement-suedois-contourne-une-decision-de-justice-pour-eviter-une-penurie-de-ciment\/#primaryimage"},"image":{"@id":"https:\/\/www.newsendip.com\/fr\/le-gouvernement-suedois-contourne-une-decision-de-justice-pour-eviter-une-penurie-de-ciment\/#primaryimage"},"thumbnailUrl":"https:\/\/www.newsendip.com\/wp-content\/uploads\/2021\/08\/Cementa-slite-cement-progressive3-scaled.jpeg","datePublished":"2021-09-21T14:37:50+00:00","dateModified":"2024-07-23T15:41:46+00:00","description":"Le gouvernement su\u00e9dois propose une loi pour \u00e9viter une p\u00e9nurie de ciment dans le pays. Mais elle va \u00e0 l'encontre des d\u00e9cisions de la justice su\u00e9doise.","breadcrumb":{"@id":"https:\/\/www.newsendip.com\/fr\/le-gouvernement-suedois-contourne-une-decision-de-justice-pour-eviter-une-penurie-de-ciment\/#breadcrumb"},"inLanguage":"fr-FR","potentialAction":[{"@type":"ReadAction","target":["https:\/\/www.newsendip.com\/fr\/le-gouvernement-suedois-contourne-une-decision-de-justice-pour-eviter-une-penurie-de-ciment\/"]}]},{"@type":"ImageObject","inLanguage":"fr-FR","@id":"https:\/\/www.newsendip.com\/fr\/le-gouvernement-suedois-contourne-une-decision-de-justice-pour-eviter-une-penurie-de-ciment\/#primaryimage","url":"https:\/\/www.newsendip.com\/wp-content\/uploads\/2021\/08\/Cementa-slite-cement-progressive3-scaled.jpeg","contentUrl":"https:\/\/www.newsendip.com\/wp-content\/uploads\/2021\/08\/Cementa-slite-cement-progressive3-scaled.jpeg","width":2560,"height":1557,"caption":"Un tribunal su\u00e9dois de l'environnement n'a pas valid\u00e9 le renouvellement du permis d'extraction de ciment dans la carri\u00e8re de Slite | Cementa"},{"@type":"BreadcrumbList","@id":"https:\/\/www.newsendip.com\/fr\/le-gouvernement-suedois-contourne-une-decision-de-justice-pour-eviter-une-penurie-de-ciment\/#breadcrumb","itemListElement":[{"@type":"ListItem","position":1,"name":"Accueil","item":"https:\/\/www.newsendip.com\/fr\/"},{"@type":"ListItem","position":2,"name":"Le gouvernement su\u00e9dois contourne les d\u00e9cisions de justice pour \u00e9viter une p\u00e9nurie de ciment"}]},{"@type":"WebSite","@id":"https:\/\/www.newsendip.com\/fr\/#website","url":"https:\/\/www.newsendip.com\/fr\/","name":"Newsendip","description":"Red\u00e9couvrez l&#039;actualit\u00e9 internationale","publisher":{"@id":"https:\/\/www.newsendip.com\/fr\/#organization"},"potentialAction":[{"@type":"SearchAction","target":{"@type":"EntryPoint","urlTemplate":"https:\/\/www.newsendip.com\/fr\/?s={search_term_string}"},"query-input":{"@type":"PropertyValueSpecification","valueRequired":true,"valueName":"search_term_string"}}],"inLanguage":"fr-FR"},{"@type":"Organization","@id":"https:\/\/www.newsendip.com\/fr\/#organization","name":"Newsendip","url":"https:\/\/www.newsendip.com\/fr\/","logo":{"@type":"ImageObject","inLanguage":"fr-FR","@id":"https:\/\/www.newsendip.com\/fr\/#\/schema\/logo\/image\/","url":"https:\/\/www.newsendip.com\/wp-content\/uploads\/2023\/12\/512x512.svg","contentUrl":"https:\/\/www.newsendip.com\/wp-content\/uploads\/2023\/12\/512x512.svg","width":1,"height":1,"caption":"Newsendip"},"image":{"@id":"https:\/\/www.newsendip.com\/fr\/#\/schema\/logo\/image\/"},"sameAs":["https:\/\/www.facebook.com\/newsendip","https:\/\/x.com\/newsendip","https:\/\/mastodon.social\/@newsendip","https:\/\/www.linkedin.com\/company\/newsendip"],"description":"Newsendip est un site qui a pour mission de rendre l'actualit\u00e9 internationale accessible et diversifi\u00e9e","email":"contact@newsendip.com","legalName":"Newsendip SAS","foundingDate":"2022-11-04","vatID":"FR60921124723","numberOfEmployees":{"@type":"QuantitativeValue","minValue":"1","maxValue":"10"},"publishingPrinciples":"https:\/\/www.newsendip.com\/about-us\/","ownershipFundingInfo":"https:\/\/www.newsendip.com\/legal-notice\/","actionableFeedbackPolicy":"https:\/\/www.newsendip.com\/about-us\/","correctionsPolicy":"https:\/\/www.newsendip.com\/about-us\/","ethicsPolicy":"https:\/\/www.newsendip.com\/about-us\/","diversityPolicy":"https:\/\/www.newsendip.com\/about-us\/"},{"@type":"Person","@id":"https:\/\/www.newsendip.com\/fr\/#\/schema\/person\/ea22c01755f464a3cbc2c619584d6363","name":"Cl\u00e9ment V\u00e9rit\u00e9","description":"Cl\u00e9ment is the executive editor and founder of Newsendip. He started in the media industry as a freelance reporter at 16 for a local French newspaper after school and has never left it. He later worked for seven years at The New York Times, notably as a data analyst. He holds a Master of Management in France and a Master of Arts in the United Kingdom in International Marketing &amp; Communications Strategy. He has lived in France, the United Kingdom, and Italy.","sameAs":["https:\/\/www.newsendip.com\/","https:\/\/www.linkedin.com\/in\/clementverite\/","https:\/\/x.com\/https:\/\/twitter.com\/cverite"],"knowsAbout":["News","International","Business","Media monitoring"],"knowsLanguage":["English","French","Italian","Spanish"],"url":"https:\/\/www.newsendip.com\/fr\/author\/clement-verite\/"}]}},"_links":{"self":[{"href":"https:\/\/www.newsendip.com\/fr\/wp-json\/wp\/v2\/posts\/18494","targetHints":{"allow":["GET"]}}],"collection":[{"href":"https:\/\/www.newsendip.com\/fr\/wp-json\/wp\/v2\/posts"}],"about":[{"href":"https:\/\/www.newsendip.com\/fr\/wp-json\/wp\/v2\/types\/post"}],"author":[{"embeddable":true,"href":"https:\/\/www.newsendip.com\/fr\/wp-json\/wp\/v2\/users\/1"}],"replies":[{"embeddable":true,"href":"https:\/\/www.newsendip.com\/fr\/wp-json\/wp\/v2\/comments?post=18494"}],"version-history":[{"count":0,"href":"https:\/\/www.newsendip.com\/fr\/wp-json\/wp\/v2\/posts\/18494\/revisions"}],"wp:featuredmedia":[{"embeddable":true,"href":"https:\/\/www.newsendip.com\/fr\/wp-json\/wp\/v2\/media\/13652"}],"wp:attachment":[{"href":"https:\/\/www.newsendip.com\/fr\/wp-json\/wp\/v2\/media?parent=18494"}],"wp:term":[{"taxonomy":"category","embeddable":true,"href":"https:\/\/www.newsendip.com\/fr\/wp-json\/wp\/v2\/categories?post=18494"},{"taxonomy":"post_tag","embeddable":true,"href":"https:\/\/www.newsendip.com\/fr\/wp-json\/wp\/v2\/tags?post=18494"}],"curies":[{"name":"wp","href":"https:\/\/api.w.org\/{rel}","templated":true}]}}