{"id":18505,"date":"2022-02-08T23:03:58","date_gmt":"2022-02-08T22:03:58","guid":{"rendered":"https:\/\/www.newsendip.com\/?p=18505"},"modified":"2022-11-07T23:08:36","modified_gmt":"2022-11-07T22:08:36","slug":"une-italienne-de-70-ans-retrouvee-morte-chez-elle-2-ans-plus-tard-marinella-beretta","status":"publish","type":"post","link":"https:\/\/www.newsendip.com\/fr\/une-italienne-de-70-ans-retrouvee-morte-chez-elle-2-ans-plus-tard-marinella-beretta\/","title":{"rendered":"Une Italienne de 70 ans retrouv\u00e9e morte chez elle 2 ans plus&nbsp;tard"},"content":{"rendered":"<p><strong>Marinella Beretta, 70 ans, a \u00e9t\u00e9 retrouv\u00e9e morte au moins deux ans apr\u00e8s son d\u00e9c\u00e8s, seule dans sa maison. Elle n\u2019a aucun parent vivant connu.<br>\n<\/strong><\/p>\n<figure id=\"attachment_14040\" aria-describedby=\"caption-attachment-14040\" style=\"width: 1024px\" class=\"wp-caption aligncenter\"><img decoding=\"async\" class=\"size-large wp-image-14040\" src=\"https:\/\/www.newsendip.com\/wp-content\/uploads\/2022\/02\/Italy-lake-como-1024x683.webp\" alt=\"Lac de C\u00f4me, Italie\" width=\"1024\" height=\"683\" srcset=\"https:\/\/www.newsendip.com\/wp-content\/uploads\/2022\/02\/Italy-lake-como-1024x683.webp 1024w, https:\/\/www.newsendip.com\/wp-content\/uploads\/2022\/02\/Italy-lake-como-60x40.webp 60w, https:\/\/www.newsendip.com\/wp-content\/uploads\/2022\/02\/Italy-lake-como-720x480.webp 720w, https:\/\/www.newsendip.com\/wp-content\/uploads\/2022\/02\/Italy-lake-como-300x200.webp 300w, https:\/\/www.newsendip.com\/wp-content\/uploads\/2022\/02\/Italy-lake-como-768x512.webp 768w, https:\/\/www.newsendip.com\/wp-content\/uploads\/2022\/02\/Italy-lake-como-1536x1024.webp 1536w, https:\/\/www.newsendip.com\/wp-content\/uploads\/2022\/02\/Italy-lake-como.webp 1920w\" sizes=\"(max-width: 1024px) 100vw, 1024px\"><figcaption id=\"caption-attachment-14040\" class=\"wp-caption-text\">Lac de C\u00f4me, Italie | \u00a9 Quentin Le&nbsp;Gohic<\/figcaption><\/figure>\n<p>Une Italienne de 70 ans, Marinella Beretta, a \u00e9t\u00e9 retrouv\u00e9e morte le 4 f\u00e9vrier dans sa petite villa dans la banlieue de C\u00f4me, en Lombardie.<\/p>\n<p>Elle \u00e9tait en \u00e9tat de d\u00e9composition avanc\u00e9e lorsque les pompiers l\u2019ont trouv\u00e9e assise sur une chaise dans la cuisine. Un m\u00e9decin qui l\u2019a examin\u00e9e a d\u00e9clar\u00e9 lundi qu\u2019elle \u00e9tait probablement d\u00e9c\u00e9d\u00e9e fin 2019, il y a plus de deux&nbsp;ans.<\/p>\n<p>La pand\u00e9mie de COVID-19 n\u2019avait alors pas encore oblig\u00e9 l\u2019Italie \u00e0 se confiner et \u00e0 isoler encore un peu plus les personnes \u00e2g\u00e9es qui vivent seules.<\/p>\n<p>Marinella Beretta est morte seule et des proches encore vivants n\u2019ont pas encore \u00e9t\u00e9 retrouv\u00e9s. Il semblerait qu\u2019elle soit morte de cause naturelle. Il n\u2019y avait par ailleurs aucun signe d\u2019intrusion, les portes \u00e9taient ferm\u00e9es de l\u2019int\u00e9rieur.<!--more--><\/p>\n<p>Ses voisins ne l\u2019avaient pas vue depuis au moins septembre 2019 et pensaient qu\u2019elle \u00e9tait partie pendant la pand\u00e9mie car le courrier s\u2019accumulait \u00e0 l\u2019ext\u00e9rieur.<\/p>\n<p>Le maire de C\u00f4me, Mario Landriscina, a d\u00e9clar\u00e9 qu\u2019il assisterait aux fun\u00e9railles. \u00ab\u202f<em>Nous sommes sa famille<\/em>\u202f\u00bb, a\u2011t-il d\u00e9clar\u00e9 selon le <em><a href=\"https:\/\/milano.corriere.it\/notizie\/lombardia\/22_febbraio_08\/marinella-beretta-morta-casa-sola-l-appello-sindaco-como-partecipiamo-suo-funerale-siamo-noi-sua-famiglia-00a39a06-88ef-11ec-9938-27d3dd3408d7.shtml?refresh_ce\">Corriere della Sera<\/a><\/em>.<\/p>\n<p>S\u2019il n\u2019y a pas de famille, la ville devra prendre en charge les frais de la c\u00e9r\u00e9monie, qui n\u2019a pas encore \u00e9t\u00e9 d\u00e9cid\u00e9e car sa foi ou ses derni\u00e8res volont\u00e9s ne sont pas encore connues.<\/p>\n<p>Pr\u00e8s de 40\u202f% des plus de 75 ans en Italie vivent seuls, selon un rapport de 2018 de l\u2019Istat, l\u2019institut national italien de statistiques.<\/p>\n<p>\u00ab\u202f<em>Ce qui est arriv\u00e9 \u00e0 Marinella Beretta \u00e0 C\u00f4me, la solitude oubli\u00e9e, blesse nos consciences<\/em>\u202f\u00bb, a d\u00e9clar\u00e9 le 7 f\u00e9vrier sur Facebook la ministre italienne de la Famille, <a href=\"https:\/\/www.facebook.com\/elenabonetti\/posts\/702930441086808\">Elena Bonetti<\/a>.<\/p>\n<p>Marinella Beretta avait vendu sa maison situ\u00e9e via Privata Comun Oppidum \u00e0 Prestino pr\u00e8s de C\u00f4me, \u00e0 un Suisse. Mais elle avait gard\u00e9 l\u2019usufruit de la propri\u00e9t\u00e9 jusqu\u2019\u00e0 sa&nbsp;mort.<\/p>\n<p>Le propri\u00e9taire fut alert\u00e9 par des voisins que des arbres risquaient de tomber en cas de vent violent. Comme il n\u2019avait pas r\u00e9ussi \u00e0 la joindre, il a d\u00e9cid\u00e9 d\u2019appeler la police.<\/p>\n<p><a href=\"https:\/\/www.newsendip.com\/fr\/etiquette\/italie\/\"><strong>D\u00e9couvrez plus d\u2019actualit\u00e9s d\u2019Italie<\/strong><\/a><\/p>\n","protected":false},"excerpt":{"rendered":"<p>Marinella Beretta, 70 ans, a \u00e9t\u00e9 retrouv\u00e9e morte au moins deux ans apr\u00e8s son d\u00e9c\u00e8s, seule dans sa maison.<\/p>\n","protected":false},"author":1,"featured_media":14040,"comment_status":"closed","ping_status":"closed","sticky":false,"template":"","format":"standard","meta":{"wp_typography_post_enhancements_disabled":false,"footnotes":""},"categories":[409],"tags":[411,418],"class_list":["post-18505","post","type-post","status-publish","format-standard","has-post-thumbnail","hentry","category-societe","tag-actuel","tag-italie"],"yoast_head":"<!-- This site is optimized with the Yoast SEO Premium plugin v27.4 (Yoast SEO v27.4) - https:\/\/yoast.com\/product\/yoast-seo-premium-wordpress\/ -->\n<title>Une Italienne de 70 ans retrouv\u00e9e morte chez elle 2 ans plus tard<\/title>\n<meta name=\"description\" content=\"Marinella Beretta, 70 ans, a \u00e9t\u00e9 retrouv\u00e9e morte au moins deux ans apr\u00e8s son d\u00e9c\u00e8s, seule dans sa maison.\" \/>\n<meta name=\"robots\" content=\"index, follow, max-snippet:-1, max-image-preview:large, max-video-preview:-1\" \/>\n<link rel=\"canonical\" href=\"https:\/\/www.newsendip.com\/fr\/une-italienne-de-70-ans-retrouvee-morte-chez-elle-2-ans-plus-tard-marinella-beretta\/\" \/>\n<meta property=\"og:locale\" content=\"fr_FR\" \/>\n<meta property=\"og:type\" content=\"article\" \/>\n<meta property=\"og:title\" content=\"Une Italienne de 70 ans retrouv\u00e9e morte chez elle 2 ans plus tard\" \/>\n<meta property=\"og:description\" content=\"Marinella Beretta, 70 ans, a \u00e9t\u00e9 retrouv\u00e9e morte au moins deux ans apr\u00e8s son d\u00e9c\u00e8s, seule dans sa maison.\" \/>\n<meta property=\"og:url\" content=\"https:\/\/www.newsendip.com\/fr\/une-italienne-de-70-ans-retrouvee-morte-chez-elle-2-ans-plus-tard-marinella-beretta\/\" \/>\n<meta property=\"og:site_name\" content=\"Newsendip\" \/>\n<meta property=\"article:publisher\" content=\"https:\/\/www.facebook.com\/newsendip\" \/>\n<meta property=\"article:published_time\" content=\"2022-02-08T22:03:58+00:00\" \/>\n<meta property=\"article:modified_time\" content=\"2022-11-07T22:08:36+00:00\" \/>\n<meta property=\"og:image\" content=\"https:\/\/www.newsendip.com\/wp-content\/uploads\/2022\/02\/Italy-lake-como-progressive.jpeg\" \/>\n\t<meta property=\"og:image:width\" content=\"1920\" \/>\n\t<meta property=\"og:image:height\" content=\"1280\" \/>\n\t<meta property=\"og:image:type\" content=\"image\/jpeg\" \/>\n<meta name=\"author\" content=\"Cl\u00e9ment V\u00e9rit\u00e9\" \/>\n<meta name=\"twitter:card\" content=\"summary_large_image\" \/>\n<meta name=\"twitter:creator\" content=\"@https:\/\/twitter.com\/cverite\" \/>\n<meta name=\"twitter:site\" content=\"@newsendip\" \/>\n<meta name=\"twitter:label1\" content=\"\u00c9crit par\" \/>\n\t<meta name=\"twitter:data1\" content=\"Cl\u00e9ment V\u00e9rit\u00e9\" \/>\n\t<meta name=\"twitter:label2\" content=\"Dur\u00e9e de lecture estim\u00e9e\" \/>\n\t<meta name=\"twitter:data2\" content=\"2 minutes\" \/>\n<!-- \/ Yoast SEO Premium plugin. -->","yoast_head_json":{"title":"Une Italienne de 70 ans retrouv\u00e9e morte chez elle 2 ans plus tard","description":"Marinella Beretta, 70 ans, a \u00e9t\u00e9 retrouv\u00e9e morte au moins deux ans apr\u00e8s son d\u00e9c\u00e8s, seule dans sa maison.","robots":{"index":"index","follow":"follow","max-snippet":"max-snippet:-1","max-image-preview":"max-image-preview:large","max-video-preview":"max-video-preview:-1"},"canonical":"https:\/\/www.newsendip.com\/fr\/une-italienne-de-70-ans-retrouvee-morte-chez-elle-2-ans-plus-tard-marinella-beretta\/","og_locale":"fr_FR","og_type":"article","og_title":"Une Italienne de 70 ans retrouv\u00e9e morte chez elle 2 ans plus tard","og_description":"Marinella Beretta, 70 ans, a \u00e9t\u00e9 retrouv\u00e9e morte au moins deux ans apr\u00e8s son d\u00e9c\u00e8s, seule dans sa maison.","og_url":"https:\/\/www.newsendip.com\/fr\/une-italienne-de-70-ans-retrouvee-morte-chez-elle-2-ans-plus-tard-marinella-beretta\/","og_site_name":"Newsendip","article_publisher":"https:\/\/www.facebook.com\/newsendip","article_published_time":"2022-02-08T22:03:58+00:00","article_modified_time":"2022-11-07T22:08:36+00:00","og_image":[{"width":1920,"height":1280,"url":"https:\/\/www.newsendip.com\/wp-content\/uploads\/2022\/02\/Italy-lake-como-progressive.jpeg","type":"image\/jpeg"}],"author":"Cl\u00e9ment V\u00e9rit\u00e9","twitter_card":"summary_large_image","twitter_creator":"@https:\/\/twitter.com\/cverite","twitter_site":"@newsendip","twitter_misc":{"\u00c9crit par":"Cl\u00e9ment V\u00e9rit\u00e9","Dur\u00e9e de lecture estim\u00e9e":"2 minutes"},"schema":{"@context":"https:\/\/schema.org","@graph":[{"@type":"NewsArticle","@id":"https:\/\/www.newsendip.com\/fr\/une-italienne-de-70-ans-retrouvee-morte-chez-elle-2-ans-plus-tard-marinella-beretta\/#article","isPartOf":{"@id":"https:\/\/www.newsendip.com\/fr\/une-italienne-de-70-ans-retrouvee-morte-chez-elle-2-ans-plus-tard-marinella-beretta\/"},"author":{"name":"Cl\u00e9ment V\u00e9rit\u00e9","@id":"https:\/\/www.newsendip.com\/fr\/#\/schema\/person\/ea22c01755f464a3cbc2c619584d6363"},"headline":"Une Italienne de 70 ans retrouv\u00e9e morte chez elle 2 ans plus&nbsp;tard","datePublished":"2022-02-08T22:03:58+00:00","dateModified":"2022-11-07T22:08:36+00:00","mainEntityOfPage":{"@id":"https:\/\/www.newsendip.com\/fr\/une-italienne-de-70-ans-retrouvee-morte-chez-elle-2-ans-plus-tard-marinella-beretta\/"},"wordCount":439,"publisher":{"@id":"https:\/\/www.newsendip.com\/fr\/#organization"},"image":{"@id":"https:\/\/www.newsendip.com\/fr\/une-italienne-de-70-ans-retrouvee-morte-chez-elle-2-ans-plus-tard-marinella-beretta\/#primaryimage"},"thumbnailUrl":"https:\/\/www.newsendip.com\/wp-content\/uploads\/2022\/02\/Italy-lake-como.webp","keywords":["Actuel","Italie"],"articleSection":["Soci\u00e9t\u00e9"],"inLanguage":"fr-FR","copyrightYear":"2022","copyrightHolder":{"@id":"https:\/\/www.newsendip.com\/#organization"}},{"@type":"WebPage","@id":"https:\/\/www.newsendip.com\/fr\/une-italienne-de-70-ans-retrouvee-morte-chez-elle-2-ans-plus-tard-marinella-beretta\/","url":"https:\/\/www.newsendip.com\/fr\/une-italienne-de-70-ans-retrouvee-morte-chez-elle-2-ans-plus-tard-marinella-beretta\/","name":"Une Italienne de 70 ans retrouv\u00e9e morte chez elle 2 ans plus tard","isPartOf":{"@id":"https:\/\/www.newsendip.com\/fr\/#website"},"primaryImageOfPage":{"@id":"https:\/\/www.newsendip.com\/fr\/une-italienne-de-70-ans-retrouvee-morte-chez-elle-2-ans-plus-tard-marinella-beretta\/#primaryimage"},"image":{"@id":"https:\/\/www.newsendip.com\/fr\/une-italienne-de-70-ans-retrouvee-morte-chez-elle-2-ans-plus-tard-marinella-beretta\/#primaryimage"},"thumbnailUrl":"https:\/\/www.newsendip.com\/wp-content\/uploads\/2022\/02\/Italy-lake-como.webp","datePublished":"2022-02-08T22:03:58+00:00","dateModified":"2022-11-07T22:08:36+00:00","description":"Marinella Beretta, 70 ans, a \u00e9t\u00e9 retrouv\u00e9e morte au moins deux ans apr\u00e8s son d\u00e9c\u00e8s, seule dans sa maison.","breadcrumb":{"@id":"https:\/\/www.newsendip.com\/fr\/une-italienne-de-70-ans-retrouvee-morte-chez-elle-2-ans-plus-tard-marinella-beretta\/#breadcrumb"},"inLanguage":"fr-FR","potentialAction":[{"@type":"ReadAction","target":["https:\/\/www.newsendip.com\/fr\/une-italienne-de-70-ans-retrouvee-morte-chez-elle-2-ans-plus-tard-marinella-beretta\/"]}]},{"@type":"ImageObject","inLanguage":"fr-FR","@id":"https:\/\/www.newsendip.com\/fr\/une-italienne-de-70-ans-retrouvee-morte-chez-elle-2-ans-plus-tard-marinella-beretta\/#primaryimage","url":"https:\/\/www.newsendip.com\/wp-content\/uploads\/2022\/02\/Italy-lake-como.webp","contentUrl":"https:\/\/www.newsendip.com\/wp-content\/uploads\/2022\/02\/Italy-lake-como.webp","width":1920,"height":1280,"caption":"Lac de C\u00f4me, Italie | \u00a9 Quentin Le Gohic"},{"@type":"BreadcrumbList","@id":"https:\/\/www.newsendip.com\/fr\/une-italienne-de-70-ans-retrouvee-morte-chez-elle-2-ans-plus-tard-marinella-beretta\/#breadcrumb","itemListElement":[{"@type":"ListItem","position":1,"name":"Accueil","item":"https:\/\/www.newsendip.com\/fr\/"},{"@type":"ListItem","position":2,"name":"Une Italienne de 70 ans retrouv\u00e9e morte chez elle 2 ans plus&nbsp;tard"}]},{"@type":"WebSite","@id":"https:\/\/www.newsendip.com\/fr\/#website","url":"https:\/\/www.newsendip.com\/fr\/","name":"Newsendip","description":"Red\u00e9couvrez l&#039;actualit\u00e9 internationale","publisher":{"@id":"https:\/\/www.newsendip.com\/fr\/#organization"},"potentialAction":[{"@type":"SearchAction","target":{"@type":"EntryPoint","urlTemplate":"https:\/\/www.newsendip.com\/fr\/?s={search_term_string}"},"query-input":{"@type":"PropertyValueSpecification","valueRequired":true,"valueName":"search_term_string"}}],"inLanguage":"fr-FR"},{"@type":"Organization","@id":"https:\/\/www.newsendip.com\/fr\/#organization","name":"Newsendip","url":"https:\/\/www.newsendip.com\/fr\/","logo":{"@type":"ImageObject","inLanguage":"fr-FR","@id":"https:\/\/www.newsendip.com\/fr\/#\/schema\/logo\/image\/","url":"https:\/\/www.newsendip.com\/wp-content\/uploads\/2023\/12\/512x512.svg","contentUrl":"https:\/\/www.newsendip.com\/wp-content\/uploads\/2023\/12\/512x512.svg","width":1,"height":1,"caption":"Newsendip"},"image":{"@id":"https:\/\/www.newsendip.com\/fr\/#\/schema\/logo\/image\/"},"sameAs":["https:\/\/www.facebook.com\/newsendip","https:\/\/x.com\/newsendip","https:\/\/mastodon.social\/@newsendip","https:\/\/www.linkedin.com\/company\/newsendip"],"description":"Newsendip est un site qui a pour mission de rendre l'actualit\u00e9 internationale accessible et diversifi\u00e9e","email":"contact@newsendip.com","legalName":"Newsendip SAS","foundingDate":"2022-11-04","vatID":"FR60921124723","numberOfEmployees":{"@type":"QuantitativeValue","minValue":"1","maxValue":"10"},"publishingPrinciples":"https:\/\/www.newsendip.com\/about-us\/","ownershipFundingInfo":"https:\/\/www.newsendip.com\/legal-notice\/","actionableFeedbackPolicy":"https:\/\/www.newsendip.com\/about-us\/","correctionsPolicy":"https:\/\/www.newsendip.com\/about-us\/","ethicsPolicy":"https:\/\/www.newsendip.com\/about-us\/","diversityPolicy":"https:\/\/www.newsendip.com\/about-us\/"},{"@type":"Person","@id":"https:\/\/www.newsendip.com\/fr\/#\/schema\/person\/ea22c01755f464a3cbc2c619584d6363","name":"Cl\u00e9ment V\u00e9rit\u00e9","description":"Cl\u00e9ment is the executive editor and founder of Newsendip. He started in the media industry as a freelance reporter at 16 for a local French newspaper after school and has never left it. He later worked for seven years at The New York Times, notably as a data analyst. He holds a Master of Management in France and a Master of Arts in the United Kingdom in International Marketing &amp; Communications Strategy. He has lived in France, the United Kingdom, and Italy.","sameAs":["https:\/\/www.newsendip.com\/","https:\/\/www.linkedin.com\/in\/clementverite\/","https:\/\/x.com\/https:\/\/twitter.com\/cverite"],"knowsAbout":["News","International","Business","Media monitoring"],"knowsLanguage":["English","French","Italian","Spanish"],"url":"https:\/\/www.newsendip.com\/fr\/author\/clement-verite\/"}]}},"_links":{"self":[{"href":"https:\/\/www.newsendip.com\/fr\/wp-json\/wp\/v2\/posts\/18505","targetHints":{"allow":["GET"]}}],"collection":[{"href":"https:\/\/www.newsendip.com\/fr\/wp-json\/wp\/v2\/posts"}],"about":[{"href":"https:\/\/www.newsendip.com\/fr\/wp-json\/wp\/v2\/types\/post"}],"author":[{"embeddable":true,"href":"https:\/\/www.newsendip.com\/fr\/wp-json\/wp\/v2\/users\/1"}],"replies":[{"embeddable":true,"href":"https:\/\/www.newsendip.com\/fr\/wp-json\/wp\/v2\/comments?post=18505"}],"version-history":[{"count":0,"href":"https:\/\/www.newsendip.com\/fr\/wp-json\/wp\/v2\/posts\/18505\/revisions"}],"wp:featuredmedia":[{"embeddable":true,"href":"https:\/\/www.newsendip.com\/fr\/wp-json\/wp\/v2\/media\/14040"}],"wp:attachment":[{"href":"https:\/\/www.newsendip.com\/fr\/wp-json\/wp\/v2\/media?parent=18505"}],"wp:term":[{"taxonomy":"category","embeddable":true,"href":"https:\/\/www.newsendip.com\/fr\/wp-json\/wp\/v2\/categories?post=18505"},{"taxonomy":"post_tag","embeddable":true,"href":"https:\/\/www.newsendip.com\/fr\/wp-json\/wp\/v2\/tags?post=18505"}],"curies":[{"name":"wp","href":"https:\/\/api.w.org\/{rel}","templated":true}]}}