{"id":18530,"date":"2021-09-08T12:00:00","date_gmt":"2021-09-08T10:00:00","guid":{"rendered":"https:\/\/www.newsendip.com\/?p=18530"},"modified":"2024-07-16T23:44:28","modified_gmt":"2024-07-16T21:44:28","slug":"une-bouteille-en-verre-aurait-elle-provoque-lincendie-dun-immeuble-entier-a-milan","status":"publish","type":"post","link":"https:\/\/www.newsendip.com\/fr\/une-bouteille-en-verre-aurait-elle-provoque-lincendie-dun-immeuble-entier-a-milan\/","title":{"rendered":"Une bouteille en verre aurait-elle provoqu\u00e9 l\u2019incendie d\u2019un immeuble entier \u00e0&nbsp;Milan\u202f?"},"content":{"rendered":"<p><strong>Les images de l\u2019embrasement de la Torre dei Moro \u00e0 Milan ont rappel\u00e9 le drame survenu \u00e0 Londres en 2017. Une loi avait \u00e9t\u00e9 chang\u00e9e en Italie pour \u00e9viter que cela ne se produise mais elle ne s\u2019appliquait pas \u00e0 l\u2019immeuble. Une semaine apr\u00e8s l\u2019incendie, de nombreuses questions demeurent et les experts \u00e9tudient d\u00e9sormais la possibilit\u00e9 qu\u2019une bouteille en verre puisse expliquer le d\u00e9clenchement de l\u2019incendie.<br>\n<\/strong><\/p>\n<figure id=\"attachment_13664\" aria-describedby=\"caption-attachment-13664\" style=\"width: 1024px\" class=\"wp-caption aligncenter\"><img decoding=\"async\" class=\"size-large wp-image-13664\" src=\"https:\/\/www.newsendip.com\/wp-content\/uploads\/2021\/09\/torre-dei-moro-aerial-view-italy-milan-progressive-1024x576.jpeg\" alt=\"La Torre dei Moro \u00e0 Milan\" width=\"1024\" height=\"576\" srcset=\"https:\/\/www.newsendip.com\/wp-content\/uploads\/2021\/09\/torre-dei-moro-aerial-view-italy-milan-progressive-1024x576.jpeg 1024w, https:\/\/www.newsendip.com\/wp-content\/uploads\/2021\/09\/torre-dei-moro-aerial-view-italy-milan-progressive-300x169.jpeg 300w, https:\/\/www.newsendip.com\/wp-content\/uploads\/2021\/09\/torre-dei-moro-aerial-view-italy-milan-progressive-768x432.jpeg 768w, https:\/\/www.newsendip.com\/wp-content\/uploads\/2021\/09\/torre-dei-moro-aerial-view-italy-milan-progressive-1536x864.jpeg 1536w, https:\/\/www.newsendip.com\/wp-content\/uploads\/2021\/09\/torre-dei-moro-aerial-view-italy-milan-progressive-390x220.jpeg 390w, https:\/\/www.newsendip.com\/wp-content\/uploads\/2021\/09\/torre-dei-moro-aerial-view-italy-milan-progressive.jpeg 1920w\" sizes=\"(max-width: 1024px) 100vw, 1024px\"><figcaption id=\"caption-attachment-13664\" class=\"wp-caption-text\">La Torre dei Moro \u00e0 Milan a compl\u00e8tement br\u00fbl\u00e9 et est devenue une v\u00e9ritable torche en quelques minutes | Vigili del&nbsp;Fuoco<\/figcaption><\/figure>\n<p>Dans l\u2019apr\u00e8s-midi du 29 ao\u00fbt, une fum\u00e9e noire s\u2019est \u00e9chapp\u00e9e d\u2019un appartement situ\u00e9 au 15e \u00e9tage de la Torre dei Moro \u00e0 <a href=\"https:\/\/www.newsendip.com\/fr\/entre-milan-et-amsterdam-blanchiment-dargent-de-la-drogue-avec-une-galerie-dart\/\">Milan<\/a>.<\/p>\n<p>Mais \u00e0 la fum\u00e9e s\u2019est rapidement ajout\u00e9e des flammes vives. Et le brasier s\u2019est propag\u00e9 aux \u00e9tages sup\u00e9rieurs, puis s\u2019est d\u00e9plac\u00e9 vers le bas jusqu\u2019\u00e0 ce que l\u2019immeuble se transforme en torche g\u00e9ante en moins de 30\u202fminutes. Les v\u00e9hicules environnants ont \u00e9galement \u00e9t\u00e9 d\u00e9truits.<\/p>\n<p>Tous les r\u00e9sidents ont pu \u00eatre \u00e9vacu\u00e9s en toute s\u00e9curit\u00e9 gr\u00e2ce aux escaliers de secours, malgr\u00e9 quelques dysfonctionnements des syst\u00e8mes d\u2019urgence. Plusieurs appartements \u00e9taient \u00e9galement vides en cette p\u00e9riode de vacances.<\/p>\n<p>L\u2019immeuble de standing de 18 \u00e9tages avait \u00e9t\u00e9 construit en 2011 dans le cadre d\u2019un plan de r\u00e9habilitation dans la banlieue sud de Milan, et accueillait des activit\u00e9s commerciales ainsi que des appartements d\u2019habitation. Son nom, Torre dei Moro, vient de Moro Costruzioni Spa, une soci\u00e9t\u00e9 de construction appartenant \u00e0 des promoteurs immobiliers importants dans la r\u00e9gion.<\/p>\n<figure id=\"attachment_13667\" aria-describedby=\"caption-attachment-13667\" style=\"width: 206px\" class=\"wp-caption aligncenter\"><img decoding=\"async\" class=\"size-full wp-image-13667\" src=\"https:\/\/www.newsendip.com\/wp-content\/uploads\/2021\/09\/torre_dei_moro_milan-progressive.jpeg\" alt=\"Images de l'incendie de la Torre dei Mori \u00e0 Milan\" width=\"206\" height=\"244\"><figcaption id=\"caption-attachment-13667\" class=\"wp-caption-text\">L\u2019incendie s\u2019est d\u00e9clar\u00e9 au 15e \u00e9tage et s\u2019est ensuite d\u00e9plac\u00e9 vers le&nbsp;bas.<\/figcaption><\/figure>\n<h2>L\u2019origine de l\u2019incendie toujours ind\u00e9termin\u00e9e<\/h2>\n<p>Un peu plus d\u2019une semaine apr\u00e8s l\u2019embrasement de l\u2019immeuble, l\u2019enqu\u00eate n\u2019a toujours pas trouv\u00e9 l\u2019explication de l\u2019accident, ni les raisons pour lesquelles le feu s\u2019est propag\u00e9 si rapidement.<\/p>\n<p>Dans un premier temps, l\u2019hypoth\u00e8se d\u2019un court-circuit a \u00e9t\u00e9 retenue. Elle a ensuite \u00e9t\u00e9 \u00e9cart\u00e9e car l\u2019habitant de l\u2019appartement o\u00f9 le feu s\u2019est d\u00e9clar\u00e9 avait coup\u00e9 l\u2019\u00e9lectricit\u00e9 en partant en vacances.<\/p>\n<p>Les experts consid\u00e8rent d\u00e9sormais qu\u2019un <a href=\"https:\/\/www.ilgiorno.it\/milano\/cronaca\/incendio-via-antonini-1.6771505\">verre ardent<\/a> pourrait avoir provoqu\u00e9 l\u2019incendie, par exemple avec une bouteille en verre laiss\u00e9e sur le balcon, qui aurait fini par d\u00e9clencher la combustion.<\/p>\n<p>Un verre ardent fonctionne comme une loupe qui concentre les rayons du soleil de sorte que la chaleur finisse par br\u00fbler une feuille ou un morceau de papier.<\/p>\n<p>Un mythe raconte qu\u2019Archim\u00e8de avait utilis\u00e9 des miroirs pour rediriger les rayons du soleil sur les navires attaquant Syracuse afin qu\u2019ils prennent feu.<\/p>\n<p>Les experts italiens \u00e9tudient maintenant si une simple forme convexe transparente, telle qu\u2019une bouteille en verre, a fait converger les rayons du soleil pour qu\u2019ils finissent par ravager le b\u00e2timent.<\/p>\n<figure id=\"attachment_13665\" aria-describedby=\"caption-attachment-13665\" style=\"width: 1024px\" class=\"wp-caption aligncenter\"><img decoding=\"async\" class=\"size-large wp-image-13665\" src=\"https:\/\/www.newsendip.com\/wp-content\/uploads\/2021\/09\/torre-dei-moro-facade-fire-italy-milan-progressive-e1631091506941-1024x658.jpeg\" alt=\"La fa\u00e7ade de l'immeuble Torrei dei Mori a compl\u00e8tement fondu alors que la structure a r\u00e9sist\u00e9\" width=\"1024\" height=\"658\" srcset=\"https:\/\/www.newsendip.com\/wp-content\/uploads\/2021\/09\/torre-dei-moro-facade-fire-italy-milan-progressive-e1631091506941-1024x658.jpeg 1024w, https:\/\/www.newsendip.com\/wp-content\/uploads\/2021\/09\/torre-dei-moro-facade-fire-italy-milan-progressive-e1631091506941-60x39.jpeg 60w, https:\/\/www.newsendip.com\/wp-content\/uploads\/2021\/09\/torre-dei-moro-facade-fire-italy-milan-progressive-e1631091506941-300x193.jpeg 300w, https:\/\/www.newsendip.com\/wp-content\/uploads\/2021\/09\/torre-dei-moro-facade-fire-italy-milan-progressive-e1631091506941-768x494.jpeg 768w, https:\/\/www.newsendip.com\/wp-content\/uploads\/2021\/09\/torre-dei-moro-facade-fire-italy-milan-progressive-e1631091506941.jpeg 1531w\" sizes=\"(max-width: 1024px) 100vw, 1024px\"><figcaption id=\"caption-attachment-13665\" class=\"wp-caption-text\">La fa\u00e7ade de l\u2019immeuble a compl\u00e8tement fondu alors que la structure a r\u00e9sist\u00e9 | Vigili del&nbsp;fuoco<\/figcaption><\/figure>\n<h2>Un accident similaire \u00e0 l\u2019incendie de la tour Grenfell \u00e0 Londres<\/h2>\n<p>La fa\u00e7on et la rapidit\u00e9 avec laquelle la construction a br\u00fbl\u00e9 ont \u00e9galement rappel\u00e9 l\u2019incendie tragique de la Grenfell Tower \u00e0 Londres en 2017, o\u00f9 72 personnes sont mortes.<\/p>\n<p>Le maire de Milan, <a href=\"https:\/\/www.facebook.com\/beppesalasindaco\/posts\/3099332120336003\">Giuseppe Sala<\/a>, a rapidement mentionn\u00e9 \u00ab\u202f<em>qu\u2019il est clair depuis le d\u00e9but que le rev\u00eatement ext\u00e9rieur du b\u00e2timent s\u2019est enflamm\u00e9 trop rapidement, dans une dynamique qui ressemble beaucoup \u00e0 l\u2019incendie de la Grenfell Tower de Londres il y a quelques ann\u00e9es<\/em>\u202f\u00bb.<\/p>\n<p>\u00c0 Londres, le feu avait \u00e9t\u00e9 d\u00e9clench\u00e9 par un r\u00e9frig\u00e9rateur, mais c\u2019est le mat\u00e9riau du rev\u00eatement, du poly\u00e9thyl\u00e8ne hautement inflammable entre deux couches d\u2019aluminium avec une l\u00e9ger espacement pour l\u2019air qui a agi comme une chemin\u00e9e et une isolation non ignifug\u00e9e, qui a provoqu\u00e9 la propagation rapide du feu. Le b\u00e2timent avait br\u00fbl\u00e9 de l\u2019ext\u00e9rieur plut\u00f4t que de l\u2019int\u00e9rieur.<\/p>\n<p>Pour la Torre dei Moro, les images montrent clairement que la fa\u00e7ade a br\u00fbl\u00e9, certains t\u00e9moins ont mentionn\u00e9 que c\u2019\u00e9tait comme si elle avait fondu, alors que la structure a r\u00e9sist\u00e9. Et des questions sont rapidement apparues sur le mat\u00e9riau utilis\u00e9 pour le bardage, le rev\u00eatement externe du b\u00e2timent.<\/p>\n<p>Les pompiers ont constat\u00e9 que le brasier a <a href=\"https:\/\/www.ilgiorno.it\/milano\/cronaca\/pannelli-di-plastica-super-infiammabile-prime-verit%C3%A0-sull-incendio-della-torre-dei-moro-1.6759182\">br\u00fbl\u00e9 un mat\u00e9riau plastique hautement inflammable<\/a>, qui a atteint des temp\u00e9ratures proches du point de fusion de l\u2019aluminium.<\/p>\n<figure id=\"attachment_13666\" aria-describedby=\"caption-attachment-13666\" style=\"width: 512px\" class=\"wp-caption aligncenter\"><img decoding=\"async\" class=\"size-full wp-image-13666\" src=\"https:\/\/www.newsendip.com\/wp-content\/uploads\/2021\/09\/Grenfell_Tower_fire-facade-progressive.jpeg\" alt=\"Grenfell Tower \u00e0 Londres\" width=\"512\" height=\"683\" srcset=\"https:\/\/www.newsendip.com\/wp-content\/uploads\/2021\/09\/Grenfell_Tower_fire-facade-progressive.jpeg 512w, https:\/\/www.newsendip.com\/wp-content\/uploads\/2021\/09\/Grenfell_Tower_fire-facade-progressive-225x300.jpeg 225w\" sizes=\"(max-width: 512px) 100vw, 512px\"><figcaption id=\"caption-attachment-13666\" class=\"wp-caption-text\">L\u2019incendie de la tour Grenfell \u00e0 Londres o\u00f9 72 personnes sont mortes. La Torre dei Moro a br\u00fbl\u00e9 de la m\u00eame mani\u00e8re par l\u2019ext\u00e9rieur | Natalie Oxford<\/figcaption><\/figure>\n<h2>Plusieurs entreprises impliqu\u00e9es dans la construction ont rejet\u00e9 la&nbsp;faute<\/h2>\n<p><!--more--><\/p>\n<p>Mais la composition exacte des panneaux reste obscure et a \u00e9t\u00e9 difficile \u00e0 obtenir. Gaetano Lisciandra, un architecte milanais reconnu qui a sign\u00e9 le projet en 2006, est d\u00e9c\u00e9d\u00e9 en&nbsp;2016.<\/p>\n<p>Augusto Bononi, l\u2019administrateur de la copropri\u00e9t\u00e9, a d\u2019abord d\u00e9clar\u00e9 que la fa\u00e7ade de la Torre dei Moro \u00e9tait rev\u00eatue d\u2019Alucobond, un autre mat\u00e9riau \u00e0 base de feuilles d\u2019aluminium.<\/p>\n<p>Cependant, 3A Composites, le fabricant de l\u2019Alucobond, a d\u00e9clar\u00e9 que la fa\u00e7ade de Torre dei Moro n\u2019\u00e9tait pas rev\u00eatue de sa marque d\u00e9pos\u00e9e.<\/p>\n<p>Saint Gobain Italie a voulu se d\u00e9gager de toute responsabilit\u00e9 en expliquant qu\u2019elle avait vendu \u00e0 l\u2019entreprise de construction des panneaux de laine de verre Isover, class\u00e9s comme non combustibles et non inflammables, et qu\u2019ils n\u2019avaient \u00e9t\u00e9 utilis\u00e9s que sur la structure principale du b\u00e2timent pour l\u2019isoler thermiquement, mais pas sur le rev\u00eatement ext\u00e9rieur install\u00e9 \u00e0 des fins esth\u00e9tiques.<\/p>\n<p>Le 4 septembre, la soci\u00e9t\u00e9 Aghito Zambonini Spa a d\u00e9clar\u00e9 avoir <a href=\"#ref\">achet\u00e9 les panneaux composites \u00e0 une soci\u00e9t\u00e9 espagnole<\/a>, Alucoil. Ces panneaux \u00ab\u202f<em>\u00e9taient totalement conformes aux sp\u00e9cifications techniques du projet et \u00e0 la r\u00e9glementation en vigueur en 2009 et ont \u00e9t\u00e9 choisis et approuv\u00e9s par le client<\/em>\u202f\u00bb.<\/p>\n<h2>La r\u00e9glementation italienne sur les fa\u00e7ades ne s\u2019appliquait pas \u00e0 la Torre dei&nbsp;Moro<\/h2>\n<p>Selon <a href=\"https:\/\/milano.repubblica.it\/cronaca\/2021\/09\/06\/news\/fabbricati_in_spagna_i_pannelli_della_torre_bruciata_non_erano_ignifughi_consigliati_solo_per_edifici_bassi_-316768280\/\"><em>La Repubblica<\/em><\/a>, les documents de l\u2019enqu\u00eate mentionnent l\u2019utilisation du Larson PE d\u2019Alucoil pour le rev\u00eatement du b\u00e2timent, qui est compos\u00e9 d\u2019aluminium et de poly\u00e9thyl\u00e8ne, un mat\u00e9riau similaire \u00e0 ce qui se trouvait sur la tour Grenfell \u00e0 Londres.<\/p>\n<p>Dans un document mis en ligne par Alucoil en novembre 2017, moins de six mois apr\u00e8s le pire incendie du Royaume-Uni depuis la Seconde Guerre mondiale, elle pr\u00e9cise que l\u2019utilisation du Larson PE n\u2019est \u00ab\u202f<em>pas recommand\u00e9e pour les b\u00e2timents \u00e9lev\u00e9s en raison de limitations dans les r\u00e9glementation de certains pays<\/em>\u202f\u00bb.<\/p>\n<p>Apr\u00e8s les \u00e9v\u00e9nements tragiques de Londres, les pays ont en effet adapt\u00e9 leurs r\u00e8gles pour \u00e9viter des situations similaires.<\/p>\n<p><a href=\"#ref\">L\u2019Italie a effectivement adopt\u00e9 une loi en 2019<\/a> pour renforcer la r\u00e9glementation en cas d\u2019incendie dans les copropri\u00e9t\u00e9s, et ajout\u00e9 des directives en mati\u00e8re de s\u00e9curit\u00e9 des fa\u00e7ades.<\/p>\n<p>Mais la Torre dei Moro, construite en 2011, n\u2019\u00e9tait en revanche pas concern\u00e9e par ces derni\u00e8res puisque la loi ne s\u2019applique qu\u2019aux r\u00e9novations et aux nouvelles constructions.<\/p>\n<p><strong><a href=\"https:\/\/www.newsendip.com\/fr\/etiquette\/italie\/\">D\u00e9couvrez plus d\u2019actualit\u00e9s d\u2019Italie<\/a><\/strong><\/p>\n<h3 id=\"ref\">Sources et liens utiles&nbsp;:<\/h3>\n<ul>\n<li><a href=\"https:\/\/www.isover.it\/news\/incendio-di-antonini-milano\">Incendio di via Antonini a Milano<\/a>, Isover Saint-Gobain, septembre 2021, acc\u00e8s&nbsp;libre<\/li>\n<li><a href=\"https:\/\/www.azacorp.com\/dichiarazione-ufficiale\">Official statement<\/a>, AZA Aghito Zambonini Spa, septembre 2021, acc\u00e8s&nbsp;libre<\/li>\n<li><a href=\"https:\/\/alucoil.com\/europe\/wp-content\/uploads\/sites\/3\/2017\/11\/larson_2018_es.pdf\">Paneles Composite de Aluminio para Revestimiento de Fachadas<\/a>, Alucoil, novembre 2021, acc\u00e8s&nbsp;libre<\/li>\n<\/ul>\n","protected":false},"excerpt":{"rendered":"<p>Les images de l\u2019embrasement de la Torre dei Moro \u00e0 Milan ont rappel\u00e9 le drame survenu \u00e0 Londres en 2017. Une loi avait \u00e9t\u00e9 chang\u00e9e en Italie pour \u00e9viter que cela ne se produise mais elle ne s\u2019appliquait pas \u00e0 l\u2019immeuble. Une semaine apr\u00e8s l\u2019incendie, de nombreuses questions demeurent et les experts \u00e9tudient d\u00e9sormais la possibilit\u00e9 qu\u2019une bouteille en verre puisse expliquer le d\u00e9clenchement de l\u2019incendie. Dans l\u2019apr\u00e8s-midi du 29 ao\u00fbt, une fum\u00e9e noire s\u2019est \u00e9chapp\u00e9e d\u2019un appartement situ\u00e9 au 15e \u00e9tage de la Torre dei Moro \u00e0 Milan. Mais \u00e0 la fum\u00e9e s\u2019est rapidement ajout\u00e9e des flammes vives. Et<\/p>\n","protected":false},"author":1,"featured_media":13665,"comment_status":"closed","ping_status":"closed","sticky":false,"template":"","format":"standard","meta":{"wp_typography_post_enhancements_disabled":false,"footnotes":""},"categories":[414],"tags":[418,421],"class_list":["post-18530","post","type-post","status-publish","format-standard","has-post-thumbnail","hentry","category-economie","tag-italie","tag-vieux"],"yoast_head":"<!-- This site is optimized with the Yoast SEO Premium plugin v27.4 (Yoast SEO v27.4) - https:\/\/yoast.com\/product\/yoast-seo-premium-wordpress\/ -->\n<title>Une bouteille en verre aurait-elle provoqu\u00e9 l&#039;incendie d&#039;un immeuble entier \u00e0 Milan ?<\/title>\n<meta name=\"description\" content=\"Les images de l&#039;embrasement de la Torre dei Moro \u00e0 Milan ont rappel\u00e9 le drame survenu \u00e0 Londres en 2017. Une loi avait \u00e9t\u00e9 chang\u00e9e en Italie pour \u00e9viter\" \/>\n<meta name=\"robots\" content=\"index, follow, max-snippet:-1, max-image-preview:large, max-video-preview:-1\" \/>\n<link rel=\"canonical\" href=\"https:\/\/www.newsendip.com\/fr\/une-bouteille-en-verre-aurait-elle-provoque-lincendie-dun-immeuble-entier-a-milan\/\" \/>\n<meta property=\"og:locale\" content=\"fr_FR\" \/>\n<meta property=\"og:type\" content=\"article\" \/>\n<meta property=\"og:title\" content=\"Une bouteille en verre aurait-elle provoqu\u00e9 l&#039;incendie d&#039;un immeuble entier \u00e0 Milan ?\" \/>\n<meta property=\"og:description\" content=\"Les images de l&#039;embrasement de la Torre dei Moro \u00e0 Milan ont rappel\u00e9 le drame survenu \u00e0 Londres en 2017. Une loi avait \u00e9t\u00e9 chang\u00e9e en Italie pour \u00e9viter\" \/>\n<meta property=\"og:url\" content=\"https:\/\/www.newsendip.com\/fr\/une-bouteille-en-verre-aurait-elle-provoque-lincendie-dun-immeuble-entier-a-milan\/\" \/>\n<meta property=\"og:site_name\" content=\"Newsendip\" \/>\n<meta property=\"article:publisher\" content=\"https:\/\/www.facebook.com\/newsendip\" \/>\n<meta property=\"article:published_time\" content=\"2021-09-08T10:00:00+00:00\" \/>\n<meta property=\"article:modified_time\" content=\"2024-07-16T21:44:28+00:00\" \/>\n<meta property=\"og:image\" content=\"https:\/\/www.newsendip.com\/wp-content\/uploads\/2021\/09\/torre-dei-moro-facade-fire-italy-milan-progressive-e1631091506941.jpeg\" \/>\n\t<meta property=\"og:image:width\" content=\"1531\" \/>\n\t<meta property=\"og:image:height\" content=\"984\" \/>\n\t<meta property=\"og:image:type\" content=\"image\/jpeg\" \/>\n<meta name=\"author\" content=\"Cl\u00e9ment V\u00e9rit\u00e9\" \/>\n<meta name=\"twitter:card\" content=\"summary_large_image\" \/>\n<meta name=\"twitter:creator\" content=\"@https:\/\/twitter.com\/cverite\" \/>\n<meta name=\"twitter:site\" content=\"@newsendip\" \/>\n<meta name=\"twitter:label1\" content=\"\u00c9crit par\" \/>\n\t<meta name=\"twitter:data1\" content=\"Cl\u00e9ment V\u00e9rit\u00e9\" \/>\n\t<meta name=\"twitter:label2\" content=\"Dur\u00e9e de lecture estim\u00e9e\" \/>\n\t<meta name=\"twitter:data2\" content=\"6 minutes\" \/>\n<!-- \/ Yoast SEO Premium plugin. -->","yoast_head_json":{"title":"Une bouteille en verre aurait-elle provoqu\u00e9 l'incendie d'un immeuble entier \u00e0 Milan ?","description":"Les images de l'embrasement de la Torre dei Moro \u00e0 Milan ont rappel\u00e9 le drame survenu \u00e0 Londres en 2017. Une loi avait \u00e9t\u00e9 chang\u00e9e en Italie pour \u00e9viter","robots":{"index":"index","follow":"follow","max-snippet":"max-snippet:-1","max-image-preview":"max-image-preview:large","max-video-preview":"max-video-preview:-1"},"canonical":"https:\/\/www.newsendip.com\/fr\/une-bouteille-en-verre-aurait-elle-provoque-lincendie-dun-immeuble-entier-a-milan\/","og_locale":"fr_FR","og_type":"article","og_title":"Une bouteille en verre aurait-elle provoqu\u00e9 l'incendie d'un immeuble entier \u00e0 Milan ?","og_description":"Les images de l'embrasement de la Torre dei Moro \u00e0 Milan ont rappel\u00e9 le drame survenu \u00e0 Londres en 2017. Une loi avait \u00e9t\u00e9 chang\u00e9e en Italie pour \u00e9viter","og_url":"https:\/\/www.newsendip.com\/fr\/une-bouteille-en-verre-aurait-elle-provoque-lincendie-dun-immeuble-entier-a-milan\/","og_site_name":"Newsendip","article_publisher":"https:\/\/www.facebook.com\/newsendip","article_published_time":"2021-09-08T10:00:00+00:00","article_modified_time":"2024-07-16T21:44:28+00:00","og_image":[{"width":1531,"height":984,"url":"https:\/\/www.newsendip.com\/wp-content\/uploads\/2021\/09\/torre-dei-moro-facade-fire-italy-milan-progressive-e1631091506941.jpeg","type":"image\/jpeg"}],"author":"Cl\u00e9ment V\u00e9rit\u00e9","twitter_card":"summary_large_image","twitter_creator":"@https:\/\/twitter.com\/cverite","twitter_site":"@newsendip","twitter_misc":{"\u00c9crit par":"Cl\u00e9ment V\u00e9rit\u00e9","Dur\u00e9e de lecture estim\u00e9e":"6 minutes"},"schema":{"@context":"https:\/\/schema.org","@graph":[{"@type":"NewsArticle","@id":"https:\/\/www.newsendip.com\/fr\/une-bouteille-en-verre-aurait-elle-provoque-lincendie-dun-immeuble-entier-a-milan\/#article","isPartOf":{"@id":"https:\/\/www.newsendip.com\/fr\/une-bouteille-en-verre-aurait-elle-provoque-lincendie-dun-immeuble-entier-a-milan\/"},"author":{"name":"Cl\u00e9ment V\u00e9rit\u00e9","@id":"https:\/\/www.newsendip.com\/fr\/#\/schema\/person\/ea22c01755f464a3cbc2c619584d6363"},"headline":"Une bouteille en verre aurait-elle provoqu\u00e9 l\u2019incendie d\u2019un immeuble entier \u00e0&nbsp;Milan\u202f?","datePublished":"2021-09-08T10:00:00+00:00","dateModified":"2024-07-16T21:44:28+00:00","mainEntityOfPage":{"@id":"https:\/\/www.newsendip.com\/fr\/une-bouteille-en-verre-aurait-elle-provoque-lincendie-dun-immeuble-entier-a-milan\/"},"wordCount":1331,"publisher":{"@id":"https:\/\/www.newsendip.com\/fr\/#organization"},"image":{"@id":"https:\/\/www.newsendip.com\/fr\/une-bouteille-en-verre-aurait-elle-provoque-lincendie-dun-immeuble-entier-a-milan\/#primaryimage"},"thumbnailUrl":"https:\/\/www.newsendip.com\/wp-content\/uploads\/2021\/09\/torre-dei-moro-facade-fire-italy-milan-progressive-e1631091506941.jpeg","keywords":["Italie","Vieux"],"articleSection":["\u00c9conomie"],"inLanguage":"fr-FR","copyrightYear":"2021","copyrightHolder":{"@id":"https:\/\/www.newsendip.com\/#organization"}},{"@type":"WebPage","@id":"https:\/\/www.newsendip.com\/fr\/une-bouteille-en-verre-aurait-elle-provoque-lincendie-dun-immeuble-entier-a-milan\/","url":"https:\/\/www.newsendip.com\/fr\/une-bouteille-en-verre-aurait-elle-provoque-lincendie-dun-immeuble-entier-a-milan\/","name":"Une bouteille en verre aurait-elle provoqu\u00e9 l'incendie d'un immeuble entier \u00e0 Milan ?","isPartOf":{"@id":"https:\/\/www.newsendip.com\/fr\/#website"},"primaryImageOfPage":{"@id":"https:\/\/www.newsendip.com\/fr\/une-bouteille-en-verre-aurait-elle-provoque-lincendie-dun-immeuble-entier-a-milan\/#primaryimage"},"image":{"@id":"https:\/\/www.newsendip.com\/fr\/une-bouteille-en-verre-aurait-elle-provoque-lincendie-dun-immeuble-entier-a-milan\/#primaryimage"},"thumbnailUrl":"https:\/\/www.newsendip.com\/wp-content\/uploads\/2021\/09\/torre-dei-moro-facade-fire-italy-milan-progressive-e1631091506941.jpeg","datePublished":"2021-09-08T10:00:00+00:00","dateModified":"2024-07-16T21:44:28+00:00","description":"Les images de l'embrasement de la Torre dei Moro \u00e0 Milan ont rappel\u00e9 le drame survenu \u00e0 Londres en 2017. Une loi avait \u00e9t\u00e9 chang\u00e9e en Italie pour \u00e9viter","breadcrumb":{"@id":"https:\/\/www.newsendip.com\/fr\/une-bouteille-en-verre-aurait-elle-provoque-lincendie-dun-immeuble-entier-a-milan\/#breadcrumb"},"inLanguage":"fr-FR","potentialAction":[{"@type":"ReadAction","target":["https:\/\/www.newsendip.com\/fr\/une-bouteille-en-verre-aurait-elle-provoque-lincendie-dun-immeuble-entier-a-milan\/"]}]},{"@type":"ImageObject","inLanguage":"fr-FR","@id":"https:\/\/www.newsendip.com\/fr\/une-bouteille-en-verre-aurait-elle-provoque-lincendie-dun-immeuble-entier-a-milan\/#primaryimage","url":"https:\/\/www.newsendip.com\/wp-content\/uploads\/2021\/09\/torre-dei-moro-facade-fire-italy-milan-progressive-e1631091506941.jpeg","contentUrl":"https:\/\/www.newsendip.com\/wp-content\/uploads\/2021\/09\/torre-dei-moro-facade-fire-italy-milan-progressive-e1631091506941.jpeg","width":1531,"height":984,"caption":"La fa\u00e7ade de l'immeuble a compl\u00e8tement fondu alors que la structure a r\u00e9sist\u00e9 | Vigili del fuoco"},{"@type":"BreadcrumbList","@id":"https:\/\/www.newsendip.com\/fr\/une-bouteille-en-verre-aurait-elle-provoque-lincendie-dun-immeuble-entier-a-milan\/#breadcrumb","itemListElement":[{"@type":"ListItem","position":1,"name":"Accueil","item":"https:\/\/www.newsendip.com\/fr\/"},{"@type":"ListItem","position":2,"name":"Une bouteille en verre aurait-elle provoqu\u00e9 l&#8217;incendie d&#8217;un immeuble entier \u00e0 Milan ?"}]},{"@type":"WebSite","@id":"https:\/\/www.newsendip.com\/fr\/#website","url":"https:\/\/www.newsendip.com\/fr\/","name":"Newsendip","description":"Red\u00e9couvrez l&#039;actualit\u00e9 internationale","publisher":{"@id":"https:\/\/www.newsendip.com\/fr\/#organization"},"potentialAction":[{"@type":"SearchAction","target":{"@type":"EntryPoint","urlTemplate":"https:\/\/www.newsendip.com\/fr\/?s={search_term_string}"},"query-input":{"@type":"PropertyValueSpecification","valueRequired":true,"valueName":"search_term_string"}}],"inLanguage":"fr-FR"},{"@type":"Organization","@id":"https:\/\/www.newsendip.com\/fr\/#organization","name":"Newsendip","url":"https:\/\/www.newsendip.com\/fr\/","logo":{"@type":"ImageObject","inLanguage":"fr-FR","@id":"https:\/\/www.newsendip.com\/fr\/#\/schema\/logo\/image\/","url":"https:\/\/www.newsendip.com\/wp-content\/uploads\/2023\/12\/512x512.svg","contentUrl":"https:\/\/www.newsendip.com\/wp-content\/uploads\/2023\/12\/512x512.svg","width":1,"height":1,"caption":"Newsendip"},"image":{"@id":"https:\/\/www.newsendip.com\/fr\/#\/schema\/logo\/image\/"},"sameAs":["https:\/\/www.facebook.com\/newsendip","https:\/\/x.com\/newsendip","https:\/\/mastodon.social\/@newsendip","https:\/\/www.linkedin.com\/company\/newsendip"],"description":"Newsendip est un site qui a pour mission de rendre l'actualit\u00e9 internationale accessible et diversifi\u00e9e","email":"contact@newsendip.com","legalName":"Newsendip SAS","foundingDate":"2022-11-04","vatID":"FR60921124723","numberOfEmployees":{"@type":"QuantitativeValue","minValue":"1","maxValue":"10"},"publishingPrinciples":"https:\/\/www.newsendip.com\/about-us\/","ownershipFundingInfo":"https:\/\/www.newsendip.com\/legal-notice\/","actionableFeedbackPolicy":"https:\/\/www.newsendip.com\/about-us\/","correctionsPolicy":"https:\/\/www.newsendip.com\/about-us\/","ethicsPolicy":"https:\/\/www.newsendip.com\/about-us\/","diversityPolicy":"https:\/\/www.newsendip.com\/about-us\/"},{"@type":"Person","@id":"https:\/\/www.newsendip.com\/fr\/#\/schema\/person\/ea22c01755f464a3cbc2c619584d6363","name":"Cl\u00e9ment V\u00e9rit\u00e9","description":"Cl\u00e9ment is the executive editor and founder of Newsendip. He started in the media industry as a freelance reporter at 16 for a local French newspaper after school and has never left it. He later worked for seven years at The New York Times, notably as a data analyst. He holds a Master of Management in France and a Master of Arts in the United Kingdom in International Marketing &amp; Communications Strategy. He has lived in France, the United Kingdom, and Italy.","sameAs":["https:\/\/www.newsendip.com\/","https:\/\/www.linkedin.com\/in\/clementverite\/","https:\/\/x.com\/https:\/\/twitter.com\/cverite"],"knowsAbout":["News","International","Business","Media monitoring"],"knowsLanguage":["English","French","Italian","Spanish"],"url":"https:\/\/www.newsendip.com\/fr\/author\/clement-verite\/"}]}},"_links":{"self":[{"href":"https:\/\/www.newsendip.com\/fr\/wp-json\/wp\/v2\/posts\/18530","targetHints":{"allow":["GET"]}}],"collection":[{"href":"https:\/\/www.newsendip.com\/fr\/wp-json\/wp\/v2\/posts"}],"about":[{"href":"https:\/\/www.newsendip.com\/fr\/wp-json\/wp\/v2\/types\/post"}],"author":[{"embeddable":true,"href":"https:\/\/www.newsendip.com\/fr\/wp-json\/wp\/v2\/users\/1"}],"replies":[{"embeddable":true,"href":"https:\/\/www.newsendip.com\/fr\/wp-json\/wp\/v2\/comments?post=18530"}],"version-history":[{"count":0,"href":"https:\/\/www.newsendip.com\/fr\/wp-json\/wp\/v2\/posts\/18530\/revisions"}],"wp:featuredmedia":[{"embeddable":true,"href":"https:\/\/www.newsendip.com\/fr\/wp-json\/wp\/v2\/media\/13665"}],"wp:attachment":[{"href":"https:\/\/www.newsendip.com\/fr\/wp-json\/wp\/v2\/media?parent=18530"}],"wp:term":[{"taxonomy":"category","embeddable":true,"href":"https:\/\/www.newsendip.com\/fr\/wp-json\/wp\/v2\/categories?post=18530"},{"taxonomy":"post_tag","embeddable":true,"href":"https:\/\/www.newsendip.com\/fr\/wp-json\/wp\/v2\/tags?post=18530"}],"curies":[{"name":"wp","href":"https:\/\/api.w.org\/{rel}","templated":true}]}}