{"id":18547,"date":"2021-04-27T09:05:23","date_gmt":"2021-04-27T07:05:23","guid":{"rendered":"https:\/\/www.newsendip.com\/?p=18547"},"modified":"2024-07-23T18:03:43","modified_gmt":"2024-07-23T16:03:43","slug":"lile-italienne-de-budelli-bientot-inoccupee","status":"publish","type":"post","link":"https:\/\/www.newsendip.com\/fr\/lile-italienne-de-budelli-bientot-inoccupee\/","title":{"rendered":"L\u2019\u00eele italienne de Budelli bient\u00f4t inoccup\u00e9e"},"content":{"rendered":"<p><strong>Le seul r\u00e9sident permanent de Budelli depuis 32 ans va quitter cette petite \u00eele situ\u00e9e entre la Corse et la Sardaigne. \u00c2g\u00e9 de 82 ans et fatigu\u00e9 de la bataille contre son expulsion, il est aussi tomb\u00e9 amoureux.<\/strong><\/p>\n<figure id=\"attachment_13532\" aria-describedby=\"caption-attachment-13532\" style=\"width: 320px\" class=\"wp-caption aligncenter\"><img decoding=\"async\" class=\"size-full wp-image-13532\" src=\"https:\/\/www.newsendip.com\/wp-content\/uploads\/2021\/04\/budelli-hermit-italy-eviction.jpg\" alt=\"L'acc\u00e8s de la plage rose de Budelli est interdit pour la prot\u00e9ger des touristes\" width=\"320\" height=\"148\" srcset=\"https:\/\/www.newsendip.com\/wp-content\/uploads\/2021\/04\/budelli-hermit-italy-eviction.jpg 320w, https:\/\/www.newsendip.com\/wp-content\/uploads\/2021\/04\/budelli-hermit-italy-eviction-60x28.jpg 60w, https:\/\/www.newsendip.com\/wp-content\/uploads\/2021\/04\/budelli-hermit-italy-eviction-300x139.jpg 300w\" sizes=\"(max-width: 320px) 100vw, 320px\"><figcaption id=\"caption-attachment-13532\" class=\"wp-caption-text\">L\u2019acc\u00e8s de la plage rose de Budelli est interdit pour la prot\u00e9ger des touristes<\/figcaption><\/figure>\n<h2>Le seul gardien \u00e0 temps plein de&nbsp;l\u2019\u00eele<\/h2>\n<p>Budelli est une petite \u00eele de l\u2019archipel de la Maddalena, entre la Corse et la Sardaigne, surtout connue pour sa Spiaggia Rosa, la plage&nbsp;rose.<\/p>\n<p>Mauro Morandi, 82 ans, est le seul gardien permanent de l\u2019\u00eele depuis 1989 et va laisser les lieux sans gardien dans les prochaines semaines apr\u00e8s des ann\u00e9es de menaces d\u2019expulsion.<\/p>\n<p>Il y a plus de 30 ans, Mauro Morandi a pris le relais d\u2019un couple qui n\u2019aimait pas vraiment vivre \u00e0 Budelli. Bond\u00e9 de touristes en \u00e9t\u00e9 et vide et venteux en&nbsp;hiver.<\/p>\n<p>Mais c\u2019est aussi pendant l\u2019hiver qu\u2019il pouvait profiter seul de la beaut\u00e9 de l\u2019\u00eele. L\u2019\u00e9t\u00e9, c\u2019est une vie compl\u00e8tement diff\u00e9rente, avec des discours sur la pr\u00e9servation de la nature \u00e0 l\u2019intention des touristes toute la journ\u00e9e, et l\u2019application de la loi interdisant aux nombreux visiteurs qui ont envie de se baigner ou de ramener un peu du sable rose chez&nbsp;eux.<\/p>\n<p><strong>L\u2019\u00eele est en effet c\u00e9l\u00e8bre pour sa plage de couleur rose<\/strong>, faite de cristaux et de fragments de coraux et de coquillages. C\u2019est \u00e9galement une <strong>zone prot\u00e9g\u00e9e au sein de l\u2019archipel de la Maddalena<\/strong>. Et Mauro Morandi en avait une vue parfaite de son abri datant de la Seconde Guerre mondiale situ\u00e9 face \u00e0 la&nbsp;plage.<\/p>\n<p>Internet n\u2019est arriv\u00e9 sur cette terre isol\u00e9 qu\u2019en 2015. Et Mauro Morandi a commenc\u00e9 \u00e0 <strong>partager la beaut\u00e9 de la nature sur les r\u00e9seaux sociaux<\/strong>, ce qui lui a apport\u00e9 des followers, l\u2019attention des m\u00e9dias et mis en lumi\u00e8re son <strong>mode de vie particulier qu\u2019il raconte dans un livre<\/strong>.<\/p>\n<p>Mauro Morandi, originaire de Mod\u00e8ne, avait l\u2019habitude de revenir en Italie continentale deux fois par an pour rendre visite \u00e0 ses filles, mais il avait \u00e0 peine quitt\u00e9 sa maison qu\u2019il s<strong>\u2019inqui\u00e9tait de ne plus pouvoir y revenir<\/strong>.<\/p>\n<figure id=\"attachment_13533\" aria-describedby=\"caption-attachment-13533\" style=\"width: 1024px\" class=\"wp-caption aligncenter\"><img decoding=\"async\" class=\"size-large wp-image-13533\" src=\"https:\/\/www.newsendip.com\/wp-content\/uploads\/2021\/04\/mauro-morandi-budelli-1024x1011.jpg\" alt=\"Mauro Morandi quitte Budelli apr\u00e8s 32 ans pour louer une maison \u00e0 Maddalena, la plus grande ville de l'archipel\" width=\"1024\" height=\"1011\" srcset=\"https:\/\/www.newsendip.com\/wp-content\/uploads\/2021\/04\/mauro-morandi-budelli-1024x1011.jpg 1024w, https:\/\/www.newsendip.com\/wp-content\/uploads\/2021\/04\/mauro-morandi-budelli-300x296.jpg 300w, https:\/\/www.newsendip.com\/wp-content\/uploads\/2021\/04\/mauro-morandi-budelli-768x758.jpg 768w, https:\/\/www.newsendip.com\/wp-content\/uploads\/2021\/04\/mauro-morandi-budelli.jpg 1191w\" sizes=\"(max-width: 1024px) 100vw, 1024px\"><figcaption id=\"caption-attachment-13533\" class=\"wp-caption-text\">Mauro Morandi quitte Budelli apr\u00e8s 32 ans pour louer une maison \u00e0 Maddalena, la plus grande ville de l\u2019archipel | Facebook<\/figcaption><\/figure>\n<h2>Une nouvelle maison \u00e0 Maddalena<\/h2>\n<p><!--more--><\/p>\n<p>En 2011, la soci\u00e9t\u00e9 priv\u00e9e qui poss\u00e9dait et g\u00e9rait l\u2019\u00eele a fait faillite. Un n\u00e9o-z\u00e9landais a achet\u00e9 le terrain mais l\u2019Italie a d\u00e9cid\u00e9 de pr\u00e9empter la propri\u00e9t\u00e9 et d\u2019administrer Budelli. <strong>L\u2019Italie est devenue le propri\u00e9taire officiel de l\u2019\u00eele en 2016<\/strong>. Et environ un an plus tard, M. <strong>Morandi a re\u00e7u un avis d\u2019expulsion<\/strong>. Des p\u00e9titions pour qu\u2019il reste ont re\u00e7u plusieurs milliers de signatures.<\/p>\n<p>Mais apr\u00e8s 32 ans, l\u2019ermite local, parfois surnomm\u00e9 le Robinson Cruso\u00e9 italien, a d\u00e9cid\u00e9 de partir pour une maison \u00e0 Maddalena, une ville de 10 000 habitants sur l\u2019\u00eele principale de l\u2019archipel. Son r\u00e9frig\u00e9rateur ne fonctionne plus, et les amis qui lui apportent de la nourriture \u2013 <strong>il ne peut pas avoir de bateau dans cette zone prot\u00e9g\u00e9e<\/strong> \u2013 n\u2019ont pu venir que quelques fois au cours de l\u2019hiver dernier, l\u2019un des plus rudes qu\u2019il ait v\u00e9cus, ce qui rend la vie sur place d\u2019autant plus difficile. La maison va \u00eatre r\u00e9nov\u00e9e par l\u2019organisation du parc national qui administre l\u2019archipel.<\/p>\n<p>Mauro Morandi, qui n\u2019a plus l\u2019\u00e2ge l\u00e9gal pour \u00eatre employ\u00e9, esp\u00e8re pouvoir revenir apr\u00e8s la r\u00e9novation, offrant m\u00eame ses services gratuitement. Cependant, il est \u00ab\u202f<em>trop vieux pour se battre contre l\u2019expulsion<\/em>\u202f\u00bb, a\u2011t-il d\u00e9clar\u00e9. Le solitaire qui d\u00e9testait les gens et s\u2019est retrouv\u00e9 \u00e0 Budelli apr\u00e8s que son catamaran fut bris\u00e9 lorsqu\u2019il partait vers la Polyn\u00e9sie est aussi tout r\u00e9cemment tomb\u00e9 amoureux. Il va finir par <strong>se rapprocher de sa compagne apr\u00e8s des ann\u00e9es de conversations t\u00e9l\u00e9phoniques<\/strong>.<\/p>\n<p><strong><a href=\"https:\/\/www.newsendip.com\/fr\/etiquette\/italie\/\">D\u00e9couvrez plus d\u2019actualit\u00e9s d\u2019Italie<\/a><\/strong><\/p>\n","protected":false},"excerpt":{"rendered":"<p>Le seul r\u00e9sident permanent de Budelli depuis 32 ans va quitter cette petite \u00eele situ\u00e9e entre la Corse et la Sardaigne<\/p>\n","protected":false},"author":1,"featured_media":13532,"comment_status":"closed","ping_status":"closed","sticky":false,"template":"","format":"standard","meta":{"wp_typography_post_enhancements_disabled":false,"footnotes":""},"categories":[431],"tags":[418,421],"class_list":["post-18547","post","type-post","status-publish","format-standard","has-post-thumbnail","hentry","category-culture-et-sport","tag-italie","tag-vieux"],"yoast_head":"<!-- This site is optimized with the Yoast SEO Premium plugin v27.4 (Yoast SEO v27.4) - https:\/\/yoast.com\/product\/yoast-seo-premium-wordpress\/ -->\n<title>L&#039;\u00eele italienne de Budelli bient\u00f4t inoccup\u00e9e<\/title>\n<meta name=\"description\" content=\"Le seul r\u00e9sident permanent de Budelli depuis 32 ans va quitter cette petite \u00eele situ\u00e9e entre la Corse et la Sardaigne\" \/>\n<meta name=\"robots\" content=\"index, follow, max-snippet:-1, max-image-preview:large, max-video-preview:-1\" \/>\n<link rel=\"canonical\" href=\"https:\/\/www.newsendip.com\/fr\/lile-italienne-de-budelli-bientot-inoccupee\/\" \/>\n<meta property=\"og:locale\" content=\"fr_FR\" \/>\n<meta property=\"og:type\" content=\"article\" \/>\n<meta property=\"og:title\" content=\"L&#039;\u00eele italienne de Budelli bient\u00f4t inoccup\u00e9e\" \/>\n<meta property=\"og:description\" content=\"Le seul r\u00e9sident permanent de Budelli depuis 32 ans va quitter cette petite \u00eele situ\u00e9e entre la Corse et la Sardaigne\" \/>\n<meta property=\"og:url\" content=\"https:\/\/www.newsendip.com\/fr\/lile-italienne-de-budelli-bientot-inoccupee\/\" \/>\n<meta property=\"og:site_name\" content=\"Newsendip\" \/>\n<meta property=\"article:publisher\" content=\"https:\/\/www.facebook.com\/newsendip\" \/>\n<meta property=\"article:published_time\" content=\"2021-04-27T07:05:23+00:00\" \/>\n<meta property=\"article:modified_time\" content=\"2024-07-23T16:03:43+00:00\" \/>\n<meta property=\"og:image\" content=\"https:\/\/www.newsendip.com\/wp-content\/uploads\/2021\/04\/budelli-hermit-italy-eviction.jpg\" \/>\n\t<meta property=\"og:image:width\" content=\"320\" \/>\n\t<meta property=\"og:image:height\" content=\"148\" \/>\n\t<meta property=\"og:image:type\" content=\"image\/jpeg\" \/>\n<meta name=\"author\" content=\"Cl\u00e9ment V\u00e9rit\u00e9\" \/>\n<meta name=\"twitter:card\" content=\"summary_large_image\" \/>\n<meta name=\"twitter:creator\" content=\"@https:\/\/twitter.com\/cverite\" \/>\n<meta name=\"twitter:site\" content=\"@newsendip\" \/>\n<meta name=\"twitter:label1\" content=\"\u00c9crit par\" \/>\n\t<meta name=\"twitter:data1\" content=\"Cl\u00e9ment V\u00e9rit\u00e9\" \/>\n\t<meta name=\"twitter:label2\" content=\"Dur\u00e9e de lecture estim\u00e9e\" \/>\n\t<meta name=\"twitter:data2\" content=\"4 minutes\" \/>\n<!-- \/ Yoast SEO Premium plugin. -->","yoast_head_json":{"title":"L'\u00eele italienne de Budelli bient\u00f4t inoccup\u00e9e","description":"Le seul r\u00e9sident permanent de Budelli depuis 32 ans va quitter cette petite \u00eele situ\u00e9e entre la Corse et la Sardaigne","robots":{"index":"index","follow":"follow","max-snippet":"max-snippet:-1","max-image-preview":"max-image-preview:large","max-video-preview":"max-video-preview:-1"},"canonical":"https:\/\/www.newsendip.com\/fr\/lile-italienne-de-budelli-bientot-inoccupee\/","og_locale":"fr_FR","og_type":"article","og_title":"L'\u00eele italienne de Budelli bient\u00f4t inoccup\u00e9e","og_description":"Le seul r\u00e9sident permanent de Budelli depuis 32 ans va quitter cette petite \u00eele situ\u00e9e entre la Corse et la Sardaigne","og_url":"https:\/\/www.newsendip.com\/fr\/lile-italienne-de-budelli-bientot-inoccupee\/","og_site_name":"Newsendip","article_publisher":"https:\/\/www.facebook.com\/newsendip","article_published_time":"2021-04-27T07:05:23+00:00","article_modified_time":"2024-07-23T16:03:43+00:00","og_image":[{"width":320,"height":148,"url":"https:\/\/www.newsendip.com\/wp-content\/uploads\/2021\/04\/budelli-hermit-italy-eviction.jpg","type":"image\/jpeg"}],"author":"Cl\u00e9ment V\u00e9rit\u00e9","twitter_card":"summary_large_image","twitter_creator":"@https:\/\/twitter.com\/cverite","twitter_site":"@newsendip","twitter_misc":{"\u00c9crit par":"Cl\u00e9ment V\u00e9rit\u00e9","Dur\u00e9e de lecture estim\u00e9e":"4 minutes"},"schema":{"@context":"https:\/\/schema.org","@graph":[{"@type":"NewsArticle","@id":"https:\/\/www.newsendip.com\/fr\/lile-italienne-de-budelli-bientot-inoccupee\/#article","isPartOf":{"@id":"https:\/\/www.newsendip.com\/fr\/lile-italienne-de-budelli-bientot-inoccupee\/"},"author":{"name":"Cl\u00e9ment V\u00e9rit\u00e9","@id":"https:\/\/www.newsendip.com\/fr\/#\/schema\/person\/ea22c01755f464a3cbc2c619584d6363"},"headline":"L\u2019\u00eele italienne de Budelli bient\u00f4t inoccup\u00e9e","datePublished":"2021-04-27T07:05:23+00:00","dateModified":"2024-07-23T16:03:43+00:00","mainEntityOfPage":{"@id":"https:\/\/www.newsendip.com\/fr\/lile-italienne-de-budelli-bientot-inoccupee\/"},"wordCount":729,"publisher":{"@id":"https:\/\/www.newsendip.com\/fr\/#organization"},"image":{"@id":"https:\/\/www.newsendip.com\/fr\/lile-italienne-de-budelli-bientot-inoccupee\/#primaryimage"},"thumbnailUrl":"https:\/\/www.newsendip.com\/wp-content\/uploads\/2021\/04\/budelli-hermit-italy-eviction.jpg","keywords":["Italie","Vieux"],"articleSection":["Culture et sport"],"inLanguage":"fr-FR","copyrightYear":"2021","copyrightHolder":{"@id":"https:\/\/www.newsendip.com\/#organization"}},{"@type":"WebPage","@id":"https:\/\/www.newsendip.com\/fr\/lile-italienne-de-budelli-bientot-inoccupee\/","url":"https:\/\/www.newsendip.com\/fr\/lile-italienne-de-budelli-bientot-inoccupee\/","name":"L'\u00eele italienne de Budelli bient\u00f4t inoccup\u00e9e","isPartOf":{"@id":"https:\/\/www.newsendip.com\/fr\/#website"},"primaryImageOfPage":{"@id":"https:\/\/www.newsendip.com\/fr\/lile-italienne-de-budelli-bientot-inoccupee\/#primaryimage"},"image":{"@id":"https:\/\/www.newsendip.com\/fr\/lile-italienne-de-budelli-bientot-inoccupee\/#primaryimage"},"thumbnailUrl":"https:\/\/www.newsendip.com\/wp-content\/uploads\/2021\/04\/budelli-hermit-italy-eviction.jpg","datePublished":"2021-04-27T07:05:23+00:00","dateModified":"2024-07-23T16:03:43+00:00","description":"Le seul r\u00e9sident permanent de Budelli depuis 32 ans va quitter cette petite \u00eele situ\u00e9e entre la Corse et la Sardaigne","breadcrumb":{"@id":"https:\/\/www.newsendip.com\/fr\/lile-italienne-de-budelli-bientot-inoccupee\/#breadcrumb"},"inLanguage":"fr-FR","potentialAction":[{"@type":"ReadAction","target":["https:\/\/www.newsendip.com\/fr\/lile-italienne-de-budelli-bientot-inoccupee\/"]}]},{"@type":"ImageObject","inLanguage":"fr-FR","@id":"https:\/\/www.newsendip.com\/fr\/lile-italienne-de-budelli-bientot-inoccupee\/#primaryimage","url":"https:\/\/www.newsendip.com\/wp-content\/uploads\/2021\/04\/budelli-hermit-italy-eviction.jpg","contentUrl":"https:\/\/www.newsendip.com\/wp-content\/uploads\/2021\/04\/budelli-hermit-italy-eviction.jpg","width":320,"height":148,"caption":"L'acc\u00e8s de la plage rose de Budelli est interdit pour la prot\u00e9ger des touristes"},{"@type":"BreadcrumbList","@id":"https:\/\/www.newsendip.com\/fr\/lile-italienne-de-budelli-bientot-inoccupee\/#breadcrumb","itemListElement":[{"@type":"ListItem","position":1,"name":"Accueil","item":"https:\/\/www.newsendip.com\/fr\/"},{"@type":"ListItem","position":2,"name":"L&#8217;\u00eele italienne de Budelli bient\u00f4t inoccup\u00e9e"}]},{"@type":"WebSite","@id":"https:\/\/www.newsendip.com\/fr\/#website","url":"https:\/\/www.newsendip.com\/fr\/","name":"Newsendip","description":"Red\u00e9couvrez l&#039;actualit\u00e9 internationale","publisher":{"@id":"https:\/\/www.newsendip.com\/fr\/#organization"},"potentialAction":[{"@type":"SearchAction","target":{"@type":"EntryPoint","urlTemplate":"https:\/\/www.newsendip.com\/fr\/?s={search_term_string}"},"query-input":{"@type":"PropertyValueSpecification","valueRequired":true,"valueName":"search_term_string"}}],"inLanguage":"fr-FR"},{"@type":"Organization","@id":"https:\/\/www.newsendip.com\/fr\/#organization","name":"Newsendip","url":"https:\/\/www.newsendip.com\/fr\/","logo":{"@type":"ImageObject","inLanguage":"fr-FR","@id":"https:\/\/www.newsendip.com\/fr\/#\/schema\/logo\/image\/","url":"https:\/\/www.newsendip.com\/wp-content\/uploads\/2023\/12\/512x512.svg","contentUrl":"https:\/\/www.newsendip.com\/wp-content\/uploads\/2023\/12\/512x512.svg","width":1,"height":1,"caption":"Newsendip"},"image":{"@id":"https:\/\/www.newsendip.com\/fr\/#\/schema\/logo\/image\/"},"sameAs":["https:\/\/www.facebook.com\/newsendip","https:\/\/x.com\/newsendip","https:\/\/mastodon.social\/@newsendip","https:\/\/www.linkedin.com\/company\/newsendip"],"description":"Newsendip est un site qui a pour mission de rendre l'actualit\u00e9 internationale accessible et diversifi\u00e9e","email":"contact@newsendip.com","legalName":"Newsendip SAS","foundingDate":"2022-11-04","vatID":"FR60921124723","numberOfEmployees":{"@type":"QuantitativeValue","minValue":"1","maxValue":"10"},"publishingPrinciples":"https:\/\/www.newsendip.com\/about-us\/","ownershipFundingInfo":"https:\/\/www.newsendip.com\/legal-notice\/","actionableFeedbackPolicy":"https:\/\/www.newsendip.com\/about-us\/","correctionsPolicy":"https:\/\/www.newsendip.com\/about-us\/","ethicsPolicy":"https:\/\/www.newsendip.com\/about-us\/","diversityPolicy":"https:\/\/www.newsendip.com\/about-us\/"},{"@type":"Person","@id":"https:\/\/www.newsendip.com\/fr\/#\/schema\/person\/ea22c01755f464a3cbc2c619584d6363","name":"Cl\u00e9ment V\u00e9rit\u00e9","description":"Cl\u00e9ment is the executive editor and founder of Newsendip. He started in the media industry as a freelance reporter at 16 for a local French newspaper after school and has never left it. He later worked for seven years at The New York Times, notably as a data analyst. He holds a Master of Management in France and a Master of Arts in the United Kingdom in International Marketing &amp; Communications Strategy. He has lived in France, the United Kingdom, and Italy.","sameAs":["https:\/\/www.newsendip.com\/","https:\/\/www.linkedin.com\/in\/clementverite\/","https:\/\/x.com\/https:\/\/twitter.com\/cverite"],"knowsAbout":["News","International","Business","Media monitoring"],"knowsLanguage":["English","French","Italian","Spanish"],"url":"https:\/\/www.newsendip.com\/fr\/author\/clement-verite\/"}]}},"_links":{"self":[{"href":"https:\/\/www.newsendip.com\/fr\/wp-json\/wp\/v2\/posts\/18547","targetHints":{"allow":["GET"]}}],"collection":[{"href":"https:\/\/www.newsendip.com\/fr\/wp-json\/wp\/v2\/posts"}],"about":[{"href":"https:\/\/www.newsendip.com\/fr\/wp-json\/wp\/v2\/types\/post"}],"author":[{"embeddable":true,"href":"https:\/\/www.newsendip.com\/fr\/wp-json\/wp\/v2\/users\/1"}],"replies":[{"embeddable":true,"href":"https:\/\/www.newsendip.com\/fr\/wp-json\/wp\/v2\/comments?post=18547"}],"version-history":[{"count":0,"href":"https:\/\/www.newsendip.com\/fr\/wp-json\/wp\/v2\/posts\/18547\/revisions"}],"wp:featuredmedia":[{"embeddable":true,"href":"https:\/\/www.newsendip.com\/fr\/wp-json\/wp\/v2\/media\/13532"}],"wp:attachment":[{"href":"https:\/\/www.newsendip.com\/fr\/wp-json\/wp\/v2\/media?parent=18547"}],"wp:term":[{"taxonomy":"category","embeddable":true,"href":"https:\/\/www.newsendip.com\/fr\/wp-json\/wp\/v2\/categories?post=18547"},{"taxonomy":"post_tag","embeddable":true,"href":"https:\/\/www.newsendip.com\/fr\/wp-json\/wp\/v2\/tags?post=18547"}],"curies":[{"name":"wp","href":"https:\/\/api.w.org\/{rel}","templated":true}]}}