{"id":18553,"date":"2021-04-28T12:56:47","date_gmt":"2021-04-28T10:56:47","guid":{"rendered":"https:\/\/www.newsendip.com\/?p=18553"},"modified":"2024-07-23T18:02:39","modified_gmt":"2024-07-23T16:02:39","slug":"des-membres-des-brigades-rouges-italiennes-extrades-de-france-des-dizaines-dannee-plus-tard","status":"publish","type":"post","link":"https:\/\/www.newsendip.com\/fr\/des-membres-des-brigades-rouges-italiennes-extrades-de-france-des-dizaines-dannee-plus-tard\/","title":{"rendered":"Des membres des Brigades rouges italiennes extrad\u00e9s de France des dizaines d\u2019ann\u00e9e plus&nbsp;tard"},"content":{"rendered":"<p><strong>Lors d\u2019une op\u00e9ration coordonn\u00e9e avec l\u2019Italie, la France a arr\u00eat\u00e9 7 personnes consid\u00e9r\u00e9es comme des terroristes pendant les ann\u00e9es de plomb, des dizaines d\u2019ann\u00e9es apr\u00e8s leur condamnation.<\/strong><\/p>\n<h2>5 ex-membres des Brigate Rosse<\/h2>\n<p>Sept Italiens ont \u00e9t\u00e9 arr\u00eat\u00e9s en France le 28 avril \u00e0 la demande de l\u2019Italie pour y \u00eatre extrad\u00e9s.<\/p>\n<p>Sur Facebook, Luigi di Maio, le ministre italien des Affaires \u00e9trang\u00e8res, a salu\u00e9 le succ\u00e8s de l\u2019op\u00e9ration baptis\u00e9e Red shadow contre \u00ab\u202f<em>des personnes qui ont \u00e9t\u00e9 condamn\u00e9es pour des actes terroristes li\u00e9s \u00e0 des crimes de sang en Italie entre les ann\u00e9es 70 et 80<\/em>\u2033.<\/p>\n<p>Selon l\u2019agence de presse italienne <em><a href=\"https:\/\/www.ansa.it\/sito\/notizie\/cronaca\/2021\/04\/28\/terrorismo-arrestati-a-parigi-i-7-brigatisti_710152e0-08a9-4192-8a3d-1f10a662cb7f.html\">ANSA<\/a><\/em>, cinq d\u2019entre eux \u00e9taient des membres des Brigades rouges. Giorgio Pietrostefani, fondateur de Lotta Continua, une autre organisation d\u2019extr\u00eame gauche extra-parlementaire, et Narciso Marendi de \u00ab\u202f<em>Proletari Armati per il Comunismo<\/em>\u202f\u00bb ont \u00e9galement \u00e9t\u00e9 arr\u00eat\u00e9s. Quatre des sept personnes ont \u00e9t\u00e9 condamn\u00e9es \u00e0 la <a href=\"https:\/\/www.newsendip.com\/fr\/la-prison-a-vie-pour-les-mafiosi-contre-la-constitution-italienne\/\">prison \u00e0 vie<\/a> par la justice italienne. Trois personnes sont toujours en cavale.<\/p>\n<figure id=\"attachment_13535\" aria-describedby=\"caption-attachment-13535\" style=\"width: 468px\" class=\"wp-caption aligncenter\"><img decoding=\"async\" class=\"size-full wp-image-13535\" src=\"https:\/\/www.newsendip.com\/wp-content\/uploads\/2021\/04\/red-brigade-aldo-moro-dupond-moretti.jpg\" alt=\"Aldo Moro, ancien Premier ministre italien, fut enlev\u00e9 et tu\u00e9 par les Brigades rouges en 1978\" width=\"468\" height=\"599\" srcset=\"https:\/\/www.newsendip.com\/wp-content\/uploads\/2021\/04\/red-brigade-aldo-moro-dupond-moretti.jpg 468w, https:\/\/www.newsendip.com\/wp-content\/uploads\/2021\/04\/red-brigade-aldo-moro-dupond-moretti-234x300.jpg 234w\" sizes=\"(max-width: 468px) 100vw, 468px\"><figcaption id=\"caption-attachment-13535\" class=\"wp-caption-text\">Aldo Moro, ancien Premier ministre italien, fut enlev\u00e9 et tu\u00e9 par les Brigades rouges en&nbsp;1978<\/figcaption><\/figure>\n<h2>La doctrine Mitterrand<\/h2>\n<p><!--more--><\/p>\n<p>Les Brigades rouges \u00e9taient une organisation italienne d\u2019extr\u00eame gauche active dans les ann\u00e9es 70 et 80 pendant les ann\u00e9es de plomb, une p\u00e9riode trouble marqu\u00e9e par la violence de l\u2019extr\u00e9misme politique en Italie. L\u2019Italie les consid\u00e9rait comme des terroristes et beaucoup avaient <strong>fui en France o\u00f9 ils pouvaient vivre presque librement<\/strong>.<\/p>\n<p>En 1985, le pr\u00e9sident fran\u00e7ais socialiste Fran\u00e7ois Mitterrand a accept\u00e9 les militants politiques italiens en suivant une ligne de conduite qui porte d\u00e9sormais son nom&nbsp;: la doctrine Mitterrand. La France ne voulait pas extrader d\u2019anciens membres d\u2019organisations politiques, telles que ceux des <em>Brigate Rosse<\/em>, si ils avaient coup\u00e9 tout lien avec la violence, et \u00e0 condition qu\u2019ils n\u2019aient pas commis pas de crimes de&nbsp;sang.<\/p>\n<p>Narciso Marendi vivait \u00e0 Ch\u00e2lette-sur-Loing, une petite ville de 10 000 habitants dans le centre de la France. Mari\u00e9 et p\u00e8re de 3 enfants, il travaillait \u00e0 son compte en tant que jardinier et homme \u00e0 tout faire pour les personnes \u00e2g\u00e9es, d\u00e9pendantes ou handicap\u00e9es. En 1986, il avait \u00e9t\u00e9 condamn\u00e9 \u00e0 la prison \u00e0 perp\u00e9tuit\u00e9 pour avoir dirig\u00e9 un commando qui a tu\u00e9 un policier en 1979 \u00e0 Bergame. La France avait refus\u00e9 son extradition en 1987. En 2019, dans une interview au <a href=\"https:\/\/bergamo.corriere.it\/notizie\/cronaca\/19_gennaio_15\/manenti-io-sono-innocente-ma-ora-invoco-un-amnistia-vera-f90cdc40-1898-11e9-890c-6459c9cbcb3c.shtml\"><em>Corriere della Sera<\/em><\/a>, il avait clam\u00e9 son innocence et accusait le mauvais syst\u00e8me judiciaire italien au moment de la d\u00e9cision. Il estimait que 40 ans plus tard, il \u00e9tait temps de <strong>passer \u00e0 autre chose \u2013 ce qu\u2019il a fait \u2013 et de pr\u00e9voir une amnistie g\u00e9n\u00e9rale<\/strong>. Il consid\u00e9rait \u00e9galement que la justice fran\u00e7aise \u00e9tait tr\u00e8s diff\u00e9rente de la justice bolivienne ou br\u00e9silienne, faisant r\u00e9f\u00e9rence \u00e0 ce qui est arriv\u00e9 \u00e0 un autre membre du <em>Proletari Armati per il Comunismo<\/em>, Cesare Battisti.<\/p>\n<figure id=\"attachment_13536\" aria-describedby=\"caption-attachment-13536\" style=\"width: 656px\" class=\"wp-caption aligncenter\"><img decoding=\"async\" class=\"size-full wp-image-13536\" src=\"https:\/\/www.newsendip.com\/wp-content\/uploads\/2021\/04\/narciso-manenti-arrested-france.jpg\" alt=\"Narciso Manenti \u00e0 Paris. Il a fui l'Italie en 1983 et a \u00e9t\u00e9 arr\u00eat\u00e9 en 2021 en France\" width=\"656\" height=\"492\" srcset=\"https:\/\/www.newsendip.com\/wp-content\/uploads\/2021\/04\/narciso-manenti-arrested-france.jpg 656w, https:\/\/www.newsendip.com\/wp-content\/uploads\/2021\/04\/narciso-manenti-arrested-france-60x45.jpg 60w, https:\/\/www.newsendip.com\/wp-content\/uploads\/2021\/04\/narciso-manenti-arrested-france-300x225.jpg 300w\" sizes=\"(max-width: 656px) 100vw, 656px\"><figcaption id=\"caption-attachment-13536\" class=\"wp-caption-text\">Narciso Manenti \u00e0 Paris. Il a fui l\u2019Italie en 1983 et a \u00e9t\u00e9 arr\u00eat\u00e9 en 2021\u202fen France | Corriere della&nbsp;Sera<\/figcaption><\/figure>\n<h2>7 arrestations sur une liste de 200 personnes<\/h2>\n<p><strong>Cesare Battisti est l\u2019une des personnes les plus c\u00e9l\u00e8bres a avoir b\u00e9n\u00e9fici\u00e9 de la doctrine Mitterrand.<\/strong><\/p>\n<p>Apr\u00e8s un court s\u00e9jour en France et plusieurs ann\u00e9es au Mexique, Cesare Battisti est retourn\u00e9 en France en 1990. Malgr\u00e9 sa condamnation par contumace pour meurtre par la justice italienne, il a v\u00e9cu en France jusqu\u2019en 2004. Il occupait un emploi de gardien d\u2019immeuble et a \u00e9galement \u00e9crit plusieurs livres de fiction. La France a accept\u00e9 la demande d\u2019extradition en 2004 mais Cesare Battisti a fui au <a href=\"https:\/\/www.newsendip.com\/fr\/etiquette\/bresil\/\">Br\u00e9sil<\/a> avant d\u2019\u00eatre arr\u00eat\u00e9 en Bolivie en 2015<strong>.<\/strong> Il a finalement <strong>avou\u00e9 avoir tu\u00e9 trois personnes et a d\u00e9clar\u00e9 avoir tromp\u00e9 certains intellectuels fran\u00e7ais<\/strong> qui le soutenaient en tant que \u00ab\u202f<em>combattant de la libert\u00e9<\/em>\u202f\u00bb ou qui croyaient qu\u2019il \u00e9tait innocent. Il purge actuellement sa peine de prison \u00e0&nbsp;vie.<\/p>\n<p>Eric Dupond-Moretti, ministre fran\u00e7ais de la Justice et avocat p\u00e9naliste, s\u2019est dit \u00ab\u202f<em>fier d\u2019avoir apport\u00e9 son soutien<\/em>\u202f\u00bb et n\u2019a \u00ab\u202f<em>aucun remords<\/em>\u202f\u00bb \u00e0 l\u2019\u00e9gard de l\u2019op\u00e9ration qui a conduit \u00e0 l\u2019arrestation de sept Italiens. Fils d\u2019une m\u00e8re italienne, il a rappel\u00e9 que <strong>la France suivait la doctrine Mitterrand et qu\u2019elle continuerait \u00e0 \u00e9valuer les d\u00e9cisions au cas par cas<\/strong>.<\/p>\n<p>L\u2019Italie a envoy\u00e9 \u00e0 la France une liste de 200 personnes \u00e0 extrader.<\/p>\n<p><strong><a href=\"https:\/\/www.newsendip.com\/fr\/etiquette\/italie\/\">D\u00e9couvrez plus d\u2019informations d\u2019Italie<\/a><\/strong><\/p>\n","protected":false},"excerpt":{"rendered":"<p>Lors d\u2019une op\u00e9ration coordonn\u00e9e avec l\u2019Italie, la France a arr\u00eat\u00e9 7 personnes consid\u00e9r\u00e9es comme des terroristes pendant les ann\u00e9es de plomb, des dizaines d\u2019ann\u00e9es apr\u00e8s leur condamnation.<\/p>\n","protected":false},"author":1,"featured_media":13536,"comment_status":"closed","ping_status":"closed","sticky":false,"template":"","format":"standard","meta":{"wp_typography_post_enhancements_disabled":false,"footnotes":""},"categories":[416],"tags":[411,428,418],"class_list":["post-18553","post","type-post","status-publish","format-standard","has-post-thumbnail","hentry","category-politique","tag-actuel","tag-france-fr","tag-italie"],"yoast_head":"<!-- This site is optimized with the Yoast SEO Premium plugin v27.4 (Yoast SEO v27.4) - https:\/\/yoast.com\/product\/yoast-seo-premium-wordpress\/ -->\n<title>Des membres des Brigades rouges italiennes extrad\u00e9s de France des dizaines d&#039;ann\u00e9e plus tard<\/title>\n<meta name=\"description\" content=\"Lors d&#039;une op\u00e9ration coordonn\u00e9e avec l&#039;Italie, la France a arr\u00eat\u00e9 7 personnes consid\u00e9r\u00e9es comme des terroristes pendant les ann\u00e9es de plomb, des dizaines d&#039;ann\u00e9es apr\u00e8s leur condamnation.\" \/>\n<meta name=\"robots\" content=\"index, follow, max-snippet:-1, max-image-preview:large, max-video-preview:-1\" \/>\n<link rel=\"canonical\" href=\"https:\/\/www.newsendip.com\/fr\/des-membres-des-brigades-rouges-italiennes-extrades-de-france-des-dizaines-dannee-plus-tard\/\" \/>\n<meta property=\"og:locale\" content=\"fr_FR\" \/>\n<meta property=\"og:type\" content=\"article\" \/>\n<meta property=\"og:title\" content=\"Des membres des Brigades rouges italiennes extrad\u00e9s de France des dizaines d&#039;ann\u00e9e plus tard\" \/>\n<meta property=\"og:description\" content=\"Lors d&#039;une op\u00e9ration coordonn\u00e9e avec l&#039;Italie, la France a arr\u00eat\u00e9 7 personnes consid\u00e9r\u00e9es comme des terroristes pendant les ann\u00e9es de plomb, des dizaines d&#039;ann\u00e9es apr\u00e8s leur condamnation.\" \/>\n<meta property=\"og:url\" content=\"https:\/\/www.newsendip.com\/fr\/des-membres-des-brigades-rouges-italiennes-extrades-de-france-des-dizaines-dannee-plus-tard\/\" \/>\n<meta property=\"og:site_name\" content=\"Newsendip\" \/>\n<meta property=\"article:publisher\" content=\"https:\/\/www.facebook.com\/newsendip\" \/>\n<meta property=\"article:published_time\" content=\"2021-04-28T10:56:47+00:00\" \/>\n<meta property=\"article:modified_time\" content=\"2024-07-23T16:02:39+00:00\" \/>\n<meta property=\"og:image\" content=\"https:\/\/www.newsendip.com\/wp-content\/uploads\/2021\/04\/narciso-manenti-arrested-france.jpg\" \/>\n\t<meta property=\"og:image:width\" content=\"656\" \/>\n\t<meta property=\"og:image:height\" content=\"492\" \/>\n\t<meta property=\"og:image:type\" content=\"image\/jpeg\" \/>\n<meta name=\"author\" content=\"Cl\u00e9ment V\u00e9rit\u00e9\" \/>\n<meta name=\"twitter:card\" content=\"summary_large_image\" \/>\n<meta name=\"twitter:creator\" content=\"@https:\/\/twitter.com\/cverite\" \/>\n<meta name=\"twitter:site\" content=\"@newsendip\" \/>\n<meta name=\"twitter:label1\" content=\"\u00c9crit par\" \/>\n\t<meta name=\"twitter:data1\" content=\"Cl\u00e9ment V\u00e9rit\u00e9\" \/>\n\t<meta name=\"twitter:label2\" content=\"Dur\u00e9e de lecture estim\u00e9e\" \/>\n\t<meta name=\"twitter:data2\" content=\"4 minutes\" \/>\n<!-- \/ Yoast SEO Premium plugin. -->","yoast_head_json":{"title":"Des membres des Brigades rouges italiennes extrad\u00e9s de France des dizaines d'ann\u00e9e plus tard","description":"Lors d'une op\u00e9ration coordonn\u00e9e avec l'Italie, la France a arr\u00eat\u00e9 7 personnes consid\u00e9r\u00e9es comme des terroristes pendant les ann\u00e9es de plomb, des dizaines d'ann\u00e9es apr\u00e8s leur condamnation.","robots":{"index":"index","follow":"follow","max-snippet":"max-snippet:-1","max-image-preview":"max-image-preview:large","max-video-preview":"max-video-preview:-1"},"canonical":"https:\/\/www.newsendip.com\/fr\/des-membres-des-brigades-rouges-italiennes-extrades-de-france-des-dizaines-dannee-plus-tard\/","og_locale":"fr_FR","og_type":"article","og_title":"Des membres des Brigades rouges italiennes extrad\u00e9s de France des dizaines d'ann\u00e9e plus tard","og_description":"Lors d'une op\u00e9ration coordonn\u00e9e avec l'Italie, la France a arr\u00eat\u00e9 7 personnes consid\u00e9r\u00e9es comme des terroristes pendant les ann\u00e9es de plomb, des dizaines d'ann\u00e9es apr\u00e8s leur condamnation.","og_url":"https:\/\/www.newsendip.com\/fr\/des-membres-des-brigades-rouges-italiennes-extrades-de-france-des-dizaines-dannee-plus-tard\/","og_site_name":"Newsendip","article_publisher":"https:\/\/www.facebook.com\/newsendip","article_published_time":"2021-04-28T10:56:47+00:00","article_modified_time":"2024-07-23T16:02:39+00:00","og_image":[{"width":656,"height":492,"url":"https:\/\/www.newsendip.com\/wp-content\/uploads\/2021\/04\/narciso-manenti-arrested-france.jpg","type":"image\/jpeg"}],"author":"Cl\u00e9ment V\u00e9rit\u00e9","twitter_card":"summary_large_image","twitter_creator":"@https:\/\/twitter.com\/cverite","twitter_site":"@newsendip","twitter_misc":{"\u00c9crit par":"Cl\u00e9ment V\u00e9rit\u00e9","Dur\u00e9e de lecture estim\u00e9e":"4 minutes"},"schema":{"@context":"https:\/\/schema.org","@graph":[{"@type":"NewsArticle","@id":"https:\/\/www.newsendip.com\/fr\/des-membres-des-brigades-rouges-italiennes-extrades-de-france-des-dizaines-dannee-plus-tard\/#article","isPartOf":{"@id":"https:\/\/www.newsendip.com\/fr\/des-membres-des-brigades-rouges-italiennes-extrades-de-france-des-dizaines-dannee-plus-tard\/"},"author":{"name":"Cl\u00e9ment V\u00e9rit\u00e9","@id":"https:\/\/www.newsendip.com\/fr\/#\/schema\/person\/ea22c01755f464a3cbc2c619584d6363"},"headline":"Des membres des Brigades rouges italiennes extrad\u00e9s de France des dizaines d\u2019ann\u00e9e plus&nbsp;tard","datePublished":"2021-04-28T10:56:47+00:00","dateModified":"2024-07-23T16:02:39+00:00","mainEntityOfPage":{"@id":"https:\/\/www.newsendip.com\/fr\/des-membres-des-brigades-rouges-italiennes-extrades-de-france-des-dizaines-dannee-plus-tard\/"},"wordCount":783,"publisher":{"@id":"https:\/\/www.newsendip.com\/fr\/#organization"},"image":{"@id":"https:\/\/www.newsendip.com\/fr\/des-membres-des-brigades-rouges-italiennes-extrades-de-france-des-dizaines-dannee-plus-tard\/#primaryimage"},"thumbnailUrl":"https:\/\/www.newsendip.com\/wp-content\/uploads\/2021\/04\/narciso-manenti-arrested-france.jpg","keywords":["Actuel","France","Italie"],"articleSection":["Politique"],"inLanguage":"fr-FR","copyrightYear":"2021","copyrightHolder":{"@id":"https:\/\/www.newsendip.com\/#organization"}},{"@type":"WebPage","@id":"https:\/\/www.newsendip.com\/fr\/des-membres-des-brigades-rouges-italiennes-extrades-de-france-des-dizaines-dannee-plus-tard\/","url":"https:\/\/www.newsendip.com\/fr\/des-membres-des-brigades-rouges-italiennes-extrades-de-france-des-dizaines-dannee-plus-tard\/","name":"Des membres des Brigades rouges italiennes extrad\u00e9s de France des dizaines d'ann\u00e9e plus tard","isPartOf":{"@id":"https:\/\/www.newsendip.com\/fr\/#website"},"primaryImageOfPage":{"@id":"https:\/\/www.newsendip.com\/fr\/des-membres-des-brigades-rouges-italiennes-extrades-de-france-des-dizaines-dannee-plus-tard\/#primaryimage"},"image":{"@id":"https:\/\/www.newsendip.com\/fr\/des-membres-des-brigades-rouges-italiennes-extrades-de-france-des-dizaines-dannee-plus-tard\/#primaryimage"},"thumbnailUrl":"https:\/\/www.newsendip.com\/wp-content\/uploads\/2021\/04\/narciso-manenti-arrested-france.jpg","datePublished":"2021-04-28T10:56:47+00:00","dateModified":"2024-07-23T16:02:39+00:00","description":"Lors d'une op\u00e9ration coordonn\u00e9e avec l'Italie, la France a arr\u00eat\u00e9 7 personnes consid\u00e9r\u00e9es comme des terroristes pendant les ann\u00e9es de plomb, des dizaines d'ann\u00e9es apr\u00e8s leur condamnation.","breadcrumb":{"@id":"https:\/\/www.newsendip.com\/fr\/des-membres-des-brigades-rouges-italiennes-extrades-de-france-des-dizaines-dannee-plus-tard\/#breadcrumb"},"inLanguage":"fr-FR","potentialAction":[{"@type":"ReadAction","target":["https:\/\/www.newsendip.com\/fr\/des-membres-des-brigades-rouges-italiennes-extrades-de-france-des-dizaines-dannee-plus-tard\/"]}]},{"@type":"ImageObject","inLanguage":"fr-FR","@id":"https:\/\/www.newsendip.com\/fr\/des-membres-des-brigades-rouges-italiennes-extrades-de-france-des-dizaines-dannee-plus-tard\/#primaryimage","url":"https:\/\/www.newsendip.com\/wp-content\/uploads\/2021\/04\/narciso-manenti-arrested-france.jpg","contentUrl":"https:\/\/www.newsendip.com\/wp-content\/uploads\/2021\/04\/narciso-manenti-arrested-france.jpg","width":656,"height":492,"caption":"Narciso Manenti \u00e0 Paris. Il a fui l'Italie en 1983 et a \u00e9t\u00e9 arr\u00eat\u00e9 en 2021 en France | Corriere della Sera"},{"@type":"BreadcrumbList","@id":"https:\/\/www.newsendip.com\/fr\/des-membres-des-brigades-rouges-italiennes-extrades-de-france-des-dizaines-dannee-plus-tard\/#breadcrumb","itemListElement":[{"@type":"ListItem","position":1,"name":"Accueil","item":"https:\/\/www.newsendip.com\/fr\/"},{"@type":"ListItem","position":2,"name":"Des membres des Brigades rouges italiennes extrad\u00e9s de France des dizaines d&#8217;ann\u00e9e plus tard"}]},{"@type":"WebSite","@id":"https:\/\/www.newsendip.com\/fr\/#website","url":"https:\/\/www.newsendip.com\/fr\/","name":"Newsendip","description":"Red\u00e9couvrez l&#039;actualit\u00e9 internationale","publisher":{"@id":"https:\/\/www.newsendip.com\/fr\/#organization"},"potentialAction":[{"@type":"SearchAction","target":{"@type":"EntryPoint","urlTemplate":"https:\/\/www.newsendip.com\/fr\/?s={search_term_string}"},"query-input":{"@type":"PropertyValueSpecification","valueRequired":true,"valueName":"search_term_string"}}],"inLanguage":"fr-FR"},{"@type":"Organization","@id":"https:\/\/www.newsendip.com\/fr\/#organization","name":"Newsendip","url":"https:\/\/www.newsendip.com\/fr\/","logo":{"@type":"ImageObject","inLanguage":"fr-FR","@id":"https:\/\/www.newsendip.com\/fr\/#\/schema\/logo\/image\/","url":"https:\/\/www.newsendip.com\/wp-content\/uploads\/2023\/12\/512x512.svg","contentUrl":"https:\/\/www.newsendip.com\/wp-content\/uploads\/2023\/12\/512x512.svg","width":1,"height":1,"caption":"Newsendip"},"image":{"@id":"https:\/\/www.newsendip.com\/fr\/#\/schema\/logo\/image\/"},"sameAs":["https:\/\/www.facebook.com\/newsendip","https:\/\/x.com\/newsendip","https:\/\/mastodon.social\/@newsendip","https:\/\/www.linkedin.com\/company\/newsendip"],"description":"Newsendip est un site qui a pour mission de rendre l'actualit\u00e9 internationale accessible et diversifi\u00e9e","email":"contact@newsendip.com","legalName":"Newsendip SAS","foundingDate":"2022-11-04","vatID":"FR60921124723","numberOfEmployees":{"@type":"QuantitativeValue","minValue":"1","maxValue":"10"},"publishingPrinciples":"https:\/\/www.newsendip.com\/about-us\/","ownershipFundingInfo":"https:\/\/www.newsendip.com\/legal-notice\/","actionableFeedbackPolicy":"https:\/\/www.newsendip.com\/about-us\/","correctionsPolicy":"https:\/\/www.newsendip.com\/about-us\/","ethicsPolicy":"https:\/\/www.newsendip.com\/about-us\/","diversityPolicy":"https:\/\/www.newsendip.com\/about-us\/"},{"@type":"Person","@id":"https:\/\/www.newsendip.com\/fr\/#\/schema\/person\/ea22c01755f464a3cbc2c619584d6363","name":"Cl\u00e9ment V\u00e9rit\u00e9","description":"Cl\u00e9ment is the executive editor and founder of Newsendip. He started in the media industry as a freelance reporter at 16 for a local French newspaper after school and has never left it. He later worked for seven years at The New York Times, notably as a data analyst. He holds a Master of Management in France and a Master of Arts in the United Kingdom in International Marketing &amp; Communications Strategy. He has lived in France, the United Kingdom, and Italy.","sameAs":["https:\/\/www.newsendip.com\/","https:\/\/www.linkedin.com\/in\/clementverite\/","https:\/\/x.com\/https:\/\/twitter.com\/cverite"],"knowsAbout":["News","International","Business","Media monitoring"],"knowsLanguage":["English","French","Italian","Spanish"],"url":"https:\/\/www.newsendip.com\/fr\/author\/clement-verite\/"}]}},"_links":{"self":[{"href":"https:\/\/www.newsendip.com\/fr\/wp-json\/wp\/v2\/posts\/18553","targetHints":{"allow":["GET"]}}],"collection":[{"href":"https:\/\/www.newsendip.com\/fr\/wp-json\/wp\/v2\/posts"}],"about":[{"href":"https:\/\/www.newsendip.com\/fr\/wp-json\/wp\/v2\/types\/post"}],"author":[{"embeddable":true,"href":"https:\/\/www.newsendip.com\/fr\/wp-json\/wp\/v2\/users\/1"}],"replies":[{"embeddable":true,"href":"https:\/\/www.newsendip.com\/fr\/wp-json\/wp\/v2\/comments?post=18553"}],"version-history":[{"count":0,"href":"https:\/\/www.newsendip.com\/fr\/wp-json\/wp\/v2\/posts\/18553\/revisions"}],"wp:featuredmedia":[{"embeddable":true,"href":"https:\/\/www.newsendip.com\/fr\/wp-json\/wp\/v2\/media\/13536"}],"wp:attachment":[{"href":"https:\/\/www.newsendip.com\/fr\/wp-json\/wp\/v2\/media?parent=18553"}],"wp:term":[{"taxonomy":"category","embeddable":true,"href":"https:\/\/www.newsendip.com\/fr\/wp-json\/wp\/v2\/categories?post=18553"},{"taxonomy":"post_tag","embeddable":true,"href":"https:\/\/www.newsendip.com\/fr\/wp-json\/wp\/v2\/tags?post=18553"}],"curies":[{"name":"wp","href":"https:\/\/api.w.org\/{rel}","templated":true}]}}