{"id":18568,"date":"2021-11-25T17:00:00","date_gmt":"2021-11-25T16:00:00","guid":{"rendered":"https:\/\/www.newsendip.com\/?p=18568"},"modified":"2024-07-16T23:40:47","modified_gmt":"2024-07-16T21:40:47","slug":"pourquoi-la-hongrie-serait-en-froid-avec-la-norvege-lannulation-dune-subvention","status":"publish","type":"post","link":"https:\/\/www.newsendip.com\/fr\/pourquoi-la-hongrie-serait-en-froid-avec-la-norvege-lannulation-dune-subvention\/","title":{"rendered":"Pourquoi la Hongrie serait en froid avec la Norv\u00e8ge\u202f? L\u2019annulation d\u2019une subvention"},"content":{"rendered":"<p><strong>En juillet, la Norv\u00e8ge a refus\u00e9 d\u2019allouer une subvention \u00e0 la Hongrie. Par cons\u00e9quent, Viktor Orb\u00e1n aurait bloqu\u00e9 une d\u00e9claration commune du Conseil de l\u2019Espace \u00e9conomique europ\u00e9en afin de les contrarier.<br>\n<\/strong><\/p>\n<figure id=\"attachment_13779\" aria-describedby=\"caption-attachment-13779\" style=\"width: 400px\" class=\"wp-caption aligncenter\"><img decoding=\"async\" class=\"size-full wp-image-13779\" src=\"https:\/\/www.newsendip.com\/wp-content\/uploads\/2021\/11\/hungary-norway-eea-fund-europe-progressive.jpeg\" alt=\"Viktor Orb\u00e1n, premier ministre de Hongrie\" width=\"400\" height=\"267\" srcset=\"https:\/\/www.newsendip.com\/wp-content\/uploads\/2021\/11\/hungary-norway-eea-fund-europe-progressive.jpeg 400w, https:\/\/www.newsendip.com\/wp-content\/uploads\/2021\/11\/hungary-norway-eea-fund-europe-progressive-60x40.jpeg 60w, https:\/\/www.newsendip.com\/wp-content\/uploads\/2021\/11\/hungary-norway-eea-fund-europe-progressive-300x200.jpeg 300w\" sizes=\"(max-width: 400px) 100vw, 400px\"><figcaption id=\"caption-attachment-13779\" class=\"wp-caption-text\">Viktor Orb\u00e1n, premier ministre de Hongrie | \u00a9 OTAN, juin&nbsp;2021<\/figcaption><\/figure>\n<p>Le journal hongrois <a href=\"#post-bottom-source\"><em>N\u00e9pszav<\/em><\/a> a rapport\u00e9 que la <a href=\"https:\/\/www.newsendip.com\/fr\/etiquette\/hongrie\/\">Hongrie<\/a> voulait emp\u00eacher l\u2019Espace \u00c9conomique Europ\u00e9en (EEE) d\u2019adopter une d\u00e9claration commune \u00e0 l\u2019issue du Conseil du 24 novembre.<\/p>\n<p>Et pour la premi\u00e8re fois en 27 ans, une d\u00e9claration commune n\u2019a pas \u00e9t\u00e9 adopt\u00e9e \u00e0 l\u2019issue de cette r\u00e9union biannuelle.<\/p>\n<p>\u00ab\u202f<em>Bien qu\u2019il n\u2019ait <strong>malheureusement pas \u00e9t\u00e9 possible d\u2019adopter des conclusions formelles<\/strong> du Conseil de l\u2019EEE lors de la r\u00e9union d\u2019aujourd\u2019hui, nous soulignons le bon fonctionnement de l\u2019EEE<\/em>\u202f\u00bb, a bri\u00e8vement mentionn\u00e9 <a href=\"#post-bottom-source\">la d\u00e9claration de l\u2019EEE-AELE<\/a>.<\/p>\n<p>Les cons\u00e9quences sont assez limit\u00e9es puisqu\u2019il n\u2019y avait aucune r\u00e9solution ou d\u00e9cision en&nbsp;jeu.<\/p>\n<p>Mais la raison cach\u00e9e, telle que rapport\u00e9e par les m\u00e9dias hongrois, remonte au moment o\u00f9 <strong>la Norv\u00e8ge a d\u00e9cid\u00e9 de ne pas allouer 214,6 millions d\u2019euros dans le cadre d\u2019une subvention \u00e0 la Hongrie<\/strong>.<\/p>\n<p>Le Conseil de l\u2019EEE est pr\u00e9sid\u00e9 par Anniken Huitfeldt, la ministre des affaires \u00e9trang\u00e8res de Norv\u00e8ge.<\/p>\n<p>L\u2019Espace \u00e9conomique europ\u00e9en se compose des \u00c9tats membres de l\u2019Union europ\u00e9enne et de trois autres pays membres de l\u2019Association europ\u00e9enne de libre-\u00e9change (AELE) : l\u2019Islande, le Liechtenstein et la Norv\u00e8ge. Il vise \u00e0 renforcer les relations commerciales et \u00e9conomiques et la libre circulation des marchandises entre les membres.<\/p>\n<p>Dans le cadre de leur coop\u00e9ration avec l\u2019Union Europ\u00e9enne, <strong>la Norv\u00e8ge, le Liechtenstein et l\u2019Islande contribuent \u00e0 r\u00e9duire les disparit\u00e9s sociales et \u00e9conomiques dans 15 pays de l\u2019UE<\/strong> gr\u00e2ce aux <em><a href=\"https:\/\/eeagrants.org\/about-us\">Subventions EEE et Norv\u00e8ge<\/a>.<\/em><\/p>\n<p><strong>La Norv\u00e8ge finance 96\u202f% des fonds des subventions.<\/strong><\/p>\n<h2>La Hongrie et la Norv\u00e8ge ne sont pas d\u2019accord sur la r\u00e9partition de 5\u202f% de la subvention<\/h2>\n<p>Pour la p\u00e9riode 2014\u20132021, <strong>2,8 milliards d\u2019euros ont ainsi \u00e9t\u00e9 provisionn\u00e9s<\/strong> pour des projets autour du changement climatique, de l\u2019\u00e9ducation, de l\u2019inclusion sociale, etc.<\/p>\n<p>Mais en juillet 2021, un d\u00e9saccord entre la Norv\u00e8ge et la Hongrie a conduit \u00e0 <strong>l\u2019annulation de 215 millions d\u2019euros d\u00e9di\u00e9s \u00e0 la Hongrie<\/strong>. Pourtant, les deux pays avaient sign\u00e9 un accord de coop\u00e9ration en d\u00e9cembre 2020 apr\u00e8s de longues n\u00e9gociations sur ces&nbsp;fonds.<\/p>\n<p>En fait, la Norv\u00e8ge a sp\u00e9cifiquement exig\u00e9 que l\u2019argent soit g\u00e9r\u00e9 par des <strong>organisations totalement ind\u00e9pendantes des autorit\u00e9s nationales et gouvernementales<\/strong>.<\/p>\n<p>La discorde porte sp\u00e9cifiquement sur l\u2019organisation charg\u00e9e de la coordination et de la <strong>distribution des 10 millions d\u2019euros d\u00e9di\u00e9s \u00e0 la soci\u00e9t\u00e9 civile<\/strong>, au soutien des groupes vuln\u00e9rables et \u00e0 la promotion des droits des minorit\u00e9s.<\/p>\n<p>La Hongrie a refus\u00e9 l\u2019organisation ayant remport\u00e9 le march\u00e9 public.<\/p>\n<p>Juillet 2021 \u00e9tait le dernier d\u00e9lai pour trouver un accord et la Hongrie a fini par perdre la totalit\u00e9 de la subvention. Sauf que pour le gouvernement hongrois la Norv\u00e8ge s\u2019est d\u00e9j\u00e0 engag\u00e9e et lui doit l\u2019argent.<\/p>\n<h2>\u00d6kot\u00e1rs Alap\u00edtv\u00e1ny dans une liste d\u2019organisations ind\u00e9sirables en Hongrie<\/h2>\n<p>Viktor Orb\u00e1n a tent\u00e9 sans succ\u00e8s d\u2019avoir la Croix-Rouge hongroise qui g\u00e8re l\u2019argent d\u00e9di\u00e9 \u00e0 la soci\u00e9t\u00e9 civile en tant qu\u2019organisation ind\u00e9pendante.<\/p>\n<p>Mais l\u2019organisation au c\u0153ur du litige \u00e9tait surtout <a href=\"https:\/\/okotars.hu\/en\/democratic-backsliding-and-civil-society-response-hungary\">\u00d6kot\u00e1rs Alap\u00edtv\u00e1ny<\/a>. Cette fondation hongroise pour le partenariat environnemental est une organisation issue de la soci\u00e9t\u00e9 civile qui \u00ab\u202f<em>vise \u00e0 contribuer au d\u00e9veloppement d\u2019une soci\u00e9t\u00e9 d\u00e9mocratique, durable et \u00e9quitable<\/em>\u202f\u00bb.<!--more--><\/p>\n<p>En 2014, le bureau de Viktor Orb\u00e1n avait inclus <strong>\u00d6kot\u00e1rs Alap\u00edtv\u00e1ny dans une liste de 13 organisations de la soci\u00e9t\u00e9 civile<\/strong> travaillant sur les droits de l\u2019homme, la lutte contre la corruption, l\u2019\u00e9galit\u00e9 des sexes ou des LGBTI, les consid\u00e9rant comme <strong>probl\u00e9matiques ou ind\u00e9sirables<\/strong>.<\/p>\n<p>Par ailleurs, en 2017, la Hongrie a adopt\u00e9 la <a href=\"https:\/\/ecnl.org\/news\/hungarian-law-transparency-organisations-supported-abroad-what-stake\">loi sur la transparence des organisations soutenues depuis l\u2019\u00e9tranger<\/a>. Elle a contraint les associations et fondations hongroises recevant des fonds de sources \u00e9trang\u00e8res \u00e0 \u00eatre d\u00e9clar\u00e9es et identifi\u00e9es publiquement en tant qu\u201d\u202f\u202f\u00bb<em>organisation soutenue depuis l\u2019\u00e9tranger<\/em>\u202f\u00bb, et \u00e0 se conformer \u00e0 des r\u00e9glementations et des comptes-rendus plus stricts pour ne pas risquer de sanctions.<\/p>\n<p>Les organisations intergouvernementales et de la soci\u00e9t\u00e9 civile ont per\u00e7u cette loi, la premi\u00e8re de ce type en Europe, comme un obstacle majeur \u00e0 leurs activit\u00e9s.<\/p>\n<h2>Rumeurs de repr\u00e9sailles politiques contre la Norv\u00e8ge<\/h2>\n<p>Suite \u00e0 la d\u00e9cision de la Norv\u00e8ge, Viktor Orb\u00e1n a cherch\u00e9 \u00e0 se venger.<\/p>\n<p>Le fait de ne pas adopter les conclusions officielles du Conseil de l\u2019EEE, qui doivent \u00eatre approuv\u00e9es \u00e0 l\u2019unanimit\u00e9, aurait alors \u00e9t\u00e9 une man\u0153uvre de la Hongrie.<\/p>\n<p>Mais cela n\u2019a pas beaucoup d\u2019impact. Pr\u00e9sid\u00e9 par le ministre norv\u00e9gien des affaires \u00e9trang\u00e8res, le Conseil de l\u2019EEE s\u2019est content\u00e9 d\u2019\u00e9valuer son fonctionnement g\u00e9n\u00e9ral et de tenir un d\u00e9bat sur l\u2019orientation de la politique industrielle de&nbsp;l\u2019UE.<\/p>\n<p>Toutefois, les m\u00e9dias hongrois s\u2019attendent \u00e0 d\u2019autres gestes de Viktor Orb\u00e1n comme une forme de repr\u00e9sailles contre le Royaume de Norv\u00e8ge.<\/p>\n<p>Le timing pourrait n\u00e9anmoins ne pas \u00eatre id\u00e9al puisque les n\u00e9gociations sur les <em>Subventions EEE et Norv\u00e8ge 2021\u20132027<\/em> ont d\u00e9j\u00e0 commenc\u00e9.<\/p>\n<p><strong><a href=\"https:\/\/www.newsendip.com\/fr\/etiquette\/norvege\/\">D\u00e9couvrez plus d\u2019actualit\u00e9s sur la Norv\u00e8ge<\/a><\/strong><\/p>\n","protected":false},"excerpt":{"rendered":"<p>la Norv\u00e8ge a refus\u00e9 d\u2019allouer une subvention \u00e0 la Hongrie. Viktor Orb\u00e1n aurait bloqu\u00e9 une d\u00e9claration du Conseil de l\u2019EEE pour de les contrarier.<\/p>\n","protected":false},"author":1,"featured_media":13779,"comment_status":"closed","ping_status":"closed","sticky":false,"template":"","format":"standard","meta":{"wp_typography_post_enhancements_disabled":false,"footnotes":""},"categories":[416],"tags":[913,427,421],"class_list":["post-18568","post","type-post","status-publish","format-standard","has-post-thumbnail","hentry","category-politique","tag-hongrie","tag-norvege","tag-vieux"],"yoast_head":"<!-- This site is optimized with the Yoast SEO Premium plugin v27.4 (Yoast SEO v27.4) - https:\/\/yoast.com\/product\/yoast-seo-premium-wordpress\/ -->\n<title>Pourquoi la Hongrie serait en froid avec la Norv\u00e8ge ? L&#039;annulation d&#039;une subvention<\/title>\n<meta name=\"description\" content=\"la Norv\u00e8ge a refus\u00e9 d&#039;allouer une subvention \u00e0 la Hongrie. Viktor Orb\u00e1n aurait bloqu\u00e9 une d\u00e9claration du Conseil de l&#039;EEE pour de les contrarier.\" \/>\n<meta name=\"robots\" content=\"index, follow, max-snippet:-1, max-image-preview:large, max-video-preview:-1\" \/>\n<link rel=\"canonical\" href=\"https:\/\/www.newsendip.com\/fr\/pourquoi-la-hongrie-serait-en-froid-avec-la-norvege-lannulation-dune-subvention\/\" \/>\n<meta property=\"og:locale\" content=\"fr_FR\" \/>\n<meta property=\"og:type\" content=\"article\" \/>\n<meta property=\"og:title\" content=\"Pourquoi la Hongrie serait en froid avec la Norv\u00e8ge ? L&#039;annulation d&#039;une subvention\" \/>\n<meta property=\"og:description\" content=\"la Norv\u00e8ge a refus\u00e9 d&#039;allouer une subvention \u00e0 la Hongrie. Viktor Orb\u00e1n aurait bloqu\u00e9 une d\u00e9claration du Conseil de l&#039;EEE pour de les contrarier.\" \/>\n<meta property=\"og:url\" content=\"https:\/\/www.newsendip.com\/fr\/pourquoi-la-hongrie-serait-en-froid-avec-la-norvege-lannulation-dune-subvention\/\" \/>\n<meta property=\"og:site_name\" content=\"Newsendip\" \/>\n<meta property=\"article:publisher\" content=\"https:\/\/www.facebook.com\/newsendip\" \/>\n<meta property=\"article:published_time\" content=\"2021-11-25T16:00:00+00:00\" \/>\n<meta property=\"article:modified_time\" content=\"2024-07-16T21:40:47+00:00\" \/>\n<meta property=\"og:image\" content=\"https:\/\/www.newsendip.com\/wp-content\/uploads\/2021\/11\/hungary-norway-eea-fund-europe-progressive.jpeg\" \/>\n\t<meta property=\"og:image:width\" content=\"400\" \/>\n\t<meta property=\"og:image:height\" content=\"267\" \/>\n\t<meta property=\"og:image:type\" content=\"image\/jpeg\" \/>\n<meta name=\"author\" content=\"Cl\u00e9ment V\u00e9rit\u00e9\" \/>\n<meta name=\"twitter:card\" content=\"summary_large_image\" \/>\n<meta name=\"twitter:creator\" content=\"@https:\/\/twitter.com\/cverite\" \/>\n<meta name=\"twitter:site\" content=\"@newsendip\" \/>\n<meta name=\"twitter:label1\" content=\"\u00c9crit par\" \/>\n\t<meta name=\"twitter:data1\" content=\"Cl\u00e9ment V\u00e9rit\u00e9\" \/>\n\t<meta name=\"twitter:label2\" content=\"Dur\u00e9e de lecture estim\u00e9e\" \/>\n\t<meta name=\"twitter:data2\" content=\"4 minutes\" \/>\n<!-- \/ Yoast SEO Premium plugin. -->","yoast_head_json":{"title":"Pourquoi la Hongrie serait en froid avec la Norv\u00e8ge ? L'annulation d'une subvention","description":"la Norv\u00e8ge a refus\u00e9 d'allouer une subvention \u00e0 la Hongrie. Viktor Orb\u00e1n aurait bloqu\u00e9 une d\u00e9claration du Conseil de l'EEE pour de les contrarier.","robots":{"index":"index","follow":"follow","max-snippet":"max-snippet:-1","max-image-preview":"max-image-preview:large","max-video-preview":"max-video-preview:-1"},"canonical":"https:\/\/www.newsendip.com\/fr\/pourquoi-la-hongrie-serait-en-froid-avec-la-norvege-lannulation-dune-subvention\/","og_locale":"fr_FR","og_type":"article","og_title":"Pourquoi la Hongrie serait en froid avec la Norv\u00e8ge ? L'annulation d'une subvention","og_description":"la Norv\u00e8ge a refus\u00e9 d'allouer une subvention \u00e0 la Hongrie. Viktor Orb\u00e1n aurait bloqu\u00e9 une d\u00e9claration du Conseil de l'EEE pour de les contrarier.","og_url":"https:\/\/www.newsendip.com\/fr\/pourquoi-la-hongrie-serait-en-froid-avec-la-norvege-lannulation-dune-subvention\/","og_site_name":"Newsendip","article_publisher":"https:\/\/www.facebook.com\/newsendip","article_published_time":"2021-11-25T16:00:00+00:00","article_modified_time":"2024-07-16T21:40:47+00:00","og_image":[{"width":400,"height":267,"url":"https:\/\/www.newsendip.com\/wp-content\/uploads\/2021\/11\/hungary-norway-eea-fund-europe-progressive.jpeg","type":"image\/jpeg"}],"author":"Cl\u00e9ment V\u00e9rit\u00e9","twitter_card":"summary_large_image","twitter_creator":"@https:\/\/twitter.com\/cverite","twitter_site":"@newsendip","twitter_misc":{"\u00c9crit par":"Cl\u00e9ment V\u00e9rit\u00e9","Dur\u00e9e de lecture estim\u00e9e":"4 minutes"},"schema":{"@context":"https:\/\/schema.org","@graph":[{"@type":"NewsArticle","@id":"https:\/\/www.newsendip.com\/fr\/pourquoi-la-hongrie-serait-en-froid-avec-la-norvege-lannulation-dune-subvention\/#article","isPartOf":{"@id":"https:\/\/www.newsendip.com\/fr\/pourquoi-la-hongrie-serait-en-froid-avec-la-norvege-lannulation-dune-subvention\/"},"author":{"name":"Cl\u00e9ment V\u00e9rit\u00e9","@id":"https:\/\/www.newsendip.com\/fr\/#\/schema\/person\/ea22c01755f464a3cbc2c619584d6363"},"headline":"Pourquoi la Hongrie serait en froid avec la Norv\u00e8ge\u202f? L\u2019annulation d\u2019une subvention","datePublished":"2021-11-25T16:00:00+00:00","dateModified":"2024-07-16T21:40:47+00:00","mainEntityOfPage":{"@id":"https:\/\/www.newsendip.com\/fr\/pourquoi-la-hongrie-serait-en-froid-avec-la-norvege-lannulation-dune-subvention\/"},"wordCount":974,"publisher":{"@id":"https:\/\/www.newsendip.com\/fr\/#organization"},"image":{"@id":"https:\/\/www.newsendip.com\/fr\/pourquoi-la-hongrie-serait-en-froid-avec-la-norvege-lannulation-dune-subvention\/#primaryimage"},"thumbnailUrl":"https:\/\/www.newsendip.com\/wp-content\/uploads\/2021\/11\/hungary-norway-eea-fund-europe-progressive.jpeg","keywords":["Hongrie","Norv\u00e8ge","Vieux"],"articleSection":["Politique"],"inLanguage":"fr-FR","copyrightYear":"2021","copyrightHolder":{"@id":"https:\/\/www.newsendip.com\/#organization"}},{"@type":"WebPage","@id":"https:\/\/www.newsendip.com\/fr\/pourquoi-la-hongrie-serait-en-froid-avec-la-norvege-lannulation-dune-subvention\/","url":"https:\/\/www.newsendip.com\/fr\/pourquoi-la-hongrie-serait-en-froid-avec-la-norvege-lannulation-dune-subvention\/","name":"Pourquoi la Hongrie serait en froid avec la Norv\u00e8ge ? L'annulation d'une subvention","isPartOf":{"@id":"https:\/\/www.newsendip.com\/fr\/#website"},"primaryImageOfPage":{"@id":"https:\/\/www.newsendip.com\/fr\/pourquoi-la-hongrie-serait-en-froid-avec-la-norvege-lannulation-dune-subvention\/#primaryimage"},"image":{"@id":"https:\/\/www.newsendip.com\/fr\/pourquoi-la-hongrie-serait-en-froid-avec-la-norvege-lannulation-dune-subvention\/#primaryimage"},"thumbnailUrl":"https:\/\/www.newsendip.com\/wp-content\/uploads\/2021\/11\/hungary-norway-eea-fund-europe-progressive.jpeg","datePublished":"2021-11-25T16:00:00+00:00","dateModified":"2024-07-16T21:40:47+00:00","description":"la Norv\u00e8ge a refus\u00e9 d'allouer une subvention \u00e0 la Hongrie. Viktor Orb\u00e1n aurait bloqu\u00e9 une d\u00e9claration du Conseil de l'EEE pour de les contrarier.","breadcrumb":{"@id":"https:\/\/www.newsendip.com\/fr\/pourquoi-la-hongrie-serait-en-froid-avec-la-norvege-lannulation-dune-subvention\/#breadcrumb"},"inLanguage":"fr-FR","potentialAction":[{"@type":"ReadAction","target":["https:\/\/www.newsendip.com\/fr\/pourquoi-la-hongrie-serait-en-froid-avec-la-norvege-lannulation-dune-subvention\/"]}]},{"@type":"ImageObject","inLanguage":"fr-FR","@id":"https:\/\/www.newsendip.com\/fr\/pourquoi-la-hongrie-serait-en-froid-avec-la-norvege-lannulation-dune-subvention\/#primaryimage","url":"https:\/\/www.newsendip.com\/wp-content\/uploads\/2021\/11\/hungary-norway-eea-fund-europe-progressive.jpeg","contentUrl":"https:\/\/www.newsendip.com\/wp-content\/uploads\/2021\/11\/hungary-norway-eea-fund-europe-progressive.jpeg","width":400,"height":267,"caption":"Viktor Orb\u00e1n, premier ministre de Hongrie | \u00a9 OTAN, juin 2021"},{"@type":"BreadcrumbList","@id":"https:\/\/www.newsendip.com\/fr\/pourquoi-la-hongrie-serait-en-froid-avec-la-norvege-lannulation-dune-subvention\/#breadcrumb","itemListElement":[{"@type":"ListItem","position":1,"name":"Accueil","item":"https:\/\/www.newsendip.com\/fr\/"},{"@type":"ListItem","position":2,"name":"Pourquoi la Hongrie serait en froid avec la Norv\u00e8ge ? L&#8217;annulation d&#8217;une subvention"}]},{"@type":"WebSite","@id":"https:\/\/www.newsendip.com\/fr\/#website","url":"https:\/\/www.newsendip.com\/fr\/","name":"Newsendip","description":"Red\u00e9couvrez l&#039;actualit\u00e9 internationale","publisher":{"@id":"https:\/\/www.newsendip.com\/fr\/#organization"},"potentialAction":[{"@type":"SearchAction","target":{"@type":"EntryPoint","urlTemplate":"https:\/\/www.newsendip.com\/fr\/?s={search_term_string}"},"query-input":{"@type":"PropertyValueSpecification","valueRequired":true,"valueName":"search_term_string"}}],"inLanguage":"fr-FR"},{"@type":"Organization","@id":"https:\/\/www.newsendip.com\/fr\/#organization","name":"Newsendip","url":"https:\/\/www.newsendip.com\/fr\/","logo":{"@type":"ImageObject","inLanguage":"fr-FR","@id":"https:\/\/www.newsendip.com\/fr\/#\/schema\/logo\/image\/","url":"https:\/\/www.newsendip.com\/wp-content\/uploads\/2023\/12\/512x512.svg","contentUrl":"https:\/\/www.newsendip.com\/wp-content\/uploads\/2023\/12\/512x512.svg","width":1,"height":1,"caption":"Newsendip"},"image":{"@id":"https:\/\/www.newsendip.com\/fr\/#\/schema\/logo\/image\/"},"sameAs":["https:\/\/www.facebook.com\/newsendip","https:\/\/x.com\/newsendip","https:\/\/mastodon.social\/@newsendip","https:\/\/www.linkedin.com\/company\/newsendip"],"description":"Newsendip est un site qui a pour mission de rendre l'actualit\u00e9 internationale accessible et diversifi\u00e9e","email":"contact@newsendip.com","legalName":"Newsendip SAS","foundingDate":"2022-11-04","vatID":"FR60921124723","numberOfEmployees":{"@type":"QuantitativeValue","minValue":"1","maxValue":"10"},"publishingPrinciples":"https:\/\/www.newsendip.com\/about-us\/","ownershipFundingInfo":"https:\/\/www.newsendip.com\/legal-notice\/","actionableFeedbackPolicy":"https:\/\/www.newsendip.com\/about-us\/","correctionsPolicy":"https:\/\/www.newsendip.com\/about-us\/","ethicsPolicy":"https:\/\/www.newsendip.com\/about-us\/","diversityPolicy":"https:\/\/www.newsendip.com\/about-us\/"},{"@type":"Person","@id":"https:\/\/www.newsendip.com\/fr\/#\/schema\/person\/ea22c01755f464a3cbc2c619584d6363","name":"Cl\u00e9ment V\u00e9rit\u00e9","description":"Cl\u00e9ment is the executive editor and founder of Newsendip. He started in the media industry as a freelance reporter at 16 for a local French newspaper after school and has never left it. He later worked for seven years at The New York Times, notably as a data analyst. He holds a Master of Management in France and a Master of Arts in the United Kingdom in International Marketing &amp; Communications Strategy. He has lived in France, the United Kingdom, and Italy.","sameAs":["https:\/\/www.newsendip.com\/","https:\/\/www.linkedin.com\/in\/clementverite\/","https:\/\/x.com\/https:\/\/twitter.com\/cverite"],"knowsAbout":["News","International","Business","Media monitoring"],"knowsLanguage":["English","French","Italian","Spanish"],"url":"https:\/\/www.newsendip.com\/fr\/author\/clement-verite\/"}]}},"_links":{"self":[{"href":"https:\/\/www.newsendip.com\/fr\/wp-json\/wp\/v2\/posts\/18568","targetHints":{"allow":["GET"]}}],"collection":[{"href":"https:\/\/www.newsendip.com\/fr\/wp-json\/wp\/v2\/posts"}],"about":[{"href":"https:\/\/www.newsendip.com\/fr\/wp-json\/wp\/v2\/types\/post"}],"author":[{"embeddable":true,"href":"https:\/\/www.newsendip.com\/fr\/wp-json\/wp\/v2\/users\/1"}],"replies":[{"embeddable":true,"href":"https:\/\/www.newsendip.com\/fr\/wp-json\/wp\/v2\/comments?post=18568"}],"version-history":[{"count":0,"href":"https:\/\/www.newsendip.com\/fr\/wp-json\/wp\/v2\/posts\/18568\/revisions"}],"wp:featuredmedia":[{"embeddable":true,"href":"https:\/\/www.newsendip.com\/fr\/wp-json\/wp\/v2\/media\/13779"}],"wp:attachment":[{"href":"https:\/\/www.newsendip.com\/fr\/wp-json\/wp\/v2\/media?parent=18568"}],"wp:term":[{"taxonomy":"category","embeddable":true,"href":"https:\/\/www.newsendip.com\/fr\/wp-json\/wp\/v2\/categories?post=18568"},{"taxonomy":"post_tag","embeddable":true,"href":"https:\/\/www.newsendip.com\/fr\/wp-json\/wp\/v2\/tags?post=18568"}],"curies":[{"name":"wp","href":"https:\/\/api.w.org\/{rel}","templated":true}]}}