{"id":18576,"date":"2021-05-07T09:49:08","date_gmt":"2021-05-07T07:49:08","guid":{"rendered":"https:\/\/www.newsendip.com\/?p=18576"},"modified":"2024-07-23T18:01:17","modified_gmt":"2024-07-23T16:01:17","slug":"les-norvegiens-preferent-garder-uniquement-leur-drapeau-au-sommet-des-mairies","status":"publish","type":"post","link":"https:\/\/www.newsendip.com\/fr\/les-norvegiens-preferent-garder-uniquement-leur-drapeau-au-sommet-des-mairies\/","title":{"rendered":"Les Norv\u00e9giens pr\u00e9f\u00e8rent garder uniquement leur drapeau au sommet des mairies"},"content":{"rendered":"<p><strong>Alors que le drapeau norv\u00e9gien f\u00eate son 200e anniversaire, le gouvernement propose une loi pour s\u2019adapter \u00e0 la vie avec le COVID-19\u202fen donnant plus de flexibilit\u00e9 pour hisser divers drapeaux au sommet des b\u00e2timents publics ind\u00e9pendamment des \u00e9v\u00e9nements physiques qui se d\u00e9roulent au m\u00eame moment. Mais une consultation publique a montr\u00e9 que les Norv\u00e9giens semblaient rejeter cette lib\u00e9ralisation du hissage de drapeau.<\/strong><\/p>\n<figure id=\"attachment_13542\" aria-describedby=\"caption-attachment-13542\" style=\"width: 320px\" class=\"wp-caption aligncenter\"><img decoding=\"async\" class=\"size-full wp-image-13542\" src=\"https:\/\/www.newsendip.com\/wp-content\/uploads\/2021\/05\/norway-flag-consultation-law-municipality.jpg\" alt=\"drapeau norv\u00e9gien\" width=\"320\" height=\"213\" srcset=\"https:\/\/www.newsendip.com\/wp-content\/uploads\/2021\/05\/norway-flag-consultation-law-municipality.jpg 320w, https:\/\/www.newsendip.com\/wp-content\/uploads\/2021\/05\/norway-flag-consultation-law-municipality-60x40.jpg 60w, https:\/\/www.newsendip.com\/wp-content\/uploads\/2021\/05\/norway-flag-consultation-law-municipality-300x200.jpg 300w\" sizes=\"(max-width: 320px) 100vw, 320px\"><figcaption id=\"caption-attachment-13542\" class=\"wp-caption-text\">Le drapeau norv\u00e9gien pourrait bient\u00f4t flotter \u00e0 c\u00f4t\u00e9 de drapeaux non officiels sur les b\u00e2timents publics.<\/figcaption><\/figure>\n<p>A ce jour, seuls le drapeau norv\u00e9gien, le drapeau sami \u2013 d\u2019une communaut\u00e9 autochtone nordique \u2013 ou les drapeaux officiels locaux peuvent \u00eatre hiss\u00e9s sur les b\u00e2timents publics.<\/p>\n<p>Mais le gouvernement propose de laisser les municipalit\u00e9s et les comt\u00e9s d\u00e9cider d\u2019arborer un autre drapeau lors de c\u00e9l\u00e9brations, d\u2019anniversaires ou d\u2019\u00e9v\u00e9nements d\u2019int\u00e9r\u00eat g\u00e9n\u00e9ral. Il pourrait s\u2019agir du blason de l\u2019\u00e9quipe sportive locale lors d\u2019un match important, du drapeau des Nations unies lors de la journ\u00e9e de l\u2019ONU ou du <a href=\"https:\/\/www.newsendip.com\/fr\/lambassadeur-britannique-convoque-par-lindonesie-a-cause-dun-drapeau-lgbt\/\">drapeau arc-en-ciel<\/a> lors du d\u00e9fil\u00e9 de la marche des fiert\u00e9s.<\/p>\n<p>La loi initiale fut adopt\u00e9e en 1933 lorsque des drapeaux rouges, symboles du communisme, avaient \u00e9t\u00e9 hiss\u00e9s sur les mairies lors de c\u00e9l\u00e9brations du 1er&nbsp;mai.<\/p>\n<p>Depuis, les municipalit\u00e9s ont re\u00e7u le droit de hisser diff\u00e9rents drapeaux depuis 2014, \u00e0 condition que cela soit li\u00e9 \u00e0 un \u00e9v\u00e9nement se d\u00e9roulant \u00e0 l\u2019int\u00e9rieur du b\u00e2timent. Mais avec le COVID-19, un rassemblement a peu de chances de se produire physiquement dans les locaux de la mairie, ce qui rend impossible le changement de drapeau ou un soutien symbolique. Ainsi, le gouvernement cherche \u00e0 adapter sa l\u00e9gislation et \u00e0 offrir plus de flexibilit\u00e9 aux municipalit\u00e9s.<\/p>\n<p>Une consultation a d\u00e9j\u00e0 \u00e9t\u00e9 faite en 2016 aupr\u00e8s des municipalit\u00e9s, mais le gouvernement n\u2019a pas donn\u00e9 suite avec un amendement. Une consultation plus r\u00e9cente lanc\u00e9e en 2020 a montr\u00e9 que la position des repr\u00e9sentants publics et de la population diff\u00e8re.<\/p>\n<p>Sur les 50 municipalit\u00e9s qui ont donn\u00e9 leur avis, 62% d\u2019entre elles \u00e9taient en faveur de la possibilit\u00e9 de <a href=\"https:\/\/www.newsendip.com\/fr\/australie-a-depense-us14-millions-et-achete-les-droits-du-drapeau-aborigene\/\">hisser un drapeau<\/a> sans lien avec un \u00e9v\u00e9nement se d\u00e9roulant dans le b\u00e2timent. En revanche, sur les 3 000 particuliers, dont 1 600 ont donn\u00e9 leur nom, seules 21 personnes soutiennent la m\u00eame position que les municipalit\u00e9s. Plus de 2 000 d\u2019entre eux souhaitent en fait que la loi reste inchang\u00e9e.<\/p>\n<h2>Les Norv\u00e9giens craignent des drapeaux qui pourraient cr\u00e9er la pol\u00e9mique<\/h2>\n<p><!--more--><\/p>\n<p>Les personnes qui ont exprim\u00e9 leur point de vue craignent des d\u00e9bats inutiles, les poli\u00e9miques, les frustrations ou un manque d\u2019unit\u00e9 dans le&nbsp;pays.<\/p>\n<p>Comme le mentionne un particulier, \u00ab\u202f<em>ceux qui se voient refuser le droit de hisser leur drapeau risquent de se sentir discrimin\u00e9s et trait\u00e9s injustement<\/em>\u202f\u00bb. Une autre personne souligne qu\u2019un nouveau r\u00e8glement peut rendre \u00ab\u202f<em>tr\u00e8s exigeant le fait de fixer des limites au niveau local. [\u2026] Je pense qu\u2019il est tr\u00e8s important qu\u2019\u00e0 une \u00e9poque de polarisation croissante dans de nombreux pays d\u00e9mocratiques, les b\u00e2timents des pouvoirs publics et le symbole de l\u2019autorit\u00e9 locale soient maintenus comme unificateurs<\/em>\u202f\u00bb.<\/p>\n<p>Une pr\u00e9occupation majeure pour les municipalit\u00e9s ou les organisations est en effet la d\u00e9finition de l\u2019int\u00e9r\u00eat g\u00e9n\u00e9ral, afin qu\u2019il n\u2019apporte pas de division au sein de la population.<\/p>\n<p>La municipalit\u00e9 de Fredrikstad, qui compte 80 000 habitants, d\u00e9clare qu\u201d\u202f\u202f\u00bb<em>un acc\u00e8s \u00e9tendu au pavoisement peut conduire \u00e0 des situations de conflit et de division entre les habitants<\/em>\u202f\u00bb.&nbsp; De m\u00eame, l\u2019association Human-Ethical consid\u00e8re que \u00ab\u202f<em>les drapeaux qui peuvent \u00eatre interpr\u00e9t\u00e9s comme un soutien \u00e0 des mouvements controvers\u00e9s ou \u00e0 des organisations qui s\u00e8ment la discorde et des valeurs qui ne sont pas dans l\u2019int\u00e9r\u00eat du public ne devraient pas \u00eatre autoris\u00e9s<\/em>\u202f\u00bb.<\/p>\n<p>Les consultations publiques r\u00e9coltent-elles majoritairement l\u2019avis de ceux qui rejettent les propositions\u202f? Le gouvernement a tout de m\u00eame d\u00e9cid\u00e9 de proposer l\u2019amendement de la&nbsp;loi.<\/p>\n<p><strong><a href=\"https:\/\/www.newsendip.com\/fr\/etiquette\/norvege\/\">D\u00e9couvrez plus d\u2019actualit\u00e9s sur la Norv\u00e8ge<\/a><\/strong><\/p>\n<h3 id=\"ref\">Sources et liens utiles&nbsp;:<\/h3>\n<ul>\n<li><a href=\"https:\/\/www.regjeringen.no\/no\/dokumenter\/prop.-105-l-20202021\/id2838013\/?ch=1\">Prop. 105\u202fL (2020\u20132021)<\/a>, gouvernement norv\u00e9gien, mai 2021, acc\u00e8s&nbsp;libre<\/li>\n<\/ul>\n","protected":false},"excerpt":{"rendered":"<p>Une consultation publique a montr\u00e9 que les Norv\u00e9giens semblaient rejeter une lib\u00e9ralisation du hissage de drapeau sur les b\u00e2timents officiels<\/p>\n","protected":false},"author":1,"featured_media":13542,"comment_status":"closed","ping_status":"closed","sticky":false,"template":"","format":"standard","meta":{"wp_typography_post_enhancements_disabled":false,"footnotes":""},"categories":[409],"tags":[411,427],"class_list":["post-18576","post","type-post","status-publish","format-standard","has-post-thumbnail","hentry","category-societe","tag-actuel","tag-norvege"],"yoast_head":"<!-- This site is optimized with the Yoast SEO Premium plugin v27.4 (Yoast SEO v27.4) - https:\/\/yoast.com\/product\/yoast-seo-premium-wordpress\/ -->\n<title>Les Norv\u00e9giens pr\u00e9f\u00e8rent garder uniquement leur drapeau au sommet des mairies<\/title>\n<meta name=\"description\" content=\"Une consultation publique a montr\u00e9 que les Norv\u00e9giens semblaient rejeter une lib\u00e9ralisation du hissage de drapeau sur les b\u00e2timents officiels\" \/>\n<meta name=\"robots\" content=\"index, follow, max-snippet:-1, max-image-preview:large, max-video-preview:-1\" \/>\n<link rel=\"canonical\" href=\"https:\/\/www.newsendip.com\/fr\/les-norvegiens-preferent-garder-uniquement-leur-drapeau-au-sommet-des-mairies\/\" \/>\n<meta property=\"og:locale\" content=\"fr_FR\" \/>\n<meta property=\"og:type\" content=\"article\" \/>\n<meta property=\"og:title\" content=\"Les Norv\u00e9giens pr\u00e9f\u00e8rent garder uniquement leur drapeau au sommet des mairies\" \/>\n<meta property=\"og:description\" content=\"Une consultation publique a montr\u00e9 que les Norv\u00e9giens semblaient rejeter une lib\u00e9ralisation du hissage de drapeau sur les b\u00e2timents officiels\" \/>\n<meta property=\"og:url\" content=\"https:\/\/www.newsendip.com\/fr\/les-norvegiens-preferent-garder-uniquement-leur-drapeau-au-sommet-des-mairies\/\" \/>\n<meta property=\"og:site_name\" content=\"Newsendip\" \/>\n<meta property=\"article:publisher\" content=\"https:\/\/www.facebook.com\/newsendip\" \/>\n<meta property=\"article:published_time\" content=\"2021-05-07T07:49:08+00:00\" \/>\n<meta property=\"article:modified_time\" content=\"2024-07-23T16:01:17+00:00\" \/>\n<meta property=\"og:image\" content=\"https:\/\/www.newsendip.com\/wp-content\/uploads\/2021\/05\/norway-flag-consultation-law-municipality.jpg\" \/>\n\t<meta property=\"og:image:width\" content=\"320\" \/>\n\t<meta property=\"og:image:height\" content=\"213\" \/>\n\t<meta property=\"og:image:type\" content=\"image\/jpeg\" \/>\n<meta name=\"author\" content=\"Cl\u00e9ment V\u00e9rit\u00e9\" \/>\n<meta name=\"twitter:card\" content=\"summary_large_image\" \/>\n<meta name=\"twitter:creator\" content=\"@https:\/\/twitter.com\/cverite\" \/>\n<meta name=\"twitter:site\" content=\"@newsendip\" \/>\n<meta name=\"twitter:label1\" content=\"\u00c9crit par\" \/>\n\t<meta name=\"twitter:data1\" content=\"Cl\u00e9ment V\u00e9rit\u00e9\" \/>\n\t<meta name=\"twitter:label2\" content=\"Dur\u00e9e de lecture estim\u00e9e\" \/>\n\t<meta name=\"twitter:data2\" content=\"4 minutes\" \/>\n<!-- \/ Yoast SEO Premium plugin. -->","yoast_head_json":{"title":"Les Norv\u00e9giens pr\u00e9f\u00e8rent garder uniquement leur drapeau au sommet des mairies","description":"Une consultation publique a montr\u00e9 que les Norv\u00e9giens semblaient rejeter une lib\u00e9ralisation du hissage de drapeau sur les b\u00e2timents officiels","robots":{"index":"index","follow":"follow","max-snippet":"max-snippet:-1","max-image-preview":"max-image-preview:large","max-video-preview":"max-video-preview:-1"},"canonical":"https:\/\/www.newsendip.com\/fr\/les-norvegiens-preferent-garder-uniquement-leur-drapeau-au-sommet-des-mairies\/","og_locale":"fr_FR","og_type":"article","og_title":"Les Norv\u00e9giens pr\u00e9f\u00e8rent garder uniquement leur drapeau au sommet des mairies","og_description":"Une consultation publique a montr\u00e9 que les Norv\u00e9giens semblaient rejeter une lib\u00e9ralisation du hissage de drapeau sur les b\u00e2timents officiels","og_url":"https:\/\/www.newsendip.com\/fr\/les-norvegiens-preferent-garder-uniquement-leur-drapeau-au-sommet-des-mairies\/","og_site_name":"Newsendip","article_publisher":"https:\/\/www.facebook.com\/newsendip","article_published_time":"2021-05-07T07:49:08+00:00","article_modified_time":"2024-07-23T16:01:17+00:00","og_image":[{"width":320,"height":213,"url":"https:\/\/www.newsendip.com\/wp-content\/uploads\/2021\/05\/norway-flag-consultation-law-municipality.jpg","type":"image\/jpeg"}],"author":"Cl\u00e9ment V\u00e9rit\u00e9","twitter_card":"summary_large_image","twitter_creator":"@https:\/\/twitter.com\/cverite","twitter_site":"@newsendip","twitter_misc":{"\u00c9crit par":"Cl\u00e9ment V\u00e9rit\u00e9","Dur\u00e9e de lecture estim\u00e9e":"4 minutes"},"schema":{"@context":"https:\/\/schema.org","@graph":[{"@type":"NewsArticle","@id":"https:\/\/www.newsendip.com\/fr\/les-norvegiens-preferent-garder-uniquement-leur-drapeau-au-sommet-des-mairies\/#article","isPartOf":{"@id":"https:\/\/www.newsendip.com\/fr\/les-norvegiens-preferent-garder-uniquement-leur-drapeau-au-sommet-des-mairies\/"},"author":{"name":"Cl\u00e9ment V\u00e9rit\u00e9","@id":"https:\/\/www.newsendip.com\/fr\/#\/schema\/person\/ea22c01755f464a3cbc2c619584d6363"},"headline":"Les Norv\u00e9giens pr\u00e9f\u00e8rent garder uniquement leur drapeau au sommet des mairies","datePublished":"2021-05-07T07:49:08+00:00","dateModified":"2024-07-23T16:01:17+00:00","mainEntityOfPage":{"@id":"https:\/\/www.newsendip.com\/fr\/les-norvegiens-preferent-garder-uniquement-leur-drapeau-au-sommet-des-mairies\/"},"wordCount":748,"publisher":{"@id":"https:\/\/www.newsendip.com\/fr\/#organization"},"image":{"@id":"https:\/\/www.newsendip.com\/fr\/les-norvegiens-preferent-garder-uniquement-leur-drapeau-au-sommet-des-mairies\/#primaryimage"},"thumbnailUrl":"https:\/\/www.newsendip.com\/wp-content\/uploads\/2021\/05\/norway-flag-consultation-law-municipality.jpg","keywords":["Actuel","Norv\u00e8ge"],"articleSection":["Soci\u00e9t\u00e9"],"inLanguage":"fr-FR","copyrightYear":"2021","copyrightHolder":{"@id":"https:\/\/www.newsendip.com\/#organization"}},{"@type":"WebPage","@id":"https:\/\/www.newsendip.com\/fr\/les-norvegiens-preferent-garder-uniquement-leur-drapeau-au-sommet-des-mairies\/","url":"https:\/\/www.newsendip.com\/fr\/les-norvegiens-preferent-garder-uniquement-leur-drapeau-au-sommet-des-mairies\/","name":"Les Norv\u00e9giens pr\u00e9f\u00e8rent garder uniquement leur drapeau au sommet des mairies","isPartOf":{"@id":"https:\/\/www.newsendip.com\/fr\/#website"},"primaryImageOfPage":{"@id":"https:\/\/www.newsendip.com\/fr\/les-norvegiens-preferent-garder-uniquement-leur-drapeau-au-sommet-des-mairies\/#primaryimage"},"image":{"@id":"https:\/\/www.newsendip.com\/fr\/les-norvegiens-preferent-garder-uniquement-leur-drapeau-au-sommet-des-mairies\/#primaryimage"},"thumbnailUrl":"https:\/\/www.newsendip.com\/wp-content\/uploads\/2021\/05\/norway-flag-consultation-law-municipality.jpg","datePublished":"2021-05-07T07:49:08+00:00","dateModified":"2024-07-23T16:01:17+00:00","description":"Une consultation publique a montr\u00e9 que les Norv\u00e9giens semblaient rejeter une lib\u00e9ralisation du hissage de drapeau sur les b\u00e2timents officiels","breadcrumb":{"@id":"https:\/\/www.newsendip.com\/fr\/les-norvegiens-preferent-garder-uniquement-leur-drapeau-au-sommet-des-mairies\/#breadcrumb"},"inLanguage":"fr-FR","potentialAction":[{"@type":"ReadAction","target":["https:\/\/www.newsendip.com\/fr\/les-norvegiens-preferent-garder-uniquement-leur-drapeau-au-sommet-des-mairies\/"]}]},{"@type":"ImageObject","inLanguage":"fr-FR","@id":"https:\/\/www.newsendip.com\/fr\/les-norvegiens-preferent-garder-uniquement-leur-drapeau-au-sommet-des-mairies\/#primaryimage","url":"https:\/\/www.newsendip.com\/wp-content\/uploads\/2021\/05\/norway-flag-consultation-law-municipality.jpg","contentUrl":"https:\/\/www.newsendip.com\/wp-content\/uploads\/2021\/05\/norway-flag-consultation-law-municipality.jpg","width":320,"height":213,"caption":"Le drapeau norv\u00e9gien pourrait bient\u00f4t flotter \u00e0 c\u00f4t\u00e9 de drapeaux non officiels sur les b\u00e2timents publics."},{"@type":"BreadcrumbList","@id":"https:\/\/www.newsendip.com\/fr\/les-norvegiens-preferent-garder-uniquement-leur-drapeau-au-sommet-des-mairies\/#breadcrumb","itemListElement":[{"@type":"ListItem","position":1,"name":"Accueil","item":"https:\/\/www.newsendip.com\/fr\/"},{"@type":"ListItem","position":2,"name":"Les Norv\u00e9giens pr\u00e9f\u00e8rent garder uniquement leur drapeau au sommet des mairies"}]},{"@type":"WebSite","@id":"https:\/\/www.newsendip.com\/fr\/#website","url":"https:\/\/www.newsendip.com\/fr\/","name":"Newsendip","description":"Red\u00e9couvrez l&#039;actualit\u00e9 internationale","publisher":{"@id":"https:\/\/www.newsendip.com\/fr\/#organization"},"potentialAction":[{"@type":"SearchAction","target":{"@type":"EntryPoint","urlTemplate":"https:\/\/www.newsendip.com\/fr\/?s={search_term_string}"},"query-input":{"@type":"PropertyValueSpecification","valueRequired":true,"valueName":"search_term_string"}}],"inLanguage":"fr-FR"},{"@type":"Organization","@id":"https:\/\/www.newsendip.com\/fr\/#organization","name":"Newsendip","url":"https:\/\/www.newsendip.com\/fr\/","logo":{"@type":"ImageObject","inLanguage":"fr-FR","@id":"https:\/\/www.newsendip.com\/fr\/#\/schema\/logo\/image\/","url":"https:\/\/www.newsendip.com\/wp-content\/uploads\/2023\/12\/512x512.svg","contentUrl":"https:\/\/www.newsendip.com\/wp-content\/uploads\/2023\/12\/512x512.svg","width":1,"height":1,"caption":"Newsendip"},"image":{"@id":"https:\/\/www.newsendip.com\/fr\/#\/schema\/logo\/image\/"},"sameAs":["https:\/\/www.facebook.com\/newsendip","https:\/\/x.com\/newsendip","https:\/\/mastodon.social\/@newsendip","https:\/\/www.linkedin.com\/company\/newsendip"],"description":"Newsendip est un site qui a pour mission de rendre l'actualit\u00e9 internationale accessible et diversifi\u00e9e","email":"contact@newsendip.com","legalName":"Newsendip SAS","foundingDate":"2022-11-04","vatID":"FR60921124723","numberOfEmployees":{"@type":"QuantitativeValue","minValue":"1","maxValue":"10"},"publishingPrinciples":"https:\/\/www.newsendip.com\/about-us\/","ownershipFundingInfo":"https:\/\/www.newsendip.com\/legal-notice\/","actionableFeedbackPolicy":"https:\/\/www.newsendip.com\/about-us\/","correctionsPolicy":"https:\/\/www.newsendip.com\/about-us\/","ethicsPolicy":"https:\/\/www.newsendip.com\/about-us\/","diversityPolicy":"https:\/\/www.newsendip.com\/about-us\/"},{"@type":"Person","@id":"https:\/\/www.newsendip.com\/fr\/#\/schema\/person\/ea22c01755f464a3cbc2c619584d6363","name":"Cl\u00e9ment V\u00e9rit\u00e9","description":"Cl\u00e9ment is the executive editor and founder of Newsendip. He started in the media industry as a freelance reporter at 16 for a local French newspaper after school and has never left it. He later worked for seven years at The New York Times, notably as a data analyst. He holds a Master of Management in France and a Master of Arts in the United Kingdom in International Marketing &amp; Communications Strategy. He has lived in France, the United Kingdom, and Italy.","sameAs":["https:\/\/www.newsendip.com\/","https:\/\/www.linkedin.com\/in\/clementverite\/","https:\/\/x.com\/https:\/\/twitter.com\/cverite"],"knowsAbout":["News","International","Business","Media monitoring"],"knowsLanguage":["English","French","Italian","Spanish"],"url":"https:\/\/www.newsendip.com\/fr\/author\/clement-verite\/"}]}},"_links":{"self":[{"href":"https:\/\/www.newsendip.com\/fr\/wp-json\/wp\/v2\/posts\/18576","targetHints":{"allow":["GET"]}}],"collection":[{"href":"https:\/\/www.newsendip.com\/fr\/wp-json\/wp\/v2\/posts"}],"about":[{"href":"https:\/\/www.newsendip.com\/fr\/wp-json\/wp\/v2\/types\/post"}],"author":[{"embeddable":true,"href":"https:\/\/www.newsendip.com\/fr\/wp-json\/wp\/v2\/users\/1"}],"replies":[{"embeddable":true,"href":"https:\/\/www.newsendip.com\/fr\/wp-json\/wp\/v2\/comments?post=18576"}],"version-history":[{"count":0,"href":"https:\/\/www.newsendip.com\/fr\/wp-json\/wp\/v2\/posts\/18576\/revisions"}],"wp:featuredmedia":[{"embeddable":true,"href":"https:\/\/www.newsendip.com\/fr\/wp-json\/wp\/v2\/media\/13542"}],"wp:attachment":[{"href":"https:\/\/www.newsendip.com\/fr\/wp-json\/wp\/v2\/media?parent=18576"}],"wp:term":[{"taxonomy":"category","embeddable":true,"href":"https:\/\/www.newsendip.com\/fr\/wp-json\/wp\/v2\/categories?post=18576"},{"taxonomy":"post_tag","embeddable":true,"href":"https:\/\/www.newsendip.com\/fr\/wp-json\/wp\/v2\/tags?post=18576"}],"curies":[{"name":"wp","href":"https:\/\/api.w.org\/{rel}","templated":true}]}}