{"id":18644,"date":"2021-03-17T17:53:08","date_gmt":"2021-03-17T16:53:08","guid":{"rendered":"https:\/\/www.newsendip.com\/?p=18644"},"modified":"2024-07-23T18:09:41","modified_gmt":"2024-07-23T16:09:41","slug":"lagence-de-securite-australienne-arrete-les-references-a-lextremisme-islamique-ou-a-lextreme-droite","status":"publish","type":"post","link":"https:\/\/www.newsendip.com\/fr\/lagence-de-securite-australienne-arrete-les-references-a-lextremisme-islamique-ou-a-lextreme-droite\/","title":{"rendered":"L\u2019agence de s\u00e9curit\u00e9 australienne arr\u00eate les r\u00e9f\u00e9rences \u00e0 l\u2019extr\u00e9misme islamique ou \u00e0 l\u2019extr\u00eame droite"},"content":{"rendered":"<p><strong>L\u2019agence de renseignement et de s\u00e9curit\u00e9 australienne ne fera plus r\u00e9f\u00e9rence \u00e0 de l\u2019extr\u00e9misme islamique, d\u2019extr\u00eame droite ou d\u2019extr\u00eame gauche. L\u2019objectif est de se concentrer sur les faits de violence et de mieux d\u00e9crire des probl\u00e8mes de s\u00e9curit\u00e9 complexes et en constante \u00e9volution. La pand\u00e9mie a \u00e9galement acc\u00e9l\u00e9r\u00e9 la diffusion des r\u00e9cits extr\u00e9mistes et modifi\u00e9 les op\u00e9rations d\u2019espionnage.<\/strong><\/p>\n<figure id=\"attachment_13485\" aria-describedby=\"caption-attachment-13485\" style=\"width: 320px\" class=\"wp-caption aligncenter\"><img decoding=\"async\" class=\"wp-image-13485 size-full\" src=\"https:\/\/www.newsendip.com\/wp-content\/uploads\/2021\/03\/ASIO_New_Central_Office.jpg\" alt=\"Le si\u00e8ge de l'Australian Security Intelligence Organisation \u00e0 Canberra en Australie\" width=\"320\" height=\"198\" srcset=\"https:\/\/www.newsendip.com\/wp-content\/uploads\/2021\/03\/ASIO_New_Central_Office.jpg 320w, https:\/\/www.newsendip.com\/wp-content\/uploads\/2021\/03\/ASIO_New_Central_Office-60x37.jpg 60w, https:\/\/www.newsendip.com\/wp-content\/uploads\/2021\/03\/ASIO_New_Central_Office-300x186.jpg 300w\" sizes=\"(max-width: 320px) 100vw, 320px\"><figcaption id=\"caption-attachment-13485\" class=\"wp-caption-text\">Le si\u00e8ge de l\u2019Australian Security Intelligence Organisation \u00e0 Canberra en Australie | Canley<\/figcaption><\/figure>\n<h2>Les mots comptent<\/h2>\n<p>Lors de l\u2019<a href=\"#ref\">\u00c9valuation annuelle des menaces<\/a>, Mike Burgess, directeur g\u00e9n\u00e9ral de l\u2019Australian Security Intelligence Organization (ASIO), a pris un moment pour expliquer le nouveau langage que l\u2019agence utilisera \u00e0 l\u2019avenir.<\/p>\n<p>Les menaces pour la s\u00e9curit\u00e9 seront d\u00e9sormais d\u00e9sign\u00e9es par les termes \u00ab\u202f<em>extr\u00e9misme violent \u00e0 motivation religieuse<\/em>\u202f\u00bb ou \u00ab\u202f<em>extr\u00e9misme violent \u00e0 motivation id\u00e9ologique\u202f\u00bb<\/em>. Le directeur g\u00e9n\u00e9ral de l\u2019ASIO a soulign\u00e9 l\u2019importance des mots utilis\u00e9s. \u00ab\u202f<em>Ils peuvent \u00eatre tr\u00e8s puissants dans la mani\u00e8re dont ils cadrent une question et dont ils font r\u00e9fl\u00e9chir les personnes sur les probl\u00e8mes<\/em>\u202f\u00bb.<\/p>\n<p>Les autorit\u00e9s parleront donc de <strong>violence \u00e0 motivation religieuse au lieu d\u2019extr\u00e9misme islamique<\/strong>. L\u2019objectif est d\u2019\u00e9viter de porter atteinte \u00e0 l\u2019islam, de le d\u00e9former ou de cr\u00e9er des divisions st\u00e9r\u00e9otyp\u00e9es.<\/p>\n<p>Le directeur souligne que la formulation utilise des termes g\u00e9n\u00e9raux, mais que certaines circonstances n\u00e9cessiteraient de singularise une menace sp\u00e9cifique.<\/p>\n<h2>Des nouvelles formes d\u2019extr\u00e9misme<\/h2>\n<p>Ce changement est \u00e9galement le signe d\u2019une \u00e9volution de l\u2019environnement s\u00e9curitaire. Un grand nombre d\u2019individus ou de groupes ne correspondent plus au spectre politique traditionnel gauche-droite. Un nombre croissant d\u2019id\u00e9ologies sont \u00ab\u202f<em>motiv\u00e9es par la crainte d\u2019un effondrement de la soci\u00e9t\u00e9, par un ressentiment social ou \u00e9conomique ou un complotisme<\/em>\u202f\u00bb.<\/p>\n<p>L\u2019incel, une id\u00e9ologie motiv\u00e9e par la col\u00e8re sociale, ne se conforme par exemple pas aux revendications politiques traditionnelles. Les incels, pour c\u00e9libataires involontaires en anglais, sont pour la plupart des hommes qui se consid\u00e8rent comme incapables de trouver l\u2019amour ou des partenaires sexuels et accusent les femmes pour cela. En 2020, le <a href=\"https:\/\/www.bbc.com\/news\/world-us-canada-52733060\">Canada a consid\u00e9r\u00e9 un meurtre li\u00e9 \u00e0 l\u2019id\u00e9ologie incel<\/a> comme un acte terroriste.<\/p>\n<p>Il est \u00e9galement plus difficile d\u2019identifier ou de surveiller ces menaces pour la s\u00e9curit\u00e9. Ce n\u2019est plus aussi \u00e9vident que les \u00ab\u202f<em>skinheads avec la croix gamm\u00e9e tatou\u00e9e<\/em>\u202f\u00bb qui promeuvent le nazisme, selon le directeur.<!--more--><\/p>\n<p>Pour l\u2019\u00e9quivalent australien du MI5 britannique ou de la CIA am\u00e9ricaine, les extr\u00e9mistes id\u00e9ologiques sont jeunes, 25 ans en moyenne, \u00ab\u202f<em>bien \u00e9duqu\u00e9s, s\u2019exprimant bien, issus de la classe moyenne<\/em>\u202f\u00bb, qui \u00e9vitent de se faire remarquer et qui sont \u00ab\u202f<em>en grande majorit\u00e9 des hommes<\/em>\u202f\u00bb. De nombreuses personnes en Australie pourraient en effet correspondre \u00e0 cette description sans repr\u00e9senter un danger.<\/p>\n<p>La crise sanitaire de Covid-19 a \u00e9galement favoris\u00e9 la radicalisation en ligne. \u00ab\u202f<em>Plus de temps en ligne chez soi signifie plus de temps dans la chambre d\u2019\u00e9cho d\u2019internet sur le chemin de la radicalisation<\/em>\u202f\u00bb. La diminution des interactions sociales dans la vie r\u00e9elle a \u00e9galement r\u00e9duit le contact avec des \u00ab\u202f<em>coupe-circuits<\/em>\u202f\u00bb, un entourage qui permette de revenir \u00e0 la raison.<\/p>\n<h2>Le contre-espionnage doit s\u2019adapter au COVID-19<\/h2>\n<p>COVID-19 s\u2019est av\u00e9r\u00e9 \u00eatre l\u2019occasion de renforcer les th\u00e9ories du complot, de d\u00e9peindre la soci\u00e9t\u00e9 actuelle comme imparfaite et d\u00e9faillante, ou encore de diffuser des th\u00e9ories sur \u00ab\u202f<em>l\u2019effondrement de la soci\u00e9t\u00e9 et une guerre raciale<\/em>\u202f\u00bb. \u00c0 ce titre, l\u2019agence a \u00e9galement remarqu\u00e9 que des extr\u00e9mistes cherchaient \u00e0 acheter des armes ou \u00e0 stocker des munitions et des provisions dans cette perspective.<\/p>\n<p>Les restrictions de d\u00e9placement ne suppriment pas les menaces, qui restent au niveau de \u00ab\u202f<em>probable<\/em>\u202f\u00bb en Australie, le 3e niveau sur une \u00e9chelle de&nbsp;5.<\/p>\n<p>\u00ab\u202f<em>Internet a un effet amplificateur pour l\u2019extr\u00e9misme<\/em>\u202f\u00bb. Et des actualit\u00e9s extraordinaires, comme les \u00e9lections pr\u00e9sidentielles am\u00e9ricaines ou la crise du COVID-19 sont opportun\u00e9ment utilis\u00e9s \u00e0 des fins de propagande. \u00ab\u202f<em>Les extr\u00e9mistes id\u00e9ologiques sont d\u00e9sormais plus r\u00e9actifs aux \u00e9v\u00e9nements mondiaux<\/em>\u202f\u00bb.<\/p>\n<p>Le virus a m\u00eame pu \u00eatre qualifi\u00e9 de \u00ab\u202f<em>r\u00e9tribution divine contre l\u2019Occident pour la pers\u00e9cution per\u00e7ue des musulmans<\/em>\u202f\u00bb.<\/p>\n<p>Les restrictions en mati\u00e8re de mobilit\u00e9 et de rencontres sociales ont \u00e9galement affect\u00e9 le mode de fonctionnement des <a href=\"https:\/\/www.newsendip.com\/fr\/la-loi-sur-le-renseignement-surveillance-en-baviere-devait-etre-plus-stricte-selon-la-cour-constitutionnelle-allemagne\/\">services de renseignement<\/a> et de contre-espionnage. En cons\u00e9quence, une grande partie des activit\u00e9s d\u2019espionnage, de contre-espionnage et de collecte d\u2019informations secr\u00e8tes ont migr\u00e9 en&nbsp;ligne.<\/p>\n<p><strong><a href=\"https:\/\/www.newsendip.com\/fr\/etiquette\/australie\/\">D\u00e9couvrez plus d\u2019actualit\u00e9s d\u2019Australie<\/a><\/strong><\/p>\n<h3 id=\"ref\">Liens utiles&nbsp;:<\/h3>\n<ul>\n<li><a href=\"https:\/\/www.asio.gov.au\/publications\/speeches-and-statements\/director-generals-annual-threat-assessment-2021.html\">Director general\u2019s annual threat assessment<\/a>, ASIO, mars 2021, acc\u00e8s&nbsp;libre<\/li>\n<\/ul>\n","protected":false},"excerpt":{"rendered":"<p>L\u2019agence de renseignement et de s\u00e9curit\u00e9 australienne ne fera plus r\u00e9f\u00e9rence \u00e0 de l\u2019extr\u00e9misme islamique, d\u2019extr\u00eame droite ou d\u2019extr\u00eame gauche. L\u2019objectif est de se concentrer sur les faits de violence et de mieux d\u00e9crire des probl\u00e8mes de s\u00e9curit\u00e9 complexes et en constante \u00e9volution. La pand\u00e9mie a \u00e9galement acc\u00e9l\u00e9r\u00e9 la diffusion des r\u00e9cits extr\u00e9mistes et modifi\u00e9 les op\u00e9rations d\u2019espionnage. Les mots comptent Lors de l\u2019\u00c9valuation annuelle des menaces, Mike Burgess, directeur g\u00e9n\u00e9ral de l\u2019Australian Security Intelligence Organization (ASIO), a pris un moment pour expliquer le nouveau langage que l\u2019agence utilisera \u00e0 l\u2019avenir. Les menaces pour la s\u00e9curit\u00e9 seront d\u00e9sormais d\u00e9sign\u00e9es par<\/p>\n","protected":false},"author":1,"featured_media":13485,"comment_status":"closed","ping_status":"closed","sticky":false,"template":"","format":"standard","meta":{"wp_typography_post_enhancements_disabled":false,"footnotes":""},"categories":[416],"tags":[411,413],"class_list":["post-18644","post","type-post","status-publish","format-standard","has-post-thumbnail","hentry","category-politique","tag-actuel","tag-australie"],"yoast_head":"<!-- This site is optimized with the Yoast SEO Premium plugin v27.4 (Yoast SEO v27.4) - https:\/\/yoast.com\/product\/yoast-seo-premium-wordpress\/ -->\n<title>L&#039;agence de s\u00e9curit\u00e9 australienne arr\u00eate les r\u00e9f\u00e9rences \u00e0 l&#039;extr\u00e9misme islamique ou \u00e0 l&#039;extr\u00eame droite<\/title>\n<meta name=\"description\" content=\"L&#039;agence de renseignement et de s\u00e9curit\u00e9 australienne ne fera plus r\u00e9f\u00e9rence \u00e0 de l&#039;extr\u00e9misme islamique, d&#039;extr\u00eame droite ou d&#039;extr\u00eame gauche. L&#039;objectif\" \/>\n<meta name=\"robots\" content=\"index, follow, max-snippet:-1, max-image-preview:large, max-video-preview:-1\" \/>\n<link rel=\"canonical\" href=\"https:\/\/www.newsendip.com\/fr\/lagence-de-securite-australienne-arrete-les-references-a-lextremisme-islamique-ou-a-lextreme-droite\/\" \/>\n<meta property=\"og:locale\" content=\"fr_FR\" \/>\n<meta property=\"og:type\" content=\"article\" \/>\n<meta property=\"og:title\" content=\"L&#039;agence de s\u00e9curit\u00e9 australienne arr\u00eate les r\u00e9f\u00e9rences \u00e0 l&#039;extr\u00e9misme islamique ou \u00e0 l&#039;extr\u00eame droite\" \/>\n<meta property=\"og:description\" content=\"L&#039;agence de renseignement et de s\u00e9curit\u00e9 australienne ne fera plus r\u00e9f\u00e9rence \u00e0 de l&#039;extr\u00e9misme islamique, d&#039;extr\u00eame droite ou d&#039;extr\u00eame gauche. L&#039;objectif\" \/>\n<meta property=\"og:url\" content=\"https:\/\/www.newsendip.com\/fr\/lagence-de-securite-australienne-arrete-les-references-a-lextremisme-islamique-ou-a-lextreme-droite\/\" \/>\n<meta property=\"og:site_name\" content=\"Newsendip\" \/>\n<meta property=\"article:publisher\" content=\"https:\/\/www.facebook.com\/newsendip\" \/>\n<meta property=\"article:published_time\" content=\"2021-03-17T16:53:08+00:00\" \/>\n<meta property=\"article:modified_time\" content=\"2024-07-23T16:09:41+00:00\" \/>\n<meta property=\"og:image\" content=\"https:\/\/www.newsendip.com\/wp-content\/uploads\/2021\/03\/ASIO_New_Central_Office.jpg\" \/>\n\t<meta property=\"og:image:width\" content=\"320\" \/>\n\t<meta property=\"og:image:height\" content=\"198\" \/>\n\t<meta property=\"og:image:type\" content=\"image\/jpeg\" \/>\n<meta name=\"author\" content=\"Cl\u00e9ment V\u00e9rit\u00e9\" \/>\n<meta name=\"twitter:card\" content=\"summary_large_image\" \/>\n<meta name=\"twitter:creator\" content=\"@https:\/\/twitter.com\/cverite\" \/>\n<meta name=\"twitter:site\" content=\"@newsendip\" \/>\n<meta name=\"twitter:label1\" content=\"\u00c9crit par\" \/>\n\t<meta name=\"twitter:data1\" content=\"Cl\u00e9ment V\u00e9rit\u00e9\" \/>\n\t<meta name=\"twitter:label2\" content=\"Dur\u00e9e de lecture estim\u00e9e\" \/>\n\t<meta name=\"twitter:data2\" content=\"4 minutes\" \/>\n<!-- \/ Yoast SEO Premium plugin. -->","yoast_head_json":{"title":"L'agence de s\u00e9curit\u00e9 australienne arr\u00eate les r\u00e9f\u00e9rences \u00e0 l'extr\u00e9misme islamique ou \u00e0 l'extr\u00eame droite","description":"L'agence de renseignement et de s\u00e9curit\u00e9 australienne ne fera plus r\u00e9f\u00e9rence \u00e0 de l'extr\u00e9misme islamique, d'extr\u00eame droite ou d'extr\u00eame gauche. L'objectif","robots":{"index":"index","follow":"follow","max-snippet":"max-snippet:-1","max-image-preview":"max-image-preview:large","max-video-preview":"max-video-preview:-1"},"canonical":"https:\/\/www.newsendip.com\/fr\/lagence-de-securite-australienne-arrete-les-references-a-lextremisme-islamique-ou-a-lextreme-droite\/","og_locale":"fr_FR","og_type":"article","og_title":"L'agence de s\u00e9curit\u00e9 australienne arr\u00eate les r\u00e9f\u00e9rences \u00e0 l'extr\u00e9misme islamique ou \u00e0 l'extr\u00eame droite","og_description":"L'agence de renseignement et de s\u00e9curit\u00e9 australienne ne fera plus r\u00e9f\u00e9rence \u00e0 de l'extr\u00e9misme islamique, d'extr\u00eame droite ou d'extr\u00eame gauche. L'objectif","og_url":"https:\/\/www.newsendip.com\/fr\/lagence-de-securite-australienne-arrete-les-references-a-lextremisme-islamique-ou-a-lextreme-droite\/","og_site_name":"Newsendip","article_publisher":"https:\/\/www.facebook.com\/newsendip","article_published_time":"2021-03-17T16:53:08+00:00","article_modified_time":"2024-07-23T16:09:41+00:00","og_image":[{"width":320,"height":198,"url":"https:\/\/www.newsendip.com\/wp-content\/uploads\/2021\/03\/ASIO_New_Central_Office.jpg","type":"image\/jpeg"}],"author":"Cl\u00e9ment V\u00e9rit\u00e9","twitter_card":"summary_large_image","twitter_creator":"@https:\/\/twitter.com\/cverite","twitter_site":"@newsendip","twitter_misc":{"\u00c9crit par":"Cl\u00e9ment V\u00e9rit\u00e9","Dur\u00e9e de lecture estim\u00e9e":"4 minutes"},"schema":{"@context":"https:\/\/schema.org","@graph":[{"@type":"NewsArticle","@id":"https:\/\/www.newsendip.com\/fr\/lagence-de-securite-australienne-arrete-les-references-a-lextremisme-islamique-ou-a-lextreme-droite\/#article","isPartOf":{"@id":"https:\/\/www.newsendip.com\/fr\/lagence-de-securite-australienne-arrete-les-references-a-lextremisme-islamique-ou-a-lextreme-droite\/"},"author":{"name":"Cl\u00e9ment V\u00e9rit\u00e9","@id":"https:\/\/www.newsendip.com\/fr\/#\/schema\/person\/ea22c01755f464a3cbc2c619584d6363"},"headline":"L\u2019agence de s\u00e9curit\u00e9 australienne arr\u00eate les r\u00e9f\u00e9rences \u00e0 l\u2019extr\u00e9misme islamique ou \u00e0 l\u2019extr\u00eame droite","datePublished":"2021-03-17T16:53:08+00:00","dateModified":"2024-07-23T16:09:41+00:00","mainEntityOfPage":{"@id":"https:\/\/www.newsendip.com\/fr\/lagence-de-securite-australienne-arrete-les-references-a-lextremisme-islamique-ou-a-lextreme-droite\/"},"wordCount":839,"publisher":{"@id":"https:\/\/www.newsendip.com\/fr\/#organization"},"image":{"@id":"https:\/\/www.newsendip.com\/fr\/lagence-de-securite-australienne-arrete-les-references-a-lextremisme-islamique-ou-a-lextreme-droite\/#primaryimage"},"thumbnailUrl":"https:\/\/www.newsendip.com\/wp-content\/uploads\/2021\/03\/ASIO_New_Central_Office.jpg","keywords":["Actuel","Australie"],"articleSection":["Politique"],"inLanguage":"fr-FR","copyrightYear":"2021","copyrightHolder":{"@id":"https:\/\/www.newsendip.com\/#organization"}},{"@type":"WebPage","@id":"https:\/\/www.newsendip.com\/fr\/lagence-de-securite-australienne-arrete-les-references-a-lextremisme-islamique-ou-a-lextreme-droite\/","url":"https:\/\/www.newsendip.com\/fr\/lagence-de-securite-australienne-arrete-les-references-a-lextremisme-islamique-ou-a-lextreme-droite\/","name":"L'agence de s\u00e9curit\u00e9 australienne arr\u00eate les r\u00e9f\u00e9rences \u00e0 l'extr\u00e9misme islamique ou \u00e0 l'extr\u00eame droite","isPartOf":{"@id":"https:\/\/www.newsendip.com\/fr\/#website"},"primaryImageOfPage":{"@id":"https:\/\/www.newsendip.com\/fr\/lagence-de-securite-australienne-arrete-les-references-a-lextremisme-islamique-ou-a-lextreme-droite\/#primaryimage"},"image":{"@id":"https:\/\/www.newsendip.com\/fr\/lagence-de-securite-australienne-arrete-les-references-a-lextremisme-islamique-ou-a-lextreme-droite\/#primaryimage"},"thumbnailUrl":"https:\/\/www.newsendip.com\/wp-content\/uploads\/2021\/03\/ASIO_New_Central_Office.jpg","datePublished":"2021-03-17T16:53:08+00:00","dateModified":"2024-07-23T16:09:41+00:00","description":"L'agence de renseignement et de s\u00e9curit\u00e9 australienne ne fera plus r\u00e9f\u00e9rence \u00e0 de l'extr\u00e9misme islamique, d'extr\u00eame droite ou d'extr\u00eame gauche. L'objectif","breadcrumb":{"@id":"https:\/\/www.newsendip.com\/fr\/lagence-de-securite-australienne-arrete-les-references-a-lextremisme-islamique-ou-a-lextreme-droite\/#breadcrumb"},"inLanguage":"fr-FR","potentialAction":[{"@type":"ReadAction","target":["https:\/\/www.newsendip.com\/fr\/lagence-de-securite-australienne-arrete-les-references-a-lextremisme-islamique-ou-a-lextreme-droite\/"]}]},{"@type":"ImageObject","inLanguage":"fr-FR","@id":"https:\/\/www.newsendip.com\/fr\/lagence-de-securite-australienne-arrete-les-references-a-lextremisme-islamique-ou-a-lextreme-droite\/#primaryimage","url":"https:\/\/www.newsendip.com\/wp-content\/uploads\/2021\/03\/ASIO_New_Central_Office.jpg","contentUrl":"https:\/\/www.newsendip.com\/wp-content\/uploads\/2021\/03\/ASIO_New_Central_Office.jpg","width":320,"height":198,"caption":"Le si\u00e8ge de l'Australian Security Intelligence Organisation \u00e0 Canberra en Australie | Canley"},{"@type":"BreadcrumbList","@id":"https:\/\/www.newsendip.com\/fr\/lagence-de-securite-australienne-arrete-les-references-a-lextremisme-islamique-ou-a-lextreme-droite\/#breadcrumb","itemListElement":[{"@type":"ListItem","position":1,"name":"Accueil","item":"https:\/\/www.newsendip.com\/fr\/"},{"@type":"ListItem","position":2,"name":"L&#8217;agence de s\u00e9curit\u00e9 australienne arr\u00eate les r\u00e9f\u00e9rences \u00e0 l&#8217;extr\u00e9misme islamique ou \u00e0 l&#8217;extr\u00eame droite"}]},{"@type":"WebSite","@id":"https:\/\/www.newsendip.com\/fr\/#website","url":"https:\/\/www.newsendip.com\/fr\/","name":"Newsendip","description":"Red\u00e9couvrez l&#039;actualit\u00e9 internationale","publisher":{"@id":"https:\/\/www.newsendip.com\/fr\/#organization"},"potentialAction":[{"@type":"SearchAction","target":{"@type":"EntryPoint","urlTemplate":"https:\/\/www.newsendip.com\/fr\/?s={search_term_string}"},"query-input":{"@type":"PropertyValueSpecification","valueRequired":true,"valueName":"search_term_string"}}],"inLanguage":"fr-FR"},{"@type":"Organization","@id":"https:\/\/www.newsendip.com\/fr\/#organization","name":"Newsendip","url":"https:\/\/www.newsendip.com\/fr\/","logo":{"@type":"ImageObject","inLanguage":"fr-FR","@id":"https:\/\/www.newsendip.com\/fr\/#\/schema\/logo\/image\/","url":"https:\/\/www.newsendip.com\/wp-content\/uploads\/2023\/12\/512x512.svg","contentUrl":"https:\/\/www.newsendip.com\/wp-content\/uploads\/2023\/12\/512x512.svg","width":1,"height":1,"caption":"Newsendip"},"image":{"@id":"https:\/\/www.newsendip.com\/fr\/#\/schema\/logo\/image\/"},"sameAs":["https:\/\/www.facebook.com\/newsendip","https:\/\/x.com\/newsendip","https:\/\/mastodon.social\/@newsendip","https:\/\/www.linkedin.com\/company\/newsendip"],"description":"Newsendip est un site qui a pour mission de rendre l'actualit\u00e9 internationale accessible et diversifi\u00e9e","email":"contact@newsendip.com","legalName":"Newsendip SAS","foundingDate":"2022-11-04","vatID":"FR60921124723","numberOfEmployees":{"@type":"QuantitativeValue","minValue":"1","maxValue":"10"},"publishingPrinciples":"https:\/\/www.newsendip.com\/about-us\/","ownershipFundingInfo":"https:\/\/www.newsendip.com\/legal-notice\/","actionableFeedbackPolicy":"https:\/\/www.newsendip.com\/about-us\/","correctionsPolicy":"https:\/\/www.newsendip.com\/about-us\/","ethicsPolicy":"https:\/\/www.newsendip.com\/about-us\/","diversityPolicy":"https:\/\/www.newsendip.com\/about-us\/"},{"@type":"Person","@id":"https:\/\/www.newsendip.com\/fr\/#\/schema\/person\/ea22c01755f464a3cbc2c619584d6363","name":"Cl\u00e9ment V\u00e9rit\u00e9","description":"Cl\u00e9ment is the executive editor and founder of Newsendip. He started in the media industry as a freelance reporter at 16 for a local French newspaper after school and has never left it. He later worked for seven years at The New York Times, notably as a data analyst. He holds a Master of Management in France and a Master of Arts in the United Kingdom in International Marketing &amp; Communications Strategy. He has lived in France, the United Kingdom, and Italy.","sameAs":["https:\/\/www.newsendip.com\/","https:\/\/www.linkedin.com\/in\/clementverite\/","https:\/\/x.com\/https:\/\/twitter.com\/cverite"],"knowsAbout":["News","International","Business","Media monitoring"],"knowsLanguage":["English","French","Italian","Spanish"],"url":"https:\/\/www.newsendip.com\/fr\/author\/clement-verite\/"}]}},"_links":{"self":[{"href":"https:\/\/www.newsendip.com\/fr\/wp-json\/wp\/v2\/posts\/18644","targetHints":{"allow":["GET"]}}],"collection":[{"href":"https:\/\/www.newsendip.com\/fr\/wp-json\/wp\/v2\/posts"}],"about":[{"href":"https:\/\/www.newsendip.com\/fr\/wp-json\/wp\/v2\/types\/post"}],"author":[{"embeddable":true,"href":"https:\/\/www.newsendip.com\/fr\/wp-json\/wp\/v2\/users\/1"}],"replies":[{"embeddable":true,"href":"https:\/\/www.newsendip.com\/fr\/wp-json\/wp\/v2\/comments?post=18644"}],"version-history":[{"count":0,"href":"https:\/\/www.newsendip.com\/fr\/wp-json\/wp\/v2\/posts\/18644\/revisions"}],"wp:featuredmedia":[{"embeddable":true,"href":"https:\/\/www.newsendip.com\/fr\/wp-json\/wp\/v2\/media\/13485"}],"wp:attachment":[{"href":"https:\/\/www.newsendip.com\/fr\/wp-json\/wp\/v2\/media?parent=18644"}],"wp:term":[{"taxonomy":"category","embeddable":true,"href":"https:\/\/www.newsendip.com\/fr\/wp-json\/wp\/v2\/categories?post=18644"},{"taxonomy":"post_tag","embeddable":true,"href":"https:\/\/www.newsendip.com\/fr\/wp-json\/wp\/v2\/tags?post=18644"}],"curies":[{"name":"wp","href":"https:\/\/api.w.org\/{rel}","templated":true}]}}