{"id":18652,"date":"2022-02-10T18:58:00","date_gmt":"2022-02-10T17:58:00","guid":{"rendered":"https:\/\/www.newsendip.com\/?p=18652"},"modified":"2023-09-05T18:39:27","modified_gmt":"2023-09-05T16:39:27","slug":"les-politiques-roumains-interdits-de-filmer-et-streamer-en-direct-les-debats-au-parlement","status":"publish","type":"post","link":"https:\/\/www.newsendip.com\/fr\/les-politiques-roumains-interdits-de-filmer-et-streamer-en-direct-les-debats-au-parlement\/","title":{"rendered":"Les politiques roumains interdits de filmer et streamer en direct les d\u00e9bats au Parlement"},"content":{"rendered":"<p><strong>Les parlementaires roumains ne sont plus autoris\u00e9s \u00e0 filmer et \u00e0 diffuser en direct les s\u00e9ances du Parlement. Cette d\u00e9cision fait suite \u00e0 une empoignade lors du discours du ministre de l\u2019\u00e9nergie \u00e0 la tribune de la Chambre des d\u00e9put\u00e9s.<br>\n<\/strong><\/p>\n<p>Le Parlement roumain a adopt\u00e9 le 9 f\u00e9vrier des amendements au r\u00e8glement int\u00e9rieur de la Chambre, un jour apr\u00e8s avoir \u00e9t\u00e9 propos\u00e9s par trois partis politiques.<\/p>\n<p>Selon les nouvelles r\u00e8gles, le recours \u00e0 la violence verbale ou physique est express\u00e9ment interdit.<\/p>\n<p>Les personnes ne seront pas autoris\u00e9es \u00e0 diffuser et \u00e0 retransmettre en direct, comme avec Facebook Live, les sessions pl\u00e9ni\u00e8res du Parlement, les r\u00e9unions des commissions et les d\u00e9bats.<\/p>\n<p>Seules les images officielles approuv\u00e9es par la Chambre des d\u00e9put\u00e9s, ou les m\u00e9dias ayant re\u00e7u une autorisation en bonne et due forme, seront d\u00e9sormais autoris\u00e9es \u00e0 informer les Roumains des d\u00e9bats publics.<\/p>\n<p>L\u2019affichage de banni\u00e8res politiques est \u00e9galement interdit.<\/p>\n<p>Toute infraction \u00e0 ces r\u00e8gles peut entra\u00eener une r\u00e9duction du temps de parole \u00e0 10 secondes lors des sessions pendant trois mois, une diminution de 50\u202f% du salaire, ou encore l\u2019interdiction pour les employ\u00e9s du Parlement d\u2019aider les contrevenants.<\/p>\n<p>De plus en plus de politiques utilisent les r\u00e9seaux sociaux en direct comme <a href=\"https:\/\/www.newsendip.com\/fr\/la-violence-frappe-le-parlement-tunisien-a-propos-dun-fonds-qatari\/\">outil de communication sans interm\u00e9diaire avec les \u00e9lecteurs<\/a>. Mais le live stream est aussi critiqu\u00e9 pour son manque de contr\u00f4le sur le contenu, et les personnes peuvent aussi l\u2019utiliser pour des coups de communication.<\/p>\n<p>Six associations non gouvernementales ont <a href=\"https:\/\/www.facebook.com\/ActiveWatch\/posts\/5319610964734857\">sign\u00e9 une lettre ouverte<\/a> d\u00e9non\u00e7ant les amendements. Elles ont estim\u00e9 qu\u2019ils rendraient le corps l\u00e9gislatif roumain encore plus opaque qu\u2019il ne l\u2019est aujourd\u2019hui.<\/p>\n<p>\u00ab\u202f<em>L\u2019interdiction d\u2019afficher des banderoles au Parlement, ainsi que l\u2019interdiction de filmer ou de diffuser en direct sur Internet, constituent, selon nous, une restriction de la libert\u00e9 d\u2019expression, qui est un droit fondamental d\u2019autant plus prot\u00e9g\u00e9 lorsqu\u2019il s\u2019agit de d\u00e9bat politique.<\/em>\u202f\u00bb Les signataires ont appel\u00e9 \u00ab\u202f<em>les partis politiques du Parlement \u00e0 ne pas utiliser le pr\u00e9texte de l\u2019agression en pl\u00e9ni\u00e8re de la Chambre des d\u00e9put\u00e9s pour limiter la transparence des d\u00e9bats parlementaires et la libert\u00e9 de tous les citoyens, y compris des parlementaires, de s\u2019exprimer dans le cadre du processus l\u00e9gislatif<\/em>\u202f\u00bb.<\/p>\n<h2>Interruption du discours du ministre de l\u2019\u00e9nergie par un chef de&nbsp;parti<\/h2>\n<p>Les amendements ont \u00e9t\u00e9 propos\u00e9s apr\u00e8s que le ministre roumain de l\u2019\u00e9nergie a \u00e9t\u00e9 agress\u00e9 lundi pendant son discours par un chef de&nbsp;parti.<!--more--><\/p>\n<p>Virgil Popescu, le ministre roumain de l\u2019\u00e9nergie, s\u2019exprimait \u00e0 la tribune de la Chambre des d\u00e9put\u00e9s le 7 f\u00e9vrier lorsque <a href=\"https:\/\/www.youtube.com\/watch?v=AQjX_1sa48U\">George Simion est soudainement mont\u00e9 sur sc\u00e8ne<\/a>, a empoign\u00e9 le ministre et lui a r\u00e9p\u00e9t\u00e9 \u00e0 haute voix pendant quelques secondes qu\u2019il \u00e9tait un voleur.<\/p>\n<p>[one_half]<img decoding=\"async\" class=\"aligncenter wp-image-14050 size-large\" src=\"https:\/\/www.newsendip.com\/wp-content\/uploads\/2022\/02\/Virgil-popescu-george-simion-romania-parliament-1-1024x569.webp\" alt=\"Virgil Popescu, ministre roumain de l'\u00e9nergie et George Simion, chef du parti AUR\" width=\"1024\" height=\"569\" srcset=\"https:\/\/www.newsendip.com\/wp-content\/uploads\/2022\/02\/Virgil-popescu-george-simion-romania-parliament-1-1024x569.webp 1024w, https:\/\/www.newsendip.com\/wp-content\/uploads\/2022\/02\/Virgil-popescu-george-simion-romania-parliament-1-60x33.webp 60w, https:\/\/www.newsendip.com\/wp-content\/uploads\/2022\/02\/Virgil-popescu-george-simion-romania-parliament-1-300x167.webp 300w, https:\/\/www.newsendip.com\/wp-content\/uploads\/2022\/02\/Virgil-popescu-george-simion-romania-parliament-1-768x427.webp 768w, https:\/\/www.newsendip.com\/wp-content\/uploads\/2022\/02\/Virgil-popescu-george-simion-romania-parliament-1-1536x854.webp 1536w, https:\/\/www.newsendip.com\/wp-content\/uploads\/2022\/02\/Virgil-popescu-george-simion-romania-parliament-1.webp 1587w\" sizes=\"(max-width: 1024px) 100vw, 1024px\"><\/p>\n<p>[\/one_half]<\/p>\n<p>[one_half_last]<img decoding=\"async\" class=\"aligncenter wp-image-14052 size-large\" src=\"https:\/\/www.newsendip.com\/wp-content\/uploads\/2022\/02\/Virgil-popescu-george-simion-romania-parliament-2-1024x565.webp\" alt=\"Virgil Popescu, ministre roumain de l'\u00e9nergie et George Simion, chef du parti AUR\" width=\"1024\" height=\"565\" srcset=\"https:\/\/www.newsendip.com\/wp-content\/uploads\/2022\/02\/Virgil-popescu-george-simion-romania-parliament-2-1024x565.webp 1024w, https:\/\/www.newsendip.com\/wp-content\/uploads\/2022\/02\/Virgil-popescu-george-simion-romania-parliament-2-300x166.webp 300w, https:\/\/www.newsendip.com\/wp-content\/uploads\/2022\/02\/Virgil-popescu-george-simion-romania-parliament-2-768x424.webp 768w, https:\/\/www.newsendip.com\/wp-content\/uploads\/2022\/02\/Virgil-popescu-george-simion-romania-parliament-2-1536x847.webp 1536w, https:\/\/www.newsendip.com\/wp-content\/uploads\/2022\/02\/Virgil-popescu-george-simion-romania-parliament-2.webp 1595w\" sizes=\"(max-width: 1024px) 100vw, 1024px\"> [\/one_half_last]<\/p>\n<p>[one_half]<img decoding=\"async\" class=\"aligncenter wp-image-14053 size-large\" src=\"https:\/\/www.newsendip.com\/wp-content\/uploads\/2022\/02\/Virgil-popescu-george-simion-romania-parliament-3-1024x566.webp\" alt=\"Virgil Popescu, ministre roumain de l'\u00e9nergie et George Simion, chef du parti AUR\" width=\"1024\" height=\"566\" srcset=\"https:\/\/www.newsendip.com\/wp-content\/uploads\/2022\/02\/Virgil-popescu-george-simion-romania-parliament-3-1024x566.webp 1024w, https:\/\/www.newsendip.com\/wp-content\/uploads\/2022\/02\/Virgil-popescu-george-simion-romania-parliament-3-300x166.webp 300w, https:\/\/www.newsendip.com\/wp-content\/uploads\/2022\/02\/Virgil-popescu-george-simion-romania-parliament-3-768x425.webp 768w, https:\/\/www.newsendip.com\/wp-content\/uploads\/2022\/02\/Virgil-popescu-george-simion-romania-parliament-3-1536x849.webp 1536w, https:\/\/www.newsendip.com\/wp-content\/uploads\/2022\/02\/Virgil-popescu-george-simion-romania-parliament-3.webp 1593w\" sizes=\"(max-width: 1024px) 100vw, 1024px\"> [\/one_half]<\/p>\n<p>[one_half_last]<img decoding=\"async\" class=\"aligncenter wp-image-14054 size-large\" src=\"https:\/\/www.newsendip.com\/wp-content\/uploads\/2022\/02\/Virgil-popescu-george-simion-romania-parliament-4-1024x568.webp\" alt=\"Virgil Popescu, ministre roumain de l'\u00e9nergie et George Simion, chef du parti AUR\" width=\"1024\" height=\"568\" srcset=\"https:\/\/www.newsendip.com\/wp-content\/uploads\/2022\/02\/Virgil-popescu-george-simion-romania-parliament-4-1024x568.webp 1024w, https:\/\/www.newsendip.com\/wp-content\/uploads\/2022\/02\/Virgil-popescu-george-simion-romania-parliament-4-300x166.webp 300w, https:\/\/www.newsendip.com\/wp-content\/uploads\/2022\/02\/Virgil-popescu-george-simion-romania-parliament-4-768x426.webp 768w, https:\/\/www.newsendip.com\/wp-content\/uploads\/2022\/02\/Virgil-popescu-george-simion-romania-parliament-4-1536x852.webp 1536w, https:\/\/www.newsendip.com\/wp-content\/uploads\/2022\/02\/Virgil-popescu-george-simion-romania-parliament-4.webp 1592w\" sizes=\"(max-width: 1024px) 100vw, 1024px\"> [\/one_half_last]<\/p>\n<p><strong>George Simion est le leader de l\u2019Alliance pour l\u2019Union des Roumains.<br>\n<\/strong><\/p>\n<p>Le parti AUR, qui signifie or en roumain, est un <a href=\"https:\/\/www.newsendip.com\/fr\/une-senatrice-roumaine-pense-que-son-sac-a-ete-vole-au-parlement-par-les-services-secrets-diana-sosoaca\/\">parti populiste d\u2019extr\u00eame droite<\/a> cr\u00e9\u00e9 en 2019 actif en Roumanie et en Moldavie. Il a obtenu 9% des voix lors des derni\u00e8res \u00e9lections l\u00e9gislatives de 2020 au S\u00e9nat et \u00e0 la Chambre des d\u00e9put\u00e9s.<\/p>\n<p>George Simion a d\u00e9clar\u00e9 qu\u2019il ne regrettait pas l\u2019agression mais qu\u2019il \u00e9tait \u00e9galement heureux de ne pas l\u2019avoir frapp\u00e9 car cela aurait signifi\u00e9 la fin de sa carri\u00e8re politique. Il a \u00e9galement d\u00e9clar\u00e9 qu\u2019il continuerait \u00e0 utiliser <a href=\"https:\/\/www.newsendip.com\/fr\/lune-des-plus-grandes-usines-a-trolls-demantelee-par-facebook-geree-par-le-gouvernement-du-nicaragua\/\">Facebook<\/a> live et a d\u00e9nonc\u00e9 la censure cr\u00e9\u00e9e par les amendements.<\/p>\n<h2>Motion de censure contre le ministre de l\u2019\u00e9nergie de la Roumanie<\/h2>\n<p>La session fut ajourn\u00e9e mais a repris plus tard. Le bureau du procureur g\u00e9n\u00e9ral a ouvert un dossier pour outrage dans le Parlement et trouble de l\u2019ordre public.<\/p>\n<p>Le ministre pronon\u00e7ait un discours contre une motion de censure qui le visait. La semaine derni\u00e8re, l\u2019USR, un parti progressiste et le troisi\u00e8me plus grand parti politique de Roumanie, a lanc\u00e9 une motion simple, un type de motion de censure non l\u00e9galement contraignante, contre le ministre de l\u2019\u00e9nergie.<\/p>\n<p>L\u2019<a href=\"https:\/\/www.stiridiaspora.ro\/motiunea-simpla-impotriva-ministrului-energiei-a-fost-respinsa_483952.html\">USR a accus\u00e9 Virgil Popescu<\/a> de \u00ab\u202fm<em>ettre en danger la s\u00e9curit\u00e9 \u00e9nerg\u00e9tique de la Roumanie<\/em>\u202f\u00bb en ne r\u00e9formant pas le secteur de l\u2019\u00e9nergie, en ne lib\u00e9ralisant pas le march\u00e9 de l\u2019\u00e9nergie, ou encore en augmentant la <a href=\"https:\/\/www.newsendip.com\/fr\/la-roumanie-veut-reactiver-ses-projets-de-gaz-offshore-en-mer-noire\/\">d\u00e9pendance au gaz russe<\/a>. L\u2019USR consid\u00e8re \u00e9galement que la gestion de <a href=\"https:\/\/www.newsendip.com\/fr\/la-roumanie-veut-reactiver-ses-projets-de-gaz-offshore-en-mer-noire\/\">la crise de la facture \u00e9nerg\u00e9tique<\/a> est un \u00ab\u202f<em>d\u00e9sastre<\/em>\u202f\u00bb.<\/p>\n<p>Pour Dacian Ciolo\u0219, ancien Premier ministre et ancien pr\u00e9sident de l\u2019USR, l\u2019incident a en fait offert une diversion au ministre et a report\u00e9 sa d\u00e9mission. \u00ab\u202f<em>Au lieu d\u2019\u00eatre renvoy\u00e9 par le Premier ministre Ciuca, il a gagn\u00e9 du temps avec l\u2019aide de l\u2019AUR<\/em>\u202f\u00bb. Et d\u2019autre part, \u00ab\u202f<em>l\u2019AUR gagne quelques points suppl\u00e9mentaires dans la radicalisation de son \u00e9lectorat<\/em>\u202f\u00bb, a\u2011t-il \u00e9crit sur <a href=\"https:\/\/www.facebook.com\/dacianciolos\/posts\/482386023253002\">Facebook<\/a>.<\/p>\n<p>Le 9 f\u00e9vrier, 202 parlementaires en faveur des amendements. Le m\u00eame jour, la motion de censure contre le ministre de l\u2019\u00e9nergie fut rejet\u00e9e par 190 l\u00e9gislateurs.<\/p>\n<p><a href=\"https:\/\/www.newsendip.com\/fr\/etiquette\/roumanie\/\"><strong>D\u00e9couvrez plus d\u2019actualit\u00e9s de Roumanie<\/strong><\/a><\/p>\n","protected":false},"excerpt":{"rendered":"<p>Les parlementaires roumains ne sont plus autoris\u00e9s \u00e0 filmer et \u00e0 diffuser en direct les s\u00e9ances du Parlement.<\/p>\n","protected":false},"author":1,"featured_media":14050,"comment_status":"closed","ping_status":"closed","sticky":false,"template":"","format":"standard","meta":{"wp_typography_post_enhancements_disabled":false,"footnotes":""},"categories":[416],"tags":[411,505],"class_list":["post-18652","post","type-post","status-publish","format-standard","has-post-thumbnail","hentry","category-politique","tag-actuel","tag-roumanie"],"yoast_head":"<!-- This site is optimized with the Yoast SEO Premium plugin v27.4 (Yoast SEO v27.4) - https:\/\/yoast.com\/product\/yoast-seo-premium-wordpress\/ -->\n<title>Les politiques roumains interdits de filmer et streamer en direct les d\u00e9bats au Parlement<\/title>\n<meta name=\"description\" content=\"Les parlementaires roumains ne sont plus autoris\u00e9s \u00e0 filmer et \u00e0 diffuser en direct les s\u00e9ances du Parlement.\" \/>\n<meta name=\"robots\" content=\"index, follow, max-snippet:-1, max-image-preview:large, max-video-preview:-1\" \/>\n<link rel=\"canonical\" href=\"https:\/\/www.newsendip.com\/fr\/les-politiques-roumains-interdits-de-filmer-et-streamer-en-direct-les-debats-au-parlement\/\" \/>\n<meta property=\"og:locale\" content=\"fr_FR\" \/>\n<meta property=\"og:type\" content=\"article\" \/>\n<meta property=\"og:title\" content=\"Les politiques roumains interdits de filmer et streamer en direct les d\u00e9bats au Parlement\" \/>\n<meta property=\"og:description\" content=\"Les parlementaires roumains ne sont plus autoris\u00e9s \u00e0 filmer et \u00e0 diffuser en direct les s\u00e9ances du Parlement.\" \/>\n<meta property=\"og:url\" content=\"https:\/\/www.newsendip.com\/fr\/les-politiques-roumains-interdits-de-filmer-et-streamer-en-direct-les-debats-au-parlement\/\" \/>\n<meta property=\"og:site_name\" content=\"Newsendip\" \/>\n<meta property=\"article:publisher\" content=\"https:\/\/www.facebook.com\/newsendip\" \/>\n<meta property=\"article:published_time\" content=\"2022-02-10T17:58:00+00:00\" \/>\n<meta property=\"article:modified_time\" content=\"2023-09-05T16:39:27+00:00\" \/>\n<meta property=\"og:image\" content=\"https:\/\/www.newsendip.com\/wp-content\/uploads\/2022\/02\/Virgil-popescu-george-simion-romania-parliament-1-progressive.jpeg\" \/>\n\t<meta property=\"og:image:width\" content=\"1587\" \/>\n\t<meta property=\"og:image:height\" content=\"882\" \/>\n\t<meta property=\"og:image:type\" content=\"image\/jpeg\" \/>\n<meta name=\"author\" content=\"Cl\u00e9ment V\u00e9rit\u00e9\" \/>\n<meta name=\"twitter:card\" content=\"summary_large_image\" \/>\n<meta name=\"twitter:creator\" content=\"@https:\/\/twitter.com\/cverite\" \/>\n<meta name=\"twitter:site\" content=\"@newsendip\" \/>\n<meta name=\"twitter:label1\" content=\"\u00c9crit par\" \/>\n\t<meta name=\"twitter:data1\" content=\"Cl\u00e9ment V\u00e9rit\u00e9\" \/>\n\t<meta name=\"twitter:label2\" content=\"Dur\u00e9e de lecture estim\u00e9e\" \/>\n\t<meta name=\"twitter:data2\" content=\"5 minutes\" \/>\n<!-- \/ Yoast SEO Premium plugin. -->","yoast_head_json":{"title":"Les politiques roumains interdits de filmer et streamer en direct les d\u00e9bats au Parlement","description":"Les parlementaires roumains ne sont plus autoris\u00e9s \u00e0 filmer et \u00e0 diffuser en direct les s\u00e9ances du Parlement.","robots":{"index":"index","follow":"follow","max-snippet":"max-snippet:-1","max-image-preview":"max-image-preview:large","max-video-preview":"max-video-preview:-1"},"canonical":"https:\/\/www.newsendip.com\/fr\/les-politiques-roumains-interdits-de-filmer-et-streamer-en-direct-les-debats-au-parlement\/","og_locale":"fr_FR","og_type":"article","og_title":"Les politiques roumains interdits de filmer et streamer en direct les d\u00e9bats au Parlement","og_description":"Les parlementaires roumains ne sont plus autoris\u00e9s \u00e0 filmer et \u00e0 diffuser en direct les s\u00e9ances du Parlement.","og_url":"https:\/\/www.newsendip.com\/fr\/les-politiques-roumains-interdits-de-filmer-et-streamer-en-direct-les-debats-au-parlement\/","og_site_name":"Newsendip","article_publisher":"https:\/\/www.facebook.com\/newsendip","article_published_time":"2022-02-10T17:58:00+00:00","article_modified_time":"2023-09-05T16:39:27+00:00","og_image":[{"width":1587,"height":882,"url":"https:\/\/www.newsendip.com\/wp-content\/uploads\/2022\/02\/Virgil-popescu-george-simion-romania-parliament-1-progressive.jpeg","type":"image\/jpeg"}],"author":"Cl\u00e9ment V\u00e9rit\u00e9","twitter_card":"summary_large_image","twitter_creator":"@https:\/\/twitter.com\/cverite","twitter_site":"@newsendip","twitter_misc":{"\u00c9crit par":"Cl\u00e9ment V\u00e9rit\u00e9","Dur\u00e9e de lecture estim\u00e9e":"5 minutes"},"schema":{"@context":"https:\/\/schema.org","@graph":[{"@type":"NewsArticle","@id":"https:\/\/www.newsendip.com\/fr\/les-politiques-roumains-interdits-de-filmer-et-streamer-en-direct-les-debats-au-parlement\/#article","isPartOf":{"@id":"https:\/\/www.newsendip.com\/fr\/les-politiques-roumains-interdits-de-filmer-et-streamer-en-direct-les-debats-au-parlement\/"},"author":{"name":"Cl\u00e9ment V\u00e9rit\u00e9","@id":"https:\/\/www.newsendip.com\/fr\/#\/schema\/person\/ea22c01755f464a3cbc2c619584d6363"},"headline":"Les politiques roumains interdits de filmer et streamer en direct les d\u00e9bats au Parlement","datePublished":"2022-02-10T17:58:00+00:00","dateModified":"2023-09-05T16:39:27+00:00","mainEntityOfPage":{"@id":"https:\/\/www.newsendip.com\/fr\/les-politiques-roumains-interdits-de-filmer-et-streamer-en-direct-les-debats-au-parlement\/"},"wordCount":918,"publisher":{"@id":"https:\/\/www.newsendip.com\/fr\/#organization"},"image":{"@id":"https:\/\/www.newsendip.com\/fr\/les-politiques-roumains-interdits-de-filmer-et-streamer-en-direct-les-debats-au-parlement\/#primaryimage"},"thumbnailUrl":"https:\/\/www.newsendip.com\/wp-content\/uploads\/2022\/02\/Virgil-popescu-george-simion-romania-parliament-1.webp","keywords":["Actuel","Roumanie"],"articleSection":["Politique"],"inLanguage":"fr-FR","copyrightYear":"2022","copyrightHolder":{"@id":"https:\/\/www.newsendip.com\/#organization"}},{"@type":"WebPage","@id":"https:\/\/www.newsendip.com\/fr\/les-politiques-roumains-interdits-de-filmer-et-streamer-en-direct-les-debats-au-parlement\/","url":"https:\/\/www.newsendip.com\/fr\/les-politiques-roumains-interdits-de-filmer-et-streamer-en-direct-les-debats-au-parlement\/","name":"Les politiques roumains interdits de filmer et streamer en direct les d\u00e9bats au Parlement","isPartOf":{"@id":"https:\/\/www.newsendip.com\/fr\/#website"},"primaryImageOfPage":{"@id":"https:\/\/www.newsendip.com\/fr\/les-politiques-roumains-interdits-de-filmer-et-streamer-en-direct-les-debats-au-parlement\/#primaryimage"},"image":{"@id":"https:\/\/www.newsendip.com\/fr\/les-politiques-roumains-interdits-de-filmer-et-streamer-en-direct-les-debats-au-parlement\/#primaryimage"},"thumbnailUrl":"https:\/\/www.newsendip.com\/wp-content\/uploads\/2022\/02\/Virgil-popescu-george-simion-romania-parliament-1.webp","datePublished":"2022-02-10T17:58:00+00:00","dateModified":"2023-09-05T16:39:27+00:00","description":"Les parlementaires roumains ne sont plus autoris\u00e9s \u00e0 filmer et \u00e0 diffuser en direct les s\u00e9ances du Parlement.","breadcrumb":{"@id":"https:\/\/www.newsendip.com\/fr\/les-politiques-roumains-interdits-de-filmer-et-streamer-en-direct-les-debats-au-parlement\/#breadcrumb"},"inLanguage":"fr-FR","potentialAction":[{"@type":"ReadAction","target":["https:\/\/www.newsendip.com\/fr\/les-politiques-roumains-interdits-de-filmer-et-streamer-en-direct-les-debats-au-parlement\/"]}]},{"@type":"ImageObject","inLanguage":"fr-FR","@id":"https:\/\/www.newsendip.com\/fr\/les-politiques-roumains-interdits-de-filmer-et-streamer-en-direct-les-debats-au-parlement\/#primaryimage","url":"https:\/\/www.newsendip.com\/wp-content\/uploads\/2022\/02\/Virgil-popescu-george-simion-romania-parliament-1.webp","contentUrl":"https:\/\/www.newsendip.com\/wp-content\/uploads\/2022\/02\/Virgil-popescu-george-simion-romania-parliament-1.webp","width":1587,"height":882,"caption":"Virgil Popescu, ministre roumain de l'\u00e9nergie et George Simion, chef du parti AUR"},{"@type":"BreadcrumbList","@id":"https:\/\/www.newsendip.com\/fr\/les-politiques-roumains-interdits-de-filmer-et-streamer-en-direct-les-debats-au-parlement\/#breadcrumb","itemListElement":[{"@type":"ListItem","position":1,"name":"Accueil","item":"https:\/\/www.newsendip.com\/fr\/"},{"@type":"ListItem","position":2,"name":"Les politiques roumains interdits de filmer et streamer en direct les d\u00e9bats au Parlement"}]},{"@type":"WebSite","@id":"https:\/\/www.newsendip.com\/fr\/#website","url":"https:\/\/www.newsendip.com\/fr\/","name":"Newsendip","description":"Red\u00e9couvrez l&#039;actualit\u00e9 internationale","publisher":{"@id":"https:\/\/www.newsendip.com\/fr\/#organization"},"potentialAction":[{"@type":"SearchAction","target":{"@type":"EntryPoint","urlTemplate":"https:\/\/www.newsendip.com\/fr\/?s={search_term_string}"},"query-input":{"@type":"PropertyValueSpecification","valueRequired":true,"valueName":"search_term_string"}}],"inLanguage":"fr-FR"},{"@type":"Organization","@id":"https:\/\/www.newsendip.com\/fr\/#organization","name":"Newsendip","url":"https:\/\/www.newsendip.com\/fr\/","logo":{"@type":"ImageObject","inLanguage":"fr-FR","@id":"https:\/\/www.newsendip.com\/fr\/#\/schema\/logo\/image\/","url":"https:\/\/www.newsendip.com\/wp-content\/uploads\/2023\/12\/512x512.svg","contentUrl":"https:\/\/www.newsendip.com\/wp-content\/uploads\/2023\/12\/512x512.svg","width":1,"height":1,"caption":"Newsendip"},"image":{"@id":"https:\/\/www.newsendip.com\/fr\/#\/schema\/logo\/image\/"},"sameAs":["https:\/\/www.facebook.com\/newsendip","https:\/\/x.com\/newsendip","https:\/\/mastodon.social\/@newsendip","https:\/\/www.linkedin.com\/company\/newsendip"],"description":"Newsendip est un site qui a pour mission de rendre l'actualit\u00e9 internationale accessible et diversifi\u00e9e","email":"contact@newsendip.com","legalName":"Newsendip SAS","foundingDate":"2022-11-04","vatID":"FR60921124723","numberOfEmployees":{"@type":"QuantitativeValue","minValue":"1","maxValue":"10"},"publishingPrinciples":"https:\/\/www.newsendip.com\/about-us\/","ownershipFundingInfo":"https:\/\/www.newsendip.com\/legal-notice\/","actionableFeedbackPolicy":"https:\/\/www.newsendip.com\/about-us\/","correctionsPolicy":"https:\/\/www.newsendip.com\/about-us\/","ethicsPolicy":"https:\/\/www.newsendip.com\/about-us\/","diversityPolicy":"https:\/\/www.newsendip.com\/about-us\/"},{"@type":"Person","@id":"https:\/\/www.newsendip.com\/fr\/#\/schema\/person\/ea22c01755f464a3cbc2c619584d6363","name":"Cl\u00e9ment V\u00e9rit\u00e9","description":"Cl\u00e9ment is the executive editor and founder of Newsendip. He started in the media industry as a freelance reporter at 16 for a local French newspaper after school and has never left it. He later worked for seven years at The New York Times, notably as a data analyst. He holds a Master of Management in France and a Master of Arts in the United Kingdom in International Marketing &amp; Communications Strategy. He has lived in France, the United Kingdom, and Italy.","sameAs":["https:\/\/www.newsendip.com\/","https:\/\/www.linkedin.com\/in\/clementverite\/","https:\/\/x.com\/https:\/\/twitter.com\/cverite"],"knowsAbout":["News","International","Business","Media monitoring"],"knowsLanguage":["English","French","Italian","Spanish"],"url":"https:\/\/www.newsendip.com\/fr\/author\/clement-verite\/"}]}},"_links":{"self":[{"href":"https:\/\/www.newsendip.com\/fr\/wp-json\/wp\/v2\/posts\/18652","targetHints":{"allow":["GET"]}}],"collection":[{"href":"https:\/\/www.newsendip.com\/fr\/wp-json\/wp\/v2\/posts"}],"about":[{"href":"https:\/\/www.newsendip.com\/fr\/wp-json\/wp\/v2\/types\/post"}],"author":[{"embeddable":true,"href":"https:\/\/www.newsendip.com\/fr\/wp-json\/wp\/v2\/users\/1"}],"replies":[{"embeddable":true,"href":"https:\/\/www.newsendip.com\/fr\/wp-json\/wp\/v2\/comments?post=18652"}],"version-history":[{"count":0,"href":"https:\/\/www.newsendip.com\/fr\/wp-json\/wp\/v2\/posts\/18652\/revisions"}],"wp:featuredmedia":[{"embeddable":true,"href":"https:\/\/www.newsendip.com\/fr\/wp-json\/wp\/v2\/media\/14050"}],"wp:attachment":[{"href":"https:\/\/www.newsendip.com\/fr\/wp-json\/wp\/v2\/media?parent=18652"}],"wp:term":[{"taxonomy":"category","embeddable":true,"href":"https:\/\/www.newsendip.com\/fr\/wp-json\/wp\/v2\/categories?post=18652"},{"taxonomy":"post_tag","embeddable":true,"href":"https:\/\/www.newsendip.com\/fr\/wp-json\/wp\/v2\/tags?post=18652"}],"curies":[{"name":"wp","href":"https:\/\/api.w.org\/{rel}","templated":true}]}}