{"id":18660,"date":"2021-12-17T02:34:01","date_gmt":"2021-12-17T01:34:01","guid":{"rendered":"https:\/\/www.newsendip.com\/?p=18660"},"modified":"2024-06-12T15:42:22","modified_gmt":"2024-06-12T13:42:22","slug":"une-senatrice-roumaine-pense-que-son-sac-a-ete-vole-au-parlement-par-les-services-secrets-diana-sosoaca","status":"publish","type":"post","link":"https:\/\/www.newsendip.com\/fr\/une-senatrice-roumaine-pense-que-son-sac-a-ete-vole-au-parlement-par-les-services-secrets-diana-sosoaca\/","title":{"rendered":"Une s\u00e9natrice roumaine pense que son sac a \u00e9t\u00e9 vol\u00e9 au Parlement par les services secrets"},"content":{"rendered":"<p><strong>Diana \u0218o\u0219oac\u0103 est une s\u00e9natrice roumaine qui pense \u00eatre pers\u00e9cut\u00e9e parce qu\u2019elle est contre les vaccins contre le COVID-19. Elle est \u00e9galement au c\u0153ur d\u2019une pol\u00e9mique car elle aurait s\u00e9questr\u00e9 une \u00e9quipe de journalistes italiens.<br>\n<\/strong><\/p>\n<figure id=\"attachment_13837\" aria-describedby=\"caption-attachment-13837\" style=\"width: 1024px\" class=\"wp-caption aligncenter\"><img decoding=\"async\" class=\"wp-image-13837 size-large\" src=\"https:\/\/www.newsendip.com\/wp-content\/uploads\/2021\/12\/Diana-sosoaca-1024x645.webp\" alt=\"Diana Sosoaca, s\u00e9natrice roumaine\" width=\"1024\" height=\"645\" srcset=\"https:\/\/www.newsendip.com\/wp-content\/uploads\/2021\/12\/Diana-sosoaca-1024x645.webp 1024w, https:\/\/www.newsendip.com\/wp-content\/uploads\/2021\/12\/Diana-sosoaca-60x38.webp 60w, https:\/\/www.newsendip.com\/wp-content\/uploads\/2021\/12\/Diana-sosoaca-300x189.webp 300w, https:\/\/www.newsendip.com\/wp-content\/uploads\/2021\/12\/Diana-sosoaca-768x484.webp 768w, https:\/\/www.newsendip.com\/wp-content\/uploads\/2021\/12\/Diana-sosoaca.webp 1374w\" sizes=\"(max-width: 1024px) 100vw, 1024px\"><figcaption id=\"caption-attachment-13837\" class=\"wp-caption-text\">Diana Sosoaca, s\u00e9natrice roumaine, a d\u00e9clar\u00e9 la disparition de son sac. Elle pense qu\u2019il a \u00e9t\u00e9 vol\u00e9 par les services secrets.<\/figcaption><\/figure>\n<p>Le 16 d\u00e9cembre, la s\u00e9natrice roumaine Diana \u0218o\u0219oac\u0103 affirme qu\u2019un <strong>voleur a emport\u00e9 sa sacoche dans l\u2019enceinte du Parlement<\/strong>.<\/p>\n<p>\u00c0 l\u2019int\u00e9rieur du sac se trouvaient une tablette qui lui permet de voter et d\u2019avoir acc\u00e8s aux sites de l\u2019\u00c9tat prot\u00e9g\u00e9s par un mot de passe ainsi que son ordinateur portable, qui contient des projets de loi en construction.<\/p>\n<p>Tous les parlementaires ont la m\u00eame mallette et quelqu\u2019un aurait pu la prendre par erreur, rapporte <a href=\"https:\/\/stirileprotv.ro\/stiri\/politic\/lovitura-pentru-sosoaca-i-s-ar-fi-furat-geanta-in-parlament-senatoarea-banuieste-serviciile-secrete.html\"><em>ProTv News<\/em><\/a>.<\/p>\n<p>Alors qu\u2019une \u00e9quipe d\u2019enqu\u00eate n\u2019a pas encore tir\u00e9 de conclusions, Diana \u0218o\u0219oac\u0103 sugg\u00e8re pourtant que cela fait partie d\u2019un complot visant \u00e0 la d\u00e9nigrer. Et elle soup\u00e7onne les services secrets d\u2019avoir vol\u00e9 le&nbsp;sac.<\/p>\n<h2>Diana \u0218o\u0219oac\u0103, une s\u00e9natrice roumaine antivax active<\/h2>\n<p>\u00ab\u202f<em>Il me semble que tout est cousu de fil blanc, y compris cette tentative de me d\u00e9nigrer, par le biais de soi-disant journalistes internationaux<\/em>\u202f\u00bb, a\u2011t-elle d\u00e9clar\u00e9 aux m\u00e9dias.<\/p>\n<p>En fait, la disparition de la sacoche parlementaire survient alors que Diana \u0218o\u0219oac\u0103 a \u00e9t\u00e9 au centre d\u2019une pol\u00e9mique cette semaine. Elle est accus\u00e9e d\u2019avoir s\u00e9questr\u00e9 une \u00e9quipe de journalistes italiens.<\/p>\n<p>Le 12 d\u00e9cembre, Lucia Goracci, une journaliste de la cha\u00eene italienne <em>Rai 1<\/em>, et son \u00e9quipe se sont rendues \u00e0 Bucarest pour interviewer la s\u00e9natrice sur sa position concernant le vaccin contre le COVID-19. La Roumanie et la Bulgarie sont les deux pays ayant les plus faibles taux de vaccination contre le COVID-19 au sein de l\u2019Union europ\u00e9enne.<\/p>\n<p>Diana \u0218o\u0219oac\u0103 ne cache pas \u00eatre contre le vaccin COVID-19 et s\u2019oppose fermement aux restrictions li\u00e9es \u00e0 la pand\u00e9mie. Elle consid\u00e8re qu\u2019il n\u2019y a pas de mort ni de pand\u00e9mie et qu\u2019il y aura un Nuremberg II, en r\u00e9f\u00e9rence aux proc\u00e8s pour les crimes contre l\u2019humanit\u00e9 commis par les nazis pendant la Seconde Guerre mondiale.<\/p>\n<p>En septembre, elle a emp\u00each\u00e9 des personnes de se faire vacciner. Elle a \u00e9galement port\u00e9 une sorte de museli\u00e8re \u00e0 l\u2019occasion des 30 ans de la Constitution roumaine en guise de protestation contre le gouvernement. En novembre, un repr\u00e9sentant roumain a appel\u00e9 la police parce qu\u2019elle ne portait pas de masque chirurgical dans le b\u00e2timent et a \u00e9t\u00e9 condamn\u00e9 \u00e0 une amende de 500 lei (114 dollars), selon les m\u00e9dias roumains.<\/p>\n<figure id=\"attachment_13838\" aria-describedby=\"caption-attachment-13838\" style=\"width: 1024px\" class=\"wp-caption aligncenter\"><img decoding=\"async\" class=\"wp-image-13838 size-large\" src=\"https:\/\/www.newsendip.com\/wp-content\/uploads\/2021\/12\/Diana-sosoaca-muzzle-parliament-constitution-romania-1024x578.webp\" alt=\"Diana \u0218o\u0219oac\u0103 lors de son discours \u00e0 l'occasion de l'anniversaire de la Constitution roumaine\" width=\"1024\" height=\"578\" srcset=\"https:\/\/www.newsendip.com\/wp-content\/uploads\/2021\/12\/Diana-sosoaca-muzzle-parliament-constitution-romania-1024x578.webp 1024w, https:\/\/www.newsendip.com\/wp-content\/uploads\/2021\/12\/Diana-sosoaca-muzzle-parliament-constitution-romania-300x169.webp 300w, https:\/\/www.newsendip.com\/wp-content\/uploads\/2021\/12\/Diana-sosoaca-muzzle-parliament-constitution-romania-768x433.webp 768w, https:\/\/www.newsendip.com\/wp-content\/uploads\/2021\/12\/Diana-sosoaca-muzzle-parliament-constitution-romania-1536x867.webp 1536w, https:\/\/www.newsendip.com\/wp-content\/uploads\/2021\/12\/Diana-sosoaca-muzzle-parliament-constitution-romania-390x220.webp 390w, https:\/\/www.newsendip.com\/wp-content\/uploads\/2021\/12\/Diana-sosoaca-muzzle-parliament-constitution-romania.webp 1620w\" sizes=\"(max-width: 1024px) 100vw, 1024px\"><figcaption id=\"caption-attachment-13838\" class=\"wp-caption-text\">Diana \u0218o\u0219oac\u0103 lors de son discours \u00e0 l\u2019occasion de l\u2019anniversaire de la Constitution roumaine | \u00a9 Stiri pe surse, septembre 2021<\/figcaption><\/figure>\n<h2>Au c\u0153ur d\u2019une pol\u00e9mique car elle aurait s\u00e9questr\u00e9 des journalistes italiens<\/h2>\n<p><!--more--><\/p>\n<p>L\u2019interview de Lucia Goracci ne s\u2019est pas bien pass\u00e9e. Alors que la journaliste italienne contestait ses propos, la s\u00e9natrice a dit qu\u2019elle \u00e9tait \u00ab\u202f<em>avec Dieu et la v\u00e9rit\u00e9<\/em>\u202f\u00bb et a consid\u00e9r\u00e9 que la journaliste \u00e9tait pro-gouvernement, explique <a href=\"https:\/\/www.corriere.it\/esteri\/21_dicembre_14\/lucia-goracci-giornalista-rai-sequestrata-romania-l-intervista-la-senatrice-sosoaca-la-polizia-accusava-noi-e4d65890-5ce3-11ec-b726-1eb27041da48.shtml?refresh_ce\">Lucia Goracci dans une interview<\/a>.<\/p>\n<p>Selon la journaliste italienne, la s\u00e9natrice a coup\u00e9 court \u00e0 l\u2019interview et leur a demand\u00e9 de quitter son bureau. Mais elle est ensuite venue verrouiller les portes pour qu\u2019ils ne sortent pas. La s\u00e9natrice a appel\u00e9 la police en d\u00e9non\u00e7ant l\u2019\u00e9quipe pour intrusion dans une propri\u00e9t\u00e9 priv\u00e9e. \u00ab\u202f<em>J\u2019appelle parce que des personnes sont entr\u00e9es dans mon bureau et me menacent<\/em>\u202f\u00bb, peut-on entendre sur <a href=\"https:\/\/www.lastampa.it\/esteri\/2021\/12\/13\/video\/lucia_goracci_sequestrata_con_troupe_rai_in_romania_dopo_intervista_alla_senatrice_no_vax_diana_iovanovici_s_os_oaca_-1505978\/\">la vid\u00e9o des journalistes italiens<\/a>.<\/p>\n<p>La s\u00e9natrice a ensuite mis en doute la v\u00e9ritable profession de Lucia Goracci et lui a demand\u00e9 \u00e0 plusieurs reprises \u00ab\u202f<em>qui \u00eates-vous\u202f?<\/em>\u202f\u00bb dans <a href=\"#post-bottom-source\">la vid\u00e9o enregistr\u00e9e par la s\u00e9natrice avec son t\u00e9l\u00e9phone<\/a>. \u00c0 cela, Lucia Goracci r\u00e9pond \u00ab\u202f<em>je suis journaliste<\/em>\u202f\u00bb.<\/p>\n<p>\u00ab\u202f<em>Effacez la vid\u00e9o. C\u2019est mon bureau, vous n\u2019avez pas le droit de filmer ici. Je vous ai dit que je r\u00e9pondrais \u00e0 trois questions, pas de filmer ici et l\u00e0 dans mon bureau. Nous \u00e9tions d\u2019accord pour trois questions. Maintenant, c\u2019est une insulte pour moi en tant que s\u00e9natrice de Roumanie, et vous allez payer pour cela<\/em>\u202f\u00bb, dit la s\u00e9natrice \u00e0 l\u2019\u00e9quipe.<\/p>\n<p>Et elle ajoute plus tard que \u00ab\u202f<em>c\u2019est mon bureau, c\u2019est mon territoire. Vous n\u2019avez pas le droit de filmer tout ce que vous voulez<\/em>\u202f\u00bb.<\/p>\n<p>\u00c0 un moment, Lucia Goracci a pu s\u2019extirper des lieux apr\u00e8s l\u2019entr\u00e9e de quelqu\u2019un d\u2019ext\u00e9rieur. Comme le reste de l\u2019\u00e9quipe \u00e9tait encore \u00e0 l\u2019int\u00e9rieur, elle est revenue avec la police.<\/p>\n<p>Le mari de la s\u00e9natrice a \u00e9galement tent\u00e9 de confisquer le t\u00e9l\u00e9phone de la journaliste pendant qu\u2019elle filmait. Il aurait \u00e9galement chuchot\u00e9 \u00e0 leur traducteur roumain \u00ab\u202f<em>nous vous retrouverons<\/em>\u202f\u00bb. Des personnes avec la s\u00e9natrice auraient dit \u00e0 l\u2019\u00e9quipe de journalistes qu\u2019ils seraient jet\u00e9s par la fen\u00eatre.<\/p>\n<figure id=\"attachment_13839\" aria-describedby=\"caption-attachment-13839\" style=\"width: 1024px\" class=\"wp-caption aligncenter\"><img decoding=\"async\" class=\"wp-image-13839 size-large\" src=\"https:\/\/www.newsendip.com\/wp-content\/uploads\/2021\/12\/diana-sosoaca-romania-senator-italian-journalists-lucia-goracci-rai-uno-1024x561.webp\" alt=\"Journalistes italiens, la police et la s\u00e9natrice roumaine\" width=\"1024\" height=\"561\" srcset=\"https:\/\/www.newsendip.com\/wp-content\/uploads\/2021\/12\/diana-sosoaca-romania-senator-italian-journalists-lucia-goracci-rai-uno-1024x561.webp 1024w, https:\/\/www.newsendip.com\/wp-content\/uploads\/2021\/12\/diana-sosoaca-romania-senator-italian-journalists-lucia-goracci-rai-uno-300x164.webp 300w, https:\/\/www.newsendip.com\/wp-content\/uploads\/2021\/12\/diana-sosoaca-romania-senator-italian-journalists-lucia-goracci-rai-uno-768x421.webp 768w, https:\/\/www.newsendip.com\/wp-content\/uploads\/2021\/12\/diana-sosoaca-romania-senator-italian-journalists-lucia-goracci-rai-uno.webp 1036w\" sizes=\"(max-width: 1024px) 100vw, 1024px\"><figcaption id=\"caption-attachment-13839\" class=\"wp-caption-text\">La police est intervenue apr\u00e8s que la s\u00e9natrice roumaine Diana Sosoaca a signal\u00e9 que les journalistes avaient empi\u00e9t\u00e9 sur sa propri\u00e9t\u00e9. Lucia Goracci et son \u00e9quipe se sont rendues au commissariat de police pour d\u00e9poser une plainte | \u00a9&nbsp;TG1<\/figcaption><\/figure>\n<h2>La s\u00e9natrice a d\u00e9clar\u00e9 \u00e0 la police qu\u2019ils lui avaient vol\u00e9 des documents<\/h2>\n<p>La police a fini par accompagner l\u2019\u00e9quipe de journalistes au commissariat de police. Les journalistes sont all\u00e9s d\u00e9poser une plainte mais ils furent interrog\u00e9s et fouill\u00e9s.<\/p>\n<p>Lucia Goracci n\u2019a pas valid\u00e9 le rapport r\u00e9dig\u00e9 par la police. La police n\u2019a ensuite pas accept\u00e9 de lib\u00e9rer l\u2019\u00e9quipe, qui a appel\u00e9 l\u2019ambassade d\u2019Italie pour pouvoir sortir. La police roumaine a gard\u00e9 l\u2019\u00e9quipe jusqu\u2019\u00e0 ce que l\u2019ambassadeur italien de Roumanie intervienne et r\u00e9ussisse \u00e0 les laisser sortir apr\u00e8s plusieurs heures.<\/p>\n<p>La police s\u2019est d\u00e9fendue lors d\u2019une conf\u00e9rence de presse mercredi et a justifi\u00e9 qu\u2019elle les avait fouill\u00e9s parce que la s\u00e9natrice s\u2019\u00e9tait plainte que l\u2019\u00e9quipe \u00e9tait en possession de drogues et qu\u2019elle avait peut-\u00eatre vol\u00e9 des documents dans son cabinet d\u2019avocats. Les recherches se sont av\u00e9r\u00e9es infructueuses et \u00ab\u202f<em>les accusations se sont r\u00e9v\u00e9l\u00e9es infond\u00e9es<\/em>\u202f\u00bb, a <a href=\"https:\/\/www.romaniajournal.ro\/society-people\/law-crime\/new-details-in-the-sosoaca-rai-uno-case\/\">expliqu\u00e9 le porte-parole de la police<\/a>.<\/p>\n<p>\u00c0 la demande des autorit\u00e9s italiennes, une enqu\u00eate a \u00e9t\u00e9 lanc\u00e9e par la Roumanie pour d\u00e9terminer les d\u00e9tails de l\u2019incident et a soulign\u00e9 que le pays restait \u00ab\u202f<em>profond\u00e9ment engag\u00e9 \u00e0 prot\u00e9ger la libert\u00e9 de la presse<\/em>\u202f\u00bb, selon le <a href=\"#post-bottom-source\">communiqu\u00e9 du minist\u00e8re des Affaires \u00e9trang\u00e8res<\/a>. Le Premier ministre Nicolae Ciuc\u0103 a d\u00e9clar\u00e9 que l\u2019incident \u00e9tait inacceptable.<\/p>\n<p>Les autorit\u00e9s enqu\u00eatent sur les accusations port\u00e9es contre la s\u00e9natrice pour avoir s\u00e9questr\u00e9 les journalistes. Son mari est \u00e9galement accus\u00e9 d\u2019avoir agress\u00e9 un policier lors de l\u2019altercation.<\/p>\n<h2>Diana \u0218o\u0219oac\u0103 se dit victime d\u2019un complot et craint pour sa&nbsp;vie<\/h2>\n<p>La s\u00e9natrice estime qu\u2019elle et sa famille sont \u00ab\u202flynch\u00e9es\u202f\u00bb. Diana \u0218o\u0219oac\u0103 affirme que cela fait partie d\u2019une conspiration internationale dirig\u00e9e par Ursula von der Leyen, la pr\u00e9sidente de la <a href=\"https:\/\/www.newsendip.com\/fr\/la-commission-europeenne-souhaite-des-immeubles-a-emissions-nulles-et-la-fin-des-chaudieres-a-gaz\/\">Commission europ\u00e9enne<\/a>, car elle est contre les campagnes de vaccination.<\/p>\n<p>Elle dit \u00e9galement avoir craint que si le procureur charg\u00e9 de l\u2019affaire concernant son mari avait exig\u00e9 de l\u2019amener au poste de police, il aurait \u00e9t\u00e9 tu\u00e9 et aurait fini dans un sac poubelle.<\/p>\n<p>La s\u00e9natrice a aussi d\u00e9clar\u00e9 qu\u2019elle est attaqu\u00e9e parce que certains politiques lui fournissent des informations sensibles. \u00ab\u202f<em>J\u2019ai des informations, qui, si je vous les donnais maintenant, d\u00e9truiraient une partie de l\u2019Union europ\u00e9enne et une partie de l\u2019OTAN. C\u2019est pourquoi je suis attaqu\u00e9e de cette fa\u00e7on.<\/em>\u202f\u00bb<\/p>\n<p>Le 15 d\u00e9cembre, la s\u00e9natrice a d\u00e9clar\u00e9 \u00e0 la <a href=\"#post-bottom-source\">version roumaine de Sputnik<\/a>, une agence de presse publique russe, qu\u2019elle se pr\u00e9sentera aux \u00e9lections pr\u00e9sidentielles roumaines en 2024. Elle a \u00e9galement d\u00e9clar\u00e9 qu\u2019elle serait \u00e9lue avec plus de 50\u202f% des voix d\u00e8s le premier tour.<\/p>\n<p>Mais elle a aussi estim\u00e9 qu\u2019il lui fallait trois conditions pour se pr\u00e9senter et gagner les \u00e9lections&nbsp;: \u00ab\u202f<em>\u00eatre en bonne sant\u00e9, libre et en vie<\/em>\u202f\u00bb.<\/p>\n<p><a href=\"https:\/\/www.newsendip.com\/fr\/etiquette\/roumanie\/\"><strong>D\u00e9couvrez plus d\u2019actualit\u00e9s de Roumanie<\/strong><\/a><\/p>\n","protected":false},"excerpt":{"rendered":"<p>Diana \u0218o\u0219oac\u0103 est une s\u00e9natrice roumaine qui pense \u00eatre pers\u00e9cut\u00e9e parce qu\u2019elle est anti-vaccins contre le COVID-19.<\/p>\n","protected":false},"author":1,"featured_media":13837,"comment_status":"closed","ping_status":"closed","sticky":false,"template":"","format":"standard","meta":{"wp_typography_post_enhancements_disabled":false,"footnotes":""},"categories":[416],"tags":[411,505],"class_list":["post-18660","post","type-post","status-publish","format-standard","has-post-thumbnail","hentry","category-politique","tag-actuel","tag-roumanie"],"yoast_head":"<!-- This site is optimized with the Yoast SEO Premium plugin v27.4 (Yoast SEO v27.4) - https:\/\/yoast.com\/product\/yoast-seo-premium-wordpress\/ -->\n<title>Une s\u00e9natrice roumaine pense que son sac a \u00e9t\u00e9 vol\u00e9 au Parlement par les services secrets<\/title>\n<meta name=\"description\" content=\"Diana \u0218o\u0219oac\u0103 est une s\u00e9natrice roumaine qui pense \u00eatre pers\u00e9cut\u00e9e parce qu&#039;elle est anti-vaccins contre le COVID-19.\" \/>\n<meta name=\"robots\" content=\"index, follow, max-snippet:-1, max-image-preview:large, max-video-preview:-1\" \/>\n<link rel=\"canonical\" href=\"https:\/\/www.newsendip.com\/fr\/une-senatrice-roumaine-pense-que-son-sac-a-ete-vole-au-parlement-par-les-services-secrets-diana-sosoaca\/\" \/>\n<meta property=\"og:locale\" content=\"fr_FR\" \/>\n<meta property=\"og:type\" content=\"article\" \/>\n<meta property=\"og:title\" content=\"Une s\u00e9natrice roumaine pense que son sac a \u00e9t\u00e9 vol\u00e9 au Parlement par les services secrets\" \/>\n<meta property=\"og:description\" content=\"Diana \u0218o\u0219oac\u0103 est une s\u00e9natrice roumaine qui pense \u00eatre pers\u00e9cut\u00e9e parce qu&#039;elle est anti-vaccins contre le COVID-19.\" \/>\n<meta property=\"og:url\" content=\"https:\/\/www.newsendip.com\/fr\/une-senatrice-roumaine-pense-que-son-sac-a-ete-vole-au-parlement-par-les-services-secrets-diana-sosoaca\/\" \/>\n<meta property=\"og:site_name\" content=\"Newsendip\" \/>\n<meta property=\"article:publisher\" content=\"https:\/\/www.facebook.com\/newsendip\" \/>\n<meta property=\"article:published_time\" content=\"2021-12-17T01:34:01+00:00\" \/>\n<meta property=\"article:modified_time\" content=\"2024-06-12T13:42:22+00:00\" \/>\n<meta property=\"og:image\" content=\"https:\/\/www.newsendip.com\/wp-content\/uploads\/2021\/12\/Diana-sosoaca-progressive.jpeg\" \/>\n\t<meta property=\"og:image:width\" content=\"1374\" \/>\n\t<meta property=\"og:image:height\" content=\"866\" \/>\n\t<meta property=\"og:image:type\" content=\"image\/jpeg\" \/>\n<meta name=\"author\" content=\"Cl\u00e9ment V\u00e9rit\u00e9\" \/>\n<meta name=\"twitter:card\" content=\"summary_large_image\" \/>\n<meta name=\"twitter:creator\" content=\"@https:\/\/twitter.com\/cverite\" \/>\n<meta name=\"twitter:site\" content=\"@newsendip\" \/>\n<meta name=\"twitter:label1\" content=\"\u00c9crit par\" \/>\n\t<meta name=\"twitter:data1\" content=\"Cl\u00e9ment V\u00e9rit\u00e9\" \/>\n\t<meta name=\"twitter:label2\" content=\"Dur\u00e9e de lecture estim\u00e9e\" \/>\n\t<meta name=\"twitter:data2\" content=\"7 minutes\" \/>\n<!-- \/ Yoast SEO Premium plugin. -->","yoast_head_json":{"title":"Une s\u00e9natrice roumaine pense que son sac a \u00e9t\u00e9 vol\u00e9 au Parlement par les services secrets","description":"Diana \u0218o\u0219oac\u0103 est une s\u00e9natrice roumaine qui pense \u00eatre pers\u00e9cut\u00e9e parce qu'elle est anti-vaccins contre le COVID-19.","robots":{"index":"index","follow":"follow","max-snippet":"max-snippet:-1","max-image-preview":"max-image-preview:large","max-video-preview":"max-video-preview:-1"},"canonical":"https:\/\/www.newsendip.com\/fr\/une-senatrice-roumaine-pense-que-son-sac-a-ete-vole-au-parlement-par-les-services-secrets-diana-sosoaca\/","og_locale":"fr_FR","og_type":"article","og_title":"Une s\u00e9natrice roumaine pense que son sac a \u00e9t\u00e9 vol\u00e9 au Parlement par les services secrets","og_description":"Diana \u0218o\u0219oac\u0103 est une s\u00e9natrice roumaine qui pense \u00eatre pers\u00e9cut\u00e9e parce qu'elle est anti-vaccins contre le COVID-19.","og_url":"https:\/\/www.newsendip.com\/fr\/une-senatrice-roumaine-pense-que-son-sac-a-ete-vole-au-parlement-par-les-services-secrets-diana-sosoaca\/","og_site_name":"Newsendip","article_publisher":"https:\/\/www.facebook.com\/newsendip","article_published_time":"2021-12-17T01:34:01+00:00","article_modified_time":"2024-06-12T13:42:22+00:00","og_image":[{"width":1374,"height":866,"url":"https:\/\/www.newsendip.com\/wp-content\/uploads\/2021\/12\/Diana-sosoaca-progressive.jpeg","type":"image\/jpeg"}],"author":"Cl\u00e9ment V\u00e9rit\u00e9","twitter_card":"summary_large_image","twitter_creator":"@https:\/\/twitter.com\/cverite","twitter_site":"@newsendip","twitter_misc":{"\u00c9crit par":"Cl\u00e9ment V\u00e9rit\u00e9","Dur\u00e9e de lecture estim\u00e9e":"7 minutes"},"schema":{"@context":"https:\/\/schema.org","@graph":[{"@type":"NewsArticle","@id":"https:\/\/www.newsendip.com\/fr\/une-senatrice-roumaine-pense-que-son-sac-a-ete-vole-au-parlement-par-les-services-secrets-diana-sosoaca\/#article","isPartOf":{"@id":"https:\/\/www.newsendip.com\/fr\/une-senatrice-roumaine-pense-que-son-sac-a-ete-vole-au-parlement-par-les-services-secrets-diana-sosoaca\/"},"author":{"name":"Cl\u00e9ment V\u00e9rit\u00e9","@id":"https:\/\/www.newsendip.com\/fr\/#\/schema\/person\/ea22c01755f464a3cbc2c619584d6363"},"headline":"Une s\u00e9natrice roumaine pense que son sac a \u00e9t\u00e9 vol\u00e9 au Parlement par les services secrets","datePublished":"2021-12-17T01:34:01+00:00","dateModified":"2024-06-12T13:42:22+00:00","mainEntityOfPage":{"@id":"https:\/\/www.newsendip.com\/fr\/une-senatrice-roumaine-pense-que-son-sac-a-ete-vole-au-parlement-par-les-services-secrets-diana-sosoaca\/"},"wordCount":1478,"publisher":{"@id":"https:\/\/www.newsendip.com\/fr\/#organization"},"image":{"@id":"https:\/\/www.newsendip.com\/fr\/une-senatrice-roumaine-pense-que-son-sac-a-ete-vole-au-parlement-par-les-services-secrets-diana-sosoaca\/#primaryimage"},"thumbnailUrl":"https:\/\/www.newsendip.com\/wp-content\/uploads\/2021\/12\/Diana-sosoaca.webp","keywords":["Actuel","Roumanie"],"articleSection":["Politique"],"inLanguage":"fr-FR","copyrightYear":"2021","copyrightHolder":{"@id":"https:\/\/www.newsendip.com\/#organization"}},{"@type":"WebPage","@id":"https:\/\/www.newsendip.com\/fr\/une-senatrice-roumaine-pense-que-son-sac-a-ete-vole-au-parlement-par-les-services-secrets-diana-sosoaca\/","url":"https:\/\/www.newsendip.com\/fr\/une-senatrice-roumaine-pense-que-son-sac-a-ete-vole-au-parlement-par-les-services-secrets-diana-sosoaca\/","name":"Une s\u00e9natrice roumaine pense que son sac a \u00e9t\u00e9 vol\u00e9 au Parlement par les services secrets","isPartOf":{"@id":"https:\/\/www.newsendip.com\/fr\/#website"},"primaryImageOfPage":{"@id":"https:\/\/www.newsendip.com\/fr\/une-senatrice-roumaine-pense-que-son-sac-a-ete-vole-au-parlement-par-les-services-secrets-diana-sosoaca\/#primaryimage"},"image":{"@id":"https:\/\/www.newsendip.com\/fr\/une-senatrice-roumaine-pense-que-son-sac-a-ete-vole-au-parlement-par-les-services-secrets-diana-sosoaca\/#primaryimage"},"thumbnailUrl":"https:\/\/www.newsendip.com\/wp-content\/uploads\/2021\/12\/Diana-sosoaca.webp","datePublished":"2021-12-17T01:34:01+00:00","dateModified":"2024-06-12T13:42:22+00:00","description":"Diana \u0218o\u0219oac\u0103 est une s\u00e9natrice roumaine qui pense \u00eatre pers\u00e9cut\u00e9e parce qu'elle est anti-vaccins contre le COVID-19.","breadcrumb":{"@id":"https:\/\/www.newsendip.com\/fr\/une-senatrice-roumaine-pense-que-son-sac-a-ete-vole-au-parlement-par-les-services-secrets-diana-sosoaca\/#breadcrumb"},"inLanguage":"fr-FR","potentialAction":[{"@type":"ReadAction","target":["https:\/\/www.newsendip.com\/fr\/une-senatrice-roumaine-pense-que-son-sac-a-ete-vole-au-parlement-par-les-services-secrets-diana-sosoaca\/"]}]},{"@type":"ImageObject","inLanguage":"fr-FR","@id":"https:\/\/www.newsendip.com\/fr\/une-senatrice-roumaine-pense-que-son-sac-a-ete-vole-au-parlement-par-les-services-secrets-diana-sosoaca\/#primaryimage","url":"https:\/\/www.newsendip.com\/wp-content\/uploads\/2021\/12\/Diana-sosoaca.webp","contentUrl":"https:\/\/www.newsendip.com\/wp-content\/uploads\/2021\/12\/Diana-sosoaca.webp","width":1374,"height":866,"caption":"Diana Sosoaca, s\u00e9natrice roumaine, a d\u00e9clar\u00e9 la disparition de son sac. Elle pense qu'il a \u00e9t\u00e9 vol\u00e9 par les services secrets."},{"@type":"BreadcrumbList","@id":"https:\/\/www.newsendip.com\/fr\/une-senatrice-roumaine-pense-que-son-sac-a-ete-vole-au-parlement-par-les-services-secrets-diana-sosoaca\/#breadcrumb","itemListElement":[{"@type":"ListItem","position":1,"name":"Accueil","item":"https:\/\/www.newsendip.com\/fr\/"},{"@type":"ListItem","position":2,"name":"Une s\u00e9natrice roumaine pense que son sac a \u00e9t\u00e9 vol\u00e9 au Parlement par les services secrets"}]},{"@type":"WebSite","@id":"https:\/\/www.newsendip.com\/fr\/#website","url":"https:\/\/www.newsendip.com\/fr\/","name":"Newsendip","description":"Red\u00e9couvrez l&#039;actualit\u00e9 internationale","publisher":{"@id":"https:\/\/www.newsendip.com\/fr\/#organization"},"potentialAction":[{"@type":"SearchAction","target":{"@type":"EntryPoint","urlTemplate":"https:\/\/www.newsendip.com\/fr\/?s={search_term_string}"},"query-input":{"@type":"PropertyValueSpecification","valueRequired":true,"valueName":"search_term_string"}}],"inLanguage":"fr-FR"},{"@type":"Organization","@id":"https:\/\/www.newsendip.com\/fr\/#organization","name":"Newsendip","url":"https:\/\/www.newsendip.com\/fr\/","logo":{"@type":"ImageObject","inLanguage":"fr-FR","@id":"https:\/\/www.newsendip.com\/fr\/#\/schema\/logo\/image\/","url":"https:\/\/www.newsendip.com\/wp-content\/uploads\/2023\/12\/512x512.svg","contentUrl":"https:\/\/www.newsendip.com\/wp-content\/uploads\/2023\/12\/512x512.svg","width":1,"height":1,"caption":"Newsendip"},"image":{"@id":"https:\/\/www.newsendip.com\/fr\/#\/schema\/logo\/image\/"},"sameAs":["https:\/\/www.facebook.com\/newsendip","https:\/\/x.com\/newsendip","https:\/\/mastodon.social\/@newsendip","https:\/\/www.linkedin.com\/company\/newsendip"],"description":"Newsendip est un site qui a pour mission de rendre l'actualit\u00e9 internationale accessible et diversifi\u00e9e","email":"contact@newsendip.com","legalName":"Newsendip SAS","foundingDate":"2022-11-04","vatID":"FR60921124723","numberOfEmployees":{"@type":"QuantitativeValue","minValue":"1","maxValue":"10"},"publishingPrinciples":"https:\/\/www.newsendip.com\/about-us\/","ownershipFundingInfo":"https:\/\/www.newsendip.com\/legal-notice\/","actionableFeedbackPolicy":"https:\/\/www.newsendip.com\/about-us\/","correctionsPolicy":"https:\/\/www.newsendip.com\/about-us\/","ethicsPolicy":"https:\/\/www.newsendip.com\/about-us\/","diversityPolicy":"https:\/\/www.newsendip.com\/about-us\/"},{"@type":"Person","@id":"https:\/\/www.newsendip.com\/fr\/#\/schema\/person\/ea22c01755f464a3cbc2c619584d6363","name":"Cl\u00e9ment V\u00e9rit\u00e9","description":"Cl\u00e9ment is the executive editor and founder of Newsendip. He started in the media industry as a freelance reporter at 16 for a local French newspaper after school and has never left it. He later worked for seven years at The New York Times, notably as a data analyst. He holds a Master of Management in France and a Master of Arts in the United Kingdom in International Marketing &amp; Communications Strategy. He has lived in France, the United Kingdom, and Italy.","sameAs":["https:\/\/www.newsendip.com\/","https:\/\/www.linkedin.com\/in\/clementverite\/","https:\/\/x.com\/https:\/\/twitter.com\/cverite"],"knowsAbout":["News","International","Business","Media monitoring"],"knowsLanguage":["English","French","Italian","Spanish"],"url":"https:\/\/www.newsendip.com\/fr\/author\/clement-verite\/"}]}},"_links":{"self":[{"href":"https:\/\/www.newsendip.com\/fr\/wp-json\/wp\/v2\/posts\/18660","targetHints":{"allow":["GET"]}}],"collection":[{"href":"https:\/\/www.newsendip.com\/fr\/wp-json\/wp\/v2\/posts"}],"about":[{"href":"https:\/\/www.newsendip.com\/fr\/wp-json\/wp\/v2\/types\/post"}],"author":[{"embeddable":true,"href":"https:\/\/www.newsendip.com\/fr\/wp-json\/wp\/v2\/users\/1"}],"replies":[{"embeddable":true,"href":"https:\/\/www.newsendip.com\/fr\/wp-json\/wp\/v2\/comments?post=18660"}],"version-history":[{"count":0,"href":"https:\/\/www.newsendip.com\/fr\/wp-json\/wp\/v2\/posts\/18660\/revisions"}],"wp:featuredmedia":[{"embeddable":true,"href":"https:\/\/www.newsendip.com\/fr\/wp-json\/wp\/v2\/media\/13837"}],"wp:attachment":[{"href":"https:\/\/www.newsendip.com\/fr\/wp-json\/wp\/v2\/media?parent=18660"}],"wp:term":[{"taxonomy":"category","embeddable":true,"href":"https:\/\/www.newsendip.com\/fr\/wp-json\/wp\/v2\/categories?post=18660"},{"taxonomy":"post_tag","embeddable":true,"href":"https:\/\/www.newsendip.com\/fr\/wp-json\/wp\/v2\/tags?post=18660"}],"curies":[{"name":"wp","href":"https:\/\/api.w.org\/{rel}","templated":true}]}}