{"id":18698,"date":"2021-05-24T01:00:00","date_gmt":"2021-05-23T23:00:00","guid":{"rendered":"https:\/\/www.newsendip.com\/?p=18698"},"modified":"2023-09-05T17:48:47","modified_gmt":"2023-09-05T15:48:47","slug":"la-compagnie-aerienne-portugaise-tap-airlines-ajoute-un-representant-du-personnel-a-son-conseil-dadministration","status":"publish","type":"post","link":"https:\/\/www.newsendip.com\/fr\/la-compagnie-aerienne-portugaise-tap-airlines-ajoute-un-representant-du-personnel-a-son-conseil-dadministration\/","title":{"rendered":"La compagnie a\u00e9rienne portugaise TAP Airlines ajoute un repr\u00e9sentant du personnel \u00e0 son conseil d\u2019administration"},"content":{"rendered":"<p><strong>TAP Airlines va faire \u00e9lire un repr\u00e9sentant du personnel au sein de son conseil d\u2019administration. Une d\u00e9cision surprenante, mais qui pourrait donner des id\u00e9es \u00e0 d\u2019autres entreprises en difficult\u00e9.<br>\n<\/strong><\/p>\n<figure id=\"attachment_13554\" aria-describedby=\"caption-attachment-13554\" style=\"width: 640px\" class=\"wp-caption aligncenter\"><img decoding=\"async\" class=\"wp-image-13554 size-full\" src=\"https:\/\/www.newsendip.com\/wp-content\/uploads\/2021\/05\/TAP-Staff-Representative.jpg\" alt=\"TAP Airlines aura un repr\u00e9sentant des salari\u00e9s au conseil d'administration\" width=\"640\" height=\"360\" srcset=\"https:\/\/www.newsendip.com\/wp-content\/uploads\/2021\/05\/TAP-Staff-Representative.jpg 640w, https:\/\/www.newsendip.com\/wp-content\/uploads\/2021\/05\/TAP-Staff-Representative-60x34.jpg 60w, https:\/\/www.newsendip.com\/wp-content\/uploads\/2021\/05\/TAP-Staff-Representative-300x169.jpg 300w\" sizes=\"(max-width: 640px) 100vw, 640px\"><figcaption id=\"caption-attachment-13554\" class=\"wp-caption-text\">TAP Airlines aura un repr\u00e9sentant des salari\u00e9s au conseil d\u2019administration<\/figcaption><\/figure>\n<p>Cette d\u00e9cision constitue une premi\u00e8re dans la compagnie a\u00e9rienne portugaise et une solution assez unique pour les grandes entreprises portugaises en g\u00e9n\u00e9ral. Le syndicat des travailleurs a \u00e9t\u00e9 surpris mais a accueilli favorablement la suggestion.<\/p>\n<p>Les candidats au poste dans le conseil d\u2019administration devront \u00eatre employ\u00e9s dans le groupe TAP, mais ils devront suspendre leur contrat de travail pendant la dur\u00e9e du mandat. Les membres du syndicat qui repr\u00e9sentent au moins 2\u202f% des 7 300 employ\u00e9s peuvent se pr\u00e9senter \u00e0 l\u2019\u00e9lection, ainsi que tout employ\u00e9 qui re\u00e7oit au moins 165 signatures de soutien internes. La personne qui gagne l\u2019\u00e9lection sera nomm\u00e9e directeur non ex\u00e9cutif de TAP SGPS d\u2019ici le 3 juin&nbsp;2021.<\/p>\n<p>TAP Portugal est d\u00e9tenue \u00e0 50% par l\u2019\u00c9tat portugais et \u00e0 5% par les employ\u00e9s de TAP. Les 45\u202f% restants sont d\u00e9tenus par Atlantic Gateway, un consortium compos\u00e9 de David Neeleman, fondateur de plusieurs compagnies a\u00e9riennes comme l\u2019am\u00e9ricaine JetBlue Airways, et d\u2019un entrepreneur portugais.<!--more--><\/p>\n<p>L\u2019entreprise a investi dans une nouvelle flotte en 2019 mais la dette est pass\u00e9e de 109 millions d\u2019euros en 2019 \u00e0 395 millions d\u2019euros \u00e0 la fin du premier trimestre 2020, peu aid\u00e9e par la pand\u00e9mie de COVID-19 qui a <a href=\"https:\/\/www.newsendip.com\/fr\/le-tourisme-international-de-retour-dans-les-annees-80\/\">consid\u00e9rablement r\u00e9duit le nombre de vols<\/a>.<\/p>\n<p>Les syndicats de travailleurs de TAP n\u2019ont pas encore accept\u00e9 la suggestion, mais elle a d\u00e9j\u00e0 inspir\u00e9 une autre entreprise portugaise.<\/p>\n<p>\u00c0 la <em>R\u00e1dio e Televis\u00e3o de Portugal<\/em>, le groupe de m\u00e9dias publics portugais de 1 600 employ\u00e9s, les syndicats demandent au gouvernement d\u2019envisager d\u2019avoir \u00e9galement un repr\u00e9sentant du personnel au conseil d\u2019administration. Malgr\u00e9 des r\u00e9sultats nets positifs et en croissance en 2019, les syndicats consid\u00e8rent que la direction entra\u00eene l\u2019entreprise dans une pente descendante.<\/p>\n<p><strong><a href=\"https:\/\/www.newsendip.com\/fr\/etiquette\/portugal\/\">D\u00e9couvrez plus d\u2019actualit\u00e9s sur le Portugal<\/a><\/strong><\/p>\n<h3 id=\"ref\">Liens utiles&nbsp;:<\/h3>\n<ul>\n<li>TAP vai ter um representante dos trabalhadores no conselho de administra\u00e7\u00e3o, Expresso, mai 2021, acc\u00e8s gratuit<\/li>\n<\/ul>\n","protected":false},"excerpt":{"rendered":"<p>TAP Airlines va faire \u00e9lire un repr\u00e9sentant du personnel au sein de son conseil d\u2019administration. Une d\u00e9cision surprenante, mais qui pourrait donner des id\u00e9es \u00e0 d\u2019autres entreprises en difficult\u00e9.<\/p>\n","protected":false},"author":1,"featured_media":13554,"comment_status":"closed","ping_status":"closed","sticky":false,"template":"","format":"standard","meta":{"wp_typography_post_enhancements_disabled":false,"footnotes":""},"categories":[414],"tags":[453,421],"class_list":["post-18698","post","type-post","status-publish","format-standard","has-post-thumbnail","hentry","category-economie","tag-portugal","tag-vieux"],"yoast_head":"<!-- This site is optimized with the Yoast SEO Premium plugin v27.4 (Yoast SEO v27.4) - https:\/\/yoast.com\/product\/yoast-seo-premium-wordpress\/ -->\n<title>La compagnie a\u00e9rienne portugaise TAP Airlines ajoute un repr\u00e9sentant du personnel \u00e0 son conseil d&#039;administration<\/title>\n<meta name=\"description\" content=\"TAP Airlines va faire \u00e9lire un repr\u00e9sentant du personnel au sein de son conseil d&#039;administration. Une d\u00e9cision surprenante, mais qui pourrait donner des id\u00e9es \u00e0 d&#039;autres entreprises en difficult\u00e9.\" \/>\n<meta name=\"robots\" content=\"index, follow, max-snippet:-1, max-image-preview:large, max-video-preview:-1\" \/>\n<link rel=\"canonical\" href=\"https:\/\/www.newsendip.com\/fr\/la-compagnie-aerienne-portugaise-tap-airlines-ajoute-un-representant-du-personnel-a-son-conseil-dadministration\/\" \/>\n<meta property=\"og:locale\" content=\"fr_FR\" \/>\n<meta property=\"og:type\" content=\"article\" \/>\n<meta property=\"og:title\" content=\"La compagnie a\u00e9rienne portugaise TAP Airlines ajoute un repr\u00e9sentant du personnel \u00e0 son conseil d&#039;administration\" \/>\n<meta property=\"og:description\" content=\"TAP Airlines va faire \u00e9lire un repr\u00e9sentant du personnel au sein de son conseil d&#039;administration. Une d\u00e9cision surprenante, mais qui pourrait donner des id\u00e9es \u00e0 d&#039;autres entreprises en difficult\u00e9.\" \/>\n<meta property=\"og:url\" content=\"https:\/\/www.newsendip.com\/fr\/la-compagnie-aerienne-portugaise-tap-airlines-ajoute-un-representant-du-personnel-a-son-conseil-dadministration\/\" \/>\n<meta property=\"og:site_name\" content=\"Newsendip\" \/>\n<meta property=\"article:publisher\" content=\"https:\/\/www.facebook.com\/newsendip\" \/>\n<meta property=\"article:published_time\" content=\"2021-05-23T23:00:00+00:00\" \/>\n<meta property=\"article:modified_time\" content=\"2023-09-05T15:48:47+00:00\" \/>\n<meta property=\"og:image\" content=\"https:\/\/www.newsendip.com\/wp-content\/uploads\/2021\/05\/TAP-Staff-Representative.jpg\" \/>\n\t<meta property=\"og:image:width\" content=\"640\" \/>\n\t<meta property=\"og:image:height\" content=\"360\" \/>\n\t<meta property=\"og:image:type\" content=\"image\/jpeg\" \/>\n<meta name=\"author\" content=\"Cl\u00e9ment V\u00e9rit\u00e9\" \/>\n<meta name=\"twitter:card\" content=\"summary_large_image\" \/>\n<meta name=\"twitter:creator\" content=\"@https:\/\/twitter.com\/cverite\" \/>\n<meta name=\"twitter:site\" content=\"@newsendip\" \/>\n<meta name=\"twitter:label1\" content=\"\u00c9crit par\" \/>\n\t<meta name=\"twitter:data1\" content=\"Cl\u00e9ment V\u00e9rit\u00e9\" \/>\n\t<meta name=\"twitter:label2\" content=\"Dur\u00e9e de lecture estim\u00e9e\" \/>\n\t<meta name=\"twitter:data2\" content=\"2 minutes\" \/>\n<!-- \/ Yoast SEO Premium plugin. -->","yoast_head_json":{"title":"La compagnie a\u00e9rienne portugaise TAP Airlines ajoute un repr\u00e9sentant du personnel \u00e0 son conseil d'administration","description":"TAP Airlines va faire \u00e9lire un repr\u00e9sentant du personnel au sein de son conseil d'administration. Une d\u00e9cision surprenante, mais qui pourrait donner des id\u00e9es \u00e0 d'autres entreprises en difficult\u00e9.","robots":{"index":"index","follow":"follow","max-snippet":"max-snippet:-1","max-image-preview":"max-image-preview:large","max-video-preview":"max-video-preview:-1"},"canonical":"https:\/\/www.newsendip.com\/fr\/la-compagnie-aerienne-portugaise-tap-airlines-ajoute-un-representant-du-personnel-a-son-conseil-dadministration\/","og_locale":"fr_FR","og_type":"article","og_title":"La compagnie a\u00e9rienne portugaise TAP Airlines ajoute un repr\u00e9sentant du personnel \u00e0 son conseil d'administration","og_description":"TAP Airlines va faire \u00e9lire un repr\u00e9sentant du personnel au sein de son conseil d'administration. Une d\u00e9cision surprenante, mais qui pourrait donner des id\u00e9es \u00e0 d'autres entreprises en difficult\u00e9.","og_url":"https:\/\/www.newsendip.com\/fr\/la-compagnie-aerienne-portugaise-tap-airlines-ajoute-un-representant-du-personnel-a-son-conseil-dadministration\/","og_site_name":"Newsendip","article_publisher":"https:\/\/www.facebook.com\/newsendip","article_published_time":"2021-05-23T23:00:00+00:00","article_modified_time":"2023-09-05T15:48:47+00:00","og_image":[{"width":640,"height":360,"url":"https:\/\/www.newsendip.com\/wp-content\/uploads\/2021\/05\/TAP-Staff-Representative.jpg","type":"image\/jpeg"}],"author":"Cl\u00e9ment V\u00e9rit\u00e9","twitter_card":"summary_large_image","twitter_creator":"@https:\/\/twitter.com\/cverite","twitter_site":"@newsendip","twitter_misc":{"\u00c9crit par":"Cl\u00e9ment V\u00e9rit\u00e9","Dur\u00e9e de lecture estim\u00e9e":"2 minutes"},"schema":{"@context":"https:\/\/schema.org","@graph":[{"@type":"NewsArticle","@id":"https:\/\/www.newsendip.com\/fr\/la-compagnie-aerienne-portugaise-tap-airlines-ajoute-un-representant-du-personnel-a-son-conseil-dadministration\/#article","isPartOf":{"@id":"https:\/\/www.newsendip.com\/fr\/la-compagnie-aerienne-portugaise-tap-airlines-ajoute-un-representant-du-personnel-a-son-conseil-dadministration\/"},"author":{"name":"Cl\u00e9ment V\u00e9rit\u00e9","@id":"https:\/\/www.newsendip.com\/fr\/#\/schema\/person\/ea22c01755f464a3cbc2c619584d6363"},"headline":"La compagnie a\u00e9rienne portugaise TAP Airlines ajoute un repr\u00e9sentant du personnel \u00e0 son conseil d\u2019administration","datePublished":"2021-05-23T23:00:00+00:00","dateModified":"2023-09-05T15:48:47+00:00","mainEntityOfPage":{"@id":"https:\/\/www.newsendip.com\/fr\/la-compagnie-aerienne-portugaise-tap-airlines-ajoute-un-representant-du-personnel-a-son-conseil-dadministration\/"},"wordCount":399,"publisher":{"@id":"https:\/\/www.newsendip.com\/fr\/#organization"},"image":{"@id":"https:\/\/www.newsendip.com\/fr\/la-compagnie-aerienne-portugaise-tap-airlines-ajoute-un-representant-du-personnel-a-son-conseil-dadministration\/#primaryimage"},"thumbnailUrl":"https:\/\/www.newsendip.com\/wp-content\/uploads\/2021\/05\/TAP-Staff-Representative.jpg","keywords":["Portugal","Vieux"],"articleSection":["\u00c9conomie"],"inLanguage":"fr-FR","copyrightYear":"2021","copyrightHolder":{"@id":"https:\/\/www.newsendip.com\/#organization"}},{"@type":"WebPage","@id":"https:\/\/www.newsendip.com\/fr\/la-compagnie-aerienne-portugaise-tap-airlines-ajoute-un-representant-du-personnel-a-son-conseil-dadministration\/","url":"https:\/\/www.newsendip.com\/fr\/la-compagnie-aerienne-portugaise-tap-airlines-ajoute-un-representant-du-personnel-a-son-conseil-dadministration\/","name":"La compagnie a\u00e9rienne portugaise TAP Airlines ajoute un repr\u00e9sentant du personnel \u00e0 son conseil d'administration","isPartOf":{"@id":"https:\/\/www.newsendip.com\/fr\/#website"},"primaryImageOfPage":{"@id":"https:\/\/www.newsendip.com\/fr\/la-compagnie-aerienne-portugaise-tap-airlines-ajoute-un-representant-du-personnel-a-son-conseil-dadministration\/#primaryimage"},"image":{"@id":"https:\/\/www.newsendip.com\/fr\/la-compagnie-aerienne-portugaise-tap-airlines-ajoute-un-representant-du-personnel-a-son-conseil-dadministration\/#primaryimage"},"thumbnailUrl":"https:\/\/www.newsendip.com\/wp-content\/uploads\/2021\/05\/TAP-Staff-Representative.jpg","datePublished":"2021-05-23T23:00:00+00:00","dateModified":"2023-09-05T15:48:47+00:00","description":"TAP Airlines va faire \u00e9lire un repr\u00e9sentant du personnel au sein de son conseil d'administration. Une d\u00e9cision surprenante, mais qui pourrait donner des id\u00e9es \u00e0 d'autres entreprises en difficult\u00e9.","breadcrumb":{"@id":"https:\/\/www.newsendip.com\/fr\/la-compagnie-aerienne-portugaise-tap-airlines-ajoute-un-representant-du-personnel-a-son-conseil-dadministration\/#breadcrumb"},"inLanguage":"fr-FR","potentialAction":[{"@type":"ReadAction","target":["https:\/\/www.newsendip.com\/fr\/la-compagnie-aerienne-portugaise-tap-airlines-ajoute-un-representant-du-personnel-a-son-conseil-dadministration\/"]}]},{"@type":"ImageObject","inLanguage":"fr-FR","@id":"https:\/\/www.newsendip.com\/fr\/la-compagnie-aerienne-portugaise-tap-airlines-ajoute-un-representant-du-personnel-a-son-conseil-dadministration\/#primaryimage","url":"https:\/\/www.newsendip.com\/wp-content\/uploads\/2021\/05\/TAP-Staff-Representative.jpg","contentUrl":"https:\/\/www.newsendip.com\/wp-content\/uploads\/2021\/05\/TAP-Staff-Representative.jpg","width":640,"height":360,"caption":"TAP Airlines aura un repr\u00e9sentant des salari\u00e9s au conseil d'administration"},{"@type":"BreadcrumbList","@id":"https:\/\/www.newsendip.com\/fr\/la-compagnie-aerienne-portugaise-tap-airlines-ajoute-un-representant-du-personnel-a-son-conseil-dadministration\/#breadcrumb","itemListElement":[{"@type":"ListItem","position":1,"name":"Accueil","item":"https:\/\/www.newsendip.com\/fr\/"},{"@type":"ListItem","position":2,"name":"La compagnie a\u00e9rienne portugaise TAP Airlines ajoute un repr\u00e9sentant du personnel \u00e0 son conseil d&#8217;administration"}]},{"@type":"WebSite","@id":"https:\/\/www.newsendip.com\/fr\/#website","url":"https:\/\/www.newsendip.com\/fr\/","name":"Newsendip","description":"Red\u00e9couvrez l&#039;actualit\u00e9 internationale","publisher":{"@id":"https:\/\/www.newsendip.com\/fr\/#organization"},"potentialAction":[{"@type":"SearchAction","target":{"@type":"EntryPoint","urlTemplate":"https:\/\/www.newsendip.com\/fr\/?s={search_term_string}"},"query-input":{"@type":"PropertyValueSpecification","valueRequired":true,"valueName":"search_term_string"}}],"inLanguage":"fr-FR"},{"@type":"Organization","@id":"https:\/\/www.newsendip.com\/fr\/#organization","name":"Newsendip","url":"https:\/\/www.newsendip.com\/fr\/","logo":{"@type":"ImageObject","inLanguage":"fr-FR","@id":"https:\/\/www.newsendip.com\/fr\/#\/schema\/logo\/image\/","url":"https:\/\/www.newsendip.com\/wp-content\/uploads\/2023\/12\/512x512.svg","contentUrl":"https:\/\/www.newsendip.com\/wp-content\/uploads\/2023\/12\/512x512.svg","width":1,"height":1,"caption":"Newsendip"},"image":{"@id":"https:\/\/www.newsendip.com\/fr\/#\/schema\/logo\/image\/"},"sameAs":["https:\/\/www.facebook.com\/newsendip","https:\/\/x.com\/newsendip","https:\/\/mastodon.social\/@newsendip","https:\/\/www.linkedin.com\/company\/newsendip"],"description":"Newsendip est un site qui a pour mission de rendre l'actualit\u00e9 internationale accessible et diversifi\u00e9e","email":"contact@newsendip.com","legalName":"Newsendip SAS","foundingDate":"2022-11-04","vatID":"FR60921124723","numberOfEmployees":{"@type":"QuantitativeValue","minValue":"1","maxValue":"10"},"publishingPrinciples":"https:\/\/www.newsendip.com\/about-us\/","ownershipFundingInfo":"https:\/\/www.newsendip.com\/legal-notice\/","actionableFeedbackPolicy":"https:\/\/www.newsendip.com\/about-us\/","correctionsPolicy":"https:\/\/www.newsendip.com\/about-us\/","ethicsPolicy":"https:\/\/www.newsendip.com\/about-us\/","diversityPolicy":"https:\/\/www.newsendip.com\/about-us\/"},{"@type":"Person","@id":"https:\/\/www.newsendip.com\/fr\/#\/schema\/person\/ea22c01755f464a3cbc2c619584d6363","name":"Cl\u00e9ment V\u00e9rit\u00e9","description":"Cl\u00e9ment is the executive editor and founder of Newsendip. He started in the media industry as a freelance reporter at 16 for a local French newspaper after school and has never left it. He later worked for seven years at The New York Times, notably as a data analyst. He holds a Master of Management in France and a Master of Arts in the United Kingdom in International Marketing &amp; Communications Strategy. He has lived in France, the United Kingdom, and Italy.","sameAs":["https:\/\/www.newsendip.com\/","https:\/\/www.linkedin.com\/in\/clementverite\/","https:\/\/x.com\/https:\/\/twitter.com\/cverite"],"knowsAbout":["News","International","Business","Media monitoring"],"knowsLanguage":["English","French","Italian","Spanish"],"url":"https:\/\/www.newsendip.com\/fr\/author\/clement-verite\/"}]}},"_links":{"self":[{"href":"https:\/\/www.newsendip.com\/fr\/wp-json\/wp\/v2\/posts\/18698","targetHints":{"allow":["GET"]}}],"collection":[{"href":"https:\/\/www.newsendip.com\/fr\/wp-json\/wp\/v2\/posts"}],"about":[{"href":"https:\/\/www.newsendip.com\/fr\/wp-json\/wp\/v2\/types\/post"}],"author":[{"embeddable":true,"href":"https:\/\/www.newsendip.com\/fr\/wp-json\/wp\/v2\/users\/1"}],"replies":[{"embeddable":true,"href":"https:\/\/www.newsendip.com\/fr\/wp-json\/wp\/v2\/comments?post=18698"}],"version-history":[{"count":0,"href":"https:\/\/www.newsendip.com\/fr\/wp-json\/wp\/v2\/posts\/18698\/revisions"}],"wp:featuredmedia":[{"embeddable":true,"href":"https:\/\/www.newsendip.com\/fr\/wp-json\/wp\/v2\/media\/13554"}],"wp:attachment":[{"href":"https:\/\/www.newsendip.com\/fr\/wp-json\/wp\/v2\/media?parent=18698"}],"wp:term":[{"taxonomy":"category","embeddable":true,"href":"https:\/\/www.newsendip.com\/fr\/wp-json\/wp\/v2\/categories?post=18698"},{"taxonomy":"post_tag","embeddable":true,"href":"https:\/\/www.newsendip.com\/fr\/wp-json\/wp\/v2\/tags?post=18698"}],"curies":[{"name":"wp","href":"https:\/\/api.w.org\/{rel}","templated":true}]}}