{"id":18738,"date":"2022-02-14T13:14:02","date_gmt":"2022-02-14T12:14:02","guid":{"rendered":"https:\/\/www.newsendip.com\/?p=18738"},"modified":"2024-07-16T21:55:58","modified_gmt":"2024-07-16T19:55:58","slug":"des-militants-tcheques-coupent-leau-du-ministere-de-lenvironnement-pour-protester-contre-la-mine-de-charbon-de-turow","status":"publish","type":"post","link":"https:\/\/www.newsendip.com\/fr\/des-militants-tcheques-coupent-leau-du-ministere-de-lenvironnement-pour-protester-contre-la-mine-de-charbon-de-turow\/","title":{"rendered":"Des militants tch\u00e8ques coupent l\u2019eau du minist\u00e8re de l\u2019environnement pour protester contre la mine de charbon de&nbsp;Tur\u00f3w"},"content":{"rendered":"<p><strong>Un groupe de militants a coup\u00e9 l\u2019approvisionnement en eau du b\u00e2timent du minist\u00e8re de l\u2019Environnement \u00e0 Prague pendant environ une demi-heure pour protester contre l\u2019accord conclu entre la R\u00e9publique tch\u00e8que et la Pologne sur la mine de charbon de&nbsp;Tur\u00f3w.<br>\n<\/strong><\/p>\n<figure id=\"attachment_14060\" aria-describedby=\"caption-attachment-14060\" style=\"width: 1024px\" class=\"wp-caption aligncenter\"><img decoding=\"async\" class=\"wp-image-14060 size-large\" src=\"https:\/\/www.newsendip.com\/wp-content\/uploads\/2022\/02\/greenpeace-protest-turow-coal-mine-water-czech-republic-poland-1024x681.webp\" alt=\"Manifestation de Greenpeace le 3 f\u00e9vrier 2022 contre l'accord sur la mine de charbon de Tur\u00f3w entre la R\u00e9publique tch\u00e8que et la Pologne\" width=\"1024\" height=\"681\" srcset=\"https:\/\/www.newsendip.com\/wp-content\/uploads\/2022\/02\/greenpeace-protest-turow-coal-mine-water-czech-republic-poland-1024x681.webp 1024w, https:\/\/www.newsendip.com\/wp-content\/uploads\/2022\/02\/greenpeace-protest-turow-coal-mine-water-czech-republic-poland-60x40.webp 60w, https:\/\/www.newsendip.com\/wp-content\/uploads\/2022\/02\/greenpeace-protest-turow-coal-mine-water-czech-republic-poland-720x480.webp 720w, https:\/\/www.newsendip.com\/wp-content\/uploads\/2022\/02\/greenpeace-protest-turow-coal-mine-water-czech-republic-poland-300x200.webp 300w, https:\/\/www.newsendip.com\/wp-content\/uploads\/2022\/02\/greenpeace-protest-turow-coal-mine-water-czech-republic-poland-768x511.webp 768w, https:\/\/www.newsendip.com\/wp-content\/uploads\/2022\/02\/greenpeace-protest-turow-coal-mine-water-czech-republic-poland.webp 1536w\" sizes=\"(max-width: 1024px) 100vw, 1024px\"><figcaption id=\"caption-attachment-14060\" class=\"wp-caption-text\">Manifestation de Greenpeace le 3 f\u00e9vrier 2022 contre l\u2019accord sur la mine de charbon de Tur\u00f3w entre la R\u00e9publique tch\u00e8que et la Pologne | \u00a9 Greenpeace<\/figcaption><\/figure>\n<p>Le 14 f\u00e9vrier, un groupe d\u2019activistes a coup\u00e9 l\u2019eau dans le b\u00e2timent du minist\u00e8re de l\u2019Environnement de la R\u00e9publique tch\u00e8que, selon l\u2019Agence de presse tch\u00e8que.<\/p>\n<p>Ce coup a pour but d\u2019alerter sur les risques d\u2019approvisionnement en eau pr\u00e8s de la <a href=\"https:\/\/www.newsendip.com\/fr\/des-images-satellites-revelent-de-fortes-emissions-de-methane-des-mines-de-charbon-en-australie\/\">mine de charbon<\/a> de Tur\u00f3w. Les habitants de la r\u00e9gion de Liberec pr\u00e8s de la mine de charbon, dans le nord de la R\u00e9publique tch\u00e8que, mettent en avant que la nappe phr\u00e9atique diminue dans la r\u00e9gion en raison des activit\u00e9s mini\u00e8res.<\/p>\n<p>Les militants avaient initialement pr\u00e9vu de couper l\u2019eau pendant quelques heures, mais ils ont cess\u00e9 une demi-heure apr\u00e8s lorsque la police est arriv\u00e9e.<\/p>\n<p>L\u2019approvisionnement en eau est reli\u00e9 au syst\u00e8me d\u2019extinction des incendies, et la porte-parole du bureau, Dominika Posp\u00ed\u0161ilov\u00e1, a d\u00e9clar\u00e9 que le fonctionnement des locaux \u00e9tait mis en danger pendant la coupure d\u2019eau, notamment pour ce qui est de la s\u00e9curit\u00e9 et l\u2019hygi\u00e8ne. La ministre de l\u2019environnement, Anna Hub\u00e1\u010dkov\u00e1, a d\u00e9clar\u00e9 aux journalistes tch\u00e8ques que cette action d\u00e9passait les limites d\u2019un comportement d\u00e9cent.<\/p>\n<p>Une s\u00e9rie de manifestations ont eu lieu ces derniers jours contre l\u2019accord conclu entre la R\u00e9publique tch\u00e8que et la Pologne concernant la mine de charbon de Tur\u00f3w en <a href=\"https:\/\/www.newsendip.com\/fr\/etiquette\/pologne\/\">Pologne<\/a>, pr\u00e8s des fronti\u00e8res allemande et tch\u00e8que.<\/p>\n<p>Dimanche, Greenpeace a organis\u00e9 une manifestation sur la place Wenceslas \u00e0 Prague, \u00e0 laquelle plusieurs centaines de personnes ont particip\u00e9.<\/p>\n<p>Greenpeace affirme que l\u2019accord conclu par le Premier ministre tch\u00e8que Petr Fiala avec son homologue polonais le 3 f\u00e9vrier ne prot\u00e8ge pas les <a href=\"https:\/\/www.newsendip.com\/fr\/les-parlementaires-chiliens-approuvent-une-reforme-du-code-de-leau-vieille-de-onze-ans\/\">r\u00e9serves d\u2019eau<\/a> tch\u00e8ques.<\/p>\n<h2>La Pologne mise \u00e0 l\u2019amende par la Cour de justice des Communaut\u00e9s europ\u00e9ennes fermeture de la mine de charbon de&nbsp;Tur\u00f3w<\/h2>\n<p>L\u2019accord a mis fin \u00e0 un diff\u00e9rend de longue date entre les deux&nbsp;pays.<!--more--><\/p>\n<p>L\u2019ann\u00e9e derni\u00e8re, la R\u00e9publique tch\u00e8que a port\u00e9 le litige devant la Cour de justice des Communaut\u00e9s europ\u00e9ennes. Elle estimait que la Pologne n\u2019avait pas tenu compte de ses dol\u00e9ances contre le fait que la mine drainait l\u2019eau des villages tch\u00e8ques et qu\u2019elle g\u00e9n\u00e9rait de mani\u00e8re excessive de la poussi\u00e8re et une <a href=\"https:\/\/www.newsendip.com\/fr\/eskom-lentreprise-delectricite-sud-africaine-qui-emet-plus-de-dioxyde-de-soufre-que-nimporte-quel-autre-acteur-du-secteur\/\">pollution<\/a> sonore et lumineuse.<\/p>\n<p>En septembre, la Cour europ\u00e9enne de justice avait demand\u00e9 la fermeture de la mine et impos\u00e9 une amende journali\u00e8re de 500 000 euros tant que la Pologne continuerait \u00e0 l\u2019exploiter. Mais la Pologne a refus\u00e9 de payer l\u2019amende car la mine de lignite g\u00e9n\u00e8re pr\u00e8s de 9\u202f% de l\u2019\u00e9nergie du pays. La Pologne a \u00e9galement fait valoir que la Cour de justice de l\u2019UE n\u2019avait pas le pouvoir d\u2019imposer cette amende.<\/p>\n<p>En vertu de l\u2019accord sign\u00e9 entre les deux pays, la Pologne versera \u00e0 la R\u00e9publique tch\u00e8que une compensation de 45 millions d\u2019euros, dont 10 millions seront consacr\u00e9s \u00e0 des projets environnementaux dans le voisinage de la mine. La Pologne financera une barri\u00e8re souterraine visant \u00e0 emp\u00eacher tout nouvel \u00e9coulement des eaux souterraines depuis le territoire tch\u00e8que.<\/p>\n<p>La Cour europ\u00e9enne a d\u00e9clar\u00e9 que l\u2019amende continuerait de s\u2019accumuler jusqu\u2019\u00e0 ce que la R\u00e9publique tch\u00e8que retire sa plainte. D\u00e9but f\u00e9vrier, l\u2019amende \u00e9tait pass\u00e9e \u00e0 68 millions d\u2019euros. Depuis janvier, l\u2019Union europ\u00e9enne avait commenc\u00e9 \u00e0 d\u00e9duire de l\u2019argent vers\u00e9s \u00e0 la Pologne pour couvrir les amendes non pay\u00e9es.<\/p>\n<p>La R\u00e9publique tch\u00e8que a retir\u00e9 sa plainte quelques jours apr\u00e8s l\u2019accord.<\/p>\n<p><a href=\"https:\/\/www.newsendip.com\/fr\/etiquette\/republique-tcheque\/\"><strong>D\u00e9couvrez plus d\u2019actualit\u00e9s sur la R\u00e9publique tch\u00e8que<\/strong><\/a><\/p>\n","protected":false},"excerpt":{"rendered":"<p>Un groupe de militants a coup\u00e9 l\u2019eau du minist\u00e8re de l\u2019Environnement \u00e0 Prague pendant pour protester contre l\u2019accord conclu entre la R\u00e9publique tch\u00e8que et la Pologne sur la mine de charbon de&nbsp;Tur\u00f3w<\/p>\n","protected":false},"author":1,"featured_media":14060,"comment_status":"closed","ping_status":"closed","sticky":false,"template":"","format":"standard","meta":{"wp_typography_post_enhancements_disabled":false,"footnotes":""},"categories":[3016],"tags":[437,421],"class_list":["post-18738","post","type-post","status-publish","format-standard","has-post-thumbnail","hentry","category-environnement","tag-republique-tcheque","tag-vieux"],"yoast_head":"<!-- This site is optimized with the Yoast SEO Premium plugin v27.4 (Yoast SEO v27.4) - https:\/\/yoast.com\/product\/yoast-seo-premium-wordpress\/ -->\n<title>Des militants tch\u00e8ques coupent l&#039;eau du minist\u00e8re de l&#039;environnement pour protester contre la mine de charbon de Tur\u00f3w<\/title>\n<meta name=\"description\" content=\"Un groupe de militants a coup\u00e9 l&#039;eau du minist\u00e8re de l&#039;Environnement \u00e0 Prague pendant pour protester contre l&#039;accord conclu entre la R\u00e9publique tch\u00e8que et la Pologne sur la mine de charbon de Tur\u00f3w\" \/>\n<meta name=\"robots\" content=\"index, follow, max-snippet:-1, max-image-preview:large, max-video-preview:-1\" \/>\n<link rel=\"canonical\" href=\"https:\/\/www.newsendip.com\/fr\/des-militants-tcheques-coupent-leau-du-ministere-de-lenvironnement-pour-protester-contre-la-mine-de-charbon-de-turow\/\" \/>\n<meta property=\"og:locale\" content=\"fr_FR\" \/>\n<meta property=\"og:type\" content=\"article\" \/>\n<meta property=\"og:title\" content=\"Des militants tch\u00e8ques coupent l&#039;eau du minist\u00e8re de l&#039;environnement pour protester contre la mine de charbon de Tur\u00f3w\" \/>\n<meta property=\"og:description\" content=\"Un groupe de militants a coup\u00e9 l&#039;eau du minist\u00e8re de l&#039;Environnement \u00e0 Prague pendant pour protester contre l&#039;accord conclu entre la R\u00e9publique tch\u00e8que et la Pologne sur la mine de charbon de Tur\u00f3w\" \/>\n<meta property=\"og:url\" content=\"https:\/\/www.newsendip.com\/fr\/des-militants-tcheques-coupent-leau-du-ministere-de-lenvironnement-pour-protester-contre-la-mine-de-charbon-de-turow\/\" \/>\n<meta property=\"og:site_name\" content=\"Newsendip\" \/>\n<meta property=\"article:publisher\" content=\"https:\/\/www.facebook.com\/newsendip\" \/>\n<meta property=\"article:published_time\" content=\"2022-02-14T12:14:02+00:00\" \/>\n<meta property=\"article:modified_time\" content=\"2024-07-16T19:55:58+00:00\" \/>\n<meta property=\"og:image\" content=\"https:\/\/www.newsendip.com\/wp-content\/uploads\/2022\/02\/greenpeace-protest-turow-coal-mine-water-czech-republic-poland-progressive.jpeg\" \/>\n\t<meta property=\"og:image:width\" content=\"1536\" \/>\n\t<meta property=\"og:image:height\" content=\"1022\" \/>\n\t<meta property=\"og:image:type\" content=\"image\/jpeg\" \/>\n<meta name=\"author\" content=\"Cl\u00e9ment V\u00e9rit\u00e9\" \/>\n<meta name=\"twitter:card\" content=\"summary_large_image\" \/>\n<meta name=\"twitter:image\" content=\"https:\/\/www.newsendip.com\/wp-content\/uploads\/2022\/02\/greenpeace-protest-turow-coal-mine-water-czech-republic-poland-progressive.jpeg\" \/>\n<meta name=\"twitter:creator\" content=\"@https:\/\/twitter.com\/cverite\" \/>\n<meta name=\"twitter:site\" content=\"@newsendip\" \/>\n<meta name=\"twitter:label1\" content=\"\u00c9crit par\" \/>\n\t<meta name=\"twitter:data1\" content=\"Cl\u00e9ment V\u00e9rit\u00e9\" \/>\n\t<meta name=\"twitter:label2\" content=\"Dur\u00e9e de lecture estim\u00e9e\" \/>\n\t<meta name=\"twitter:data2\" content=\"4 minutes\" \/>\n<!-- \/ Yoast SEO Premium plugin. -->","yoast_head_json":{"title":"Des militants tch\u00e8ques coupent l'eau du minist\u00e8re de l'environnement pour protester contre la mine de charbon de Tur\u00f3w","description":"Un groupe de militants a coup\u00e9 l'eau du minist\u00e8re de l'Environnement \u00e0 Prague pendant pour protester contre l'accord conclu entre la R\u00e9publique tch\u00e8que et la Pologne sur la mine de charbon de Tur\u00f3w","robots":{"index":"index","follow":"follow","max-snippet":"max-snippet:-1","max-image-preview":"max-image-preview:large","max-video-preview":"max-video-preview:-1"},"canonical":"https:\/\/www.newsendip.com\/fr\/des-militants-tcheques-coupent-leau-du-ministere-de-lenvironnement-pour-protester-contre-la-mine-de-charbon-de-turow\/","og_locale":"fr_FR","og_type":"article","og_title":"Des militants tch\u00e8ques coupent l'eau du minist\u00e8re de l'environnement pour protester contre la mine de charbon de Tur\u00f3w","og_description":"Un groupe de militants a coup\u00e9 l'eau du minist\u00e8re de l'Environnement \u00e0 Prague pendant pour protester contre l'accord conclu entre la R\u00e9publique tch\u00e8que et la Pologne sur la mine de charbon de Tur\u00f3w","og_url":"https:\/\/www.newsendip.com\/fr\/des-militants-tcheques-coupent-leau-du-ministere-de-lenvironnement-pour-protester-contre-la-mine-de-charbon-de-turow\/","og_site_name":"Newsendip","article_publisher":"https:\/\/www.facebook.com\/newsendip","article_published_time":"2022-02-14T12:14:02+00:00","article_modified_time":"2024-07-16T19:55:58+00:00","og_image":[{"width":1536,"height":1022,"url":"https:\/\/www.newsendip.com\/wp-content\/uploads\/2022\/02\/greenpeace-protest-turow-coal-mine-water-czech-republic-poland-progressive.jpeg","type":"image\/jpeg"}],"author":"Cl\u00e9ment V\u00e9rit\u00e9","twitter_card":"summary_large_image","twitter_image":"https:\/\/www.newsendip.com\/wp-content\/uploads\/2022\/02\/greenpeace-protest-turow-coal-mine-water-czech-republic-poland-progressive.jpeg","twitter_creator":"@https:\/\/twitter.com\/cverite","twitter_site":"@newsendip","twitter_misc":{"\u00c9crit par":"Cl\u00e9ment V\u00e9rit\u00e9","Dur\u00e9e de lecture estim\u00e9e":"4 minutes"},"schema":{"@context":"https:\/\/schema.org","@graph":[{"@type":"NewsArticle","@id":"https:\/\/www.newsendip.com\/fr\/des-militants-tcheques-coupent-leau-du-ministere-de-lenvironnement-pour-protester-contre-la-mine-de-charbon-de-turow\/#article","isPartOf":{"@id":"https:\/\/www.newsendip.com\/fr\/des-militants-tcheques-coupent-leau-du-ministere-de-lenvironnement-pour-protester-contre-la-mine-de-charbon-de-turow\/"},"author":{"name":"Cl\u00e9ment V\u00e9rit\u00e9","@id":"https:\/\/www.newsendip.com\/fr\/#\/schema\/person\/ea22c01755f464a3cbc2c619584d6363"},"headline":"Des militants tch\u00e8ques coupent l\u2019eau du minist\u00e8re de l\u2019environnement pour protester contre la mine de charbon de&nbsp;Tur\u00f3w","datePublished":"2022-02-14T12:14:02+00:00","dateModified":"2024-07-16T19:55:58+00:00","mainEntityOfPage":{"@id":"https:\/\/www.newsendip.com\/fr\/des-militants-tcheques-coupent-leau-du-ministere-de-lenvironnement-pour-protester-contre-la-mine-de-charbon-de-turow\/"},"wordCount":739,"publisher":{"@id":"https:\/\/www.newsendip.com\/fr\/#organization"},"image":{"@id":"https:\/\/www.newsendip.com\/fr\/des-militants-tcheques-coupent-leau-du-ministere-de-lenvironnement-pour-protester-contre-la-mine-de-charbon-de-turow\/#primaryimage"},"thumbnailUrl":"https:\/\/www.newsendip.com\/wp-content\/uploads\/2022\/02\/greenpeace-protest-turow-coal-mine-water-czech-republic-poland.webp","keywords":["R\u00e9publique tch\u00e8que","Vieux"],"articleSection":["Environnement"],"inLanguage":"fr-FR","copyrightYear":"2022","copyrightHolder":{"@id":"https:\/\/www.newsendip.com\/#organization"}},{"@type":"WebPage","@id":"https:\/\/www.newsendip.com\/fr\/des-militants-tcheques-coupent-leau-du-ministere-de-lenvironnement-pour-protester-contre-la-mine-de-charbon-de-turow\/","url":"https:\/\/www.newsendip.com\/fr\/des-militants-tcheques-coupent-leau-du-ministere-de-lenvironnement-pour-protester-contre-la-mine-de-charbon-de-turow\/","name":"Des militants tch\u00e8ques coupent l'eau du minist\u00e8re de l'environnement pour protester contre la mine de charbon de Tur\u00f3w","isPartOf":{"@id":"https:\/\/www.newsendip.com\/fr\/#website"},"primaryImageOfPage":{"@id":"https:\/\/www.newsendip.com\/fr\/des-militants-tcheques-coupent-leau-du-ministere-de-lenvironnement-pour-protester-contre-la-mine-de-charbon-de-turow\/#primaryimage"},"image":{"@id":"https:\/\/www.newsendip.com\/fr\/des-militants-tcheques-coupent-leau-du-ministere-de-lenvironnement-pour-protester-contre-la-mine-de-charbon-de-turow\/#primaryimage"},"thumbnailUrl":"https:\/\/www.newsendip.com\/wp-content\/uploads\/2022\/02\/greenpeace-protest-turow-coal-mine-water-czech-republic-poland.webp","datePublished":"2022-02-14T12:14:02+00:00","dateModified":"2024-07-16T19:55:58+00:00","description":"Un groupe de militants a coup\u00e9 l'eau du minist\u00e8re de l'Environnement \u00e0 Prague pendant pour protester contre l'accord conclu entre la R\u00e9publique tch\u00e8que et la Pologne sur la mine de charbon de Tur\u00f3w","breadcrumb":{"@id":"https:\/\/www.newsendip.com\/fr\/des-militants-tcheques-coupent-leau-du-ministere-de-lenvironnement-pour-protester-contre-la-mine-de-charbon-de-turow\/#breadcrumb"},"inLanguage":"fr-FR","potentialAction":[{"@type":"ReadAction","target":["https:\/\/www.newsendip.com\/fr\/des-militants-tcheques-coupent-leau-du-ministere-de-lenvironnement-pour-protester-contre-la-mine-de-charbon-de-turow\/"]}]},{"@type":"ImageObject","inLanguage":"fr-FR","@id":"https:\/\/www.newsendip.com\/fr\/des-militants-tcheques-coupent-leau-du-ministere-de-lenvironnement-pour-protester-contre-la-mine-de-charbon-de-turow\/#primaryimage","url":"https:\/\/www.newsendip.com\/wp-content\/uploads\/2022\/02\/greenpeace-protest-turow-coal-mine-water-czech-republic-poland.webp","contentUrl":"https:\/\/www.newsendip.com\/wp-content\/uploads\/2022\/02\/greenpeace-protest-turow-coal-mine-water-czech-republic-poland.webp","width":1536,"height":1022,"caption":"Manifestation de Greenpeace le 3 f\u00e9vrier 2022 contre l'accord sur la mine de charbon de Tur\u00f3w entre la R\u00e9publique tch\u00e8que et la Pologne | \u00a9 Greenpeace"},{"@type":"BreadcrumbList","@id":"https:\/\/www.newsendip.com\/fr\/des-militants-tcheques-coupent-leau-du-ministere-de-lenvironnement-pour-protester-contre-la-mine-de-charbon-de-turow\/#breadcrumb","itemListElement":[{"@type":"ListItem","position":1,"name":"Accueil","item":"https:\/\/www.newsendip.com\/fr\/"},{"@type":"ListItem","position":2,"name":"Des militants tch\u00e8ques coupent l&#8217;eau du minist\u00e8re de l&#8217;environnement pour protester contre la mine de charbon de Tur\u00f3w"}]},{"@type":"WebSite","@id":"https:\/\/www.newsendip.com\/fr\/#website","url":"https:\/\/www.newsendip.com\/fr\/","name":"Newsendip","description":"Red\u00e9couvrez l&#039;actualit\u00e9 internationale","publisher":{"@id":"https:\/\/www.newsendip.com\/fr\/#organization"},"potentialAction":[{"@type":"SearchAction","target":{"@type":"EntryPoint","urlTemplate":"https:\/\/www.newsendip.com\/fr\/?s={search_term_string}"},"query-input":{"@type":"PropertyValueSpecification","valueRequired":true,"valueName":"search_term_string"}}],"inLanguage":"fr-FR"},{"@type":"Organization","@id":"https:\/\/www.newsendip.com\/fr\/#organization","name":"Newsendip","url":"https:\/\/www.newsendip.com\/fr\/","logo":{"@type":"ImageObject","inLanguage":"fr-FR","@id":"https:\/\/www.newsendip.com\/fr\/#\/schema\/logo\/image\/","url":"https:\/\/www.newsendip.com\/wp-content\/uploads\/2023\/12\/512x512.svg","contentUrl":"https:\/\/www.newsendip.com\/wp-content\/uploads\/2023\/12\/512x512.svg","width":1,"height":1,"caption":"Newsendip"},"image":{"@id":"https:\/\/www.newsendip.com\/fr\/#\/schema\/logo\/image\/"},"sameAs":["https:\/\/www.facebook.com\/newsendip","https:\/\/x.com\/newsendip","https:\/\/mastodon.social\/@newsendip","https:\/\/www.linkedin.com\/company\/newsendip"],"description":"Newsendip est un site qui a pour mission de rendre l'actualit\u00e9 internationale accessible et diversifi\u00e9e","email":"contact@newsendip.com","legalName":"Newsendip SAS","foundingDate":"2022-11-04","vatID":"FR60921124723","numberOfEmployees":{"@type":"QuantitativeValue","minValue":"1","maxValue":"10"},"publishingPrinciples":"https:\/\/www.newsendip.com\/about-us\/","ownershipFundingInfo":"https:\/\/www.newsendip.com\/legal-notice\/","actionableFeedbackPolicy":"https:\/\/www.newsendip.com\/about-us\/","correctionsPolicy":"https:\/\/www.newsendip.com\/about-us\/","ethicsPolicy":"https:\/\/www.newsendip.com\/about-us\/","diversityPolicy":"https:\/\/www.newsendip.com\/about-us\/"},{"@type":"Person","@id":"https:\/\/www.newsendip.com\/fr\/#\/schema\/person\/ea22c01755f464a3cbc2c619584d6363","name":"Cl\u00e9ment V\u00e9rit\u00e9","description":"Cl\u00e9ment is the executive editor and founder of Newsendip. He started in the media industry as a freelance reporter at 16 for a local French newspaper after school and has never left it. He later worked for seven years at The New York Times, notably as a data analyst. He holds a Master of Management in France and a Master of Arts in the United Kingdom in International Marketing &amp; Communications Strategy. He has lived in France, the United Kingdom, and Italy.","sameAs":["https:\/\/www.newsendip.com\/","https:\/\/www.linkedin.com\/in\/clementverite\/","https:\/\/x.com\/https:\/\/twitter.com\/cverite"],"knowsAbout":["News","International","Business","Media monitoring"],"knowsLanguage":["English","French","Italian","Spanish"],"url":"https:\/\/www.newsendip.com\/fr\/author\/clement-verite\/"}]}},"_links":{"self":[{"href":"https:\/\/www.newsendip.com\/fr\/wp-json\/wp\/v2\/posts\/18738","targetHints":{"allow":["GET"]}}],"collection":[{"href":"https:\/\/www.newsendip.com\/fr\/wp-json\/wp\/v2\/posts"}],"about":[{"href":"https:\/\/www.newsendip.com\/fr\/wp-json\/wp\/v2\/types\/post"}],"author":[{"embeddable":true,"href":"https:\/\/www.newsendip.com\/fr\/wp-json\/wp\/v2\/users\/1"}],"replies":[{"embeddable":true,"href":"https:\/\/www.newsendip.com\/fr\/wp-json\/wp\/v2\/comments?post=18738"}],"version-history":[{"count":0,"href":"https:\/\/www.newsendip.com\/fr\/wp-json\/wp\/v2\/posts\/18738\/revisions"}],"wp:featuredmedia":[{"embeddable":true,"href":"https:\/\/www.newsendip.com\/fr\/wp-json\/wp\/v2\/media\/14060"}],"wp:attachment":[{"href":"https:\/\/www.newsendip.com\/fr\/wp-json\/wp\/v2\/media?parent=18738"}],"wp:term":[{"taxonomy":"category","embeddable":true,"href":"https:\/\/www.newsendip.com\/fr\/wp-json\/wp\/v2\/categories?post=18738"},{"taxonomy":"post_tag","embeddable":true,"href":"https:\/\/www.newsendip.com\/fr\/wp-json\/wp\/v2\/tags?post=18738"}],"curies":[{"name":"wp","href":"https:\/\/api.w.org\/{rel}","templated":true}]}}