{"id":18741,"date":"2022-02-02T16:44:04","date_gmt":"2022-02-02T15:44:04","guid":{"rendered":"https:\/\/www.newsendip.com\/?p=18741"},"modified":"2023-09-05T19:10:20","modified_gmt":"2023-09-05T17:10:20","slug":"polemique-en-republique-tcheque-sur-un-document-a-propos-de-la-responsabilite-russe-dans-les-explosions-de-vrbetice","status":"publish","type":"post","link":"https:\/\/www.newsendip.com\/fr\/polemique-en-republique-tcheque-sur-un-document-a-propos-de-la-responsabilite-russe-dans-les-explosions-de-vrbetice\/","title":{"rendered":"Pol\u00e9mique en R\u00e9publique tch\u00e8que sur un document \u00e0 propos de la responsabilit\u00e9 russe dans les explosions de Vrb\u011btice"},"content":{"rendered":"<p><strong>La police tch\u00e8que a d\u00e9couvert qu\u2019une note confidentielle envoy\u00e9e au pr\u00e9sident tch\u00e8que d\u00e9taillant la responsabilit\u00e9 de la Russie dans les explosions de Vrb\u011btice avait \u00e9t\u00e9 supprim\u00e9. Le bureau du pr\u00e9sident nie toute malversation.<br>\n<\/strong><\/p>\n<figure id=\"attachment_14012\" aria-describedby=\"caption-attachment-14012\" style=\"width: 1024px\" class=\"wp-caption aligncenter\"><img decoding=\"async\" class=\"wp-image-14012 size-large\" src=\"https:\/\/www.newsendip.com\/wp-content\/uploads\/2022\/02\/czech-republic-president-russia-1024x684.webp\" alt=\"Milo\u0161 Zeman (\u00e0 gauche) et Vladimir Poutine (\u00e0 droite) lors d'une visite officielle du Pr\u00e9sident de la R\u00e9publique tch\u00e8que en Russie en 2017\" width=\"1024\" height=\"684\" srcset=\"https:\/\/www.newsendip.com\/wp-content\/uploads\/2022\/02\/czech-republic-president-russia-1024x684.webp 1024w, https:\/\/www.newsendip.com\/wp-content\/uploads\/2022\/02\/czech-republic-president-russia-60x40.webp 60w, https:\/\/www.newsendip.com\/wp-content\/uploads\/2022\/02\/czech-republic-president-russia-720x480.webp 720w, https:\/\/www.newsendip.com\/wp-content\/uploads\/2022\/02\/czech-republic-president-russia-300x200.webp 300w, https:\/\/www.newsendip.com\/wp-content\/uploads\/2022\/02\/czech-republic-president-russia-768x513.webp 768w, https:\/\/www.newsendip.com\/wp-content\/uploads\/2022\/02\/czech-republic-president-russia-1536x1025.webp 1536w, https:\/\/www.newsendip.com\/wp-content\/uploads\/2022\/02\/czech-republic-president-russia.webp 1600w\" sizes=\"(max-width: 1024px) 100vw, 1024px\"><figcaption id=\"caption-attachment-14012\" class=\"wp-caption-text\">Milo\u0161 Zeman (\u00e0 gauche) et Vladimir Poutine (\u00e0 droite) lors d\u2019une visite officielle du Pr\u00e9sident de la R\u00e9publique tch\u00e8que en Russie en 2017 | \u00a9 Bureau du Pr\u00e9sident de la R\u00e9publique tch\u00e8que<\/figcaption><\/figure>\n<p>Le Centre national contre le crime organis\u00e9 s\u2019est rendu au bureau du pr\u00e9sident tch\u00e8que le 21 janvier pour mettre la main sur un document confidentiel r\u00e9dig\u00e9 par le Service d\u2019information de s\u00e9curit\u00e9 (BIS), une agence de renseignement int\u00e9rieur tch\u00e8que.<\/p>\n<p>Ils voulaient v\u00e9rifier s\u2019il y avait des e<strong>mpreintes digitales ou de l\u2019ADN permettant de remonter jusqu\u2019\u00e0 une personne ayant eu acc\u00e8s \u00e0 ce document confidentiel sans autorisation<\/strong>. La note hautement sensible serait rest\u00e9e plusieurs jours dans le bureau du pr\u00e9sident Milo\u0161 Zeman avant que celui-ci ne la&nbsp;lise.<\/p>\n<p>Mais les forces de l\u2019ordre ont d\u00e9couvert que <strong>la note confidentielle avait \u00e9t\u00e9 d\u00e9truite<\/strong>, ont rapport\u00e9 la radio tch\u00e8que <a href=\"https:\/\/www.irozhlas.cz\/zpravy-domov\/vybuch-ve-vrbeticich-prazsky-hrad-skartovana-zprava-policie_2201290500_aur\"><em>Radio\u017eurn\u00e1l<\/em><\/a> et le magazine d\u2019information <a href=\"https:\/\/www.respekt.cz\/agenda\/policie-resi-jestli-hrad-skartoval-tajnou-zpravu-k-vrbeticim\"><em>Respekt<\/em><\/a> le 29 janvier. Le personnel a d\u2019abord d\u00e9clar\u00e9 qu\u2019il s\u2019agissait d\u2019une erreur.<\/p>\n<p>La note expliquait que deux agents du GRU, l\u2019agence de renseignement militaire \u00e9trang\u00e8re russe, \u00e9taient probablement responsables des explosions \u00e0 Vrb\u011btice.<\/p>\n<h2>L\u2019enqu\u00eate tch\u00e8que sur Vrb\u011btice toujours en&nbsp;cours<\/h2>\n<p>En 2014, <strong>deux entrep\u00f4ts de munitions \u00e0 Vrb\u011btice ont myst\u00e9rieusement explos\u00e9<\/strong>. Vrb\u011btice est une petite ville proche de la fronti\u00e8re slovaque o\u00f9 des armes \u00e9tait suppos\u00e9ment d\u00e9di\u00e9es aux troupes ukrainiennes combattant l\u2019arm\u00e9e russe.<\/p>\n<p>Peu apr\u00e8s avoir re\u00e7u le document en avril 2021, la R\u00e9publique tch\u00e8que a annonc\u00e9 qu\u2019elle soup\u00e7onnait un service de renseignement militaire russe d\u2019avoir planifi\u00e9 les explosions. Cette annonce a entra\u00een\u00e9 des <a href=\"https:\/\/www.newsendip.com\/fr\/la-radio-publique-tcheque-censuree-en-russie\/\">tensions politiques entre Prague et Moscou,<\/a> et notamment \u00e0 des expulsions mutuelles de diplomates.<\/p>\n<p>Milo\u0161 Zeman avait initialement sugg\u00e9r\u00e9 que les explosions \u00e9taient un accident, mettant en doute l\u2019implication de la <a href=\"https:\/\/newsendip.com\/fr\/etiquette\/russie\">Russie<\/a>. Cela a suscit\u00e9 des manifestations \u00e0 Prague qui accusaient M. Zeman d\u2019\u00eatre pro-russe.<!--more--><\/p>\n<p>Le Centre national contre le crime organis\u00e9 et l\u2019agence tch\u00e8que de contre-espionnage continuent toutefois d\u2019enqu\u00eater sur les explosions. Ils soup\u00e7onnent par exemple un <a href=\"https:\/\/www.irozhlas.cz\/zpravy-domov\/vrbetice-miskin-cepiga-saposnikov-vybuch-gru-vysetrovani_2201272130_voj\">citoyen tch\u00e8que qui aurait pu avoir aid\u00e9 les agents du GRU<\/a>.<\/p>\n<p>La R\u00e9publique tch\u00e8que collabore \u00e9galement avec l\u2019Ukraine et la <a href=\"https:\/\/www.newsendip.com\/fr\/etiquette\/bulgarie\/\">Bulgarie<\/a> o\u00f9 d\u2019autres d\u00e9p\u00f4ts de munitions qui ont explos\u00e9 seraient li\u00e9s aux explosions de Vrb\u011btice. Le chef de la police a \u00e9galement \u00e9t\u00e9 en contact avec le directeur du FBI au sujet de cette affaire.<\/p>\n<h2>Le bureau du Pr\u00e9sident affirme que le document a \u00e9t\u00e9 d\u00e9truit suivant le protocole<\/h2>\n<p>Le bureau du Pr\u00e9sident, le <em>Hrad<\/em> pour Ch\u00e2teau en tch\u00e8que, n\u2019a pas ni\u00e9 avoir d\u00e9truit le document. Cependant, il rejette toute erreur ou toute malversation, affirmant au contraire avoir suivi les proc\u00e9dures l\u00e9gales et rejetant la responsabilit\u00e9 d\u2019une erreur si elle existe sur le&nbsp;BIS.<\/p>\n<p>\u00ab\u202f<em>Du 29 novembre au 1er d\u00e9cembre, plus de 500 documents classifi\u00e9s jet\u00e9s ont \u00e9t\u00e9 d\u00e9truits<\/em>\u202f\u00bb, a expliqu\u00e9 le bureau le 29 janvier.<\/p>\n<p>Le 31 janvier, le <a href=\"#post-bottom-source\">Hrad a ajout\u00e9<\/a> qu\u201d\u202f\u202f\u00bb<em>aucune personne non autoris\u00e9e n\u2019a eu connaissance du contenu du document et la protection des informations classifi\u00e9es n\u2019a pas \u00e9t\u00e9 mise en danger<\/em>\u202f\u00bb.<\/p>\n<p>Il affirme que le document a \u00e9t\u00e9 <strong>d\u00e9truit en suivant le niveau de confidentialit\u00e9 que le BIS lui a donn\u00e9 et a suivi la proc\u00e9dure de destruction habituelle.<\/strong><\/p>\n<p>Il note que le document \u00ab\u202f<em>a \u00e9t\u00e9 livr\u00e9 au Ch\u00e2teau par le BIS dans un d\u00e9sordre flagrant<\/em>\u202f\u00bb car il a \u00e9t\u00e9 remis \u00ab\u202f<em>d\u2019une mani\u00e8re inhabituelle, en dehors des heures de travail et en contradiction avec la l\u00e9gislation en vigueur<\/em>\u202f\u00bb.<\/p>\n<p>Dans sa note, le Hrad s\u2019interroge sur les raisons des fuites dans les m\u00e9dias, sous-entend un amateurisme suspect du service d\u2019information de s\u00e9curit\u00e9, et se demande ouvertement pourquoi la police ne s\u2019int\u00e9resse au document que maintenant, alors qu\u2019il a d\u00e9j\u00e0 \u00e9t\u00e9 d\u00e9truit.<\/p>\n<p>Mais le BIS a ni\u00e9 tout d\u00e9sordre au sujet de ce document d\u00fbment remis et accept\u00e9 sans probl\u00e8me par le Ch\u00e2teau. Elle a expliqu\u00e9 dans une d\u00e9claration qu\u2019une erreur administrative mineure avait \u00e9t\u00e9 corrig\u00e9e dans les heures qui avaient suivi, ce qui n\u2019avait pas affect\u00e9 la sensibilit\u00e9 du document.<\/p>\n<p>Une commission parlementaire de s\u00e9curit\u00e9 doit examiner l\u2019affaire avec toutes les informations le 3 f\u00e9vrier.<\/p>\n<p><a href=\"https:\/\/www.newsendip.com\/fr\/etiquette\/republique-tcheque\/\"><strong>D\u00e9couvrez plus d\u2019actualit\u00e9s sur la R\u00e9publique tch\u00e8que<\/strong><\/a><\/p>\n","protected":false},"excerpt":{"rendered":"<p>La police a d\u00e9couvert qu\u2019une note confidentielle envoy\u00e9e au pr\u00e9sident tch\u00e8que expliquant la responsabilit\u00e9 de la Russie dans les explosions de Vrb\u011btice avait \u00e9t\u00e9 supprim\u00e9.<\/p>\n","protected":false},"author":1,"featured_media":14012,"comment_status":"closed","ping_status":"closed","sticky":false,"template":"","format":"standard","meta":{"wp_typography_post_enhancements_disabled":false,"footnotes":""},"categories":[416],"tags":[411,437],"class_list":["post-18741","post","type-post","status-publish","format-standard","has-post-thumbnail","hentry","category-politique","tag-actuel","tag-republique-tcheque"],"yoast_head":"<!-- This site is optimized with the Yoast SEO Premium plugin v27.4 (Yoast SEO v27.4) - https:\/\/yoast.com\/product\/yoast-seo-premium-wordpress\/ -->\n<title>Pol\u00e9mique en R\u00e9publique tch\u00e8que sur un document \u00e0 propos de la responsabilit\u00e9 russe dans les explosions de Vrb\u011btice<\/title>\n<meta name=\"description\" content=\"La police a d\u00e9couvert qu&#039;une note confidentielle envoy\u00e9e au pr\u00e9sident tch\u00e8que expliquant la responsabilit\u00e9 de la Russie dans les explosions de Vrb\u011btice avait \u00e9t\u00e9 supprim\u00e9.\" \/>\n<meta name=\"robots\" content=\"index, follow, max-snippet:-1, max-image-preview:large, max-video-preview:-1\" \/>\n<link rel=\"canonical\" href=\"https:\/\/www.newsendip.com\/fr\/polemique-en-republique-tcheque-sur-un-document-a-propos-de-la-responsabilite-russe-dans-les-explosions-de-vrbetice\/\" \/>\n<meta property=\"og:locale\" content=\"fr_FR\" \/>\n<meta property=\"og:type\" content=\"article\" \/>\n<meta property=\"og:title\" content=\"Pol\u00e9mique en R\u00e9publique tch\u00e8que sur un document \u00e0 propos de la responsabilit\u00e9 russe dans les explosions de Vrb\u011btice\" \/>\n<meta property=\"og:description\" content=\"La police a d\u00e9couvert qu&#039;une note confidentielle envoy\u00e9e au pr\u00e9sident tch\u00e8que expliquant la responsabilit\u00e9 de la Russie dans les explosions de Vrb\u011btice avait \u00e9t\u00e9 supprim\u00e9.\" \/>\n<meta property=\"og:url\" content=\"https:\/\/www.newsendip.com\/fr\/polemique-en-republique-tcheque-sur-un-document-a-propos-de-la-responsabilite-russe-dans-les-explosions-de-vrbetice\/\" \/>\n<meta property=\"og:site_name\" content=\"Newsendip\" \/>\n<meta property=\"article:publisher\" content=\"https:\/\/www.facebook.com\/newsendip\" \/>\n<meta property=\"article:published_time\" content=\"2022-02-02T15:44:04+00:00\" \/>\n<meta property=\"article:modified_time\" content=\"2023-09-05T17:10:20+00:00\" \/>\n<meta property=\"og:image\" content=\"https:\/\/www.newsendip.com\/wp-content\/uploads\/2022\/02\/czech-republic-president-russia-progressive.jpeg\" \/>\n\t<meta property=\"og:image:width\" content=\"1600\" \/>\n\t<meta property=\"og:image:height\" content=\"1068\" \/>\n\t<meta property=\"og:image:type\" content=\"image\/jpeg\" \/>\n<meta name=\"author\" content=\"Cl\u00e9ment V\u00e9rit\u00e9\" \/>\n<meta name=\"twitter:card\" content=\"summary_large_image\" \/>\n<meta name=\"twitter:creator\" content=\"@https:\/\/twitter.com\/cverite\" \/>\n<meta name=\"twitter:site\" content=\"@newsendip\" \/>\n<meta name=\"twitter:label1\" content=\"\u00c9crit par\" \/>\n\t<meta name=\"twitter:data1\" content=\"Cl\u00e9ment V\u00e9rit\u00e9\" \/>\n\t<meta name=\"twitter:label2\" content=\"Dur\u00e9e de lecture estim\u00e9e\" \/>\n\t<meta name=\"twitter:data2\" content=\"4 minutes\" \/>\n<!-- \/ Yoast SEO Premium plugin. -->","yoast_head_json":{"title":"Pol\u00e9mique en R\u00e9publique tch\u00e8que sur un document \u00e0 propos de la responsabilit\u00e9 russe dans les explosions de Vrb\u011btice","description":"La police a d\u00e9couvert qu'une note confidentielle envoy\u00e9e au pr\u00e9sident tch\u00e8que expliquant la responsabilit\u00e9 de la Russie dans les explosions de Vrb\u011btice avait \u00e9t\u00e9 supprim\u00e9.","robots":{"index":"index","follow":"follow","max-snippet":"max-snippet:-1","max-image-preview":"max-image-preview:large","max-video-preview":"max-video-preview:-1"},"canonical":"https:\/\/www.newsendip.com\/fr\/polemique-en-republique-tcheque-sur-un-document-a-propos-de-la-responsabilite-russe-dans-les-explosions-de-vrbetice\/","og_locale":"fr_FR","og_type":"article","og_title":"Pol\u00e9mique en R\u00e9publique tch\u00e8que sur un document \u00e0 propos de la responsabilit\u00e9 russe dans les explosions de Vrb\u011btice","og_description":"La police a d\u00e9couvert qu'une note confidentielle envoy\u00e9e au pr\u00e9sident tch\u00e8que expliquant la responsabilit\u00e9 de la Russie dans les explosions de Vrb\u011btice avait \u00e9t\u00e9 supprim\u00e9.","og_url":"https:\/\/www.newsendip.com\/fr\/polemique-en-republique-tcheque-sur-un-document-a-propos-de-la-responsabilite-russe-dans-les-explosions-de-vrbetice\/","og_site_name":"Newsendip","article_publisher":"https:\/\/www.facebook.com\/newsendip","article_published_time":"2022-02-02T15:44:04+00:00","article_modified_time":"2023-09-05T17:10:20+00:00","og_image":[{"width":1600,"height":1068,"url":"https:\/\/www.newsendip.com\/wp-content\/uploads\/2022\/02\/czech-republic-president-russia-progressive.jpeg","type":"image\/jpeg"}],"author":"Cl\u00e9ment V\u00e9rit\u00e9","twitter_card":"summary_large_image","twitter_creator":"@https:\/\/twitter.com\/cverite","twitter_site":"@newsendip","twitter_misc":{"\u00c9crit par":"Cl\u00e9ment V\u00e9rit\u00e9","Dur\u00e9e de lecture estim\u00e9e":"4 minutes"},"schema":{"@context":"https:\/\/schema.org","@graph":[{"@type":"NewsArticle","@id":"https:\/\/www.newsendip.com\/fr\/polemique-en-republique-tcheque-sur-un-document-a-propos-de-la-responsabilite-russe-dans-les-explosions-de-vrbetice\/#article","isPartOf":{"@id":"https:\/\/www.newsendip.com\/fr\/polemique-en-republique-tcheque-sur-un-document-a-propos-de-la-responsabilite-russe-dans-les-explosions-de-vrbetice\/"},"author":{"name":"Cl\u00e9ment V\u00e9rit\u00e9","@id":"https:\/\/www.newsendip.com\/fr\/#\/schema\/person\/ea22c01755f464a3cbc2c619584d6363"},"headline":"Pol\u00e9mique en R\u00e9publique tch\u00e8que sur un document \u00e0 propos de la responsabilit\u00e9 russe dans les explosions de Vrb\u011btice","datePublished":"2022-02-02T15:44:04+00:00","dateModified":"2023-09-05T17:10:20+00:00","mainEntityOfPage":{"@id":"https:\/\/www.newsendip.com\/fr\/polemique-en-republique-tcheque-sur-un-document-a-propos-de-la-responsabilite-russe-dans-les-explosions-de-vrbetice\/"},"wordCount":839,"publisher":{"@id":"https:\/\/www.newsendip.com\/fr\/#organization"},"image":{"@id":"https:\/\/www.newsendip.com\/fr\/polemique-en-republique-tcheque-sur-un-document-a-propos-de-la-responsabilite-russe-dans-les-explosions-de-vrbetice\/#primaryimage"},"thumbnailUrl":"https:\/\/www.newsendip.com\/wp-content\/uploads\/2022\/02\/czech-republic-president-russia.webp","keywords":["Actuel","R\u00e9publique tch\u00e8que"],"articleSection":["Politique"],"inLanguage":"fr-FR","copyrightYear":"2022","copyrightHolder":{"@id":"https:\/\/www.newsendip.com\/#organization"}},{"@type":"WebPage","@id":"https:\/\/www.newsendip.com\/fr\/polemique-en-republique-tcheque-sur-un-document-a-propos-de-la-responsabilite-russe-dans-les-explosions-de-vrbetice\/","url":"https:\/\/www.newsendip.com\/fr\/polemique-en-republique-tcheque-sur-un-document-a-propos-de-la-responsabilite-russe-dans-les-explosions-de-vrbetice\/","name":"Pol\u00e9mique en R\u00e9publique tch\u00e8que sur un document \u00e0 propos de la responsabilit\u00e9 russe dans les explosions de Vrb\u011btice","isPartOf":{"@id":"https:\/\/www.newsendip.com\/fr\/#website"},"primaryImageOfPage":{"@id":"https:\/\/www.newsendip.com\/fr\/polemique-en-republique-tcheque-sur-un-document-a-propos-de-la-responsabilite-russe-dans-les-explosions-de-vrbetice\/#primaryimage"},"image":{"@id":"https:\/\/www.newsendip.com\/fr\/polemique-en-republique-tcheque-sur-un-document-a-propos-de-la-responsabilite-russe-dans-les-explosions-de-vrbetice\/#primaryimage"},"thumbnailUrl":"https:\/\/www.newsendip.com\/wp-content\/uploads\/2022\/02\/czech-republic-president-russia.webp","datePublished":"2022-02-02T15:44:04+00:00","dateModified":"2023-09-05T17:10:20+00:00","description":"La police a d\u00e9couvert qu'une note confidentielle envoy\u00e9e au pr\u00e9sident tch\u00e8que expliquant la responsabilit\u00e9 de la Russie dans les explosions de Vrb\u011btice avait \u00e9t\u00e9 supprim\u00e9.","breadcrumb":{"@id":"https:\/\/www.newsendip.com\/fr\/polemique-en-republique-tcheque-sur-un-document-a-propos-de-la-responsabilite-russe-dans-les-explosions-de-vrbetice\/#breadcrumb"},"inLanguage":"fr-FR","potentialAction":[{"@type":"ReadAction","target":["https:\/\/www.newsendip.com\/fr\/polemique-en-republique-tcheque-sur-un-document-a-propos-de-la-responsabilite-russe-dans-les-explosions-de-vrbetice\/"]}]},{"@type":"ImageObject","inLanguage":"fr-FR","@id":"https:\/\/www.newsendip.com\/fr\/polemique-en-republique-tcheque-sur-un-document-a-propos-de-la-responsabilite-russe-dans-les-explosions-de-vrbetice\/#primaryimage","url":"https:\/\/www.newsendip.com\/wp-content\/uploads\/2022\/02\/czech-republic-president-russia.webp","contentUrl":"https:\/\/www.newsendip.com\/wp-content\/uploads\/2022\/02\/czech-republic-president-russia.webp","width":1600,"height":1068,"caption":"Milo\u0161 Zeman (\u00e0 gauche) et Vladimir Poutine (\u00e0 droite) lors d'une visite officielle du Pr\u00e9sident de la R\u00e9publique tch\u00e8que en Russie en 2017 | \u00a9 Bureau du Pr\u00e9sident de la R\u00e9publique tch\u00e8que"},{"@type":"BreadcrumbList","@id":"https:\/\/www.newsendip.com\/fr\/polemique-en-republique-tcheque-sur-un-document-a-propos-de-la-responsabilite-russe-dans-les-explosions-de-vrbetice\/#breadcrumb","itemListElement":[{"@type":"ListItem","position":1,"name":"Accueil","item":"https:\/\/www.newsendip.com\/fr\/"},{"@type":"ListItem","position":2,"name":"Pol\u00e9mique en R\u00e9publique tch\u00e8que sur un document \u00e0 propos de la responsabilit\u00e9 russe dans les explosions de Vrb\u011btice"}]},{"@type":"WebSite","@id":"https:\/\/www.newsendip.com\/fr\/#website","url":"https:\/\/www.newsendip.com\/fr\/","name":"Newsendip","description":"Red\u00e9couvrez l&#039;actualit\u00e9 internationale","publisher":{"@id":"https:\/\/www.newsendip.com\/fr\/#organization"},"potentialAction":[{"@type":"SearchAction","target":{"@type":"EntryPoint","urlTemplate":"https:\/\/www.newsendip.com\/fr\/?s={search_term_string}"},"query-input":{"@type":"PropertyValueSpecification","valueRequired":true,"valueName":"search_term_string"}}],"inLanguage":"fr-FR"},{"@type":"Organization","@id":"https:\/\/www.newsendip.com\/fr\/#organization","name":"Newsendip","url":"https:\/\/www.newsendip.com\/fr\/","logo":{"@type":"ImageObject","inLanguage":"fr-FR","@id":"https:\/\/www.newsendip.com\/fr\/#\/schema\/logo\/image\/","url":"https:\/\/www.newsendip.com\/wp-content\/uploads\/2023\/12\/512x512.svg","contentUrl":"https:\/\/www.newsendip.com\/wp-content\/uploads\/2023\/12\/512x512.svg","width":1,"height":1,"caption":"Newsendip"},"image":{"@id":"https:\/\/www.newsendip.com\/fr\/#\/schema\/logo\/image\/"},"sameAs":["https:\/\/www.facebook.com\/newsendip","https:\/\/x.com\/newsendip","https:\/\/mastodon.social\/@newsendip","https:\/\/www.linkedin.com\/company\/newsendip"],"description":"Newsendip est un site qui a pour mission de rendre l'actualit\u00e9 internationale accessible et diversifi\u00e9e","email":"contact@newsendip.com","legalName":"Newsendip SAS","foundingDate":"2022-11-04","vatID":"FR60921124723","numberOfEmployees":{"@type":"QuantitativeValue","minValue":"1","maxValue":"10"},"publishingPrinciples":"https:\/\/www.newsendip.com\/about-us\/","ownershipFundingInfo":"https:\/\/www.newsendip.com\/legal-notice\/","actionableFeedbackPolicy":"https:\/\/www.newsendip.com\/about-us\/","correctionsPolicy":"https:\/\/www.newsendip.com\/about-us\/","ethicsPolicy":"https:\/\/www.newsendip.com\/about-us\/","diversityPolicy":"https:\/\/www.newsendip.com\/about-us\/"},{"@type":"Person","@id":"https:\/\/www.newsendip.com\/fr\/#\/schema\/person\/ea22c01755f464a3cbc2c619584d6363","name":"Cl\u00e9ment V\u00e9rit\u00e9","description":"Cl\u00e9ment is the executive editor and founder of Newsendip. He started in the media industry as a freelance reporter at 16 for a local French newspaper after school and has never left it. He later worked for seven years at The New York Times, notably as a data analyst. He holds a Master of Management in France and a Master of Arts in the United Kingdom in International Marketing &amp; Communications Strategy. He has lived in France, the United Kingdom, and Italy.","sameAs":["https:\/\/www.newsendip.com\/","https:\/\/www.linkedin.com\/in\/clementverite\/","https:\/\/x.com\/https:\/\/twitter.com\/cverite"],"knowsAbout":["News","International","Business","Media monitoring"],"knowsLanguage":["English","French","Italian","Spanish"],"url":"https:\/\/www.newsendip.com\/fr\/author\/clement-verite\/"}]}},"_links":{"self":[{"href":"https:\/\/www.newsendip.com\/fr\/wp-json\/wp\/v2\/posts\/18741","targetHints":{"allow":["GET"]}}],"collection":[{"href":"https:\/\/www.newsendip.com\/fr\/wp-json\/wp\/v2\/posts"}],"about":[{"href":"https:\/\/www.newsendip.com\/fr\/wp-json\/wp\/v2\/types\/post"}],"author":[{"embeddable":true,"href":"https:\/\/www.newsendip.com\/fr\/wp-json\/wp\/v2\/users\/1"}],"replies":[{"embeddable":true,"href":"https:\/\/www.newsendip.com\/fr\/wp-json\/wp\/v2\/comments?post=18741"}],"version-history":[{"count":0,"href":"https:\/\/www.newsendip.com\/fr\/wp-json\/wp\/v2\/posts\/18741\/revisions"}],"wp:featuredmedia":[{"embeddable":true,"href":"https:\/\/www.newsendip.com\/fr\/wp-json\/wp\/v2\/media\/14012"}],"wp:attachment":[{"href":"https:\/\/www.newsendip.com\/fr\/wp-json\/wp\/v2\/media?parent=18741"}],"wp:term":[{"taxonomy":"category","embeddable":true,"href":"https:\/\/www.newsendip.com\/fr\/wp-json\/wp\/v2\/categories?post=18741"},{"taxonomy":"post_tag","embeddable":true,"href":"https:\/\/www.newsendip.com\/fr\/wp-json\/wp\/v2\/tags?post=18741"}],"curies":[{"name":"wp","href":"https:\/\/api.w.org\/{rel}","templated":true}]}}