{"id":18745,"date":"2021-07-20T13:00:00","date_gmt":"2021-07-20T11:00:00","guid":{"rendered":"https:\/\/www.newsendip.com\/?p=18745"},"modified":"2024-07-23T17:44:33","modified_gmt":"2024-07-23T15:44:33","slug":"la-radio-publique-tcheque-censuree-en-russie","status":"publish","type":"post","link":"https:\/\/www.newsendip.com\/fr\/la-radio-publique-tcheque-censuree-en-russie\/","title":{"rendered":"La radio publique tch\u00e8que censur\u00e9e en Russie"},"content":{"rendered":"<p><strong>Moscou a d\u00e9cid\u00e9 d\u2019interdire l\u2019acc\u00e8s \u00e0 la version russe du site Internet de Radio Prague International, une station de radio publique tch\u00e8que. Les autorit\u00e9s viseraient un reportage publi\u00e9 en 2001, mais la d\u00e9cision a \u00e9t\u00e9 prise en mai 2021, au moment des plus fortes tensions entre la R\u00e9publique tch\u00e8que et la Russie depuis 30&nbsp;ans.<\/strong><\/p>\n<figure id=\"attachment_13630\" aria-describedby=\"caption-attachment-13630\" style=\"width: 1024px\" class=\"wp-caption aligncenter\"><img decoding=\"async\" class=\"wp-image-13630 size-large\" src=\"https:\/\/www.newsendip.com\/wp-content\/uploads\/2021\/07\/czech-radio-blacklist-russia-progressive-1024x748.jpeg\" alt=\"Capture d'\u00e9cran de Roskomnadzor\" width=\"1024\" height=\"748\" srcset=\"https:\/\/www.newsendip.com\/wp-content\/uploads\/2021\/07\/czech-radio-blacklist-russia-progressive-1024x748.jpeg 1024w, https:\/\/www.newsendip.com\/wp-content\/uploads\/2021\/07\/czech-radio-blacklist-russia-progressive-60x44.jpeg 60w, https:\/\/www.newsendip.com\/wp-content\/uploads\/2021\/07\/czech-radio-blacklist-russia-progressive-300x219.jpeg 300w, https:\/\/www.newsendip.com\/wp-content\/uploads\/2021\/07\/czech-radio-blacklist-russia-progressive-768x561.jpeg 768w, https:\/\/www.newsendip.com\/wp-content\/uploads\/2021\/07\/czech-radio-blacklist-russia-progressive.jpeg 1239w\" sizes=\"(max-width: 1024px) 100vw, 1024px\"><figcaption id=\"caption-attachment-13630\" class=\"wp-caption-text\">Radio Prague International est blacklist\u00e9e en Russie | Capture d\u2019\u00e9cran de Roskomnadzor, juillet 2021<\/figcaption><\/figure>\n<p>Depuis le 15 juillet 2021, le site Internet de Radio Prague International n\u2019est plus accessible en Russie. Roskomnadzor, le service f\u00e9d\u00e9ral russe supervisant les m\u00e9dias et l\u2019information, a inclus le site web dans son registre des noms de domaine interdits, censur\u00e9s pour avoir diffus\u00e9 des informations interdites en Russie.<\/p>\n<p>Radio Prague International, la station de radio officielle de la R\u00e9publique tch\u00e8que cr\u00e9\u00e9e en 1936, publie des contenus en tch\u00e8que, allemand, anglais, espagnol, fran\u00e7ais et russe.<strong> Seule l\u2019acc\u00e8s \u00e0 la version russe est bloqu\u00e9e dans la f\u00e9d\u00e9ration de Russie<\/strong>.<\/p>\n<p>\u00ab\u202f<em>Nous consid\u00e9rons le blocage du service russe de la Radio tch\u00e8que comme un acte de censure sans pr\u00e9c\u00e9dent. Cette mesure est antid\u00e9mocratique et porte atteinte \u00e0 tous les principes de la libert\u00e9 d\u2019expression<\/em>\u202f\u00bb, a d\u00e9clar\u00e9 <a href=\"https:\/\/english.radio.cz\/russian-service-radio-prague-international-blocked-russia-over-20-year-old-8723440\">le chef du service de presse de la radio<\/a>.<\/p>\n<h2>Radio Prague International n\u2019\u00e9tait pas inform\u00e9e de l\u2019interdiction<\/h2>\n<p>Rospotrebnadzor, une agence f\u00e9d\u00e9rale charg\u00e9e du \u00ab\u202f<em>contr\u00f4le du bien-\u00eatre et des droits des consommateurs et de la protection des citoyens<\/em>\u202f\u00bb, a pris la d\u00e9cision d\u2019inclure une page du site web dans la liste des contenus interdits de Roskomnadzor. Le site \u00e9tant h\u00e9berg\u00e9 avec un protocole s\u00e9curis\u00e9, le nom de domaine entier doit \u00eatre bloqu\u00e9.<\/p>\n<p>Roskomnadzor est cens\u00e9 informer le propri\u00e9taire du site Web de sa d\u00e9cision et lui demander de retirer le contenu avant de le mettre sur la liste noire. Cependant,<strong> la station de radio affirme n\u2019avoir re\u00e7u aucun avertissement<\/strong>.<\/p>\n<p>La censure serait due \u00e0 un article sur <a href=\"#ref\">la mort de Jan Palach en 1969<\/a> publi\u00e9 en 2001, il y a vingt&nbsp;ans.<\/p>\n<p><a href=\"#ref\"><em>RosKomSvoboda<\/em><\/a>, une organisation russe non gouvernementale qui d\u00e9fend la libert\u00e9 d\u2019information, a \u00e9t\u00e9 la premi\u00e8re \u00e0 faire \u00e9tat de cette situation. Elle \u00e9crit que la censure est motiv\u00e9e par ce contenu sp\u00e9cifique, une information relay\u00e9e par les m\u00e9dias tch\u00e8ques et Radio Prague International elle-m\u00eame. Contact\u00e9e par Newsendip, RosKomSvoboda n\u2019a pas r\u00e9pondu \u00e0 nos questions.<\/p>\n<p>\u00c9tudiant tch\u00e8que de 20 ans, Jan Palach est mort en s\u2019\u00e9tant immol\u00e9 sur la place Venceslas \u00e0 Prague en janvier 1969. Il protestait contre la censure et l\u2019invasion sovi\u00e9tique de la Tch\u00e9coslovaquie en 1968. Cette ann\u00e9e-l\u00e0, les forces arm\u00e9es du pacte de Varsovie avaient mis fin au Printemps de Prague, une p\u00e9riode au cours de laquelle certaines r\u00e9formes avaient permis \u00e0 la population tch\u00e9coslovaque de b\u00e9n\u00e9ficier de plus de droits d\u00e9mocratiques que l\u2019URSS ne pouvait tol\u00e9rer.<\/p>\n<p>Plusieurs immolations ont suivi son geste. Jan Palach est devenu un symbole international de la r\u00e9sistance au totalitarisme sovi\u00e9tique.<\/p>\n<figure id=\"attachment_13631\" aria-describedby=\"caption-attachment-13631\" style=\"width: 158px\" class=\"wp-caption aligncenter\"><img decoding=\"async\" class=\"wp-image-13631 size-full\" src=\"https:\/\/www.newsendip.com\/wp-content\/uploads\/2021\/07\/Jan_Palach_progressive.jpeg\" alt=\"Jan Palach\" width=\"158\" height=\"170\"><figcaption id=\"caption-attachment-13631\" class=\"wp-caption-text\">Jan Palach est mort \u00e0 Prague en protestant contre l\u2019oppression sovi\u00e9tique<\/figcaption><\/figure>\n<h2>Le contenu faisant l\u2019apologie du suicide interdit en Russie<\/h2>\n<p><!--more--><\/p>\n<p>Roskomnadzor a le pouvoir d\u2019interdire les contenus montrant des \u00ab\u202f<em>images pornographiques<\/em>\u202f\u00bb, \u00ab\u202f<em>les mani\u00e8res de fabriquer et d\u2019utiliser des stup\u00e9fiants<\/em>\u202f\u00bb, ou \u00ab\u202f<em>les mani\u00e8res de se suicider, ainsi que les appels au suicide<\/em>\u202f\u00bb. La radio n\u2019est pas d\u2019accord avec une telle raison car elle \u00ab\u202f<em>a simplement \u00e9nonc\u00e9 les faits d\u2019auto-immolation de Jan Palach<\/em>\u202f\u00bb.<\/p>\n<p>L\u2019article retranscrit du reportage radio d\u00e9taille le geste en ces termes&nbsp;: \u00ab\u202f<em>Il a enlev\u00e9 son manteau, a sorti la bouteille qu\u2019il avait apport\u00e9e, a vers\u00e9 le liquide sur lui et a craqu\u00e9 une allumette<\/em>\u202f\u00bb. Il y est \u00e9galement \u00e9crit que Jan Palach, alors qu\u2019il se trouvait \u00e0 l\u2019h\u00f4pital o\u00f9 il est d\u00e9c\u00e9d\u00e9 trois jours plus tard, a d\u00e9clar\u00e9&nbsp;: \u00ab\u202f<em>Je ne veux pas que quelqu\u2019un d\u2019autre meure<\/em>\u202f\u00bb. Enfin, l\u2019article conclut que \u00ab\u202f<em>la plupart des gens consid\u00e8rent ces actions comme de l\u2019h\u00e9ro\u00efsme, mais beaucoup insistent encore sur le fait qu\u2019il serait pr\u00e9f\u00e9rable de montrer activement son opposition sans se suicider. Les morts ne peuvent gu\u00e8re changer quoi que ce soit<\/em>\u202f\u00bb.<\/p>\n<p>Selon <a href=\"#ref\"><em>Izvestia<\/em><\/a>, un journal russe de premier plan cr\u00e9\u00e9 en 1917, <strong>le nombre d\u2019articles que Roskomnadzor a interdits ou supprim\u00e9s en raison de leur contenu mentionnant le suicide a doubl\u00e9 en un an<\/strong>. Entre janvier et juin 2020, 10 100 sites, posts ou pages individuelles ont \u00e9t\u00e9 bloqu\u00e9s par Roskomnadzor pour avoir fait l\u2019apologie du suicide. Au cours du premier semestre de 2021, 22 600 messages ou sites web ont \u00e9t\u00e9 restreints par les autorit\u00e9s russes. En Russie, l\u2019augmentation est analys\u00e9e comme une cons\u00e9quence de la pand\u00e9mie de COVID-19.<\/p>\n<p>Bien que le site web ait \u00e9t\u00e9 interdit en juillet, <strong>la d\u00e9cision avait \u00e9t\u00e9 prise en mai, quelques jours apr\u00e8s que la Russie a inscrit la R\u00e9publique tch\u00e8que sur une liste d\u201d\u202f\u202f\u00bb<em>\u00c9tats inamicaux<\/em>\u202f\u00bb<\/strong>, avec les \u00c9tats-Unis. En fait, les tensions entre la Russie et la R\u00e9publique tch\u00e8que ont \u00e9t\u00e9 fortes ces derniers mois.<\/p>\n<h2>La R\u00e9publique tch\u00e8que accuse la Russie de l\u2019explosion d\u2019un entrep\u00f4t d\u2019armes en&nbsp;2014<\/h2>\n<p>En avril 2021, la R\u00e9publique tch\u00e8que a accus\u00e9 la Russie d\u2019\u00eatre \u00e0 l\u2019origine d\u2019explosions dans le petit village de Vrb\u011btice, pr\u00e8s de la fronti\u00e8re slovaque. En 2014, deux d\u00e9p\u00f4ts de munitions, pr\u00e9tendument destin\u00e9s aux troupes ukrainiennes qui combattent l\u2019arm\u00e9e russe, ont myst\u00e9rieusement explos\u00e9.<\/p>\n<p>Quelques jours plus tard, <strong>le Premier ministre tch\u00e8que Andrej Babi\u0161 a d\u00e9clar\u00e9 que le pays soup\u00e7onnait un service de renseignement militaire russe d\u2019avoir planifi\u00e9 ces explosions<\/strong>. Une s\u00e9rie d\u2019expulsions de diplomates de la part des deux camps a rapidement fait monter la tension. Ainsi, la R\u00e9publique tch\u00e8que a d\u00e9cid\u00e9 d\u2019annuler les discussions visant \u00e0 acheter le vaccin russe contre le COVID-19.<\/p>\n<p>Outre la version russe de Radio Prague International, le site web de <em>Komanda 29<\/em> a \u00e9galement \u00e9t\u00e9 censur\u00e9. Ce groupe d\u2019avocats russes sp\u00e9cialis\u00e9s dans les droits de l\u2019homme est accus\u00e9 d\u2019avoir des liens avec une ONG tch\u00e8que consid\u00e9r\u00e9e comme une organisation ind\u00e9sirable en Russie. L\u2019\u00e9quipe de Komanda 29 a cess\u00e9 ses activit\u00e9s pour \u00e9viter de faire face \u00e0 des poursuites p\u00e9nales.<\/p>\n<p><strong><a href=\"https:\/\/www.newsendip.com\/fr\/etiquette\/republique-tcheque\/\">D\u00e9couvrez plus d\u2019actualit\u00e9s sur la R\u00e9publique tch\u00e8que<\/a><\/strong><\/p>\n<h3 id=\"ref\">Sources et liens utiles&nbsp;:<\/h3>\n<ul>\n<li><a href=\"https:\/\/ruski.radio.cz\/yan-palah-i-ego-posledovateli-8037218\" target=\"_blank\" rel=\"noopener\">\u042f\u043d \u041f\u0430\u043b\u0430\u0445 \u0438 \u0435\u0433\u043e \u043f\u043e\u0441\u043b\u0435\u0434\u043e\u0432\u0430\u0442\u0435\u043b\u0438<\/a>, Radio Prague International, janvier 2001<\/li>\n<li>\u0420\u043e\u0441\u043f\u043e\u0442\u0440\u0435\u0431\u043d\u0430\u0434\u0437\u043e\u0440 \u0437\u0430\u0431\u043b\u043e\u043a\u0438\u0440\u043e\u0432\u0430\u043b \u0441\u0442\u0430\u0442\u044c\u044e \u043e \u042f\u043d\u0435 \u041f\u0430\u043b\u0430\u0445\u0435, \u043a\u043e\u0442\u043e\u0440\u043e\u0433\u043e \u0432 \u0427\u0435\u0445\u0438\u0438 \u0441\u0447\u0438\u0442\u0430\u044e\u0442 \u043d\u0430\u0446\u0438\u043e\u043d\u0430\u043b\u044c\u043d\u044b\u043c \u0433\u0435\u0440\u043e\u0435\u043c, RosKomSvoboda, juillet 2021<\/li>\n<li>\u041a\u043b\u0438\u043a \u043e\u0442\u0447\u0430\u044f\u043d\u0438\u044f&nbsp;: \u0420\u043e\u0441\u043a\u043e\u043c\u043d\u0430\u0434\u0437\u043e\u0440 \u0437\u0430\u0444\u0438\u043a\u0441\u0438\u0440\u043e\u0432\u0430\u043b \u0434\u0432\u0443\u043a\u0440\u0430\u0442\u043d\u044b\u0439 \u0440\u043e\u0441\u0442 \u0441\u0443\u0438\u0446\u0438\u0434\u0430\u043b\u044c\u043d\u044b\u0445 \u043f\u0443\u0431\u043b\u0438\u043a\u0430\u0446\u0438\u0439 \u0432 \u0421\u0435\u0442\u0438, Izvestia, juillet 2021<\/li>\n<\/ul>\n","protected":false},"excerpt":{"rendered":"<p>Moscou a d\u00e9cid\u00e9 d\u2019interdire l\u2019acc\u00e8s \u00e0 la version russe du site Internet de Radio Prague International, une station de radio publique tch\u00e8que. Les autorit\u00e9s viseraient un reportage publi\u00e9 il y a plus de 20&nbsp;ans.<\/p>\n","protected":false},"author":1,"featured_media":13630,"comment_status":"closed","ping_status":"closed","sticky":false,"template":"","format":"standard","meta":{"wp_typography_post_enhancements_disabled":false,"footnotes":""},"categories":[416],"tags":[411,437,451],"class_list":["post-18745","post","type-post","status-publish","format-standard","has-post-thumbnail","hentry","category-politique","tag-actuel","tag-republique-tcheque","tag-russie"],"yoast_head":"<!-- This site is optimized with the Yoast SEO Premium plugin v27.4 (Yoast SEO v27.4) - https:\/\/yoast.com\/product\/yoast-seo-premium-wordpress\/ -->\n<title>La radio publique tch\u00e8que censur\u00e9e en Russie<\/title>\n<meta name=\"description\" content=\"Moscou a d\u00e9cid\u00e9 d&#039;interdire l&#039;acc\u00e8s \u00e0 la version russe du site Internet de Radio Prague International, une station de radio publique tch\u00e8que. Les autorit\u00e9s viseraient un reportage publi\u00e9 il y a plus de 20 ans.\" \/>\n<meta name=\"robots\" content=\"index, follow, max-snippet:-1, max-image-preview:large, max-video-preview:-1\" \/>\n<link rel=\"canonical\" href=\"https:\/\/www.newsendip.com\/fr\/la-radio-publique-tcheque-censuree-en-russie\/\" \/>\n<meta property=\"og:locale\" content=\"fr_FR\" \/>\n<meta property=\"og:type\" content=\"article\" \/>\n<meta property=\"og:title\" content=\"La radio publique tch\u00e8que censur\u00e9e en Russie\" \/>\n<meta property=\"og:description\" content=\"Moscou a d\u00e9cid\u00e9 d&#039;interdire l&#039;acc\u00e8s \u00e0 la version russe du site Internet de Radio Prague International, une station de radio publique tch\u00e8que. Les autorit\u00e9s viseraient un reportage publi\u00e9 il y a plus de 20 ans.\" \/>\n<meta property=\"og:url\" content=\"https:\/\/www.newsendip.com\/fr\/la-radio-publique-tcheque-censuree-en-russie\/\" \/>\n<meta property=\"og:site_name\" content=\"Newsendip\" \/>\n<meta property=\"article:publisher\" content=\"https:\/\/www.facebook.com\/newsendip\" \/>\n<meta property=\"article:published_time\" content=\"2021-07-20T11:00:00+00:00\" \/>\n<meta property=\"article:modified_time\" content=\"2024-07-23T15:44:33+00:00\" \/>\n<meta property=\"og:image\" content=\"https:\/\/www.newsendip.com\/wp-content\/uploads\/2021\/07\/czech-radio-blacklist-russia-progressive.jpeg\" \/>\n\t<meta property=\"og:image:width\" content=\"1239\" \/>\n\t<meta property=\"og:image:height\" content=\"905\" \/>\n\t<meta property=\"og:image:type\" content=\"image\/jpeg\" \/>\n<meta name=\"author\" content=\"Cl\u00e9ment V\u00e9rit\u00e9\" \/>\n<meta name=\"twitter:card\" content=\"summary_large_image\" \/>\n<meta name=\"twitter:creator\" content=\"@https:\/\/twitter.com\/cverite\" \/>\n<meta name=\"twitter:site\" content=\"@newsendip\" \/>\n<meta name=\"twitter:label1\" content=\"\u00c9crit par\" \/>\n\t<meta name=\"twitter:data1\" content=\"Cl\u00e9ment V\u00e9rit\u00e9\" \/>\n\t<meta name=\"twitter:label2\" content=\"Dur\u00e9e de lecture estim\u00e9e\" \/>\n\t<meta name=\"twitter:data2\" content=\"6 minutes\" \/>\n<!-- \/ Yoast SEO Premium plugin. -->","yoast_head_json":{"title":"La radio publique tch\u00e8que censur\u00e9e en Russie","description":"Moscou a d\u00e9cid\u00e9 d'interdire l'acc\u00e8s \u00e0 la version russe du site Internet de Radio Prague International, une station de radio publique tch\u00e8que. Les autorit\u00e9s viseraient un reportage publi\u00e9 il y a plus de 20 ans.","robots":{"index":"index","follow":"follow","max-snippet":"max-snippet:-1","max-image-preview":"max-image-preview:large","max-video-preview":"max-video-preview:-1"},"canonical":"https:\/\/www.newsendip.com\/fr\/la-radio-publique-tcheque-censuree-en-russie\/","og_locale":"fr_FR","og_type":"article","og_title":"La radio publique tch\u00e8que censur\u00e9e en Russie","og_description":"Moscou a d\u00e9cid\u00e9 d'interdire l'acc\u00e8s \u00e0 la version russe du site Internet de Radio Prague International, une station de radio publique tch\u00e8que. Les autorit\u00e9s viseraient un reportage publi\u00e9 il y a plus de 20 ans.","og_url":"https:\/\/www.newsendip.com\/fr\/la-radio-publique-tcheque-censuree-en-russie\/","og_site_name":"Newsendip","article_publisher":"https:\/\/www.facebook.com\/newsendip","article_published_time":"2021-07-20T11:00:00+00:00","article_modified_time":"2024-07-23T15:44:33+00:00","og_image":[{"width":1239,"height":905,"url":"https:\/\/www.newsendip.com\/wp-content\/uploads\/2021\/07\/czech-radio-blacklist-russia-progressive.jpeg","type":"image\/jpeg"}],"author":"Cl\u00e9ment V\u00e9rit\u00e9","twitter_card":"summary_large_image","twitter_creator":"@https:\/\/twitter.com\/cverite","twitter_site":"@newsendip","twitter_misc":{"\u00c9crit par":"Cl\u00e9ment V\u00e9rit\u00e9","Dur\u00e9e de lecture estim\u00e9e":"6 minutes"},"schema":{"@context":"https:\/\/schema.org","@graph":[{"@type":"NewsArticle","@id":"https:\/\/www.newsendip.com\/fr\/la-radio-publique-tcheque-censuree-en-russie\/#article","isPartOf":{"@id":"https:\/\/www.newsendip.com\/fr\/la-radio-publique-tcheque-censuree-en-russie\/"},"author":{"name":"Cl\u00e9ment V\u00e9rit\u00e9","@id":"https:\/\/www.newsendip.com\/fr\/#\/schema\/person\/ea22c01755f464a3cbc2c619584d6363"},"headline":"La radio publique tch\u00e8que censur\u00e9e en Russie","datePublished":"2021-07-20T11:00:00+00:00","dateModified":"2024-07-23T15:44:33+00:00","mainEntityOfPage":{"@id":"https:\/\/www.newsendip.com\/fr\/la-radio-publique-tcheque-censuree-en-russie\/"},"wordCount":1177,"publisher":{"@id":"https:\/\/www.newsendip.com\/fr\/#organization"},"image":{"@id":"https:\/\/www.newsendip.com\/fr\/la-radio-publique-tcheque-censuree-en-russie\/#primaryimage"},"thumbnailUrl":"https:\/\/www.newsendip.com\/wp-content\/uploads\/2021\/07\/czech-radio-blacklist-russia-progressive.jpeg","keywords":["Actuel","R\u00e9publique tch\u00e8que","Russie"],"articleSection":["Politique"],"inLanguage":"fr-FR","copyrightYear":"2021","copyrightHolder":{"@id":"https:\/\/www.newsendip.com\/#organization"}},{"@type":"WebPage","@id":"https:\/\/www.newsendip.com\/fr\/la-radio-publique-tcheque-censuree-en-russie\/","url":"https:\/\/www.newsendip.com\/fr\/la-radio-publique-tcheque-censuree-en-russie\/","name":"La radio publique tch\u00e8que censur\u00e9e en Russie","isPartOf":{"@id":"https:\/\/www.newsendip.com\/fr\/#website"},"primaryImageOfPage":{"@id":"https:\/\/www.newsendip.com\/fr\/la-radio-publique-tcheque-censuree-en-russie\/#primaryimage"},"image":{"@id":"https:\/\/www.newsendip.com\/fr\/la-radio-publique-tcheque-censuree-en-russie\/#primaryimage"},"thumbnailUrl":"https:\/\/www.newsendip.com\/wp-content\/uploads\/2021\/07\/czech-radio-blacklist-russia-progressive.jpeg","datePublished":"2021-07-20T11:00:00+00:00","dateModified":"2024-07-23T15:44:33+00:00","description":"Moscou a d\u00e9cid\u00e9 d'interdire l'acc\u00e8s \u00e0 la version russe du site Internet de Radio Prague International, une station de radio publique tch\u00e8que. Les autorit\u00e9s viseraient un reportage publi\u00e9 il y a plus de 20 ans.","breadcrumb":{"@id":"https:\/\/www.newsendip.com\/fr\/la-radio-publique-tcheque-censuree-en-russie\/#breadcrumb"},"inLanguage":"fr-FR","potentialAction":[{"@type":"ReadAction","target":["https:\/\/www.newsendip.com\/fr\/la-radio-publique-tcheque-censuree-en-russie\/"]}]},{"@type":"ImageObject","inLanguage":"fr-FR","@id":"https:\/\/www.newsendip.com\/fr\/la-radio-publique-tcheque-censuree-en-russie\/#primaryimage","url":"https:\/\/www.newsendip.com\/wp-content\/uploads\/2021\/07\/czech-radio-blacklist-russia-progressive.jpeg","contentUrl":"https:\/\/www.newsendip.com\/wp-content\/uploads\/2021\/07\/czech-radio-blacklist-russia-progressive.jpeg","width":1239,"height":905,"caption":"Radio Prague International est blacklist\u00e9e en Russie | Capture d'\u00e9cran de Roskomnadzor, juillet 2021"},{"@type":"BreadcrumbList","@id":"https:\/\/www.newsendip.com\/fr\/la-radio-publique-tcheque-censuree-en-russie\/#breadcrumb","itemListElement":[{"@type":"ListItem","position":1,"name":"Accueil","item":"https:\/\/www.newsendip.com\/fr\/"},{"@type":"ListItem","position":2,"name":"La radio publique tch\u00e8que censur\u00e9e en Russie"}]},{"@type":"WebSite","@id":"https:\/\/www.newsendip.com\/fr\/#website","url":"https:\/\/www.newsendip.com\/fr\/","name":"Newsendip","description":"Red\u00e9couvrez l&#039;actualit\u00e9 internationale","publisher":{"@id":"https:\/\/www.newsendip.com\/fr\/#organization"},"potentialAction":[{"@type":"SearchAction","target":{"@type":"EntryPoint","urlTemplate":"https:\/\/www.newsendip.com\/fr\/?s={search_term_string}"},"query-input":{"@type":"PropertyValueSpecification","valueRequired":true,"valueName":"search_term_string"}}],"inLanguage":"fr-FR"},{"@type":"Organization","@id":"https:\/\/www.newsendip.com\/fr\/#organization","name":"Newsendip","url":"https:\/\/www.newsendip.com\/fr\/","logo":{"@type":"ImageObject","inLanguage":"fr-FR","@id":"https:\/\/www.newsendip.com\/fr\/#\/schema\/logo\/image\/","url":"https:\/\/www.newsendip.com\/wp-content\/uploads\/2023\/12\/512x512.svg","contentUrl":"https:\/\/www.newsendip.com\/wp-content\/uploads\/2023\/12\/512x512.svg","width":1,"height":1,"caption":"Newsendip"},"image":{"@id":"https:\/\/www.newsendip.com\/fr\/#\/schema\/logo\/image\/"},"sameAs":["https:\/\/www.facebook.com\/newsendip","https:\/\/x.com\/newsendip","https:\/\/mastodon.social\/@newsendip","https:\/\/www.linkedin.com\/company\/newsendip"],"description":"Newsendip est un site qui a pour mission de rendre l'actualit\u00e9 internationale accessible et diversifi\u00e9e","email":"contact@newsendip.com","legalName":"Newsendip SAS","foundingDate":"2022-11-04","vatID":"FR60921124723","numberOfEmployees":{"@type":"QuantitativeValue","minValue":"1","maxValue":"10"},"publishingPrinciples":"https:\/\/www.newsendip.com\/about-us\/","ownershipFundingInfo":"https:\/\/www.newsendip.com\/legal-notice\/","actionableFeedbackPolicy":"https:\/\/www.newsendip.com\/about-us\/","correctionsPolicy":"https:\/\/www.newsendip.com\/about-us\/","ethicsPolicy":"https:\/\/www.newsendip.com\/about-us\/","diversityPolicy":"https:\/\/www.newsendip.com\/about-us\/"},{"@type":"Person","@id":"https:\/\/www.newsendip.com\/fr\/#\/schema\/person\/ea22c01755f464a3cbc2c619584d6363","name":"Cl\u00e9ment V\u00e9rit\u00e9","description":"Cl\u00e9ment is the executive editor and founder of Newsendip. He started in the media industry as a freelance reporter at 16 for a local French newspaper after school and has never left it. He later worked for seven years at The New York Times, notably as a data analyst. He holds a Master of Management in France and a Master of Arts in the United Kingdom in International Marketing &amp; Communications Strategy. He has lived in France, the United Kingdom, and Italy.","sameAs":["https:\/\/www.newsendip.com\/","https:\/\/www.linkedin.com\/in\/clementverite\/","https:\/\/x.com\/https:\/\/twitter.com\/cverite"],"knowsAbout":["News","International","Business","Media monitoring"],"knowsLanguage":["English","French","Italian","Spanish"],"url":"https:\/\/www.newsendip.com\/fr\/author\/clement-verite\/"}]}},"_links":{"self":[{"href":"https:\/\/www.newsendip.com\/fr\/wp-json\/wp\/v2\/posts\/18745","targetHints":{"allow":["GET"]}}],"collection":[{"href":"https:\/\/www.newsendip.com\/fr\/wp-json\/wp\/v2\/posts"}],"about":[{"href":"https:\/\/www.newsendip.com\/fr\/wp-json\/wp\/v2\/types\/post"}],"author":[{"embeddable":true,"href":"https:\/\/www.newsendip.com\/fr\/wp-json\/wp\/v2\/users\/1"}],"replies":[{"embeddable":true,"href":"https:\/\/www.newsendip.com\/fr\/wp-json\/wp\/v2\/comments?post=18745"}],"version-history":[{"count":0,"href":"https:\/\/www.newsendip.com\/fr\/wp-json\/wp\/v2\/posts\/18745\/revisions"}],"wp:featuredmedia":[{"embeddable":true,"href":"https:\/\/www.newsendip.com\/fr\/wp-json\/wp\/v2\/media\/13630"}],"wp:attachment":[{"href":"https:\/\/www.newsendip.com\/fr\/wp-json\/wp\/v2\/media?parent=18745"}],"wp:term":[{"taxonomy":"category","embeddable":true,"href":"https:\/\/www.newsendip.com\/fr\/wp-json\/wp\/v2\/categories?post=18745"},{"taxonomy":"post_tag","embeddable":true,"href":"https:\/\/www.newsendip.com\/fr\/wp-json\/wp\/v2\/tags?post=18745"}],"curies":[{"name":"wp","href":"https:\/\/api.w.org\/{rel}","templated":true}]}}