{"id":18748,"date":"2021-07-15T23:00:00","date_gmt":"2021-07-15T21:00:00","guid":{"rendered":"https:\/\/www.newsendip.com\/?p=18748"},"modified":"2024-07-23T17:45:25","modified_gmt":"2024-07-23T15:45:25","slug":"en-republique-tcheque-la-cour-supreme-donne-raison-au-e-commerce-quand-les-magasins-restent-fermes","status":"publish","type":"post","link":"https:\/\/www.newsendip.com\/fr\/en-republique-tcheque-la-cour-supreme-donne-raison-au-e-commerce-quand-les-magasins-restent-fermes\/","title":{"rendered":"En R\u00e9publique tch\u00e8que, la Cour supr\u00eame donne raison au e\u2011commerce quand les magasins restent ferm\u00e9s"},"content":{"rendered":"<p><strong>En R\u00e9publique tch\u00e8que, la livraison des produits achet\u00e9s dans des boutiques en ligne \u00e9tait interdite pendant que les magasins traditionnels devaient rester ferm\u00e9s pendant les jours f\u00e9ri\u00e9s. Mais la Cour supr\u00eame a tranch\u00e9 en faveur d\u2019Alza.cz, un g\u00e9ant du e\u2011commerce.<\/strong><\/p>\n<figure id=\"attachment_13623\" aria-describedby=\"caption-attachment-13623\" style=\"width: 1024px\" class=\"wp-caption aligncenter\"><img decoding=\"async\" class=\"wp-image-13623 size-large\" src=\"https:\/\/www.newsendip.com\/wp-content\/uploads\/2021\/07\/paybox-showroom-alza-cz-1024x768.jpg\" alt=\"Terminaux de paiement dans un showroom Alza.cz\" width=\"1024\" height=\"768\" srcset=\"https:\/\/www.newsendip.com\/wp-content\/uploads\/2021\/07\/paybox-showroom-alza-cz-1024x768.jpg 1024w, https:\/\/www.newsendip.com\/wp-content\/uploads\/2021\/07\/paybox-showroom-alza-cz-300x225.jpg 300w, https:\/\/www.newsendip.com\/wp-content\/uploads\/2021\/07\/paybox-showroom-alza-cz-768x576.jpg 768w, https:\/\/www.newsendip.com\/wp-content\/uploads\/2021\/07\/paybox-showroom-alza-cz-1536x1152.jpg 1536w, https:\/\/www.newsendip.com\/wp-content\/uploads\/2021\/07\/paybox-showroom-alza-cz.jpg 1800w\" sizes=\"(max-width: 1024px) 100vw, 1024px\"><figcaption id=\"caption-attachment-13623\" class=\"wp-caption-text\">Terminaux de paiement dans un showroom Alza.cz | Alza.cz<\/figcaption><\/figure>\n<p>Depuis 2016, la <a href=\"#post-bottom-source\">loi sur les heures d\u2019ouverture des commerces de d\u00e9tail et les grossistes<\/a> interdit \u00e0 certains magasins de vendre des produits pendant plusieurs jours f\u00e9ri\u00e9s en R\u00e9publique tch\u00e8que.<\/p>\n<p>Pour permettre aux personnes de profiter de ce temps libre en famille, les magasins ne peuvent pas \u00eatre ouverts la veille du Nouvel An, le lundi de P\u00e2ques, ou du 24 d\u00e9cembre apr\u00e8s-midi au 27 d\u00e9cembre par exemple. Certains endroits sont toutefois exempt\u00e9s de cette interdiction, comme les magasins de moins de 200 m\u00e8tres carr\u00e9s, les stations-service ou les \u00e9tablissements de&nbsp;sant\u00e9.<\/p>\n<p>L\u2019autorit\u00e9 d\u2019inspection du commerce tch\u00e8que, un organisme relevant du minist\u00e8re de l\u2019industrie et du commerce, peut imposer une amende allant jusqu\u2019\u00e0 1 000 000 couronnes tch\u00e8ques (46 000 dollars) aux contrevenants qu\u2019elle contr\u00f4le. Et la CTIA ciblait particuli\u00e8rement un gros acteur du e\u2011commerce tch\u00e8que&nbsp;: Alza.cz.<\/p>\n<p>Avec un chiffre d\u2019affaires de plus de 1,14 milliard d\u2019euros en 2020 selon le site web de l\u2019entreprise, Alza.cz est <strong>l\u2019un des plus gros sites marchands d\u2019Europe centrale<\/strong>. Cette entreprise semblable \u00e0 Amazon poss\u00e8de \u00e9galement une quarantaine de magasins physiques en R\u00e9publique tch\u00e8que, ainsi que plus de 600 emplacements pour les Alzabox \u2013 o\u00f9 les clients peuvent r\u00e9cup\u00e9rer les articles achet\u00e9s \u2013 r\u00e9partis dans tout le pays. Elle s\u2019est \u00e9galement d\u00e9velopp\u00e9e avec des points de vente ou des magasins d\u2019exposition en Slovaquie, en Autriche ou en Hongrie.<\/p>\n<p>Les magasins Alza restent ouverts pendant les jours d\u2019interdiction, vendant des produits malgr\u00e9 les contr\u00f4les du CTIA. Et en septembre 2017, pendant la f\u00eate nationale tch\u00e8que, une inspection a conduit \u00e0 une amende de 100 000 couronnes (4 500 dollars). Sauf qu\u2019<strong>Alza.cz a intent\u00e9 un proc\u00e8s, qui est all\u00e9 jusqu\u2019\u00e0 la Cour supr\u00eame tch\u00e8que<\/strong>.<\/p>\n<figure id=\"attachment_13660\" aria-describedby=\"caption-attachment-13660\" style=\"width: 277px\" class=\"wp-caption aligncenter\"><img decoding=\"async\" class=\"wp-image-13660 size-medium\" src=\"https:\/\/www.newsendip.com\/wp-content\/uploads\/2021\/08\/alza-store-czechia-277x300.jpg\" alt=\"Magasin Alza.cz \u00e0 Pilsen\" width=\"277\" height=\"300\" srcset=\"https:\/\/www.newsendip.com\/wp-content\/uploads\/2021\/08\/alza-store-czechia-277x300.jpg 277w, https:\/\/www.newsendip.com\/wp-content\/uploads\/2021\/08\/alza-store-czechia-768x832.jpg 768w, https:\/\/www.newsendip.com\/wp-content\/uploads\/2021\/08\/alza-store-czechia.jpg 900w\" sizes=\"(max-width: 277px) 100vw, 277px\"><figcaption id=\"caption-attachment-13660\" class=\"wp-caption-text\">Magasin Alza.cz \u00e0 Pilsen, o\u00f9 un inspecteur a estim\u00e9 que le magasin avait viol\u00e9 l\u2019interdiction d\u2019exercer pendant la f\u00eate nationale tch\u00e8que | Alza.cz<\/figcaption><\/figure>\n<h2>Alza.cz consid\u00e8re que les magasins agissent comme des distributeurs de marchandises<\/h2>\n<p>Le 28 septembre 2017, un inspecteur s\u2019est pr\u00e9sent\u00e9 dans l\u2019un des <a href=\"https:\/\/www.newsendip.com\/fr\/lotage-dun-apple-store-a-amsterdam-demande-le-respect-de-sa-vie-privee\/\">magasins d\u2019\u00e9lectronique<\/a> Alza ouverts \u00e0 Pilsen et a demand\u00e9 une souris d\u2019ordinateur sans&nbsp;fil.<\/p>\n<p>Cependant, en raison de la loi sur les heures d\u2019ouverture qui interdit la vente directe le jour de la f\u00eate nationale tch\u00e8que, l\u2019employ\u00e9 a propos\u00e9 comme alternative d\u2019<strong>acheter le produit en ligne depuis un ordinateur portable d\u00e9di\u00e9 aux clients dans le magasin<\/strong>.<\/p>\n<p>L\u2019inspecteur a alors command\u00e9 le produit sur le site Internet, a choisi le magasin comme lieu de retrait, a re\u00e7u un SMS de confirmation et s\u2019est rendu \u00e0 un distributeur automatique de paiement. Apr\u00e8s le traitement du paiement en esp\u00e8ces, l\u2019employ\u00e9 a ensuite remis le produit \u00e0 l\u2019inspecteur sur la base du re\u00e7u. <strong>L\u2019inspecteur se trouvait physiquement \u00e0 l\u2019int\u00e9rieur du magasin pendant tout le processus d\u2019achat<\/strong>.<\/p>\n<p>La CTIA a alors consid\u00e9r\u00e9 qu\u2019Alza.cz avait viol\u00e9 le r\u00e8glement, tandis que l\u2019entreprise a estim\u00e9 qu\u2019elle avait respect\u00e9 la loi. En effet, Alza.cz fait valoir que ces jours-l\u00e0, les <strong>magasins ne sont que des distributeurs de marchandises<\/strong>. Pour le CTIA cependant, l\u2019interdiction devrait s\u2019appliquer \u00e0 toutes les \u00e9tapes d\u2019un cycle de vente, car la livraison d\u2019un produit fait partie du processus de vente, qui ne serait pas complet sans&nbsp;elle.<\/p>\n<p>Le c\u0153ur du litige r\u00e9side ainsi autour de la question de ce qu\u2019est v\u00e9ritablement un acte d\u2019achat.<\/p>\n<p>Le tribunal de Pilsen a interdit \u00e0 Alza.cz d\u2019ouvrir ses magasins, mettant ainsi les d\u00e9taillants en ligne au m\u00eame niveau que les magasins traditionnels. Mais cinq ans apr\u00e8s le proc\u00e8s, la Cour administrative supr\u00eame tch\u00e8que a fini par donner raison au e\u2011commer\u00e7ant.<\/p>\n<h2>La commande, le moment qui d\u00e9finit une vente en&nbsp;ligne<\/h2>\n<p>Pour la Cour, la commande est le point central dans la d\u00e9finition d\u2019une&nbsp;vente.<!--more--><\/p>\n<p>\u00ab\u202f<em>La simple livraison dans le magasin, y compris le paiement \u00e9ventuel des produits dans les locaux, ne constitue pas une vente au d\u00e9tail, car la phase d\u00e9cisive de la vente (la conclusion du contrat d\u2019achat) n\u2019a pas eu lieu dans le magasin, mais dans l\u2019espace virtuel de l\u2019e-shop<\/em>\u202f\u00bb, a <a href=\"#post-bottom-source\">jug\u00e9 le tribunal<\/a>. \u00ab\u202f<em>La livraison des marchandises command\u00e9es sur Internet n\u2019est que l\u2019une des \u00e9tapes du processus de vente, et n\u2019est pas d\u00e9terminante<\/em>\u202f\u00bb.<\/p>\n<p>Le tribunal d\u00e9finit l\u2019achat comme le moment o\u00f9 <strong>les deux parties expriment leur accord sur le contrat de vente<\/strong>. Pour une vente en ligne, c\u2019est par exemple lorsque les produits du panier sont command\u00e9s par l\u2019utilisateur et accept\u00e9s par le vendeur. Le paiement ou la livraison sont alors des phases accessoires du processus de&nbsp;vente.<\/p>\n<p>Ainsi, la loi \u00ab\u202f<em>ne s\u2019applique pas du tout aux magasins en ligne et \u00e0 leurs points de vente<\/em>\u202f\u00bb. Les magasins offrent des services de retrait ou de livraison, semblables \u00e0 ceux de la poste ou des services de livraison traditionnels.<\/p>\n<p>La Cour a annul\u00e9 la premi\u00e8re d\u00e9cision du tribunal r\u00e9gional en raison d\u2019une mauvaise interpr\u00e9tation de la loi sur les heures d\u2019ouverture des commerces de d\u00e9tail et de gros. Elle consid\u00e8re que le processus d\u2019un achat en ligne pr\u00e9sente des diff\u00e9rences fondamentales avec une vente directe dans un magasin traditionnel. De plus, si <strong>la loi interdisait les ventes en ligne livr\u00e9es dans un magasin, le l\u00e9gislateur aurait d\u00fb inclure explicitement cette situation<\/strong>.<\/p>\n<p>Dans sa plainte, Alza.cz a \u00e9galement tent\u00e9 de justifier que les magasins \u00e9taient inf\u00e9rieurs \u00e0 200\u202fm\u00b2 \u00e9tant donn\u00e9 que la \u00ab\u202f<em>zone de d\u00e9monstration<\/em>\u202f\u00bb ne faisait pas partie de la \u00ab\u202f<em>zone de vente<\/em>\u202f\u00bb. Le tribunal a rejet\u00e9 cet argument mais, compte tenu de l\u2019annulation de la d\u00e9cision, la soci\u00e9t\u00e9 ne l\u2019a pas contest\u00e9.<\/p>\n<p><strong><a href=\"https:\/\/www.newsendip.com\/fr\/etiquette\/republique-tcheque\/\">D\u00e9couvrez plus d\u2019actualit\u00e9s sur la R\u00e9publique tch\u00e8que<\/a><\/strong><\/p>\n","protected":false},"excerpt":{"rendered":"<p>En R\u00e9publique tch\u00e8que, la livraison des produits achet\u00e9s dans des boutiques en ligne \u00e9tait interdite pendant que les magasins traditionnels devaient rester ferm\u00e9s pendant les jours f\u00e9ri\u00e9s. Mais la Cour supr\u00eame a tranch\u00e9 en faveur d\u2019Alza.cz, un g\u00e9ant du e\u2011commerce.<\/p>\n","protected":false},"author":1,"featured_media":13624,"comment_status":"closed","ping_status":"closed","sticky":false,"template":"","format":"standard","meta":{"wp_typography_post_enhancements_disabled":false,"footnotes":""},"categories":[414],"tags":[437,421],"class_list":["post-18748","post","type-post","status-publish","format-standard","has-post-thumbnail","hentry","category-economie","tag-republique-tcheque","tag-vieux"],"yoast_head":"<!-- This site is optimized with the Yoast SEO Premium plugin v27.4 (Yoast SEO v27.4) - https:\/\/yoast.com\/product\/yoast-seo-premium-wordpress\/ -->\n<title>En R\u00e9publique tch\u00e8que, la Cour supr\u00eame donne raison au e-commerce quand les magasins restent ferm\u00e9s<\/title>\n<meta name=\"description\" content=\"En R\u00e9publique tch\u00e8que, la livraison des produits achet\u00e9s dans des boutiques en ligne \u00e9tait interdite pendant que les magasins traditionnels devaient rester ferm\u00e9s pendant les jours f\u00e9ri\u00e9s. Mais la Cour supr\u00eame a tranch\u00e9 en faveur d&#039;Alza.cz, un g\u00e9ant du e-commerce.\" \/>\n<meta name=\"robots\" content=\"index, follow, max-snippet:-1, max-image-preview:large, max-video-preview:-1\" \/>\n<link rel=\"canonical\" href=\"https:\/\/www.newsendip.com\/fr\/en-republique-tcheque-la-cour-supreme-donne-raison-au-e-commerce-quand-les-magasins-restent-fermes\/\" \/>\n<meta property=\"og:locale\" content=\"fr_FR\" \/>\n<meta property=\"og:type\" content=\"article\" \/>\n<meta property=\"og:title\" content=\"En R\u00e9publique tch\u00e8que, la Cour supr\u00eame donne raison au e-commerce quand les magasins restent ferm\u00e9s\" \/>\n<meta property=\"og:description\" content=\"En R\u00e9publique tch\u00e8que, la livraison des produits achet\u00e9s dans des boutiques en ligne \u00e9tait interdite pendant que les magasins traditionnels devaient rester ferm\u00e9s pendant les jours f\u00e9ri\u00e9s. Mais la Cour supr\u00eame a tranch\u00e9 en faveur d&#039;Alza.cz, un g\u00e9ant du e-commerce.\" \/>\n<meta property=\"og:url\" content=\"https:\/\/www.newsendip.com\/fr\/en-republique-tcheque-la-cour-supreme-donne-raison-au-e-commerce-quand-les-magasins-restent-fermes\/\" \/>\n<meta property=\"og:site_name\" content=\"Newsendip\" \/>\n<meta property=\"article:publisher\" content=\"https:\/\/www.facebook.com\/newsendip\" \/>\n<meta property=\"article:published_time\" content=\"2021-07-15T21:00:00+00:00\" \/>\n<meta property=\"article:modified_time\" content=\"2024-07-23T15:45:25+00:00\" \/>\n<meta property=\"og:image\" content=\"https:\/\/www.newsendip.com\/wp-content\/uploads\/2021\/07\/internet-activity.jpeg\" \/>\n\t<meta property=\"og:image:width\" content=\"640\" \/>\n\t<meta property=\"og:image:height\" content=\"427\" \/>\n\t<meta property=\"og:image:type\" content=\"image\/jpeg\" \/>\n<meta name=\"author\" content=\"Cl\u00e9ment V\u00e9rit\u00e9\" \/>\n<meta name=\"twitter:card\" content=\"summary_large_image\" \/>\n<meta name=\"twitter:creator\" content=\"@https:\/\/twitter.com\/cverite\" \/>\n<meta name=\"twitter:site\" content=\"@newsendip\" \/>\n<meta name=\"twitter:label1\" content=\"\u00c9crit par\" \/>\n\t<meta name=\"twitter:data1\" content=\"Cl\u00e9ment V\u00e9rit\u00e9\" \/>\n\t<meta name=\"twitter:label2\" content=\"Dur\u00e9e de lecture estim\u00e9e\" \/>\n\t<meta name=\"twitter:data2\" content=\"5 minutes\" \/>\n<!-- \/ Yoast SEO Premium plugin. -->","yoast_head_json":{"title":"En R\u00e9publique tch\u00e8que, la Cour supr\u00eame donne raison au e-commerce quand les magasins restent ferm\u00e9s","description":"En R\u00e9publique tch\u00e8que, la livraison des produits achet\u00e9s dans des boutiques en ligne \u00e9tait interdite pendant que les magasins traditionnels devaient rester ferm\u00e9s pendant les jours f\u00e9ri\u00e9s. Mais la Cour supr\u00eame a tranch\u00e9 en faveur d'Alza.cz, un g\u00e9ant du e-commerce.","robots":{"index":"index","follow":"follow","max-snippet":"max-snippet:-1","max-image-preview":"max-image-preview:large","max-video-preview":"max-video-preview:-1"},"canonical":"https:\/\/www.newsendip.com\/fr\/en-republique-tcheque-la-cour-supreme-donne-raison-au-e-commerce-quand-les-magasins-restent-fermes\/","og_locale":"fr_FR","og_type":"article","og_title":"En R\u00e9publique tch\u00e8que, la Cour supr\u00eame donne raison au e-commerce quand les magasins restent ferm\u00e9s","og_description":"En R\u00e9publique tch\u00e8que, la livraison des produits achet\u00e9s dans des boutiques en ligne \u00e9tait interdite pendant que les magasins traditionnels devaient rester ferm\u00e9s pendant les jours f\u00e9ri\u00e9s. Mais la Cour supr\u00eame a tranch\u00e9 en faveur d'Alza.cz, un g\u00e9ant du e-commerce.","og_url":"https:\/\/www.newsendip.com\/fr\/en-republique-tcheque-la-cour-supreme-donne-raison-au-e-commerce-quand-les-magasins-restent-fermes\/","og_site_name":"Newsendip","article_publisher":"https:\/\/www.facebook.com\/newsendip","article_published_time":"2021-07-15T21:00:00+00:00","article_modified_time":"2024-07-23T15:45:25+00:00","og_image":[{"width":640,"height":427,"url":"https:\/\/www.newsendip.com\/wp-content\/uploads\/2021\/07\/internet-activity.jpeg","type":"image\/jpeg"}],"author":"Cl\u00e9ment V\u00e9rit\u00e9","twitter_card":"summary_large_image","twitter_creator":"@https:\/\/twitter.com\/cverite","twitter_site":"@newsendip","twitter_misc":{"\u00c9crit par":"Cl\u00e9ment V\u00e9rit\u00e9","Dur\u00e9e de lecture estim\u00e9e":"5 minutes"},"schema":{"@context":"https:\/\/schema.org","@graph":[{"@type":"NewsArticle","@id":"https:\/\/www.newsendip.com\/fr\/en-republique-tcheque-la-cour-supreme-donne-raison-au-e-commerce-quand-les-magasins-restent-fermes\/#article","isPartOf":{"@id":"https:\/\/www.newsendip.com\/fr\/en-republique-tcheque-la-cour-supreme-donne-raison-au-e-commerce-quand-les-magasins-restent-fermes\/"},"author":{"name":"Cl\u00e9ment V\u00e9rit\u00e9","@id":"https:\/\/www.newsendip.com\/fr\/#\/schema\/person\/ea22c01755f464a3cbc2c619584d6363"},"headline":"En R\u00e9publique tch\u00e8que, la Cour supr\u00eame donne raison au e\u2011commerce quand les magasins restent ferm\u00e9s","datePublished":"2021-07-15T21:00:00+00:00","dateModified":"2024-07-23T15:45:25+00:00","mainEntityOfPage":{"@id":"https:\/\/www.newsendip.com\/fr\/en-republique-tcheque-la-cour-supreme-donne-raison-au-e-commerce-quand-les-magasins-restent-fermes\/"},"wordCount":1108,"publisher":{"@id":"https:\/\/www.newsendip.com\/fr\/#organization"},"image":{"@id":"https:\/\/www.newsendip.com\/fr\/en-republique-tcheque-la-cour-supreme-donne-raison-au-e-commerce-quand-les-magasins-restent-fermes\/#primaryimage"},"thumbnailUrl":"https:\/\/www.newsendip.com\/wp-content\/uploads\/2021\/07\/internet-activity.jpeg","keywords":["R\u00e9publique tch\u00e8que","Vieux"],"articleSection":["\u00c9conomie"],"inLanguage":"fr-FR","copyrightYear":"2021","copyrightHolder":{"@id":"https:\/\/www.newsendip.com\/#organization"}},{"@type":"WebPage","@id":"https:\/\/www.newsendip.com\/fr\/en-republique-tcheque-la-cour-supreme-donne-raison-au-e-commerce-quand-les-magasins-restent-fermes\/","url":"https:\/\/www.newsendip.com\/fr\/en-republique-tcheque-la-cour-supreme-donne-raison-au-e-commerce-quand-les-magasins-restent-fermes\/","name":"En R\u00e9publique tch\u00e8que, la Cour supr\u00eame donne raison au e-commerce quand les magasins restent ferm\u00e9s","isPartOf":{"@id":"https:\/\/www.newsendip.com\/fr\/#website"},"primaryImageOfPage":{"@id":"https:\/\/www.newsendip.com\/fr\/en-republique-tcheque-la-cour-supreme-donne-raison-au-e-commerce-quand-les-magasins-restent-fermes\/#primaryimage"},"image":{"@id":"https:\/\/www.newsendip.com\/fr\/en-republique-tcheque-la-cour-supreme-donne-raison-au-e-commerce-quand-les-magasins-restent-fermes\/#primaryimage"},"thumbnailUrl":"https:\/\/www.newsendip.com\/wp-content\/uploads\/2021\/07\/internet-activity.jpeg","datePublished":"2021-07-15T21:00:00+00:00","dateModified":"2024-07-23T15:45:25+00:00","description":"En R\u00e9publique tch\u00e8que, la livraison des produits achet\u00e9s dans des boutiques en ligne \u00e9tait interdite pendant que les magasins traditionnels devaient rester ferm\u00e9s pendant les jours f\u00e9ri\u00e9s. Mais la Cour supr\u00eame a tranch\u00e9 en faveur d'Alza.cz, un g\u00e9ant du e-commerce.","breadcrumb":{"@id":"https:\/\/www.newsendip.com\/fr\/en-republique-tcheque-la-cour-supreme-donne-raison-au-e-commerce-quand-les-magasins-restent-fermes\/#breadcrumb"},"inLanguage":"fr-FR","potentialAction":[{"@type":"ReadAction","target":["https:\/\/www.newsendip.com\/fr\/en-republique-tcheque-la-cour-supreme-donne-raison-au-e-commerce-quand-les-magasins-restent-fermes\/"]}]},{"@type":"ImageObject","inLanguage":"fr-FR","@id":"https:\/\/www.newsendip.com\/fr\/en-republique-tcheque-la-cour-supreme-donne-raison-au-e-commerce-quand-les-magasins-restent-fermes\/#primaryimage","url":"https:\/\/www.newsendip.com\/wp-content\/uploads\/2021\/07\/internet-activity.jpeg","contentUrl":"https:\/\/www.newsendip.com\/wp-content\/uploads\/2021\/07\/internet-activity.jpeg","width":640,"height":427},{"@type":"BreadcrumbList","@id":"https:\/\/www.newsendip.com\/fr\/en-republique-tcheque-la-cour-supreme-donne-raison-au-e-commerce-quand-les-magasins-restent-fermes\/#breadcrumb","itemListElement":[{"@type":"ListItem","position":1,"name":"Accueil","item":"https:\/\/www.newsendip.com\/fr\/"},{"@type":"ListItem","position":2,"name":"En R\u00e9publique tch\u00e8que, la Cour supr\u00eame donne raison au e-commerce quand les magasins restent ferm\u00e9s"}]},{"@type":"WebSite","@id":"https:\/\/www.newsendip.com\/fr\/#website","url":"https:\/\/www.newsendip.com\/fr\/","name":"Newsendip","description":"Red\u00e9couvrez l&#039;actualit\u00e9 internationale","publisher":{"@id":"https:\/\/www.newsendip.com\/fr\/#organization"},"potentialAction":[{"@type":"SearchAction","target":{"@type":"EntryPoint","urlTemplate":"https:\/\/www.newsendip.com\/fr\/?s={search_term_string}"},"query-input":{"@type":"PropertyValueSpecification","valueRequired":true,"valueName":"search_term_string"}}],"inLanguage":"fr-FR"},{"@type":"Organization","@id":"https:\/\/www.newsendip.com\/fr\/#organization","name":"Newsendip","url":"https:\/\/www.newsendip.com\/fr\/","logo":{"@type":"ImageObject","inLanguage":"fr-FR","@id":"https:\/\/www.newsendip.com\/fr\/#\/schema\/logo\/image\/","url":"https:\/\/www.newsendip.com\/wp-content\/uploads\/2023\/12\/512x512.svg","contentUrl":"https:\/\/www.newsendip.com\/wp-content\/uploads\/2023\/12\/512x512.svg","width":1,"height":1,"caption":"Newsendip"},"image":{"@id":"https:\/\/www.newsendip.com\/fr\/#\/schema\/logo\/image\/"},"sameAs":["https:\/\/www.facebook.com\/newsendip","https:\/\/x.com\/newsendip","https:\/\/mastodon.social\/@newsendip","https:\/\/www.linkedin.com\/company\/newsendip"],"description":"Newsendip est un site qui a pour mission de rendre l'actualit\u00e9 internationale accessible et diversifi\u00e9e","email":"contact@newsendip.com","legalName":"Newsendip SAS","foundingDate":"2022-11-04","vatID":"FR60921124723","numberOfEmployees":{"@type":"QuantitativeValue","minValue":"1","maxValue":"10"},"publishingPrinciples":"https:\/\/www.newsendip.com\/about-us\/","ownershipFundingInfo":"https:\/\/www.newsendip.com\/legal-notice\/","actionableFeedbackPolicy":"https:\/\/www.newsendip.com\/about-us\/","correctionsPolicy":"https:\/\/www.newsendip.com\/about-us\/","ethicsPolicy":"https:\/\/www.newsendip.com\/about-us\/","diversityPolicy":"https:\/\/www.newsendip.com\/about-us\/"},{"@type":"Person","@id":"https:\/\/www.newsendip.com\/fr\/#\/schema\/person\/ea22c01755f464a3cbc2c619584d6363","name":"Cl\u00e9ment V\u00e9rit\u00e9","description":"Cl\u00e9ment is the executive editor and founder of Newsendip. He started in the media industry as a freelance reporter at 16 for a local French newspaper after school and has never left it. He later worked for seven years at The New York Times, notably as a data analyst. He holds a Master of Management in France and a Master of Arts in the United Kingdom in International Marketing &amp; Communications Strategy. He has lived in France, the United Kingdom, and Italy.","sameAs":["https:\/\/www.newsendip.com\/","https:\/\/www.linkedin.com\/in\/clementverite\/","https:\/\/x.com\/https:\/\/twitter.com\/cverite"],"knowsAbout":["News","International","Business","Media monitoring"],"knowsLanguage":["English","French","Italian","Spanish"],"url":"https:\/\/www.newsendip.com\/fr\/author\/clement-verite\/"}]}},"_links":{"self":[{"href":"https:\/\/www.newsendip.com\/fr\/wp-json\/wp\/v2\/posts\/18748","targetHints":{"allow":["GET"]}}],"collection":[{"href":"https:\/\/www.newsendip.com\/fr\/wp-json\/wp\/v2\/posts"}],"about":[{"href":"https:\/\/www.newsendip.com\/fr\/wp-json\/wp\/v2\/types\/post"}],"author":[{"embeddable":true,"href":"https:\/\/www.newsendip.com\/fr\/wp-json\/wp\/v2\/users\/1"}],"replies":[{"embeddable":true,"href":"https:\/\/www.newsendip.com\/fr\/wp-json\/wp\/v2\/comments?post=18748"}],"version-history":[{"count":0,"href":"https:\/\/www.newsendip.com\/fr\/wp-json\/wp\/v2\/posts\/18748\/revisions"}],"wp:featuredmedia":[{"embeddable":true,"href":"https:\/\/www.newsendip.com\/fr\/wp-json\/wp\/v2\/media\/13624"}],"wp:attachment":[{"href":"https:\/\/www.newsendip.com\/fr\/wp-json\/wp\/v2\/media?parent=18748"}],"wp:term":[{"taxonomy":"category","embeddable":true,"href":"https:\/\/www.newsendip.com\/fr\/wp-json\/wp\/v2\/categories?post=18748"},{"taxonomy":"post_tag","embeddable":true,"href":"https:\/\/www.newsendip.com\/fr\/wp-json\/wp\/v2\/tags?post=18748"}],"curies":[{"name":"wp","href":"https:\/\/api.w.org\/{rel}","templated":true}]}}