{"id":18758,"date":"2022-01-13T09:45:46","date_gmt":"2022-01-13T08:45:46","guid":{"rendered":"https:\/\/www.newsendip.com\/?p=18758"},"modified":"2023-09-05T17:27:53","modified_gmt":"2023-09-05T15:27:53","slug":"les-parlementaires-chiliens-approuvent-une-reforme-du-code-de-leau-vieille-de-onze-ans","status":"publish","type":"post","link":"https:\/\/www.newsendip.com\/fr\/les-parlementaires-chiliens-approuvent-une-reforme-du-code-de-leau-vieille-de-onze-ans\/","title":{"rendered":"Les parlementaires chiliens approuvent une r\u00e9forme du code de l\u2019eau vieille de onze&nbsp;ans"},"content":{"rendered":"<p><strong>Le Chili a vot\u00e9 une r\u00e9forme du code de l\u2019eau initi\u00e9e il y a 11 ans. L\u2019eau sera consid\u00e9r\u00e9e comme un bien national \u00e0 usage public, mais tous les probl\u00e8mes de gestion de l\u2019eau du pays ne seront pas r\u00e9solus.<br>\n<\/strong><\/p>\n<figure id=\"attachment_13902\" aria-describedby=\"caption-attachment-13902\" style=\"width: 800px\" class=\"wp-caption aligncenter\"><img decoding=\"async\" class=\"wp-image-13902 size-full\" src=\"https:\/\/www.newsendip.com\/wp-content\/uploads\/2022\/01\/water-code-access-chile-reform-greenpeace.webp\" alt=\"Greenpeace a lanc\u00e9 une p\u00e9tition demandant que l'acc\u00e8s \u00e0 l'eau devienne un droit constitutionnel au Chili\" width=\"800\" height=\"480\" srcset=\"https:\/\/www.newsendip.com\/wp-content\/uploads\/2022\/01\/water-code-access-chile-reform-greenpeace.webp 800w, https:\/\/www.newsendip.com\/wp-content\/uploads\/2022\/01\/water-code-access-chile-reform-greenpeace-60x36.webp 60w, https:\/\/www.newsendip.com\/wp-content\/uploads\/2022\/01\/water-code-access-chile-reform-greenpeace-300x180.webp 300w, https:\/\/www.newsendip.com\/wp-content\/uploads\/2022\/01\/water-code-access-chile-reform-greenpeace-768x461.webp 768w\" sizes=\"(max-width: 800px) 100vw, 800px\"><figcaption id=\"caption-attachment-13902\" class=\"wp-caption-text\">Greenpeace a lanc\u00e9 une p\u00e9tition demandant que l\u2019acc\u00e8s \u00e0 l\u2019eau devienne un droit constitutionnel au Chili | \u00a9 Greenpeace<\/figcaption><\/figure>\n<p>Le 12 janvier, le S\u00e9nat chilien a vot\u00e9 \u00e0 l\u2019unanimit\u00e9 en faveur d\u2019une <a href=\"#post-bottom-source\">r\u00e9forme du code de l\u2019eau<\/a>, un jour apr\u00e8s l\u2019adoption du projet de loi par la Chambre des d\u00e9put\u00e9s.<\/p>\n<p>Avec cette r\u00e9forme, l\u2019eau est d\u00e9clar\u00e9e \u00ab\u202f<em>bien national \u00e0 usage public<\/em>\u202f\u00bb, ce qui signifie que <strong>l\u2019acc\u00e8s \u00e0 l\u2019eau et son utilisation sont un droit appartenant \u00e0 tous les habitants du pays<\/strong>.<\/p>\n<p>Avant le S\u00e9nat, la Chambre des d\u00e9put\u00e9s a massivement approuv\u00e9 les amendements du code avec 129 voix pour, 2 contre et 2 absentions. La loi sera envoy\u00e9e au pr\u00e9sident pour promulgation.<\/p>\n<p>La r\u00e9forme \u00e9tait en discussion depuis 11 ans. La Chambre des d\u00e9put\u00e9s avait approuv\u00e9 un premier texte en mars 2011. Mais le projet de loi n\u2019a \u00e9t\u00e9 envoy\u00e9 au S\u00e9nat qu\u2019en 2016, qui l\u2019a rejet\u00e9 en 2021. Ensuite, 18 amendements furent refus\u00e9s, ce qui a d\u00e9clench\u00e9 la<strong> cr\u00e9ation d\u2019une commission mixte charg\u00e9e de concilier les diff\u00e9rences entre les deux chambres<\/strong>.<\/p>\n<p>Selon Greenpeace, plus de 47% de la population rurale ne dispose pas d\u2019un v\u00e9ritable approvisionnement en eau potable et aucun Chilien n\u2019est en pratique garantie d\u2019avoir acc\u00e8s \u00e0&nbsp;l\u2019eau.<\/p>\n<h2>L\u2019acc\u00e8s \u00e0 l\u2019eau potable, un droit humain inali\u00e9nable<\/h2>\n<p>Dans le projet de loi, l\u2019acc\u00e8s \u00e0 l\u2019eau potable et les syst\u00e8mes sanitaires devient un droit humain essentiel et inali\u00e9nable qui doit \u00eatre garanti par l\u2019\u00c9tat.<\/p>\n<p>Le code souligne que \u00ab\u202f<em>l\u2019utilisation pour la consommation humaine, la subsistance domestique et l\u2019hygi\u00e8ne pr\u00e9vaudra toujours, tant dans l\u2019octroi que dans la limitation des droits d\u2019utilisation<\/em>\u202f\u00bb.<\/p>\n<p>De plus, les droits pour l\u2019utilisation de l\u2019eau ne seront plus accord\u00e9s ind\u00e9finiment dans le temps. Au contraire, il s\u2019agira de <strong>concessions renouvelables pour une dur\u00e9e maximale de 30 ans<\/strong>. Il sera interdit de sp\u00e9culer sur les droits ou de les monopoliser. Les droits sur <a href=\"https:\/\/www.newsendip.com\/fr\/danone-un-pdg-visionnaire-battu-par-le-realisme-financier-emmanuel-faber\/\">l\u2019eau<\/a> seront \u00e9galement suspendus ou annul\u00e9s s\u2019ils ne sont pas utilis\u00e9s.<\/p>\n<p>Le projet vise \u00e9galement \u00e0 garantir un <a href=\"https:\/\/www.newsendip.com\/fr\/affrontements-lors-de-manifestations-contre-la-penurie-deau-liran-accuse-les-etats-unis-dagir-en-coulisses\/\">meilleur acc\u00e8s \u00e0 l\u2019eau<\/a> aux communaut\u00e9s rurales et aux territoires indig\u00e8nes. L\u2019\u00c9tat devra veiller \u00e0 ce que l\u2019int\u00e9grit\u00e9 des terres et de l\u2019eau soit pr\u00e9serv\u00e9e et que l\u2019eau existante profite aux communaut\u00e9s autochtones.<\/p>\n<p>Quant au respect des \u00e9cosyst\u00e8mes, les syst\u00e8mes de drainage seront interdits dans plusieurs zones humides dans quatre r\u00e9gions du&nbsp;pays.<\/p>\n<p>Les droits d\u2019acc\u00e8s <strong>excluent \u00e9galement l\u2019exploitation des glaciers<\/strong> avec la d\u00e9finition de l\u2019eau dans le projet de loi. Le Chili, notamment avec la Patagonie, abriterait 80% des glaces d\u2019Am\u00e9rique du Sud, qui s\u2019\u00e9tendent approximativement sur 20 000\u202fkm\u00b2, soit la taille d\u2019un pays comme <a href=\"https:\/\/www.newsendip.com\/fr\/etiquette\/israel-fr\/\">Isra\u00ebl<\/a>.<!--more--><\/p>\n<p>La Direction g\u00e9n\u00e9rale de l\u2019eau recevra davantage de pouvoirs pour mettre en \u0153uvre le code. Parmi ses pr\u00e9rogatives figure la possibilit\u00e9 de <strong>suspendre les concessions de l\u2019eau<\/strong>. Elle sera \u00e9galement charg\u00e9e de d\u00e9cider des <strong>priorit\u00e9s de distribution ou de d\u00e9clarer des r\u00e9ductions temporaires de l\u2019utilisation de l\u2019eau<\/strong> en cas de besoin par exemple.<\/p>\n<p>Mais les amendements ne r\u00e9soudront pas tous les probl\u00e8mes d\u2019eau dont fait face le Chili. Le point de blocage de la l\u00e9gislation \u00e9tait l\u2019avenir des droits actuels. Les concessions ont d\u00e9j\u00e0 \u00e9t\u00e9 accord\u00e9es pour 90% des nappes et 50% des eaux aquif\u00e8res.<\/p>\n<h2>Les droits sur l\u2019eau d\u00e9j\u00e0 accord\u00e9s resteront \u00e0 perp\u00e9tuit\u00e9<\/h2>\n<p>Au Chili, les lois sur l\u2019eau \u00e9quivalent peu ou prou \u00e0 de la privatisation de l\u2019acc\u00e8s et l\u2019<a href=\"https:\/\/www.newsendip.com\/fr\/des-militants-tcheques-coupent-leau-du-ministere-de-lenvironnement-pour-protester-contre-la-mine-de-charbon-de-turow\/\">utilisation de l\u2019eau<\/a>. Et les droits sont ensuite achet\u00e9s ou revendus sur le march\u00e9 priv\u00e9.<\/p>\n<p>\u00ab\u202f<em>Le syst\u00e8me chilien cr\u00e9e en pratique un syst\u00e8me d\u2019appropriation de l\u2019eau. Ailleurs dans le monde, l\u2019eau est distribu\u00e9e au secteur priv\u00e9 pour un usage sp\u00e9cifique, mais pas pour la vente des droits d\u2019acc\u00e8s, ce qui se fait ici \u00e0 l\u2019\u00e9chelle nationale<\/em>\u202f\u00bb, a d\u00e9clar\u00e9 F\u00e9lix Gonz\u00e1lez, pr\u00e9sident du parti \u00e9cologiste, au <a href=\"https:\/\/www.diarioconcepcion.cl\/economia\/2022\/01\/05\/un-articulo-complica-la-discusion-por-nueva-reforma-del-codigo-de-aguas.html\"><em>Diario Concepci\u00f3n<\/em><\/a>.<\/p>\n<p>Et la loi ne modifiera pas les <strong>droits sur l\u2019eau qui ont d\u00e9j\u00e0 \u00e9t\u00e9 acquis pour une utilisation perp\u00e9tuelle<\/strong>, ce qui limite beaucoup ses effets pour r\u00e9soudre les probl\u00e8mes actuels.<\/p>\n<p>Pour Diego Ib\u00e1\u00f1ez, parlementaire pro-environnement et membre du parti du pr\u00e9sident \u00e9lu <a href=\"https:\/\/www.newsendip.com\/fr\/la-popularite-du-president-chilien-gabriel-boric-sur-une-pente-descendante\/\">Gabriel Boric<\/a>, la r\u00e9forme ne r\u00e9soudra pas la question du \u00ab\u202f<em>pillage de l\u2019eau<\/em>\u202f\u00bb du pays, a\u2011t-il d\u00e9clar\u00e9 \u00e0 <a href=\"https:\/\/radio.uchile.cl\/2022\/01\/11\/camara-de-diputados-y-diputadas-aprueba-reforma-al-codigo-de-aguas\/\"><em>DiarioUChile<\/em><\/a>. \u00ab\u202f<em>Nous avons un probl\u00e8me structurel li\u00e9 \u00e0 la distribution de l\u2019eau. Certains acteurs concentrent le pouvoir aujourd\u2019hui. Ils vont faire passer leurs int\u00e9r\u00eats \u00e9conomiques avant ceux des territoires et des communaut\u00e9s et cela ne sera pas r\u00e9solu par ce Code de l\u2019eau<\/em>.\u202f\u00bb<\/p>\n<p>Sur <a href=\"https:\/\/twitter.com\/diego_ibanezc\/status\/1480935882618114061\">Twitter<\/a>, il reconna\u00eet des avanc\u00e9es mais regrette qu\u2019il n\u2019y ait pas de majorit\u00e9 <em>\u00ab\u202fpour une gestion int\u00e9gr\u00e9e et d\u00e9mocratique des nappes ou pour soumettre les droits perp\u00e9tuels actuels \u00e0 toutes les nouvelles r\u00e8gles<\/em>\u202f\u00bb.<\/p>\n<p>C\u2019est la raison pour laquelle deux parlementaires ont vot\u00e9 contre les amendements au code \u00e0 la Chambre des d\u00e9put\u00e9s.<\/p>\n<p>Diego Ib\u00e1\u00f1ez et Greenpeace, entre autres, font pression pour que l\u2019<a href=\"https:\/\/www.newsendip.com\/fr\/la-jordanie-et-israel-ont-lintention-dechanger-de-lelectricite-contre-de-leau\/\">acc\u00e8s \u00e0 l\u2019eau<\/a> soit consid\u00e9r\u00e9 comme un droit constitutionnel. La Constitution du Chili est en effet en cours de r\u00e9\u00e9criture par la Convention constitutionnelle.<\/p>\n<p>Le projet de loi doit maintenant \u00eatre promulgu\u00e9 par le pr\u00e9sident, mais certains articles pourraient \u00eatre examin\u00e9s par la Cour constitutionnelle.<\/p>\n<p><strong><a href=\"https:\/\/www.newsendip.com\/fr\/etiquette\/chili\/\">D\u00e9couvrez plus d\u2019actualit\u00e9s sur le&nbsp;Chili<\/a><\/strong><\/p>\n","protected":false},"excerpt":{"rendered":"<p>Le Chili a vot\u00e9 une r\u00e9forme du code de l\u2019eau initi\u00e9e il y a 11 ans. L\u2019eau sera consid\u00e9r\u00e9e comme un bien national \u00e0 usage public, mais tous les probl\u00e8mes de gestion de l\u2019eau du pays ne seront pas r\u00e9solus.<\/p>\n","protected":false},"author":1,"featured_media":13902,"comment_status":"closed","ping_status":"closed","sticky":false,"template":"","format":"standard","meta":{"wp_typography_post_enhancements_disabled":false,"footnotes":""},"categories":[3016],"tags":[411,423],"class_list":["post-18758","post","type-post","status-publish","format-standard","has-post-thumbnail","hentry","category-environnement","tag-actuel","tag-chili"],"yoast_head":"<!-- This site is optimized with the Yoast SEO Premium plugin v27.4 (Yoast SEO v27.4) - https:\/\/yoast.com\/product\/yoast-seo-premium-wordpress\/ -->\n<title>Les parlementaires chiliens approuvent une r\u00e9forme du code de l&#039;eau vieille de onze ans<\/title>\n<meta name=\"description\" content=\"Le Chili a vot\u00e9 une r\u00e9forme du code de l&#039;eau initi\u00e9e il y a 11 ans. L&#039;eau sera consid\u00e9r\u00e9e comme un bien national \u00e0 usage public, mais tous les probl\u00e8mes de gestion de l&#039;eau du pays ne seront pas r\u00e9solus.\" \/>\n<meta name=\"robots\" content=\"index, follow, max-snippet:-1, max-image-preview:large, max-video-preview:-1\" \/>\n<link rel=\"canonical\" href=\"https:\/\/www.newsendip.com\/fr\/les-parlementaires-chiliens-approuvent-une-reforme-du-code-de-leau-vieille-de-onze-ans\/\" \/>\n<meta property=\"og:locale\" content=\"fr_FR\" \/>\n<meta property=\"og:type\" content=\"article\" \/>\n<meta property=\"og:title\" content=\"Les parlementaires chiliens approuvent une r\u00e9forme du code de l&#039;eau vieille de onze ans\" \/>\n<meta property=\"og:description\" content=\"Le Chili a vot\u00e9 une r\u00e9forme du code de l&#039;eau initi\u00e9e il y a 11 ans. L&#039;eau sera consid\u00e9r\u00e9e comme un bien national \u00e0 usage public, mais tous les probl\u00e8mes de gestion de l&#039;eau du pays ne seront pas r\u00e9solus.\" \/>\n<meta property=\"og:url\" content=\"https:\/\/www.newsendip.com\/fr\/les-parlementaires-chiliens-approuvent-une-reforme-du-code-de-leau-vieille-de-onze-ans\/\" \/>\n<meta property=\"og:site_name\" content=\"Newsendip\" \/>\n<meta property=\"article:publisher\" content=\"https:\/\/www.facebook.com\/newsendip\" \/>\n<meta property=\"article:published_time\" content=\"2022-01-13T08:45:46+00:00\" \/>\n<meta property=\"article:modified_time\" content=\"2023-09-05T15:27:53+00:00\" \/>\n<meta property=\"og:image\" content=\"https:\/\/www.newsendip.com\/wp-content\/uploads\/2022\/01\/water-code-access-chile-reform-greenpeace-progressive.jpeg\" \/>\n\t<meta property=\"og:image:width\" content=\"800\" \/>\n\t<meta property=\"og:image:height\" content=\"480\" \/>\n\t<meta property=\"og:image:type\" content=\"image\/jpeg\" \/>\n<meta name=\"author\" content=\"Cl\u00e9ment V\u00e9rit\u00e9\" \/>\n<meta name=\"twitter:card\" content=\"summary_large_image\" \/>\n<meta name=\"twitter:creator\" content=\"@https:\/\/twitter.com\/cverite\" \/>\n<meta name=\"twitter:site\" content=\"@newsendip\" \/>\n<meta name=\"twitter:label1\" content=\"\u00c9crit par\" \/>\n\t<meta name=\"twitter:data1\" content=\"Cl\u00e9ment V\u00e9rit\u00e9\" \/>\n\t<meta name=\"twitter:label2\" content=\"Dur\u00e9e de lecture estim\u00e9e\" \/>\n\t<meta name=\"twitter:data2\" content=\"5 minutes\" \/>\n<!-- \/ Yoast SEO Premium plugin. -->","yoast_head_json":{"title":"Les parlementaires chiliens approuvent une r\u00e9forme du code de l'eau vieille de onze ans","description":"Le Chili a vot\u00e9 une r\u00e9forme du code de l'eau initi\u00e9e il y a 11 ans. L'eau sera consid\u00e9r\u00e9e comme un bien national \u00e0 usage public, mais tous les probl\u00e8mes de gestion de l'eau du pays ne seront pas r\u00e9solus.","robots":{"index":"index","follow":"follow","max-snippet":"max-snippet:-1","max-image-preview":"max-image-preview:large","max-video-preview":"max-video-preview:-1"},"canonical":"https:\/\/www.newsendip.com\/fr\/les-parlementaires-chiliens-approuvent-une-reforme-du-code-de-leau-vieille-de-onze-ans\/","og_locale":"fr_FR","og_type":"article","og_title":"Les parlementaires chiliens approuvent une r\u00e9forme du code de l'eau vieille de onze ans","og_description":"Le Chili a vot\u00e9 une r\u00e9forme du code de l'eau initi\u00e9e il y a 11 ans. L'eau sera consid\u00e9r\u00e9e comme un bien national \u00e0 usage public, mais tous les probl\u00e8mes de gestion de l'eau du pays ne seront pas r\u00e9solus.","og_url":"https:\/\/www.newsendip.com\/fr\/les-parlementaires-chiliens-approuvent-une-reforme-du-code-de-leau-vieille-de-onze-ans\/","og_site_name":"Newsendip","article_publisher":"https:\/\/www.facebook.com\/newsendip","article_published_time":"2022-01-13T08:45:46+00:00","article_modified_time":"2023-09-05T15:27:53+00:00","og_image":[{"width":800,"height":480,"url":"https:\/\/www.newsendip.com\/wp-content\/uploads\/2022\/01\/water-code-access-chile-reform-greenpeace-progressive.jpeg","type":"image\/jpeg"}],"author":"Cl\u00e9ment V\u00e9rit\u00e9","twitter_card":"summary_large_image","twitter_creator":"@https:\/\/twitter.com\/cverite","twitter_site":"@newsendip","twitter_misc":{"\u00c9crit par":"Cl\u00e9ment V\u00e9rit\u00e9","Dur\u00e9e de lecture estim\u00e9e":"5 minutes"},"schema":{"@context":"https:\/\/schema.org","@graph":[{"@type":"NewsArticle","@id":"https:\/\/www.newsendip.com\/fr\/les-parlementaires-chiliens-approuvent-une-reforme-du-code-de-leau-vieille-de-onze-ans\/#article","isPartOf":{"@id":"https:\/\/www.newsendip.com\/fr\/les-parlementaires-chiliens-approuvent-une-reforme-du-code-de-leau-vieille-de-onze-ans\/"},"author":{"name":"Cl\u00e9ment V\u00e9rit\u00e9","@id":"https:\/\/www.newsendip.com\/fr\/#\/schema\/person\/ea22c01755f464a3cbc2c619584d6363"},"headline":"Les parlementaires chiliens approuvent une r\u00e9forme du code de l\u2019eau vieille de onze&nbsp;ans","datePublished":"2022-01-13T08:45:46+00:00","dateModified":"2023-09-05T15:27:53+00:00","mainEntityOfPage":{"@id":"https:\/\/www.newsendip.com\/fr\/les-parlementaires-chiliens-approuvent-une-reforme-du-code-de-leau-vieille-de-onze-ans\/"},"wordCount":1044,"publisher":{"@id":"https:\/\/www.newsendip.com\/fr\/#organization"},"image":{"@id":"https:\/\/www.newsendip.com\/fr\/les-parlementaires-chiliens-approuvent-une-reforme-du-code-de-leau-vieille-de-onze-ans\/#primaryimage"},"thumbnailUrl":"https:\/\/www.newsendip.com\/wp-content\/uploads\/2022\/01\/water-code-access-chile-reform-greenpeace.webp","keywords":["Actuel","Chili"],"articleSection":["Environnement"],"inLanguage":"fr-FR","copyrightYear":"2022","copyrightHolder":{"@id":"https:\/\/www.newsendip.com\/#organization"}},{"@type":"WebPage","@id":"https:\/\/www.newsendip.com\/fr\/les-parlementaires-chiliens-approuvent-une-reforme-du-code-de-leau-vieille-de-onze-ans\/","url":"https:\/\/www.newsendip.com\/fr\/les-parlementaires-chiliens-approuvent-une-reforme-du-code-de-leau-vieille-de-onze-ans\/","name":"Les parlementaires chiliens approuvent une r\u00e9forme du code de l'eau vieille de onze ans","isPartOf":{"@id":"https:\/\/www.newsendip.com\/fr\/#website"},"primaryImageOfPage":{"@id":"https:\/\/www.newsendip.com\/fr\/les-parlementaires-chiliens-approuvent-une-reforme-du-code-de-leau-vieille-de-onze-ans\/#primaryimage"},"image":{"@id":"https:\/\/www.newsendip.com\/fr\/les-parlementaires-chiliens-approuvent-une-reforme-du-code-de-leau-vieille-de-onze-ans\/#primaryimage"},"thumbnailUrl":"https:\/\/www.newsendip.com\/wp-content\/uploads\/2022\/01\/water-code-access-chile-reform-greenpeace.webp","datePublished":"2022-01-13T08:45:46+00:00","dateModified":"2023-09-05T15:27:53+00:00","description":"Le Chili a vot\u00e9 une r\u00e9forme du code de l'eau initi\u00e9e il y a 11 ans. L'eau sera consid\u00e9r\u00e9e comme un bien national \u00e0 usage public, mais tous les probl\u00e8mes de gestion de l'eau du pays ne seront pas r\u00e9solus.","breadcrumb":{"@id":"https:\/\/www.newsendip.com\/fr\/les-parlementaires-chiliens-approuvent-une-reforme-du-code-de-leau-vieille-de-onze-ans\/#breadcrumb"},"inLanguage":"fr-FR","potentialAction":[{"@type":"ReadAction","target":["https:\/\/www.newsendip.com\/fr\/les-parlementaires-chiliens-approuvent-une-reforme-du-code-de-leau-vieille-de-onze-ans\/"]}]},{"@type":"ImageObject","inLanguage":"fr-FR","@id":"https:\/\/www.newsendip.com\/fr\/les-parlementaires-chiliens-approuvent-une-reforme-du-code-de-leau-vieille-de-onze-ans\/#primaryimage","url":"https:\/\/www.newsendip.com\/wp-content\/uploads\/2022\/01\/water-code-access-chile-reform-greenpeace.webp","contentUrl":"https:\/\/www.newsendip.com\/wp-content\/uploads\/2022\/01\/water-code-access-chile-reform-greenpeace.webp","width":800,"height":480,"caption":"Greenpeace a lanc\u00e9 une p\u00e9tition demandant que l'acc\u00e8s \u00e0 l'eau devienne un droit constitutionnel au Chili | \u00a9 Greenpeace"},{"@type":"BreadcrumbList","@id":"https:\/\/www.newsendip.com\/fr\/les-parlementaires-chiliens-approuvent-une-reforme-du-code-de-leau-vieille-de-onze-ans\/#breadcrumb","itemListElement":[{"@type":"ListItem","position":1,"name":"Accueil","item":"https:\/\/www.newsendip.com\/fr\/"},{"@type":"ListItem","position":2,"name":"Les parlementaires chiliens approuvent une r\u00e9forme du code de l&#8217;eau vieille de onze ans"}]},{"@type":"WebSite","@id":"https:\/\/www.newsendip.com\/fr\/#website","url":"https:\/\/www.newsendip.com\/fr\/","name":"Newsendip","description":"Red\u00e9couvrez l&#039;actualit\u00e9 internationale","publisher":{"@id":"https:\/\/www.newsendip.com\/fr\/#organization"},"potentialAction":[{"@type":"SearchAction","target":{"@type":"EntryPoint","urlTemplate":"https:\/\/www.newsendip.com\/fr\/?s={search_term_string}"},"query-input":{"@type":"PropertyValueSpecification","valueRequired":true,"valueName":"search_term_string"}}],"inLanguage":"fr-FR"},{"@type":"Organization","@id":"https:\/\/www.newsendip.com\/fr\/#organization","name":"Newsendip","url":"https:\/\/www.newsendip.com\/fr\/","logo":{"@type":"ImageObject","inLanguage":"fr-FR","@id":"https:\/\/www.newsendip.com\/fr\/#\/schema\/logo\/image\/","url":"https:\/\/www.newsendip.com\/wp-content\/uploads\/2023\/12\/512x512.svg","contentUrl":"https:\/\/www.newsendip.com\/wp-content\/uploads\/2023\/12\/512x512.svg","width":1,"height":1,"caption":"Newsendip"},"image":{"@id":"https:\/\/www.newsendip.com\/fr\/#\/schema\/logo\/image\/"},"sameAs":["https:\/\/www.facebook.com\/newsendip","https:\/\/x.com\/newsendip","https:\/\/mastodon.social\/@newsendip","https:\/\/www.linkedin.com\/company\/newsendip"],"description":"Newsendip est un site qui a pour mission de rendre l'actualit\u00e9 internationale accessible et diversifi\u00e9e","email":"contact@newsendip.com","legalName":"Newsendip SAS","foundingDate":"2022-11-04","vatID":"FR60921124723","numberOfEmployees":{"@type":"QuantitativeValue","minValue":"1","maxValue":"10"},"publishingPrinciples":"https:\/\/www.newsendip.com\/about-us\/","ownershipFundingInfo":"https:\/\/www.newsendip.com\/legal-notice\/","actionableFeedbackPolicy":"https:\/\/www.newsendip.com\/about-us\/","correctionsPolicy":"https:\/\/www.newsendip.com\/about-us\/","ethicsPolicy":"https:\/\/www.newsendip.com\/about-us\/","diversityPolicy":"https:\/\/www.newsendip.com\/about-us\/"},{"@type":"Person","@id":"https:\/\/www.newsendip.com\/fr\/#\/schema\/person\/ea22c01755f464a3cbc2c619584d6363","name":"Cl\u00e9ment V\u00e9rit\u00e9","description":"Cl\u00e9ment is the executive editor and founder of Newsendip. He started in the media industry as a freelance reporter at 16 for a local French newspaper after school and has never left it. He later worked for seven years at The New York Times, notably as a data analyst. He holds a Master of Management in France and a Master of Arts in the United Kingdom in International Marketing &amp; Communications Strategy. He has lived in France, the United Kingdom, and Italy.","sameAs":["https:\/\/www.newsendip.com\/","https:\/\/www.linkedin.com\/in\/clementverite\/","https:\/\/x.com\/https:\/\/twitter.com\/cverite"],"knowsAbout":["News","International","Business","Media monitoring"],"knowsLanguage":["English","French","Italian","Spanish"],"url":"https:\/\/www.newsendip.com\/fr\/author\/clement-verite\/"}]}},"_links":{"self":[{"href":"https:\/\/www.newsendip.com\/fr\/wp-json\/wp\/v2\/posts\/18758","targetHints":{"allow":["GET"]}}],"collection":[{"href":"https:\/\/www.newsendip.com\/fr\/wp-json\/wp\/v2\/posts"}],"about":[{"href":"https:\/\/www.newsendip.com\/fr\/wp-json\/wp\/v2\/types\/post"}],"author":[{"embeddable":true,"href":"https:\/\/www.newsendip.com\/fr\/wp-json\/wp\/v2\/users\/1"}],"replies":[{"embeddable":true,"href":"https:\/\/www.newsendip.com\/fr\/wp-json\/wp\/v2\/comments?post=18758"}],"version-history":[{"count":0,"href":"https:\/\/www.newsendip.com\/fr\/wp-json\/wp\/v2\/posts\/18758\/revisions"}],"wp:featuredmedia":[{"embeddable":true,"href":"https:\/\/www.newsendip.com\/fr\/wp-json\/wp\/v2\/media\/13902"}],"wp:attachment":[{"href":"https:\/\/www.newsendip.com\/fr\/wp-json\/wp\/v2\/media?parent=18758"}],"wp:term":[{"taxonomy":"category","embeddable":true,"href":"https:\/\/www.newsendip.com\/fr\/wp-json\/wp\/v2\/categories?post=18758"},{"taxonomy":"post_tag","embeddable":true,"href":"https:\/\/www.newsendip.com\/fr\/wp-json\/wp\/v2\/tags?post=18758"}],"curies":[{"name":"wp","href":"https:\/\/api.w.org\/{rel}","templated":true}]}}