{"id":18761,"date":"2021-11-18T12:36:29","date_gmt":"2021-11-18T11:36:29","guid":{"rendered":"https:\/\/www.newsendip.com\/?p=18761"},"modified":"2022-11-11T11:24:58","modified_gmt":"2022-11-11T10:24:58","slug":"le-chili-annule-un-contrat-avec-la-societe-chinoise-aisino-a-cause-de-la-securite-des-donnees-et-laccord-sur-les-visas-avec-les-etats-unis","status":"publish","type":"post","link":"https:\/\/www.newsendip.com\/fr\/le-chili-annule-un-contrat-avec-la-societe-chinoise-aisino-a-cause-de-la-securite-des-donnees-et-laccord-sur-les-visas-avec-les-etats-unis\/","title":{"rendered":"Le Chili annule un contrat avec la soci\u00e9t\u00e9 chinoise Aisino \u00e0 cause de la s\u00e9curit\u00e9 des donn\u00e9es et l\u2019accord sur les visas avec les \u00c9tats-Unis"},"content":{"rendered":"<p><strong>Le Chili a annul\u00e9 un contrat avec le consortium d\u2019entreprises sino-allemand compos\u00e9 d\u2019Aisino et de M\u00fchlbauer en raison de probl\u00e8mes de s\u00e9curit\u00e9 des donn\u00e9es, mais aussi pour rester dans le programme d\u2019exemption de visa avec les \u00c9tats-Unis.<br>\n<\/strong><\/p>\n<figure id=\"attachment_13608\" aria-describedby=\"caption-attachment-13608\" style=\"width: 640px\" class=\"wp-caption aligncenter\"><img decoding=\"async\" class=\"wp-image-13608 size-full\" src=\"https:\/\/www.newsendip.com\/wp-content\/uploads\/2021\/06\/passports.jpg\" alt=\"Passeport chilien\" width=\"640\" height=\"427\" srcset=\"https:\/\/www.newsendip.com\/wp-content\/uploads\/2021\/06\/passports.jpg 640w, https:\/\/www.newsendip.com\/wp-content\/uploads\/2021\/06\/passports-60x40.jpg 60w, https:\/\/www.newsendip.com\/wp-content\/uploads\/2021\/06\/passports-300x200.jpg 300w\" sizes=\"(max-width: 640px) 100vw, 640px\"><figcaption id=\"caption-attachment-13608\" class=\"wp-caption-text\">Le Chili annule un contrat avec le consortium Aisino-M\u00fchlbauer pour des raisons de protection des donn\u00e9es et pour \u00eatre s\u00fbr de rester dans le programme am\u00e9ricain d\u2019exemption de visa | \u00a9 Henry&nbsp;Thong<\/figcaption><\/figure>\n<p>Le 15 novembre, le <a href=\"#post-bottom-source\">service de l\u2019\u00e9tat civil et de l\u2019identification<\/a> du Chili a annonc\u00e9 qu\u2019il annulait un march\u00e9 public remport\u00e9 par la soci\u00e9t\u00e9 chinoise Aisino pour la cr\u00e9ation des documents d\u2019identit\u00e9 des Chiliens.<\/p>\n<p>L\u2019administration chilienne avait lanc\u00e9 un appel d\u2019offres en juillet afin de <strong>r\u00e9duire les co\u00fbts de <a href=\"https:\/\/www.newsendip.com\/fr\/le-liban-suspend-les-nouvelles-demandes-de-passeports-jusqua-nouvel-ordre\/\">renouvellement des passeports<\/a> et des documents d\u2019identit\u00e9<\/strong>. Un passeport au Chili co\u00fbte 90 000 pesos (107 dollars), \u00ab\u202f<em>l\u2019un des tarifs les plus \u00e9lev\u00e9s au monde<\/em>\u202f\u00bb pour la population selon l\u2019administration.<\/p>\n<p>Le mois dernier, le consortium Aisino-M\u00fchlbauer a \u00e9t\u00e9 s\u00e9lectionn\u00e9 pour cr\u00e9er les nouveaux documents pour les dix prochaines ann\u00e9es.<\/p>\n<h2>Pr\u00e9occupations concernant la protection des donn\u00e9es avec Aisino<\/h2>\n<p>Aisino est l\u2019une des plus grandes entreprises technologiques chinoises et d\u00e9tient 52\u202f% des parts du consortium qui avait remport\u00e9 le march\u00e9.<\/p>\n<p>Le contrat s\u2019\u00e9levait \u00e0 205 millions de dollars pour les dix prochaines ann\u00e9es, soit bien moins que les 680 millions de dollars pr\u00e9vus par le Chili dans le contrat pr\u00e9c\u00e9dent, ce qui permettrait aux Chiliens de bient\u00f4t renouveler leur passeport pour la moiti\u00e9 du co\u00fbt actuel et b\u00e9n\u00e9ficier d\u2019une baisse de 20\u202f% du prix pour la cr\u00e9ation d\u2019une carte d\u2019identit\u00e9.<\/p>\n<p>Aisino devait \u00eatre charg\u00e9 de fournir le logiciel et le mat\u00e9riel, tandis que M\u00fchlbauer interviendrait dans la fabrication des documents.<\/p>\n<p>Mais selon l\u2019administration chilienne, Aisino a refus\u00e9 de fournir des informations de base avant de signer le contrat lorsqu\u2019elle a constat\u00e9 quelques \u00ab\u202f<em>incoh\u00e9rences<\/em>\u202f\u00bb. Selon l\u2019administration, Aisino a consid\u00e9r\u00e9 cette demande comme \u00ab\u202f<em>injuste<\/em>\u202f\u00bb.<\/p>\n<p>Des politiques du parti d\u2019opposition avaient critiqu\u00e9 le choix des entreprises, craignant pour la protection des donn\u00e9es personnelles des Chiliens.<\/p>\n<p>Le porte-parole du gouvernement, Jaime Bellolio, a confirm\u00e9 que certaines des raisons de l\u2019annulation de l\u2019accord \u00e9taient <strong>li\u00e9es \u00e0 des probl\u00e8mes de s\u00e9curit\u00e9 des donn\u00e9es<\/strong>.<\/p>\n<h2>L\u2019annulation de l\u2019accord pour rester dans le programme am\u00e9ricain d\u2019exemption de&nbsp;visa<\/h2>\n<p>En outre, le minist\u00e8re des affaires \u00e9trang\u00e8res a confirm\u00e9 que la <strong>signature du contrat entra\u00eenerait \u00ab\u202f<em>tr\u00e8s probablement<\/em>\u202f\u00bb la fin du programme d\u2019exemption de visa avec les \u00c9tats-Unis et le Canada<\/strong>.<\/p>\n<p>Moreover, the ministry of Foreign Affairs confirmed that<strong> signing the contract would \u00ab\u202f<em>very likely<\/em>\u202f\u00bb cause the termination of the Visa Waiver program<\/strong> with the United States, as well as with Canada.<\/p>\n<p>Quelques jours apr\u00e8s l\u2019annonce du contrat, une <a href=\"#post-bottom-source\">d\u00e9l\u00e9gation compos\u00e9es de membres du d\u00e9partement de la s\u00e9curit\u00e9 int\u00e9rieure et du d\u00e9partement d\u2019\u00c9tat am\u00e9ricain<\/a> s\u2019est rendue au Chili pour \u00e9valuer l\u2019\u00e9ligibilit\u00e9 du pays au programme d\u2019exemption de&nbsp;visa.<!--more--><\/p>\n<p>Cette \u00e9valuation, effectu\u00e9e pour tous les pays, fut l\u2019occasion de \u00ab\u202f<strong><em>discuter en d\u00e9tail les plus grandes sources de pr\u00e9occupation pour la d\u00e9l\u00e9gation<\/em><\/strong>\u202f\u00bb, sans pr\u00e9ciser s\u2019il avait \u00e9t\u00e9 question du contrat remport\u00e9 par Aisino-M\u00fchlbauer.<\/p>\n<p>Le programme d\u2019exemption de visa permet aux Chiliens de se rendre aux \u00c9tats-Unis pour une dur\u00e9e maximale de 90 jours gr\u00e2ce \u00e0 un syst\u00e8me \u00e9lectronique d\u2019autorisation de voyage (ESTA). Cette proc\u00e9dure, plus pratique, plus rapide (moins de 72h) et moins ch\u00e8re (14 dollars) que la demande d\u2019un visa est accord\u00e9e par les \u00c9tats-Unis \u00e0 40 pays. Et<strong> le Chili est le seul pays am\u00e9ricain de la liste<\/strong> (le Canada et le Mexique ont des proc\u00e9dures simplifi\u00e9es diff\u00e9rentes).<\/p>\n<p>Depuis la participation du Chili au programme en 2014, le nombre de Chiliens qui se rend aux \u00c9tats-Unis pour le travail, le tourisme ou en escale transit a \u00e9t\u00e9 multipli\u00e9s par quatre.<\/p>\n<p>Par cons\u00e9quent, le service d\u2019\u00e9tat civil et d\u2019identification du Chili a<strong> annul\u00e9 l\u2019accord pour ne pas mettre en p\u00e9ril le programme d\u2019exemption de visa avec les \u00c9tats-Unis<\/strong>.<\/p>\n<h2>Une d\u00e9cision commerciale avec des implications politiques\u202f?<\/h2>\n<p>Mais selon le journal <a href=\"https:\/\/www.emol.com\/noticias\/Nacional\/2021\/11\/16\/1038495\/aisino-registro-civil-licitacion-pasaporte.html\"><em>El Mercurio<\/em><\/a><a href=\"https:\/\/www.emol.com\/noticias\/Nacional\/2021\/11\/16\/1038495\/aisino-registro-civil-licitacion-pasaporte.html\">,<\/a> Aisino estime \u00eatre victime \u00ab\u202f<em>d\u2019attaques orchestr\u00e9es par des concurrents, des parlementaires et d\u2019anciennes autorit\u00e9s<\/em>\u202f\u00bb. L\u2019entreprise explique que \u00ab\u202f<em>des int\u00e9r\u00eats et des crit\u00e8res non techniques semblent avoir pr\u00e9valu<\/em>\u202f\u00bb dans la d\u00e9cision, sous-entendant une <strong>pression politique venant des \u00c9tats-Unis<\/strong>.<\/p>\n<p>Le consortium Aisino-M\u00fchlbauer pr\u00e9voit de faire appel de la d\u00e9cision \u00ab\u202f<em>aupr\u00e8s de toutes les entit\u00e9s juridiques nationales et internationales comp\u00e9tentes<\/em>\u202f\u00bb.<\/p>\n<p>Aisino a contact\u00e9 l\u2019ambassadeur du Chili en Chine, tandis que l\u2019ambassadeur chinois au Chili a fait part de son \u00e9tonnement quant \u00e0 l\u2019annulation d\u2019un contrat d\u00e9j\u00e0 conclu \u00e0 cause d\u2019int\u00e9r\u00eats de&nbsp;tiers.<\/p>\n<p>Au Chili, certains s\u2019inqui\u00e8tent des cons\u00e9quences politiques que cette d\u00e9cision pourrait avoir sur le pays. Ou comment une d\u00e9cision commerciale sur la cr\u00e9ation de documents d\u2019identit\u00e9 des \u00e9conomies de d\u00e9penses est devenue une question politique.<\/p>\n<p><strong><a href=\"https:\/\/www.newsendip.com\/fr\/etiquette\/chili\/\">D\u00e9couvrez plus d\u2019actualit\u00e9s sur le&nbsp;Chili<\/a><\/strong><\/p>\n","protected":false},"excerpt":{"rendered":"<p>Le Chili a annul\u00e9 un contrat avec le consortium d\u2019entreprises sino-allemand compos\u00e9 d\u2019Aisino et de M\u00fchlbauer en raison de probl\u00e8mes de s\u00e9curit\u00e9 des donn\u00e9es, mais aussi pour rester dans le programme d\u2019exemption de visa avec les \u00c9tats-Unis.<\/p>\n","protected":false},"author":1,"featured_media":13608,"comment_status":"closed","ping_status":"closed","sticky":false,"template":"","format":"standard","meta":{"wp_typography_post_enhancements_disabled":false,"footnotes":""},"categories":[416],"tags":[411,423,468,417],"class_list":["post-18761","post","type-post","status-publish","format-standard","has-post-thumbnail","hentry","category-politique","tag-actuel","tag-chili","tag-chine","tag-etats-unis"],"yoast_head":"<!-- This site is optimized with the Yoast SEO Premium plugin v27.4 (Yoast SEO v27.4) - https:\/\/yoast.com\/product\/yoast-seo-premium-wordpress\/ -->\n<title>Le Chili annule un contrat avec la soci\u00e9t\u00e9 chinoise Aisino \u00e0 cause de la s\u00e9curit\u00e9 des donn\u00e9es et l&#039;accord sur les visas avec les \u00c9tats-Unis<\/title>\n<meta name=\"description\" content=\"Le Chili a annul\u00e9 un contrat avec le consortium d&#039;entreprises sino-allemand compos\u00e9 d&#039;Aisino et de M\u00fchlbauer en raison de probl\u00e8mes de s\u00e9curit\u00e9 des donn\u00e9es, mais aussi pour rester dans le programme d&#039;exemption de visa avec les \u00c9tats-Unis.\" \/>\n<meta name=\"robots\" content=\"index, follow, max-snippet:-1, max-image-preview:large, max-video-preview:-1\" \/>\n<link rel=\"canonical\" href=\"https:\/\/www.newsendip.com\/fr\/le-chili-annule-un-contrat-avec-la-societe-chinoise-aisino-a-cause-de-la-securite-des-donnees-et-laccord-sur-les-visas-avec-les-etats-unis\/\" \/>\n<meta property=\"og:locale\" content=\"fr_FR\" \/>\n<meta property=\"og:type\" content=\"article\" \/>\n<meta property=\"og:title\" content=\"Le Chili annule un contrat avec la soci\u00e9t\u00e9 chinoise Aisino \u00e0 cause de la s\u00e9curit\u00e9 des donn\u00e9es et l&#039;accord sur les visas avec les \u00c9tats-Unis\" \/>\n<meta property=\"og:description\" content=\"Le Chili a annul\u00e9 un contrat avec le consortium d&#039;entreprises sino-allemand compos\u00e9 d&#039;Aisino et de M\u00fchlbauer en raison de probl\u00e8mes de s\u00e9curit\u00e9 des donn\u00e9es, mais aussi pour rester dans le programme d&#039;exemption de visa avec les \u00c9tats-Unis.\" \/>\n<meta property=\"og:url\" content=\"https:\/\/www.newsendip.com\/fr\/le-chili-annule-un-contrat-avec-la-societe-chinoise-aisino-a-cause-de-la-securite-des-donnees-et-laccord-sur-les-visas-avec-les-etats-unis\/\" \/>\n<meta property=\"og:site_name\" content=\"Newsendip\" \/>\n<meta property=\"article:publisher\" content=\"https:\/\/www.facebook.com\/newsendip\" \/>\n<meta property=\"article:published_time\" content=\"2021-11-18T11:36:29+00:00\" \/>\n<meta property=\"article:modified_time\" content=\"2022-11-11T10:24:58+00:00\" \/>\n<meta property=\"og:image\" content=\"https:\/\/www.newsendip.com\/wp-content\/uploads\/2021\/06\/passports.jpg\" \/>\n\t<meta property=\"og:image:width\" content=\"640\" \/>\n\t<meta property=\"og:image:height\" content=\"427\" \/>\n\t<meta property=\"og:image:type\" content=\"image\/jpeg\" \/>\n<meta name=\"author\" content=\"Cl\u00e9ment V\u00e9rit\u00e9\" \/>\n<meta name=\"twitter:card\" content=\"summary_large_image\" \/>\n<meta name=\"twitter:creator\" content=\"@https:\/\/twitter.com\/cverite\" \/>\n<meta name=\"twitter:site\" content=\"@newsendip\" \/>\n<meta name=\"twitter:label1\" content=\"\u00c9crit par\" \/>\n\t<meta name=\"twitter:data1\" content=\"Cl\u00e9ment V\u00e9rit\u00e9\" \/>\n\t<meta name=\"twitter:label2\" content=\"Dur\u00e9e de lecture estim\u00e9e\" \/>\n\t<meta name=\"twitter:data2\" content=\"4 minutes\" \/>\n<!-- \/ Yoast SEO Premium plugin. -->","yoast_head_json":{"title":"Le Chili annule un contrat avec la soci\u00e9t\u00e9 chinoise Aisino \u00e0 cause de la s\u00e9curit\u00e9 des donn\u00e9es et l'accord sur les visas avec les \u00c9tats-Unis","description":"Le Chili a annul\u00e9 un contrat avec le consortium d'entreprises sino-allemand compos\u00e9 d'Aisino et de M\u00fchlbauer en raison de probl\u00e8mes de s\u00e9curit\u00e9 des donn\u00e9es, mais aussi pour rester dans le programme d'exemption de visa avec les \u00c9tats-Unis.","robots":{"index":"index","follow":"follow","max-snippet":"max-snippet:-1","max-image-preview":"max-image-preview:large","max-video-preview":"max-video-preview:-1"},"canonical":"https:\/\/www.newsendip.com\/fr\/le-chili-annule-un-contrat-avec-la-societe-chinoise-aisino-a-cause-de-la-securite-des-donnees-et-laccord-sur-les-visas-avec-les-etats-unis\/","og_locale":"fr_FR","og_type":"article","og_title":"Le Chili annule un contrat avec la soci\u00e9t\u00e9 chinoise Aisino \u00e0 cause de la s\u00e9curit\u00e9 des donn\u00e9es et l'accord sur les visas avec les \u00c9tats-Unis","og_description":"Le Chili a annul\u00e9 un contrat avec le consortium d'entreprises sino-allemand compos\u00e9 d'Aisino et de M\u00fchlbauer en raison de probl\u00e8mes de s\u00e9curit\u00e9 des donn\u00e9es, mais aussi pour rester dans le programme d'exemption de visa avec les \u00c9tats-Unis.","og_url":"https:\/\/www.newsendip.com\/fr\/le-chili-annule-un-contrat-avec-la-societe-chinoise-aisino-a-cause-de-la-securite-des-donnees-et-laccord-sur-les-visas-avec-les-etats-unis\/","og_site_name":"Newsendip","article_publisher":"https:\/\/www.facebook.com\/newsendip","article_published_time":"2021-11-18T11:36:29+00:00","article_modified_time":"2022-11-11T10:24:58+00:00","og_image":[{"width":640,"height":427,"url":"https:\/\/www.newsendip.com\/wp-content\/uploads\/2021\/06\/passports.jpg","type":"image\/jpeg"}],"author":"Cl\u00e9ment V\u00e9rit\u00e9","twitter_card":"summary_large_image","twitter_creator":"@https:\/\/twitter.com\/cverite","twitter_site":"@newsendip","twitter_misc":{"\u00c9crit par":"Cl\u00e9ment V\u00e9rit\u00e9","Dur\u00e9e de lecture estim\u00e9e":"4 minutes"},"schema":{"@context":"https:\/\/schema.org","@graph":[{"@type":"NewsArticle","@id":"https:\/\/www.newsendip.com\/fr\/le-chili-annule-un-contrat-avec-la-societe-chinoise-aisino-a-cause-de-la-securite-des-donnees-et-laccord-sur-les-visas-avec-les-etats-unis\/#article","isPartOf":{"@id":"https:\/\/www.newsendip.com\/fr\/le-chili-annule-un-contrat-avec-la-societe-chinoise-aisino-a-cause-de-la-securite-des-donnees-et-laccord-sur-les-visas-avec-les-etats-unis\/"},"author":{"name":"Cl\u00e9ment V\u00e9rit\u00e9","@id":"https:\/\/www.newsendip.com\/fr\/#\/schema\/person\/ea22c01755f464a3cbc2c619584d6363"},"headline":"Le Chili annule un contrat avec la soci\u00e9t\u00e9 chinoise Aisino \u00e0 cause de la s\u00e9curit\u00e9 des donn\u00e9es et l\u2019accord sur les visas avec les \u00c9tats-Unis","datePublished":"2021-11-18T11:36:29+00:00","dateModified":"2022-11-11T10:24:58+00:00","mainEntityOfPage":{"@id":"https:\/\/www.newsendip.com\/fr\/le-chili-annule-un-contrat-avec-la-societe-chinoise-aisino-a-cause-de-la-securite-des-donnees-et-laccord-sur-les-visas-avec-les-etats-unis\/"},"wordCount":941,"publisher":{"@id":"https:\/\/www.newsendip.com\/fr\/#organization"},"image":{"@id":"https:\/\/www.newsendip.com\/fr\/le-chili-annule-un-contrat-avec-la-societe-chinoise-aisino-a-cause-de-la-securite-des-donnees-et-laccord-sur-les-visas-avec-les-etats-unis\/#primaryimage"},"thumbnailUrl":"https:\/\/www.newsendip.com\/wp-content\/uploads\/2021\/06\/passports.jpg","keywords":["Actuel","Chili","Chine","\u00c9tats-Unis"],"articleSection":["Politique"],"inLanguage":"fr-FR","copyrightYear":"2021","copyrightHolder":{"@id":"https:\/\/www.newsendip.com\/#organization"}},{"@type":"WebPage","@id":"https:\/\/www.newsendip.com\/fr\/le-chili-annule-un-contrat-avec-la-societe-chinoise-aisino-a-cause-de-la-securite-des-donnees-et-laccord-sur-les-visas-avec-les-etats-unis\/","url":"https:\/\/www.newsendip.com\/fr\/le-chili-annule-un-contrat-avec-la-societe-chinoise-aisino-a-cause-de-la-securite-des-donnees-et-laccord-sur-les-visas-avec-les-etats-unis\/","name":"Le Chili annule un contrat avec la soci\u00e9t\u00e9 chinoise Aisino \u00e0 cause de la s\u00e9curit\u00e9 des donn\u00e9es et l'accord sur les visas avec les \u00c9tats-Unis","isPartOf":{"@id":"https:\/\/www.newsendip.com\/fr\/#website"},"primaryImageOfPage":{"@id":"https:\/\/www.newsendip.com\/fr\/le-chili-annule-un-contrat-avec-la-societe-chinoise-aisino-a-cause-de-la-securite-des-donnees-et-laccord-sur-les-visas-avec-les-etats-unis\/#primaryimage"},"image":{"@id":"https:\/\/www.newsendip.com\/fr\/le-chili-annule-un-contrat-avec-la-societe-chinoise-aisino-a-cause-de-la-securite-des-donnees-et-laccord-sur-les-visas-avec-les-etats-unis\/#primaryimage"},"thumbnailUrl":"https:\/\/www.newsendip.com\/wp-content\/uploads\/2021\/06\/passports.jpg","datePublished":"2021-11-18T11:36:29+00:00","dateModified":"2022-11-11T10:24:58+00:00","description":"Le Chili a annul\u00e9 un contrat avec le consortium d'entreprises sino-allemand compos\u00e9 d'Aisino et de M\u00fchlbauer en raison de probl\u00e8mes de s\u00e9curit\u00e9 des donn\u00e9es, mais aussi pour rester dans le programme d'exemption de visa avec les \u00c9tats-Unis.","breadcrumb":{"@id":"https:\/\/www.newsendip.com\/fr\/le-chili-annule-un-contrat-avec-la-societe-chinoise-aisino-a-cause-de-la-securite-des-donnees-et-laccord-sur-les-visas-avec-les-etats-unis\/#breadcrumb"},"inLanguage":"fr-FR","potentialAction":[{"@type":"ReadAction","target":["https:\/\/www.newsendip.com\/fr\/le-chili-annule-un-contrat-avec-la-societe-chinoise-aisino-a-cause-de-la-securite-des-donnees-et-laccord-sur-les-visas-avec-les-etats-unis\/"]}]},{"@type":"ImageObject","inLanguage":"fr-FR","@id":"https:\/\/www.newsendip.com\/fr\/le-chili-annule-un-contrat-avec-la-societe-chinoise-aisino-a-cause-de-la-securite-des-donnees-et-laccord-sur-les-visas-avec-les-etats-unis\/#primaryimage","url":"https:\/\/www.newsendip.com\/wp-content\/uploads\/2021\/06\/passports.jpg","contentUrl":"https:\/\/www.newsendip.com\/wp-content\/uploads\/2021\/06\/passports.jpg","width":640,"height":427,"caption":"Le Chili annule un contrat avec le consortium Aisino-M\u00fchlbauer pour des raisons de protection des donn\u00e9es et pour \u00eatre s\u00fbr de rester dans le programme am\u00e9ricain d'exemption de visa | \u00a9 Henry Thong"},{"@type":"BreadcrumbList","@id":"https:\/\/www.newsendip.com\/fr\/le-chili-annule-un-contrat-avec-la-societe-chinoise-aisino-a-cause-de-la-securite-des-donnees-et-laccord-sur-les-visas-avec-les-etats-unis\/#breadcrumb","itemListElement":[{"@type":"ListItem","position":1,"name":"Accueil","item":"https:\/\/www.newsendip.com\/fr\/"},{"@type":"ListItem","position":2,"name":"Le Chili annule un contrat avec la soci\u00e9t\u00e9 chinoise Aisino \u00e0 cause de la s\u00e9curit\u00e9 des donn\u00e9es et l\u2019accord sur les visas avec les \u00c9tats-Unis"}]},{"@type":"WebSite","@id":"https:\/\/www.newsendip.com\/fr\/#website","url":"https:\/\/www.newsendip.com\/fr\/","name":"Newsendip","description":"Red\u00e9couvrez l&#039;actualit\u00e9 internationale","publisher":{"@id":"https:\/\/www.newsendip.com\/fr\/#organization"},"potentialAction":[{"@type":"SearchAction","target":{"@type":"EntryPoint","urlTemplate":"https:\/\/www.newsendip.com\/fr\/?s={search_term_string}"},"query-input":{"@type":"PropertyValueSpecification","valueRequired":true,"valueName":"search_term_string"}}],"inLanguage":"fr-FR"},{"@type":"Organization","@id":"https:\/\/www.newsendip.com\/fr\/#organization","name":"Newsendip","url":"https:\/\/www.newsendip.com\/fr\/","logo":{"@type":"ImageObject","inLanguage":"fr-FR","@id":"https:\/\/www.newsendip.com\/fr\/#\/schema\/logo\/image\/","url":"https:\/\/www.newsendip.com\/wp-content\/uploads\/2023\/12\/512x512.svg","contentUrl":"https:\/\/www.newsendip.com\/wp-content\/uploads\/2023\/12\/512x512.svg","width":1,"height":1,"caption":"Newsendip"},"image":{"@id":"https:\/\/www.newsendip.com\/fr\/#\/schema\/logo\/image\/"},"sameAs":["https:\/\/www.facebook.com\/newsendip","https:\/\/x.com\/newsendip","https:\/\/mastodon.social\/@newsendip","https:\/\/www.linkedin.com\/company\/newsendip"],"description":"Newsendip est un site qui a pour mission de rendre l'actualit\u00e9 internationale accessible et diversifi\u00e9e","email":"contact@newsendip.com","legalName":"Newsendip SAS","foundingDate":"2022-11-04","vatID":"FR60921124723","numberOfEmployees":{"@type":"QuantitativeValue","minValue":"1","maxValue":"10"},"publishingPrinciples":"https:\/\/www.newsendip.com\/about-us\/","ownershipFundingInfo":"https:\/\/www.newsendip.com\/legal-notice\/","actionableFeedbackPolicy":"https:\/\/www.newsendip.com\/about-us\/","correctionsPolicy":"https:\/\/www.newsendip.com\/about-us\/","ethicsPolicy":"https:\/\/www.newsendip.com\/about-us\/","diversityPolicy":"https:\/\/www.newsendip.com\/about-us\/"},{"@type":"Person","@id":"https:\/\/www.newsendip.com\/fr\/#\/schema\/person\/ea22c01755f464a3cbc2c619584d6363","name":"Cl\u00e9ment V\u00e9rit\u00e9","description":"Cl\u00e9ment is the executive editor and founder of Newsendip. He started in the media industry as a freelance reporter at 16 for a local French newspaper after school and has never left it. He later worked for seven years at The New York Times, notably as a data analyst. He holds a Master of Management in France and a Master of Arts in the United Kingdom in International Marketing &amp; Communications Strategy. He has lived in France, the United Kingdom, and Italy.","sameAs":["https:\/\/www.newsendip.com\/","https:\/\/www.linkedin.com\/in\/clementverite\/","https:\/\/x.com\/https:\/\/twitter.com\/cverite"],"knowsAbout":["News","International","Business","Media monitoring"],"knowsLanguage":["English","French","Italian","Spanish"],"url":"https:\/\/www.newsendip.com\/fr\/author\/clement-verite\/"}]}},"_links":{"self":[{"href":"https:\/\/www.newsendip.com\/fr\/wp-json\/wp\/v2\/posts\/18761","targetHints":{"allow":["GET"]}}],"collection":[{"href":"https:\/\/www.newsendip.com\/fr\/wp-json\/wp\/v2\/posts"}],"about":[{"href":"https:\/\/www.newsendip.com\/fr\/wp-json\/wp\/v2\/types\/post"}],"author":[{"embeddable":true,"href":"https:\/\/www.newsendip.com\/fr\/wp-json\/wp\/v2\/users\/1"}],"replies":[{"embeddable":true,"href":"https:\/\/www.newsendip.com\/fr\/wp-json\/wp\/v2\/comments?post=18761"}],"version-history":[{"count":0,"href":"https:\/\/www.newsendip.com\/fr\/wp-json\/wp\/v2\/posts\/18761\/revisions"}],"wp:featuredmedia":[{"embeddable":true,"href":"https:\/\/www.newsendip.com\/fr\/wp-json\/wp\/v2\/media\/13608"}],"wp:attachment":[{"href":"https:\/\/www.newsendip.com\/fr\/wp-json\/wp\/v2\/media?parent=18761"}],"wp:term":[{"taxonomy":"category","embeddable":true,"href":"https:\/\/www.newsendip.com\/fr\/wp-json\/wp\/v2\/categories?post=18761"},{"taxonomy":"post_tag","embeddable":true,"href":"https:\/\/www.newsendip.com\/fr\/wp-json\/wp\/v2\/tags?post=18761"}],"curies":[{"name":"wp","href":"https:\/\/api.w.org\/{rel}","templated":true}]}}