{"id":18818,"date":"2022-01-31T18:37:34","date_gmt":"2022-01-31T17:37:34","guid":{"rendered":"https:\/\/www.newsendip.com\/?p=18818"},"modified":"2024-07-23T10:50:59","modified_gmt":"2024-07-23T08:50:59","slug":"la-belgique-prevoit-une-refonte-du-systeme-hospitalier-avec-une-approche-au-forfait","status":"publish","type":"post","link":"https:\/\/www.newsendip.com\/fr\/la-belgique-prevoit-une-refonte-du-systeme-hospitalier-avec-une-approche-au-forfait\/","title":{"rendered":"La Belgique pr\u00e9voit une refonte du syst\u00e8me hospitalier avec une approche au forfait"},"content":{"rendered":"<p><strong>Le ministre belge de la sant\u00e9 a pr\u00e9sent\u00e9 sa r\u00e9forme du secteur afin de le rendre plus efficace. L\u2019un des objectifs sera de mettre en place un financement au forfait pour les interventions m\u00e9dicales et non \u00e0 l\u2019acte.<\/strong><\/p>\n<figure id=\"attachment_13999\" aria-describedby=\"caption-attachment-13999\" style=\"width: 1024px\" class=\"wp-caption aligncenter\"><img decoding=\"async\" class=\"wp-image-13999 size-large\" src=\"https:\/\/www.newsendip.com\/wp-content\/uploads\/2022\/01\/hospital-reform-belgium-1024x682.webp\" alt=\"Intervention chirurgicale dans un h\u00f4pital\" width=\"1024\" height=\"682\" srcset=\"https:\/\/www.newsendip.com\/wp-content\/uploads\/2022\/01\/hospital-reform-belgium-1024x682.webp 1024w, https:\/\/www.newsendip.com\/wp-content\/uploads\/2022\/01\/hospital-reform-belgium-60x40.webp 60w, https:\/\/www.newsendip.com\/wp-content\/uploads\/2022\/01\/hospital-reform-belgium-720x480.webp 720w, https:\/\/www.newsendip.com\/wp-content\/uploads\/2022\/01\/hospital-reform-belgium-300x200.webp 300w, https:\/\/www.newsendip.com\/wp-content\/uploads\/2022\/01\/hospital-reform-belgium-768x512.webp 768w, https:\/\/www.newsendip.com\/wp-content\/uploads\/2022\/01\/hospital-reform-belgium-1536x1023.webp 1536w, https:\/\/www.newsendip.com\/wp-content\/uploads\/2022\/01\/hospital-reform-belgium.webp 1920w\" sizes=\"(max-width: 1024px) 100vw, 1024px\"><figcaption id=\"caption-attachment-13999\" class=\"wp-caption-text\">\u00a9 Anna Shvets<\/figcaption><\/figure>\n<p>Le ministre belge de la sant\u00e9 Frank Vandenbroucke a pr\u00e9par\u00e9 son plan pour am\u00e9liorer le secteur de la sant\u00e9 dans le&nbsp;pays.<\/p>\n<p>L\u201d\u202f\u202f\u00bb<em>Op\u00e9ration H\u00f4pital<\/em>\u202f\u00bb a \u00e9t\u00e9 lanc\u00e9e le 28 janvier avec une pr\u00e9sentation de la r\u00e9forme aux membres du secteur hospitalier rapporte <a href=\"https:\/\/www.standaard.be\/cnt\/dmf20220130_98031840\"><em>De Standaard<\/em><\/a>.<\/p>\n<p>Le ministre veut am\u00e9liorer l\u2019efficacit\u00e9 des h\u00f4pitaux. La r\u00e9forme vise \u00e9galement \u00e0 trouver un meilleur \u00e9quilibre dans les recettes et les co\u00fbts entre les diff\u00e9rents praticiens et les diverses proc\u00e9dures m\u00e9dicales.<\/p>\n<p>Mais la premi\u00e8re \u00e9tape consiste \u00e0 <strong>augmenter le nombre d\u2019h\u00f4pitaux sp\u00e9cialis\u00e9s<\/strong> d\u2019ici 2023 afin de fournir des soins plus efficaces gr\u00e2ce \u00e0 la sp\u00e9cialisation de chaque centre.<\/p>\n<p>La sp\u00e9cialisation des h\u00f4pitaux peut apporter plus d\u2019efficacit\u00e9 mais l\u2019un des d\u00e9fis sera de rendre les soins de sant\u00e9 g\u00e9ographiquement accessibles \u00e0 tous ceux qui en ont besoin. M. Vandenbroucke plaide par ailleurs pour plus de coop\u00e9ration entre les centres m\u00e9dicaux.<\/p>\n<p>Toutefois, il souhaite r\u00e9duire le nombre de maternit\u00e9s.<\/p>\n<p>Un autre pilier de la r\u00e9forme hospitali\u00e8re consiste \u00e0 \u00e9viter les recours excessifs \u00e0 des interventions m\u00e9dicales.<\/p>\n<h2>Un forfait global pour un meilleur \u00e9quilibre entre les sp\u00e9cialit\u00e9s m\u00e9dicales<\/h2>\n<p>Dans le nouveau cadre, la Belgique rembourserait aux h\u00f4pitaux un nombre d\u2019examens radiologiques en fonction de la taille du centre m\u00e9dical au lieu du nombre d\u2019interventions m\u00e9dicales exact. L\u2019objectif est d\u2019\u00e9viter l\u2019augmentation d\u2019interventions \u00e9vitables que l\u2019\u00c9tat doit financer.<\/p>\n<p>Car l\u2019objectif plus large est d\u2019avoir une approche globale des co\u00fbts li\u00e9s aux soins de sant\u00e9 d\u2019ici&nbsp;2025.<!--more--><\/p>\n<p>La Belgique, au lieu de payer les h\u00f4pitaux pour chaque intervention m\u00e9dicale \u2013 un financement \u00e0 l\u2019acte \u2013 financerait les h\u00f4pitaux avec un forfait fixe global. <strong>Cette approche globale donnerait un montant forfaitaire pour chaque prise en charge, du diagnostic au m\u00e9dicament<\/strong>.<\/p>\n<p>Ainsi, le calcul du tarif comprendrait l\u2019examen radio, l\u2019intervention chirurgicale et le m\u00e9dicament. On d\u2019ores et d\u00e9j\u00e0 peut envisager que les calculs ne seront pas simples.<\/p>\n<p>Au final, le ministre de la sant\u00e9 esp\u00e8re r\u00e9duire le nombre de traitements m\u00e9dicaux inutiles et les longs s\u00e9jours \u00e0 l\u2019h\u00f4pital.<\/p>\n<p>Mais un autre objectif majeur de la r\u00e9forme est d\u2019avoir une r\u00e9mun\u00e9ration plus \u00e9quilibr\u00e9e entre les praticiens et les sp\u00e9cialit\u00e9s.<\/p>\n<p>Les soignants qui utilisent des \u00e9quipements lourds, comme les radiologues, sont mieux pay\u00e9s que les p\u00e9diatres ou les g\u00e9riatres, par exemple. De m\u00eame, les n\u00e9phrologues sont mieux pay\u00e9s que les pneumologues parce que c\u2019\u00e9tait historiquement un domaine complexe alors que certains de leurs actes sont d\u00e9sormais r\u00e9alis\u00e9s par des infirmi\u00e8res, rapporte la <a href=\"https:\/\/www.rtbf.be\/article\/salaire-des-medecins-rationalisation-vers-un-big-bang-du-monde-hospitalier-belge-10925065\">RTBF<\/a>.<\/p>\n<p>Cette approche globale dans la r\u00e9forme hospitali\u00e8re belge permettrait de s\u2019attaquer aux<strong> grandes diff\u00e9rences de salaires entre le personnel de sant\u00e9<\/strong> que le gouvernement trouve injustes. Pour la RTBF, le pays attend une telle r\u00e9forme depuis 30 ans et fait office de \u00ab\u202fbig bang\u202f\u00bb dans le secteur.<\/p>\n<p><strong><a href=\"https:\/\/www.newsendip.com\/fr\/etiquette\/belgique\/\">D\u00e9couvrez plus d\u2019actualit\u00e9s sur la Belgique<\/a><\/strong><\/p>\n","protected":false},"excerpt":{"rendered":"<p>Le ministre belge de la sant\u00e9 a pr\u00e9sent\u00e9 sa r\u00e9forme du secteur afin de le rendre plus efficace. L\u2019un des objectifs sera de mettre en place un remboursement au forfait pour les interventions m\u00e9dicales et non \u00e0 l\u2019acte.<\/p>\n","protected":false},"author":1,"featured_media":13999,"comment_status":"closed","ping_status":"closed","sticky":false,"template":"","format":"standard","meta":{"wp_typography_post_enhancements_disabled":false,"footnotes":""},"categories":[412],"tags":[464,421],"class_list":["post-18818","post","type-post","status-publish","format-standard","has-post-thumbnail","hentry","category-sciences-et-sante","tag-belgique","tag-vieux"],"yoast_head":"<!-- This site is optimized with the Yoast SEO Premium plugin v27.4 (Yoast SEO v27.4) - https:\/\/yoast.com\/product\/yoast-seo-premium-wordpress\/ -->\n<title>La Belgique pr\u00e9voit une refonte du syst\u00e8me hospitalier avec une approche au forfait<\/title>\n<meta name=\"description\" content=\"Le ministre belge de la sant\u00e9 a pr\u00e9sent\u00e9 sa r\u00e9forme du secteur afin de le rendre plus efficace. L&#039;un des objectifs sera de mettre en place un remboursement au forfait pour les interventions m\u00e9dicales et non \u00e0 l&#039;acte.\" \/>\n<meta name=\"robots\" content=\"index, follow, max-snippet:-1, max-image-preview:large, max-video-preview:-1\" \/>\n<link rel=\"canonical\" href=\"https:\/\/www.newsendip.com\/fr\/la-belgique-prevoit-une-refonte-du-systeme-hospitalier-avec-une-approche-au-forfait\/\" \/>\n<meta property=\"og:locale\" content=\"fr_FR\" \/>\n<meta property=\"og:type\" content=\"article\" \/>\n<meta property=\"og:title\" content=\"La Belgique pr\u00e9voit une refonte du syst\u00e8me hospitalier avec une approche au forfait\" \/>\n<meta property=\"og:description\" content=\"Le ministre belge de la sant\u00e9 a pr\u00e9sent\u00e9 sa r\u00e9forme du secteur afin de le rendre plus efficace. L&#039;un des objectifs sera de mettre en place un remboursement au forfait pour les interventions m\u00e9dicales et non \u00e0 l&#039;acte.\" \/>\n<meta property=\"og:url\" content=\"https:\/\/www.newsendip.com\/fr\/la-belgique-prevoit-une-refonte-du-systeme-hospitalier-avec-une-approche-au-forfait\/\" \/>\n<meta property=\"og:site_name\" content=\"Newsendip\" \/>\n<meta property=\"article:publisher\" content=\"https:\/\/www.facebook.com\/newsendip\" \/>\n<meta property=\"article:published_time\" content=\"2022-01-31T17:37:34+00:00\" \/>\n<meta property=\"article:modified_time\" content=\"2024-07-23T08:50:59+00:00\" \/>\n<meta property=\"og:image\" content=\"https:\/\/www.newsendip.com\/wp-content\/uploads\/2022\/01\/hospital-reform-belgium-progressive.jpeg\" \/>\n\t<meta property=\"og:image:width\" content=\"1920\" \/>\n\t<meta property=\"og:image:height\" content=\"1279\" \/>\n\t<meta property=\"og:image:type\" content=\"image\/jpeg\" \/>\n<meta name=\"author\" content=\"Cl\u00e9ment V\u00e9rit\u00e9\" \/>\n<meta name=\"twitter:card\" content=\"summary_large_image\" \/>\n<meta name=\"twitter:image\" content=\"https:\/\/www.newsendip.com\/wp-content\/uploads\/2022\/01\/hospital-reform-belgium-progressive.jpeg\" \/>\n<meta name=\"twitter:creator\" content=\"@https:\/\/twitter.com\/cverite\" \/>\n<meta name=\"twitter:site\" content=\"@newsendip\" \/>\n<meta name=\"twitter:label1\" content=\"\u00c9crit par\" \/>\n\t<meta name=\"twitter:data1\" content=\"Cl\u00e9ment V\u00e9rit\u00e9\" \/>\n\t<meta name=\"twitter:label2\" content=\"Dur\u00e9e de lecture estim\u00e9e\" \/>\n\t<meta name=\"twitter:data2\" content=\"3 minutes\" \/>\n<!-- \/ Yoast SEO Premium plugin. -->","yoast_head_json":{"title":"La Belgique pr\u00e9voit une refonte du syst\u00e8me hospitalier avec une approche au forfait","description":"Le ministre belge de la sant\u00e9 a pr\u00e9sent\u00e9 sa r\u00e9forme du secteur afin de le rendre plus efficace. L'un des objectifs sera de mettre en place un remboursement au forfait pour les interventions m\u00e9dicales et non \u00e0 l'acte.","robots":{"index":"index","follow":"follow","max-snippet":"max-snippet:-1","max-image-preview":"max-image-preview:large","max-video-preview":"max-video-preview:-1"},"canonical":"https:\/\/www.newsendip.com\/fr\/la-belgique-prevoit-une-refonte-du-systeme-hospitalier-avec-une-approche-au-forfait\/","og_locale":"fr_FR","og_type":"article","og_title":"La Belgique pr\u00e9voit une refonte du syst\u00e8me hospitalier avec une approche au forfait","og_description":"Le ministre belge de la sant\u00e9 a pr\u00e9sent\u00e9 sa r\u00e9forme du secteur afin de le rendre plus efficace. L'un des objectifs sera de mettre en place un remboursement au forfait pour les interventions m\u00e9dicales et non \u00e0 l'acte.","og_url":"https:\/\/www.newsendip.com\/fr\/la-belgique-prevoit-une-refonte-du-systeme-hospitalier-avec-une-approche-au-forfait\/","og_site_name":"Newsendip","article_publisher":"https:\/\/www.facebook.com\/newsendip","article_published_time":"2022-01-31T17:37:34+00:00","article_modified_time":"2024-07-23T08:50:59+00:00","og_image":[{"width":1920,"height":1279,"url":"https:\/\/www.newsendip.com\/wp-content\/uploads\/2022\/01\/hospital-reform-belgium-progressive.jpeg","type":"image\/jpeg"}],"author":"Cl\u00e9ment V\u00e9rit\u00e9","twitter_card":"summary_large_image","twitter_image":"https:\/\/www.newsendip.com\/wp-content\/uploads\/2022\/01\/hospital-reform-belgium-progressive.jpeg","twitter_creator":"@https:\/\/twitter.com\/cverite","twitter_site":"@newsendip","twitter_misc":{"\u00c9crit par":"Cl\u00e9ment V\u00e9rit\u00e9","Dur\u00e9e de lecture estim\u00e9e":"3 minutes"},"schema":{"@context":"https:\/\/schema.org","@graph":[{"@type":"NewsArticle","@id":"https:\/\/www.newsendip.com\/fr\/la-belgique-prevoit-une-refonte-du-systeme-hospitalier-avec-une-approche-au-forfait\/#article","isPartOf":{"@id":"https:\/\/www.newsendip.com\/fr\/la-belgique-prevoit-une-refonte-du-systeme-hospitalier-avec-une-approche-au-forfait\/"},"author":{"name":"Cl\u00e9ment V\u00e9rit\u00e9","@id":"https:\/\/www.newsendip.com\/fr\/#\/schema\/person\/ea22c01755f464a3cbc2c619584d6363"},"headline":"La Belgique pr\u00e9voit une refonte du syst\u00e8me hospitalier avec une approche au forfait","datePublished":"2022-01-31T17:37:34+00:00","dateModified":"2024-07-23T08:50:59+00:00","mainEntityOfPage":{"@id":"https:\/\/www.newsendip.com\/fr\/la-belgique-prevoit-une-refonte-du-systeme-hospitalier-avec-une-approche-au-forfait\/"},"wordCount":601,"publisher":{"@id":"https:\/\/www.newsendip.com\/fr\/#organization"},"image":{"@id":"https:\/\/www.newsendip.com\/fr\/la-belgique-prevoit-une-refonte-du-systeme-hospitalier-avec-une-approche-au-forfait\/#primaryimage"},"thumbnailUrl":"https:\/\/www.newsendip.com\/wp-content\/uploads\/2022\/01\/hospital-reform-belgium.webp","keywords":["Belgique","Vieux"],"articleSection":["Sciences et sant\u00e9"],"inLanguage":"fr-FR","copyrightYear":"2022","copyrightHolder":{"@id":"https:\/\/www.newsendip.com\/#organization"}},{"@type":"WebPage","@id":"https:\/\/www.newsendip.com\/fr\/la-belgique-prevoit-une-refonte-du-systeme-hospitalier-avec-une-approche-au-forfait\/","url":"https:\/\/www.newsendip.com\/fr\/la-belgique-prevoit-une-refonte-du-systeme-hospitalier-avec-une-approche-au-forfait\/","name":"La Belgique pr\u00e9voit une refonte du syst\u00e8me hospitalier avec une approche au forfait","isPartOf":{"@id":"https:\/\/www.newsendip.com\/fr\/#website"},"primaryImageOfPage":{"@id":"https:\/\/www.newsendip.com\/fr\/la-belgique-prevoit-une-refonte-du-systeme-hospitalier-avec-une-approche-au-forfait\/#primaryimage"},"image":{"@id":"https:\/\/www.newsendip.com\/fr\/la-belgique-prevoit-une-refonte-du-systeme-hospitalier-avec-une-approche-au-forfait\/#primaryimage"},"thumbnailUrl":"https:\/\/www.newsendip.com\/wp-content\/uploads\/2022\/01\/hospital-reform-belgium.webp","datePublished":"2022-01-31T17:37:34+00:00","dateModified":"2024-07-23T08:50:59+00:00","description":"Le ministre belge de la sant\u00e9 a pr\u00e9sent\u00e9 sa r\u00e9forme du secteur afin de le rendre plus efficace. L'un des objectifs sera de mettre en place un remboursement au forfait pour les interventions m\u00e9dicales et non \u00e0 l'acte.","breadcrumb":{"@id":"https:\/\/www.newsendip.com\/fr\/la-belgique-prevoit-une-refonte-du-systeme-hospitalier-avec-une-approche-au-forfait\/#breadcrumb"},"inLanguage":"fr-FR","potentialAction":[{"@type":"ReadAction","target":["https:\/\/www.newsendip.com\/fr\/la-belgique-prevoit-une-refonte-du-systeme-hospitalier-avec-une-approche-au-forfait\/"]}]},{"@type":"ImageObject","inLanguage":"fr-FR","@id":"https:\/\/www.newsendip.com\/fr\/la-belgique-prevoit-une-refonte-du-systeme-hospitalier-avec-une-approche-au-forfait\/#primaryimage","url":"https:\/\/www.newsendip.com\/wp-content\/uploads\/2022\/01\/hospital-reform-belgium.webp","contentUrl":"https:\/\/www.newsendip.com\/wp-content\/uploads\/2022\/01\/hospital-reform-belgium.webp","width":1920,"height":1279,"caption":"\u00a9 Anna Shvets"},{"@type":"BreadcrumbList","@id":"https:\/\/www.newsendip.com\/fr\/la-belgique-prevoit-une-refonte-du-systeme-hospitalier-avec-une-approche-au-forfait\/#breadcrumb","itemListElement":[{"@type":"ListItem","position":1,"name":"Accueil","item":"https:\/\/www.newsendip.com\/fr\/"},{"@type":"ListItem","position":2,"name":"La Belgique pr\u00e9voit une refonte du syst\u00e8me hospitalier avec une approche au forfait"}]},{"@type":"WebSite","@id":"https:\/\/www.newsendip.com\/fr\/#website","url":"https:\/\/www.newsendip.com\/fr\/","name":"Newsendip","description":"Red\u00e9couvrez l&#039;actualit\u00e9 internationale","publisher":{"@id":"https:\/\/www.newsendip.com\/fr\/#organization"},"potentialAction":[{"@type":"SearchAction","target":{"@type":"EntryPoint","urlTemplate":"https:\/\/www.newsendip.com\/fr\/?s={search_term_string}"},"query-input":{"@type":"PropertyValueSpecification","valueRequired":true,"valueName":"search_term_string"}}],"inLanguage":"fr-FR"},{"@type":"Organization","@id":"https:\/\/www.newsendip.com\/fr\/#organization","name":"Newsendip","url":"https:\/\/www.newsendip.com\/fr\/","logo":{"@type":"ImageObject","inLanguage":"fr-FR","@id":"https:\/\/www.newsendip.com\/fr\/#\/schema\/logo\/image\/","url":"https:\/\/www.newsendip.com\/wp-content\/uploads\/2023\/12\/512x512.svg","contentUrl":"https:\/\/www.newsendip.com\/wp-content\/uploads\/2023\/12\/512x512.svg","width":1,"height":1,"caption":"Newsendip"},"image":{"@id":"https:\/\/www.newsendip.com\/fr\/#\/schema\/logo\/image\/"},"sameAs":["https:\/\/www.facebook.com\/newsendip","https:\/\/x.com\/newsendip","https:\/\/mastodon.social\/@newsendip","https:\/\/www.linkedin.com\/company\/newsendip"],"description":"Newsendip est un site qui a pour mission de rendre l'actualit\u00e9 internationale accessible et diversifi\u00e9e","email":"contact@newsendip.com","legalName":"Newsendip SAS","foundingDate":"2022-11-04","vatID":"FR60921124723","numberOfEmployees":{"@type":"QuantitativeValue","minValue":"1","maxValue":"10"},"publishingPrinciples":"https:\/\/www.newsendip.com\/about-us\/","ownershipFundingInfo":"https:\/\/www.newsendip.com\/legal-notice\/","actionableFeedbackPolicy":"https:\/\/www.newsendip.com\/about-us\/","correctionsPolicy":"https:\/\/www.newsendip.com\/about-us\/","ethicsPolicy":"https:\/\/www.newsendip.com\/about-us\/","diversityPolicy":"https:\/\/www.newsendip.com\/about-us\/"},{"@type":"Person","@id":"https:\/\/www.newsendip.com\/fr\/#\/schema\/person\/ea22c01755f464a3cbc2c619584d6363","name":"Cl\u00e9ment V\u00e9rit\u00e9","description":"Cl\u00e9ment is the executive editor and founder of Newsendip. He started in the media industry as a freelance reporter at 16 for a local French newspaper after school and has never left it. He later worked for seven years at The New York Times, notably as a data analyst. He holds a Master of Management in France and a Master of Arts in the United Kingdom in International Marketing &amp; Communications Strategy. He has lived in France, the United Kingdom, and Italy.","sameAs":["https:\/\/www.newsendip.com\/","https:\/\/www.linkedin.com\/in\/clementverite\/","https:\/\/x.com\/https:\/\/twitter.com\/cverite"],"knowsAbout":["News","International","Business","Media monitoring"],"knowsLanguage":["English","French","Italian","Spanish"],"url":"https:\/\/www.newsendip.com\/fr\/author\/clement-verite\/"}]}},"_links":{"self":[{"href":"https:\/\/www.newsendip.com\/fr\/wp-json\/wp\/v2\/posts\/18818","targetHints":{"allow":["GET"]}}],"collection":[{"href":"https:\/\/www.newsendip.com\/fr\/wp-json\/wp\/v2\/posts"}],"about":[{"href":"https:\/\/www.newsendip.com\/fr\/wp-json\/wp\/v2\/types\/post"}],"author":[{"embeddable":true,"href":"https:\/\/www.newsendip.com\/fr\/wp-json\/wp\/v2\/users\/1"}],"replies":[{"embeddable":true,"href":"https:\/\/www.newsendip.com\/fr\/wp-json\/wp\/v2\/comments?post=18818"}],"version-history":[{"count":0,"href":"https:\/\/www.newsendip.com\/fr\/wp-json\/wp\/v2\/posts\/18818\/revisions"}],"wp:featuredmedia":[{"embeddable":true,"href":"https:\/\/www.newsendip.com\/fr\/wp-json\/wp\/v2\/media\/13999"}],"wp:attachment":[{"href":"https:\/\/www.newsendip.com\/fr\/wp-json\/wp\/v2\/media?parent=18818"}],"wp:term":[{"taxonomy":"category","embeddable":true,"href":"https:\/\/www.newsendip.com\/fr\/wp-json\/wp\/v2\/categories?post=18818"},{"taxonomy":"post_tag","embeddable":true,"href":"https:\/\/www.newsendip.com\/fr\/wp-json\/wp\/v2\/tags?post=18818"}],"curies":[{"name":"wp","href":"https:\/\/api.w.org\/{rel}","templated":true}]}}