{"id":18832,"date":"2021-04-23T09:15:08","date_gmt":"2021-04-23T07:15:08","guid":{"rendered":"https:\/\/www.newsendip.com\/?p=18832"},"modified":"2024-07-23T18:05:45","modified_gmt":"2024-07-23T16:05:45","slug":"la-nouvelle-zelande-cree-la-premiere-autorite-de-sante-dediee-aux-maori","status":"publish","type":"post","link":"https:\/\/www.newsendip.com\/fr\/la-nouvelle-zelande-cree-la-premiere-autorite-de-sante-dediee-aux-maori\/","title":{"rendered":"La Nouvelle-Z\u00e9lande cr\u00e9e la premi\u00e8re autorit\u00e9 de sant\u00e9 d\u00e9di\u00e9e aux&nbsp;M\u0101ori"},"content":{"rendered":"<p><strong>Le ministre n\u00e9o-z\u00e9landais de la Sant\u00e9 a annonc\u00e9 la cr\u00e9ation d\u2019une autorit\u00e9 de sant\u00e9 ind\u00e9pendante d\u00e9di\u00e9e aux M\u0101ori afin de r\u00e9duire les in\u00e9galit\u00e9s en mati\u00e8re d\u2019acc\u00e8s aux&nbsp;soins.<\/strong><\/p>\n<figure id=\"attachment_13529\" aria-describedby=\"caption-attachment-13529\" style=\"width: 300px\" class=\"wp-caption aligncenter\"><img decoding=\"async\" class=\"wp-image-13529 size-medium\" src=\"https:\/\/www.newsendip.com\/wp-content\/uploads\/2021\/04\/health_minister_maori_health_authority_new_zealand-300x285.png\" alt=\"Andrew Little, ministre de la Sant\u00e9 de Nouvelle-Z\u00e9lande, annon\u00e7ant la suppression de tous les conseils de sant\u00e9 de district pour mettre en place Health NZ et la cr\u00e9ation d'une autorit\u00e9 de sant\u00e9\" width=\"300\" height=\"285\" srcset=\"https:\/\/www.newsendip.com\/wp-content\/uploads\/2021\/04\/health_minister_maori_health_authority_new_zealand-300x285.png 300w, https:\/\/www.newsendip.com\/wp-content\/uploads\/2021\/04\/health_minister_maori_health_authority_new_zealand-60x57.png 60w, https:\/\/www.newsendip.com\/wp-content\/uploads\/2021\/04\/health_minister_maori_health_authority_new_zealand-768x729.png 768w, https:\/\/www.newsendip.com\/wp-content\/uploads\/2021\/04\/health_minister_maori_health_authority_new_zealand-1024x972.png 1024w, https:\/\/www.newsendip.com\/wp-content\/uploads\/2021\/04\/health_minister_maori_health_authority_new_zealand.png 1089w\" sizes=\"(max-width: 300px) 100vw, 300px\"><figcaption id=\"caption-attachment-13529\" class=\"wp-caption-text\">Andrew Little, ministre de la Sant\u00e9 de Nouvelle-Z\u00e9lande, annon\u00e7ant la suppression de tous les conseils de sant\u00e9 de district pour mettre en place Health NZ et la cr\u00e9ation d\u2019une autorit\u00e9 de sant\u00e9&nbsp;M\u0101ori.<\/figcaption><\/figure>\n<h2>L\u2019esp\u00e9rance de vie des M\u0101ori est de 7 ans inf\u00e9rieure \u00e0 celle des non-M\u0101ori<\/h2>\n<p>Le <a href=\"#ref\">ministre de la sant\u00e9 de Nouvelle-Z\u00e9lande<\/a> a annonc\u00e9 une refonte des agences de sant\u00e9 afin d\u2019am\u00e9liorer l\u2019offre de soins aux patients et a inclus la cr\u00e9ation d\u2019une <strong>autorit\u00e9 sanitaire d\u00e9di\u00e9e aux M\u0101ori<\/strong>. Il s\u2019agit d\u2019une premi\u00e8re dans le soutien \u00e0 la sant\u00e9 de cette communaut\u00e9 indig\u00e8ne qui constitue la premi\u00e8re minorit\u00e9 de Nouvelle-Z\u00e9lande avec 17% de la population.<\/p>\n<p>Pr\u00e9vue pour \u00eatre mise en place d\u2019ici juillet 2022, l\u2019agence M\u0101ori aura des pouvoirs de mise en service et prendra des d\u00e9cisions conjointes avec l\u2019agence de sant\u00e9 centrale. <strong>Dot\u00e9e de son propre budget<\/strong> et de sa propre politique d\u2019achat, le ministre n\u2019a pas encore donn\u00e9 de d\u00e9tails sur les sommes allou\u00e9es \u00e0 l\u2019agence.<\/p>\n<p><a href=\"https:\/\/www.stuff.co.nz\/national\/124894538\/life-expectancy-continues-to-rise-however-gains-slowing-mori-narrowing-gap-but-large-disparity-remains\">Malgr\u00e9 des r\u00e9centes am\u00e9liorations<\/a>, les M\u0101ori meurent 7 ans plus t\u00f4t que la population non M\u0101ori en Nouvelle-Z\u00e9lande. <a href=\"#ref\">Selon le minist\u00e8re de la Sant\u00e9<\/a>, la mortalit\u00e9 d\u2019origine cardiovasculaire est 2,5 fois plus \u00e9lev\u00e9e chez les M\u0101ori. Ils ont \u00e9galement les plus haut niveaux de besoins de sant\u00e9 non satisfaits de tous les groupes de population.<\/p>\n<p>Les raisons de cette in\u00e9galit\u00e9 en mati\u00e8re de sant\u00e9 sont multiples, complexes et certaines rel\u00e8vent de facteurs socio-\u00e9conomiques.<!--more--><\/p>\n<p>Mais en 2019, un tribunal cr\u00e9\u00e9 en 1975 pour enqu\u00eater sur les violations de la protection des M\u0101ori a publi\u00e9 un rapport sur les soins de sant\u00e9 fournis aux&nbsp;M\u0101ori.<\/p>\n<p>Il a interrog\u00e9 plus de 200 personnes qui avaient des plaintes li\u00e9s \u00e0 la sant\u00e9. Le <a href=\"#ref\">rapport<\/a> a conclu que \u00ab\u202f<em>le cadre \u00e9choue \u00e0 d\u00e9finir de mani\u00e8re coh\u00e9rente des engagements pour atteindre l\u2019\u00e9galit\u00e9 en mati\u00e8re de sant\u00e9 pour les M\u0101ori<\/em>\u202f\u00bb. Et malgr\u00e9 les sommes \u00ab\u202f<em>\u00e9normes<\/em>\u202f\u00bb d\u00e9pens\u00e9es dans le secteur de la sant\u00e9 au cours des 20 derni\u00e8res ann\u00e9es, elles n\u2019ont pourtant apport\u00e9 \u00ab\u202f<em>que peu d\u2019am\u00e9liorations quantifiables pour la sant\u00e9 des M\u0101ori<\/em>\u202f\u00bb. En cons\u00e9quence, \u00ab\u202f<em>une grande partie des faits [\u2026] indique que <strong>le fonctionnement est institutionnellement raciste<\/strong><\/em>\u202f\u00bb.<\/p>\n<p>L\u2019un des probl\u00e8mes identifi\u00e9s les plus importants \u00e9tait que \u00ab\u202f<em>les organisations de sant\u00e9 primaire M\u0101ori, <\/em>l\u2019\u00e9quivalent de maisons de sant\u00e9 publiques,<em> \u00e9taient sous-financ\u00e9es d\u00e8s le d\u00e9part<\/em>\u202f\u00bb. R\u00e9pondant aux attentes des leaders des communaut\u00e9s, le tribunal a donc recommand\u00e9 au gouvernement d\u2019explorer \u00ab\u202f<em>le concept d\u2019une autorit\u00e9 de sant\u00e9 primaire M\u0101ori autonome<\/em>\u202f\u00bb.<\/p>\n<h2>La r\u00e9paration d\u2019un syst\u00e8me de sant\u00e9 d\u00e9faillant<\/h2>\n<p>Avec ce nouvel organisme ind\u00e9pendant, la communaut\u00e9 s\u2019attend \u00e0 un meilleur acc\u00e8s \u00e0 un plus large \u00e9ventail de services, pour ne plus avoir besoin de se d\u00e9placer loin pour se faire soigner par exemple.<\/p>\n<p>Mais certains experts n\u2019\u00e9taient pas d\u2019accord sur les solutions pour r\u00e9soudre les in\u00e9galit\u00e9s de sant\u00e9 entre M\u0101ori et non&nbsp;M\u0101ori.<\/p>\n<p>Le parti nationaliste n\u2019\u00e9tait pas favorable \u00e0 la cr\u00e9ation d\u2019un <a href=\"https:\/\/www.newsendip.com\/fr\/la-belgique-prevoit-une-refonte-du-systeme-hospitalier-avec-une-approche-au-forfait\/\">syst\u00e8me de sant\u00e9<\/a> parall\u00e8le, estimant qu\u2019il serait pr\u00e9f\u00e9rable de fournir un meilleur cadre pour la sant\u00e9 des M\u0101ori au sein du m\u00eame syst\u00e8me.<\/p>\n<p>\u00ab\u202f<em>Je ne veux pas que nous perdions notre temps, notre \u00e9nergie et nos efforts \u00e0 essayer de r\u00e9parer un syst\u00e8me qui est cass\u00e9<\/em>\u202f\u00bb avait d\u00e9clar\u00e9 <a href=\"#ref\">Tureiti Lady Moxon<\/a>, une responsable de la communaut\u00e9 M\u0101ori qui avait initi\u00e9 le rapport d\u2019enqu\u00eate du tribunal de Waitangi en&nbsp;2019.<\/p>\n<p><strong><a href=\"https:\/\/www.newsendip.com\/fr\/etiquette\/nouvelle-zelande\/\">D\u00e9couvrez plus d\u2019informations sur la Nouvelle-Z\u00e9lande<\/a><\/strong><\/p>\n<h3 id=\"ref\">Sources et liens utiles&nbsp;:<\/h3>\n<ul>\n<li><a href=\"https:\/\/www.beehive.govt.nz\/speech\/building-new-zealand-health-service-works-all-new-zealanders\">Building a New Zealand Health Service that works for all New Zealanders<\/a>, Gouvernement de Nouvelle-Z\u00e9lande, avril&nbsp;2021<\/li>\n<li><a href=\"https:\/\/www.health.govt.nz\/publication\/wai-2575-maori-health-trends-report\">Wai 2575 M\u0101ori Health Trends Report<\/a>, Minist\u00e8re de la sant\u00e9, 2019<\/li>\n<li><a href=\"https:\/\/waitangitribunal.govt.nz\/inquiries\/kaupapa-inquiries\/health-services-and-outcomes-inquiry\/\">Health Services and Outcomes Inquiry<\/a>, Waitangi Tribunal, 2019<\/li>\n<\/ul>\n","protected":false},"excerpt":{"rendered":"<p>Le ministre n\u00e9o-z\u00e9landais de la Sant\u00e9 a annonc\u00e9 la cr\u00e9ation d\u2019une autorit\u00e9 de sant\u00e9 ind\u00e9pendante d\u00e9di\u00e9e aux M\u0101ori afin de r\u00e9duire les in\u00e9galit\u00e9s en mati\u00e8re d\u2019acc\u00e8s aux&nbsp;soins.<\/p>\n","protected":false},"author":1,"featured_media":13529,"comment_status":"closed","ping_status":"closed","sticky":false,"template":"","format":"standard","meta":{"wp_typography_post_enhancements_disabled":false,"footnotes":""},"categories":[412],"tags":[411,749],"class_list":["post-18832","post","type-post","status-publish","format-standard","has-post-thumbnail","hentry","category-sciences-et-sante","tag-actuel","tag-nouvelle-zelande"],"yoast_head":"<!-- This site is optimized with the Yoast SEO Premium plugin v27.4 (Yoast SEO v27.4) - https:\/\/yoast.com\/product\/yoast-seo-premium-wordpress\/ -->\n<title>La Nouvelle-Z\u00e9lande cr\u00e9e la premi\u00e8re autorit\u00e9 de sant\u00e9 d\u00e9di\u00e9e aux M\u0101ori<\/title>\n<meta name=\"description\" content=\"Le ministre n\u00e9o-z\u00e9landais de la Sant\u00e9 a annonc\u00e9 la cr\u00e9ation d&#039;une autorit\u00e9 de sant\u00e9 ind\u00e9pendante d\u00e9di\u00e9e aux M\u0101ori afin de r\u00e9duire les in\u00e9galit\u00e9s en mati\u00e8re d&#039;acc\u00e8s aux soins.\" \/>\n<meta name=\"robots\" content=\"index, follow, max-snippet:-1, max-image-preview:large, max-video-preview:-1\" \/>\n<link rel=\"canonical\" href=\"https:\/\/www.newsendip.com\/fr\/la-nouvelle-zelande-cree-la-premiere-autorite-de-sante-dediee-aux-maori\/\" \/>\n<meta property=\"og:locale\" content=\"fr_FR\" \/>\n<meta property=\"og:type\" content=\"article\" \/>\n<meta property=\"og:title\" content=\"La Nouvelle-Z\u00e9lande cr\u00e9e la premi\u00e8re autorit\u00e9 de sant\u00e9 d\u00e9di\u00e9e aux M\u0101ori\" \/>\n<meta property=\"og:description\" content=\"Le ministre n\u00e9o-z\u00e9landais de la Sant\u00e9 a annonc\u00e9 la cr\u00e9ation d&#039;une autorit\u00e9 de sant\u00e9 ind\u00e9pendante d\u00e9di\u00e9e aux M\u0101ori afin de r\u00e9duire les in\u00e9galit\u00e9s en mati\u00e8re d&#039;acc\u00e8s aux soins.\" \/>\n<meta property=\"og:url\" content=\"https:\/\/www.newsendip.com\/fr\/la-nouvelle-zelande-cree-la-premiere-autorite-de-sante-dediee-aux-maori\/\" \/>\n<meta property=\"og:site_name\" content=\"Newsendip\" \/>\n<meta property=\"article:publisher\" content=\"https:\/\/www.facebook.com\/newsendip\" \/>\n<meta property=\"article:published_time\" content=\"2021-04-23T07:15:08+00:00\" \/>\n<meta property=\"article:modified_time\" content=\"2024-07-23T16:05:45+00:00\" \/>\n<meta property=\"og:image\" content=\"https:\/\/www.newsendip.com\/wp-content\/uploads\/2021\/04\/health_minister_maori_health_authority_new_zealand.png\" \/>\n\t<meta property=\"og:image:width\" content=\"1089\" \/>\n\t<meta property=\"og:image:height\" content=\"1034\" \/>\n\t<meta property=\"og:image:type\" content=\"image\/png\" \/>\n<meta name=\"author\" content=\"Cl\u00e9ment V\u00e9rit\u00e9\" \/>\n<meta name=\"twitter:card\" content=\"summary_large_image\" \/>\n<meta name=\"twitter:creator\" content=\"@https:\/\/twitter.com\/cverite\" \/>\n<meta name=\"twitter:site\" content=\"@newsendip\" \/>\n<meta name=\"twitter:label1\" content=\"\u00c9crit par\" \/>\n\t<meta name=\"twitter:data1\" content=\"Cl\u00e9ment V\u00e9rit\u00e9\" \/>\n\t<meta name=\"twitter:label2\" content=\"Dur\u00e9e de lecture estim\u00e9e\" \/>\n\t<meta name=\"twitter:data2\" content=\"4 minutes\" \/>\n<!-- \/ Yoast SEO Premium plugin. -->","yoast_head_json":{"title":"La Nouvelle-Z\u00e9lande cr\u00e9e la premi\u00e8re autorit\u00e9 de sant\u00e9 d\u00e9di\u00e9e aux M\u0101ori","description":"Le ministre n\u00e9o-z\u00e9landais de la Sant\u00e9 a annonc\u00e9 la cr\u00e9ation d'une autorit\u00e9 de sant\u00e9 ind\u00e9pendante d\u00e9di\u00e9e aux M\u0101ori afin de r\u00e9duire les in\u00e9galit\u00e9s en mati\u00e8re d'acc\u00e8s aux soins.","robots":{"index":"index","follow":"follow","max-snippet":"max-snippet:-1","max-image-preview":"max-image-preview:large","max-video-preview":"max-video-preview:-1"},"canonical":"https:\/\/www.newsendip.com\/fr\/la-nouvelle-zelande-cree-la-premiere-autorite-de-sante-dediee-aux-maori\/","og_locale":"fr_FR","og_type":"article","og_title":"La Nouvelle-Z\u00e9lande cr\u00e9e la premi\u00e8re autorit\u00e9 de sant\u00e9 d\u00e9di\u00e9e aux M\u0101ori","og_description":"Le ministre n\u00e9o-z\u00e9landais de la Sant\u00e9 a annonc\u00e9 la cr\u00e9ation d'une autorit\u00e9 de sant\u00e9 ind\u00e9pendante d\u00e9di\u00e9e aux M\u0101ori afin de r\u00e9duire les in\u00e9galit\u00e9s en mati\u00e8re d'acc\u00e8s aux soins.","og_url":"https:\/\/www.newsendip.com\/fr\/la-nouvelle-zelande-cree-la-premiere-autorite-de-sante-dediee-aux-maori\/","og_site_name":"Newsendip","article_publisher":"https:\/\/www.facebook.com\/newsendip","article_published_time":"2021-04-23T07:15:08+00:00","article_modified_time":"2024-07-23T16:05:45+00:00","og_image":[{"width":1089,"height":1034,"url":"https:\/\/www.newsendip.com\/wp-content\/uploads\/2021\/04\/health_minister_maori_health_authority_new_zealand.png","type":"image\/png"}],"author":"Cl\u00e9ment V\u00e9rit\u00e9","twitter_card":"summary_large_image","twitter_creator":"@https:\/\/twitter.com\/cverite","twitter_site":"@newsendip","twitter_misc":{"\u00c9crit par":"Cl\u00e9ment V\u00e9rit\u00e9","Dur\u00e9e de lecture estim\u00e9e":"4 minutes"},"schema":{"@context":"https:\/\/schema.org","@graph":[{"@type":"NewsArticle","@id":"https:\/\/www.newsendip.com\/fr\/la-nouvelle-zelande-cree-la-premiere-autorite-de-sante-dediee-aux-maori\/#article","isPartOf":{"@id":"https:\/\/www.newsendip.com\/fr\/la-nouvelle-zelande-cree-la-premiere-autorite-de-sante-dediee-aux-maori\/"},"author":{"name":"Cl\u00e9ment V\u00e9rit\u00e9","@id":"https:\/\/www.newsendip.com\/fr\/#\/schema\/person\/ea22c01755f464a3cbc2c619584d6363"},"headline":"La Nouvelle-Z\u00e9lande cr\u00e9e la premi\u00e8re autorit\u00e9 de sant\u00e9 d\u00e9di\u00e9e aux&nbsp;M\u0101ori","datePublished":"2021-04-23T07:15:08+00:00","dateModified":"2024-07-23T16:05:45+00:00","mainEntityOfPage":{"@id":"https:\/\/www.newsendip.com\/fr\/la-nouvelle-zelande-cree-la-premiere-autorite-de-sante-dediee-aux-maori\/"},"wordCount":747,"publisher":{"@id":"https:\/\/www.newsendip.com\/fr\/#organization"},"image":{"@id":"https:\/\/www.newsendip.com\/fr\/la-nouvelle-zelande-cree-la-premiere-autorite-de-sante-dediee-aux-maori\/#primaryimage"},"thumbnailUrl":"https:\/\/www.newsendip.com\/wp-content\/uploads\/2021\/04\/health_minister_maori_health_authority_new_zealand.png","keywords":["Actuel","Nouvelle Z\u00e9lande"],"articleSection":["Sciences et sant\u00e9"],"inLanguage":"fr-FR","copyrightYear":"2021","copyrightHolder":{"@id":"https:\/\/www.newsendip.com\/#organization"}},{"@type":"WebPage","@id":"https:\/\/www.newsendip.com\/fr\/la-nouvelle-zelande-cree-la-premiere-autorite-de-sante-dediee-aux-maori\/","url":"https:\/\/www.newsendip.com\/fr\/la-nouvelle-zelande-cree-la-premiere-autorite-de-sante-dediee-aux-maori\/","name":"La Nouvelle-Z\u00e9lande cr\u00e9e la premi\u00e8re autorit\u00e9 de sant\u00e9 d\u00e9di\u00e9e aux M\u0101ori","isPartOf":{"@id":"https:\/\/www.newsendip.com\/fr\/#website"},"primaryImageOfPage":{"@id":"https:\/\/www.newsendip.com\/fr\/la-nouvelle-zelande-cree-la-premiere-autorite-de-sante-dediee-aux-maori\/#primaryimage"},"image":{"@id":"https:\/\/www.newsendip.com\/fr\/la-nouvelle-zelande-cree-la-premiere-autorite-de-sante-dediee-aux-maori\/#primaryimage"},"thumbnailUrl":"https:\/\/www.newsendip.com\/wp-content\/uploads\/2021\/04\/health_minister_maori_health_authority_new_zealand.png","datePublished":"2021-04-23T07:15:08+00:00","dateModified":"2024-07-23T16:05:45+00:00","description":"Le ministre n\u00e9o-z\u00e9landais de la Sant\u00e9 a annonc\u00e9 la cr\u00e9ation d'une autorit\u00e9 de sant\u00e9 ind\u00e9pendante d\u00e9di\u00e9e aux M\u0101ori afin de r\u00e9duire les in\u00e9galit\u00e9s en mati\u00e8re d'acc\u00e8s aux soins.","breadcrumb":{"@id":"https:\/\/www.newsendip.com\/fr\/la-nouvelle-zelande-cree-la-premiere-autorite-de-sante-dediee-aux-maori\/#breadcrumb"},"inLanguage":"fr-FR","potentialAction":[{"@type":"ReadAction","target":["https:\/\/www.newsendip.com\/fr\/la-nouvelle-zelande-cree-la-premiere-autorite-de-sante-dediee-aux-maori\/"]}]},{"@type":"ImageObject","inLanguage":"fr-FR","@id":"https:\/\/www.newsendip.com\/fr\/la-nouvelle-zelande-cree-la-premiere-autorite-de-sante-dediee-aux-maori\/#primaryimage","url":"https:\/\/www.newsendip.com\/wp-content\/uploads\/2021\/04\/health_minister_maori_health_authority_new_zealand.png","contentUrl":"https:\/\/www.newsendip.com\/wp-content\/uploads\/2021\/04\/health_minister_maori_health_authority_new_zealand.png","width":1089,"height":1034,"caption":"Andrew Little, ministre de la Sant\u00e9 de Nouvelle-Z\u00e9lande, annon\u00e7ant la suppression de tous les conseils de sant\u00e9 de district pour mettre en place Health NZ et la cr\u00e9ation d'une autorit\u00e9 de sant\u00e9 M\u0101ori."},{"@type":"BreadcrumbList","@id":"https:\/\/www.newsendip.com\/fr\/la-nouvelle-zelande-cree-la-premiere-autorite-de-sante-dediee-aux-maori\/#breadcrumb","itemListElement":[{"@type":"ListItem","position":1,"name":"Accueil","item":"https:\/\/www.newsendip.com\/fr\/"},{"@type":"ListItem","position":2,"name":"La Nouvelle-Z\u00e9lande cr\u00e9e la premi\u00e8re autorit\u00e9 de sant\u00e9 d\u00e9di\u00e9e aux M\u0101ori"}]},{"@type":"WebSite","@id":"https:\/\/www.newsendip.com\/fr\/#website","url":"https:\/\/www.newsendip.com\/fr\/","name":"Newsendip","description":"Red\u00e9couvrez l&#039;actualit\u00e9 internationale","publisher":{"@id":"https:\/\/www.newsendip.com\/fr\/#organization"},"potentialAction":[{"@type":"SearchAction","target":{"@type":"EntryPoint","urlTemplate":"https:\/\/www.newsendip.com\/fr\/?s={search_term_string}"},"query-input":{"@type":"PropertyValueSpecification","valueRequired":true,"valueName":"search_term_string"}}],"inLanguage":"fr-FR"},{"@type":"Organization","@id":"https:\/\/www.newsendip.com\/fr\/#organization","name":"Newsendip","url":"https:\/\/www.newsendip.com\/fr\/","logo":{"@type":"ImageObject","inLanguage":"fr-FR","@id":"https:\/\/www.newsendip.com\/fr\/#\/schema\/logo\/image\/","url":"https:\/\/www.newsendip.com\/wp-content\/uploads\/2023\/12\/512x512.svg","contentUrl":"https:\/\/www.newsendip.com\/wp-content\/uploads\/2023\/12\/512x512.svg","width":1,"height":1,"caption":"Newsendip"},"image":{"@id":"https:\/\/www.newsendip.com\/fr\/#\/schema\/logo\/image\/"},"sameAs":["https:\/\/www.facebook.com\/newsendip","https:\/\/x.com\/newsendip","https:\/\/mastodon.social\/@newsendip","https:\/\/www.linkedin.com\/company\/newsendip"],"description":"Newsendip est un site qui a pour mission de rendre l'actualit\u00e9 internationale accessible et diversifi\u00e9e","email":"contact@newsendip.com","legalName":"Newsendip SAS","foundingDate":"2022-11-04","vatID":"FR60921124723","numberOfEmployees":{"@type":"QuantitativeValue","minValue":"1","maxValue":"10"},"publishingPrinciples":"https:\/\/www.newsendip.com\/about-us\/","ownershipFundingInfo":"https:\/\/www.newsendip.com\/legal-notice\/","actionableFeedbackPolicy":"https:\/\/www.newsendip.com\/about-us\/","correctionsPolicy":"https:\/\/www.newsendip.com\/about-us\/","ethicsPolicy":"https:\/\/www.newsendip.com\/about-us\/","diversityPolicy":"https:\/\/www.newsendip.com\/about-us\/"},{"@type":"Person","@id":"https:\/\/www.newsendip.com\/fr\/#\/schema\/person\/ea22c01755f464a3cbc2c619584d6363","name":"Cl\u00e9ment V\u00e9rit\u00e9","description":"Cl\u00e9ment is the executive editor and founder of Newsendip. He started in the media industry as a freelance reporter at 16 for a local French newspaper after school and has never left it. He later worked for seven years at The New York Times, notably as a data analyst. He holds a Master of Management in France and a Master of Arts in the United Kingdom in International Marketing &amp; Communications Strategy. He has lived in France, the United Kingdom, and Italy.","sameAs":["https:\/\/www.newsendip.com\/","https:\/\/www.linkedin.com\/in\/clementverite\/","https:\/\/x.com\/https:\/\/twitter.com\/cverite"],"knowsAbout":["News","International","Business","Media monitoring"],"knowsLanguage":["English","French","Italian","Spanish"],"url":"https:\/\/www.newsendip.com\/fr\/author\/clement-verite\/"}]}},"_links":{"self":[{"href":"https:\/\/www.newsendip.com\/fr\/wp-json\/wp\/v2\/posts\/18832","targetHints":{"allow":["GET"]}}],"collection":[{"href":"https:\/\/www.newsendip.com\/fr\/wp-json\/wp\/v2\/posts"}],"about":[{"href":"https:\/\/www.newsendip.com\/fr\/wp-json\/wp\/v2\/types\/post"}],"author":[{"embeddable":true,"href":"https:\/\/www.newsendip.com\/fr\/wp-json\/wp\/v2\/users\/1"}],"replies":[{"embeddable":true,"href":"https:\/\/www.newsendip.com\/fr\/wp-json\/wp\/v2\/comments?post=18832"}],"version-history":[{"count":0,"href":"https:\/\/www.newsendip.com\/fr\/wp-json\/wp\/v2\/posts\/18832\/revisions"}],"wp:featuredmedia":[{"embeddable":true,"href":"https:\/\/www.newsendip.com\/fr\/wp-json\/wp\/v2\/media\/13529"}],"wp:attachment":[{"href":"https:\/\/www.newsendip.com\/fr\/wp-json\/wp\/v2\/media?parent=18832"}],"wp:term":[{"taxonomy":"category","embeddable":true,"href":"https:\/\/www.newsendip.com\/fr\/wp-json\/wp\/v2\/categories?post=18832"},{"taxonomy":"post_tag","embeddable":true,"href":"https:\/\/www.newsendip.com\/fr\/wp-json\/wp\/v2\/tags?post=18832"}],"curies":[{"name":"wp","href":"https:\/\/api.w.org\/{rel}","templated":true}]}}