{"id":18869,"date":"2021-05-20T07:00:00","date_gmt":"2021-05-20T05:00:00","guid":{"rendered":"https:\/\/www.newsendip.com\/?p=18869"},"modified":"2024-07-23T17:59:45","modified_gmt":"2024-07-23T15:59:45","slug":"largentine-suspend-les-exportations-de-boeuf-pendant-30-jours-les-agriculteurs-cessent-la-vente","status":"publish","type":"post","link":"https:\/\/www.newsendip.com\/fr\/largentine-suspend-les-exportations-de-boeuf-pendant-30-jours-les-agriculteurs-cessent-la-vente\/","title":{"rendered":"L\u2019Argentine suspend les exportations de b\u0153uf pendant 30 jours, les agriculteurs cessent la&nbsp;vente"},"content":{"rendered":"<p><strong>L\u2019Argentine a d\u00e9cid\u00e9 d\u2019arr\u00eater les exportations de viande bovine pendant 30 jours afin d\u2019enrayer la hausse des prix dans le pays. En r\u00e9action, les organisations du secteur agricole, regroup\u00e9es au sein de la Commission des entit\u00e9s agricoles, arr\u00eateront compl\u00e8tement la commercialisation de b\u0153uf pendant 9&nbsp;jours.<\/strong><\/p>\n<figure id=\"attachment_13551\" aria-describedby=\"caption-attachment-13551\" style=\"width: 640px\" class=\"wp-caption aligncenter\"><img decoding=\"async\" class=\"wp-image-13551 size-full\" src=\"https:\/\/www.newsendip.com\/wp-content\/uploads\/2021\/05\/beef-argentina-export-ban-2021.jpg\" alt=\"B\u00e9tail en Argentine\" width=\"640\" height=\"356\" srcset=\"https:\/\/www.newsendip.com\/wp-content\/uploads\/2021\/05\/beef-argentina-export-ban-2021.jpg 640w, https:\/\/www.newsendip.com\/wp-content\/uploads\/2021\/05\/beef-argentina-export-ban-2021-60x33.jpg 60w, https:\/\/www.newsendip.com\/wp-content\/uploads\/2021\/05\/beef-argentina-export-ban-2021-300x167.jpg 300w\" sizes=\"(max-width: 640px) 100vw, 640px\"><figcaption id=\"caption-attachment-13551\" class=\"wp-caption-text\">Avec l\u2019interdiction d\u2019exporter, les agriculteurs argentins ont d\u00e9cid\u00e9 de cesser toute activit\u00e9 pendant 9 jours. A long terme, ils pourraient d\u00e9cider de r\u00e9duire leur production de viande.<\/figcaption><\/figure>\n<p>Le pr\u00e9sident Alberto Fernandez a annonc\u00e9 la mesure d\u2019interdiction des exportations pendant 30 jours au Consortium des exportateurs de viande le 17 mai 2021. Son action vise \u00e0<strong> lutter contre l\u2019inflation des prix de la viande<\/strong>.<\/p>\n<p>Le pr\u00e9sident avait d\u00e9j\u00e0 averti le secteur d\u2019une telle mesure s\u2019il ne recevait pas une meilleure alternative \u00e0 l\u2019<a href=\"https:\/\/www.newsendip.com\/fr\/les-autorites-argentines-veulent-maintenir-les-restrictions-sur-les-exportations-de-boeuf-en-2022\/\">augmentation continue du prix de la viande bovine<\/a>. L\u2019accord conclu avec le gouvernement pour offrir 8 000 tonnes de viande \u00e0 prix r\u00e9duit, soit 0,3\u202f% des 3 millions de tonnes de la 4e production nationale mondiale, n\u2019a donc pas&nbsp;suffi.<\/p>\n<p>L\u2019association argentine des Brangus, une race bovine, a appel\u00e9 \u00ab\u202f<em>l\u2019ensemble de la production et de l\u2019industrie \u00e0 r\u00e9agir contre ce qui nous rappelle au souvenir de tristes r\u00e9sultats<\/em>\u202f\u00bb, faisant r\u00e9f\u00e9rence aux restrictions impos\u00e9es il y a 15&nbsp;ans.<\/p>\n<p>En 2006, le pr\u00e9sident N\u00e9stor Kirchner avait d\u00e9cid\u00e9 de <strong>stopper les exportations de viande bovine afin d\u2019enrayer l\u2019inflation du prix de la viande en Argentine<\/strong>.<\/p>\n<h2>Le prix de la viande hors de contr\u00f4le en Argentine<\/h2>\n<p><!--more--><\/p>\n<p>Ces <a href=\"https:\/\/www.newsendip.com\/fr\/argentine-interdit-lexportation-dhuile-et-tourteau-de-soja-jusqua-nouvel-ordre\/\">restrictions d\u2019exportation<\/a> ont dur\u00e9 10 ans, jusqu\u2019\u00e0 ce que Mauricio Macri devienne pr\u00e9sident et supprime les quotas en 2015. Depuis, <strong>le volume des exportations a \u00e9t\u00e9 multipli\u00e9 par 4<\/strong>.<\/p>\n<p>En 2005, l\u2019Argentine ne pouvait pas vendre plus de 700 000 tonnes par an en dehors du pays. En 2015, la quantit\u00e9 vendue \u00e9tait inf\u00e9rieure \u00e0 200 000 tonnes. Cependant, elle a atteint 933 000 tonnes pour les 12 derniers mois, g\u00e9n\u00e9rant 2,7 milliards de dollars de revenus, un<strong> march\u00e9 aliment\u00e9 par la demande de la Chine<\/strong>. Ce pays repr\u00e9sente <strong>74\u202f% des exportations argentines<\/strong> et la quantit\u00e9 qu\u2019il a achet\u00e9e a augment\u00e9 de 37\u202f% en un&nbsp;an.<\/p>\n<p>Mais le pr\u00e9sident Alberto Fern\u00e1ndez reproche \u00e0 la pr\u00e9sidence pr\u00e9c\u00e9dente d\u2019avoir lib\u00e9ralis\u00e9 le march\u00e9, et vise les grands agriculteurs industriels qui <strong>sp\u00e9culent sur le boom de la demande chinoise<\/strong>.<\/p>\n<p>Sur <em>Radio 10<\/em>, il a expliqu\u00e9 que \u00ab\u202f<em>le prix est la seule chose qui a chang\u00e9&nbsp;: de 150 pesos \u00e0 800 pesos le kilo. La lib\u00e9ralisation ne profite pas au march\u00e9 mais aux plus puissants<\/em>\u202f\u00bb, qui sont d\u00e9crits comme \u00ab\u202f<em>el rulo de la carne<\/em>\u202f\u00bb, le rouleau compresseur de la viande. Pour le pr\u00e9sident, qui est en faveur des quotas et de la r\u00e9glementation pour assurer l\u2019approvisionnement du march\u00e9 int\u00e9rieur, le probl\u00e8me autour de <strong>la viande est \u00ab\u202f<em>hors de contr\u00f4le<\/em>\u202f\u00bb<\/strong>.<\/p>\n<p>En effet, le pays souffre d\u2019une <strong><a href=\"https:\/\/www.newsendip.com\/fr\/les-crypto-monnaies-attirent-de-plus-en-plus-dargentins-qui-ont-peu-confiance-dans-leur-peso\/\">inflation vertigineuse<\/a> de 45% par an sur les trois derni\u00e8res ann\u00e9es<\/strong>. Et selon l\u2019IPCVA, l\u2019<a href=\"http:\/\/www.ipcva.com.ar\/vertext.php?id=2334\">Institut pour la promotion de la viande bovine<\/a>, la viande est 65% plus ch\u00e8re que l\u2019ann\u00e9e derni\u00e8re pour les Argentins. Cela repr\u00e9sente une augmentation sup\u00e9rieure au taux d\u2019inflation alors que, dans le m\u00eame temps, <strong>la consommation int\u00e9rieure du produit a diminu\u00e9 de 12\u202f%<\/strong>.<\/p>\n<p>Et en parall\u00e8le, les <a href=\"https:\/\/www.newsendip.com\/fr\/la-thailande-arrete-les-exportations-de-porc-pendant-3-mois-pour-limiter-la-hausse-des-prix\/\">exportations de viande<\/a> bovine ont augment\u00e9 de 24% en volume et de 8% en recettes (226 millions de dollars en mars 2021). Quand 18% du b\u00e9tail argentin \u00e9tait d\u00e9di\u00e9 au march\u00e9 ext\u00e9rieur en 2018, la proportion a bondi \u00e0 plus de<strong> 25% de la production vendue hors du pays en 2019 et 2020<\/strong>.<\/p>\n<h2>10 000 emplois perdus \u00e0 cause des restrictions d\u2019exportation en&nbsp;2006<\/h2>\n<p>Mais pour Daniel Pelegrina, le pr\u00e9sident de la SRA, la Soci\u00e9t\u00e9 rurale argentine, \u00ab\u202f<em>fermer les exportations de viande pendant 30 jours est une erreur et un retour en arri\u00e8re \u00e0 tous points de vue. Elle causera des dommages irr\u00e9parables \u00e0 un secteur productif qui a prouv\u00e9 qu\u2019il cr\u00e9ait des emplois et de l\u2019activit\u00e9 sur tout le territoire national. [\u2026] Et, le pire, c\u2019est que, comme l\u2019a montr\u00e9 l\u2019histoire r\u00e9cente du kirchn\u00e9risme, cela ne contribuera pas \u00e0 faire baisser les prix, surtout \u00e0 long terme<\/em>\u202f\u00bb.<\/p>\n<p><strong>L\u2019Argentine pourrait perdre 240 millions de dollars en fermant les fronti\u00e8res pour l\u2019exportation de viande pendant 30 jours<\/strong>. De plus, les agriculteurs pr\u00e9f\u00e9reraient probablement r\u00e9duire leur activit\u00e9 plut\u00f4t que de voir leur prix baisser.<\/p>\n<p>Dans le contexte d\u2019une inflation galopante qui affecte les prix du gaz ou des machines, les co\u00fbts de production pourraient devenir rapidement sup\u00e9rieurs au prix de vente, incitant les agriculteurs \u00e0 ralentir leur production. En cons\u00e9quence, l\u2019offre \u00e0 la population argentine s\u2019en trouvera r\u00e9duite, ce qui limitera au final la r\u00e9duction des prix. En 2006, un an apr\u00e8s les restrictions, <strong>la production avait diminu\u00e9 de 20% et 10 000 emplois avaient \u00e9t\u00e9 perdus, tandis que le prix pay\u00e9 par le consommateur final \u00e9tait seulement inf\u00e9rieur de 5%<\/strong>.<\/p>\n<p>Au d\u00e9but de l\u2019ann\u00e9e, le gouvernement avait d\u00e9j\u00e0 arr\u00eat\u00e9 les exportations de ma\u00efs, mais les a rouvertes apr\u00e8s une gr\u00e8ve de 72 heures.<\/p>\n<p><strong><a href=\"https:\/\/www.newsendip.com\/fr\/etiquette\/argentine\/\">D\u00e9couvrez plus d\u2019actualit\u00e9s sur l\u2019Argentine<\/a><\/strong><\/p>\n","protected":false},"excerpt":{"rendered":"<p>L\u2019Argentine a d\u00e9cid\u00e9 d\u2019arr\u00eater les exportations de viande bovine pendant 30 jours afin d\u2019enrayer la hausse des prix dans le&nbsp;pays<\/p>\n","protected":false},"author":1,"featured_media":13551,"comment_status":"closed","ping_status":"closed","sticky":false,"template":"","format":"standard","meta":{"wp_typography_post_enhancements_disabled":false,"footnotes":""},"categories":[414],"tags":[452,421],"class_list":["post-18869","post","type-post","status-publish","format-standard","has-post-thumbnail","hentry","category-economie","tag-argentine","tag-vieux"],"yoast_head":"<!-- This site is optimized with the Yoast SEO Premium plugin v27.4 (Yoast SEO v27.4) - https:\/\/yoast.com\/product\/yoast-seo-premium-wordpress\/ -->\n<title>L&#039;Argentine suspend les exportations de b\u0153uf pendant 30 jours, les agriculteurs cessent la vente<\/title>\n<meta name=\"description\" content=\"L&#039;Argentine a d\u00e9cid\u00e9 d&#039;arr\u00eater les exportations de viande bovine pendant 30 jours afin d&#039;enrayer la hausse des prix dans le pays\" \/>\n<meta name=\"robots\" content=\"index, follow, max-snippet:-1, max-image-preview:large, max-video-preview:-1\" \/>\n<link rel=\"canonical\" href=\"https:\/\/www.newsendip.com\/fr\/largentine-suspend-les-exportations-de-boeuf-pendant-30-jours-les-agriculteurs-cessent-la-vente\/\" \/>\n<meta property=\"og:locale\" content=\"fr_FR\" \/>\n<meta property=\"og:type\" content=\"article\" \/>\n<meta property=\"og:title\" content=\"L&#039;Argentine suspend les exportations de b\u0153uf pendant 30 jours, les agriculteurs cessent la vente\" \/>\n<meta property=\"og:description\" content=\"L&#039;Argentine a d\u00e9cid\u00e9 d&#039;arr\u00eater les exportations de viande bovine pendant 30 jours afin d&#039;enrayer la hausse des prix dans le pays\" \/>\n<meta property=\"og:url\" content=\"https:\/\/www.newsendip.com\/fr\/largentine-suspend-les-exportations-de-boeuf-pendant-30-jours-les-agriculteurs-cessent-la-vente\/\" \/>\n<meta property=\"og:site_name\" content=\"Newsendip\" \/>\n<meta property=\"article:publisher\" content=\"https:\/\/www.facebook.com\/newsendip\" \/>\n<meta property=\"article:published_time\" content=\"2021-05-20T05:00:00+00:00\" \/>\n<meta property=\"article:modified_time\" content=\"2024-07-23T15:59:45+00:00\" \/>\n<meta property=\"og:image\" content=\"https:\/\/www.newsendip.com\/wp-content\/uploads\/2021\/05\/beef-argentina-export-ban-2021.jpg\" \/>\n\t<meta property=\"og:image:width\" content=\"640\" \/>\n\t<meta property=\"og:image:height\" content=\"356\" \/>\n\t<meta property=\"og:image:type\" content=\"image\/jpeg\" \/>\n<meta name=\"author\" content=\"Cl\u00e9ment V\u00e9rit\u00e9\" \/>\n<meta name=\"twitter:card\" content=\"summary_large_image\" \/>\n<meta name=\"twitter:creator\" content=\"@https:\/\/twitter.com\/cverite\" \/>\n<meta name=\"twitter:site\" content=\"@newsendip\" \/>\n<meta name=\"twitter:label1\" content=\"\u00c9crit par\" \/>\n\t<meta name=\"twitter:data1\" content=\"Cl\u00e9ment V\u00e9rit\u00e9\" \/>\n\t<meta name=\"twitter:label2\" content=\"Dur\u00e9e de lecture estim\u00e9e\" \/>\n\t<meta name=\"twitter:data2\" content=\"5 minutes\" \/>\n<!-- \/ Yoast SEO Premium plugin. -->","yoast_head_json":{"title":"L'Argentine suspend les exportations de b\u0153uf pendant 30 jours, les agriculteurs cessent la vente","description":"L'Argentine a d\u00e9cid\u00e9 d'arr\u00eater les exportations de viande bovine pendant 30 jours afin d'enrayer la hausse des prix dans le pays","robots":{"index":"index","follow":"follow","max-snippet":"max-snippet:-1","max-image-preview":"max-image-preview:large","max-video-preview":"max-video-preview:-1"},"canonical":"https:\/\/www.newsendip.com\/fr\/largentine-suspend-les-exportations-de-boeuf-pendant-30-jours-les-agriculteurs-cessent-la-vente\/","og_locale":"fr_FR","og_type":"article","og_title":"L'Argentine suspend les exportations de b\u0153uf pendant 30 jours, les agriculteurs cessent la vente","og_description":"L'Argentine a d\u00e9cid\u00e9 d'arr\u00eater les exportations de viande bovine pendant 30 jours afin d'enrayer la hausse des prix dans le pays","og_url":"https:\/\/www.newsendip.com\/fr\/largentine-suspend-les-exportations-de-boeuf-pendant-30-jours-les-agriculteurs-cessent-la-vente\/","og_site_name":"Newsendip","article_publisher":"https:\/\/www.facebook.com\/newsendip","article_published_time":"2021-05-20T05:00:00+00:00","article_modified_time":"2024-07-23T15:59:45+00:00","og_image":[{"width":640,"height":356,"url":"https:\/\/www.newsendip.com\/wp-content\/uploads\/2021\/05\/beef-argentina-export-ban-2021.jpg","type":"image\/jpeg"}],"author":"Cl\u00e9ment V\u00e9rit\u00e9","twitter_card":"summary_large_image","twitter_creator":"@https:\/\/twitter.com\/cverite","twitter_site":"@newsendip","twitter_misc":{"\u00c9crit par":"Cl\u00e9ment V\u00e9rit\u00e9","Dur\u00e9e de lecture estim\u00e9e":"5 minutes"},"schema":{"@context":"https:\/\/schema.org","@graph":[{"@type":"NewsArticle","@id":"https:\/\/www.newsendip.com\/fr\/largentine-suspend-les-exportations-de-boeuf-pendant-30-jours-les-agriculteurs-cessent-la-vente\/#article","isPartOf":{"@id":"https:\/\/www.newsendip.com\/fr\/largentine-suspend-les-exportations-de-boeuf-pendant-30-jours-les-agriculteurs-cessent-la-vente\/"},"author":{"name":"Cl\u00e9ment V\u00e9rit\u00e9","@id":"https:\/\/www.newsendip.com\/fr\/#\/schema\/person\/ea22c01755f464a3cbc2c619584d6363"},"headline":"L\u2019Argentine suspend les exportations de b\u0153uf pendant 30 jours, les agriculteurs cessent la&nbsp;vente","datePublished":"2021-05-20T05:00:00+00:00","dateModified":"2024-07-23T15:59:45+00:00","mainEntityOfPage":{"@id":"https:\/\/www.newsendip.com\/fr\/largentine-suspend-les-exportations-de-boeuf-pendant-30-jours-les-agriculteurs-cessent-la-vente\/"},"wordCount":897,"publisher":{"@id":"https:\/\/www.newsendip.com\/fr\/#organization"},"image":{"@id":"https:\/\/www.newsendip.com\/fr\/largentine-suspend-les-exportations-de-boeuf-pendant-30-jours-les-agriculteurs-cessent-la-vente\/#primaryimage"},"thumbnailUrl":"https:\/\/www.newsendip.com\/wp-content\/uploads\/2021\/05\/beef-argentina-export-ban-2021.jpg","keywords":["Argentine","Vieux"],"articleSection":["\u00c9conomie"],"inLanguage":"fr-FR","copyrightYear":"2021","copyrightHolder":{"@id":"https:\/\/www.newsendip.com\/#organization"}},{"@type":"WebPage","@id":"https:\/\/www.newsendip.com\/fr\/largentine-suspend-les-exportations-de-boeuf-pendant-30-jours-les-agriculteurs-cessent-la-vente\/","url":"https:\/\/www.newsendip.com\/fr\/largentine-suspend-les-exportations-de-boeuf-pendant-30-jours-les-agriculteurs-cessent-la-vente\/","name":"L'Argentine suspend les exportations de b\u0153uf pendant 30 jours, les agriculteurs cessent la vente","isPartOf":{"@id":"https:\/\/www.newsendip.com\/fr\/#website"},"primaryImageOfPage":{"@id":"https:\/\/www.newsendip.com\/fr\/largentine-suspend-les-exportations-de-boeuf-pendant-30-jours-les-agriculteurs-cessent-la-vente\/#primaryimage"},"image":{"@id":"https:\/\/www.newsendip.com\/fr\/largentine-suspend-les-exportations-de-boeuf-pendant-30-jours-les-agriculteurs-cessent-la-vente\/#primaryimage"},"thumbnailUrl":"https:\/\/www.newsendip.com\/wp-content\/uploads\/2021\/05\/beef-argentina-export-ban-2021.jpg","datePublished":"2021-05-20T05:00:00+00:00","dateModified":"2024-07-23T15:59:45+00:00","description":"L'Argentine a d\u00e9cid\u00e9 d'arr\u00eater les exportations de viande bovine pendant 30 jours afin d'enrayer la hausse des prix dans le pays","breadcrumb":{"@id":"https:\/\/www.newsendip.com\/fr\/largentine-suspend-les-exportations-de-boeuf-pendant-30-jours-les-agriculteurs-cessent-la-vente\/#breadcrumb"},"inLanguage":"fr-FR","potentialAction":[{"@type":"ReadAction","target":["https:\/\/www.newsendip.com\/fr\/largentine-suspend-les-exportations-de-boeuf-pendant-30-jours-les-agriculteurs-cessent-la-vente\/"]}]},{"@type":"ImageObject","inLanguage":"fr-FR","@id":"https:\/\/www.newsendip.com\/fr\/largentine-suspend-les-exportations-de-boeuf-pendant-30-jours-les-agriculteurs-cessent-la-vente\/#primaryimage","url":"https:\/\/www.newsendip.com\/wp-content\/uploads\/2021\/05\/beef-argentina-export-ban-2021.jpg","contentUrl":"https:\/\/www.newsendip.com\/wp-content\/uploads\/2021\/05\/beef-argentina-export-ban-2021.jpg","width":640,"height":356,"caption":"Avec l'interdiction d'exporter, les agriculteurs argentins ont d\u00e9cid\u00e9 de cesser toute activit\u00e9 pendant 9 jours. A long terme, ils pourraient d\u00e9cider de r\u00e9duire leur production de viande."},{"@type":"BreadcrumbList","@id":"https:\/\/www.newsendip.com\/fr\/largentine-suspend-les-exportations-de-boeuf-pendant-30-jours-les-agriculteurs-cessent-la-vente\/#breadcrumb","itemListElement":[{"@type":"ListItem","position":1,"name":"Accueil","item":"https:\/\/www.newsendip.com\/fr\/"},{"@type":"ListItem","position":2,"name":"L&#8217;Argentine suspend les exportations de b\u0153uf pendant 30 jours, les agriculteurs cessent la vente"}]},{"@type":"WebSite","@id":"https:\/\/www.newsendip.com\/fr\/#website","url":"https:\/\/www.newsendip.com\/fr\/","name":"Newsendip","description":"Red\u00e9couvrez l&#039;actualit\u00e9 internationale","publisher":{"@id":"https:\/\/www.newsendip.com\/fr\/#organization"},"potentialAction":[{"@type":"SearchAction","target":{"@type":"EntryPoint","urlTemplate":"https:\/\/www.newsendip.com\/fr\/?s={search_term_string}"},"query-input":{"@type":"PropertyValueSpecification","valueRequired":true,"valueName":"search_term_string"}}],"inLanguage":"fr-FR"},{"@type":"Organization","@id":"https:\/\/www.newsendip.com\/fr\/#organization","name":"Newsendip","url":"https:\/\/www.newsendip.com\/fr\/","logo":{"@type":"ImageObject","inLanguage":"fr-FR","@id":"https:\/\/www.newsendip.com\/fr\/#\/schema\/logo\/image\/","url":"https:\/\/www.newsendip.com\/wp-content\/uploads\/2023\/12\/512x512.svg","contentUrl":"https:\/\/www.newsendip.com\/wp-content\/uploads\/2023\/12\/512x512.svg","width":1,"height":1,"caption":"Newsendip"},"image":{"@id":"https:\/\/www.newsendip.com\/fr\/#\/schema\/logo\/image\/"},"sameAs":["https:\/\/www.facebook.com\/newsendip","https:\/\/x.com\/newsendip","https:\/\/mastodon.social\/@newsendip","https:\/\/www.linkedin.com\/company\/newsendip"],"description":"Newsendip est un site qui a pour mission de rendre l'actualit\u00e9 internationale accessible et diversifi\u00e9e","email":"contact@newsendip.com","legalName":"Newsendip SAS","foundingDate":"2022-11-04","vatID":"FR60921124723","numberOfEmployees":{"@type":"QuantitativeValue","minValue":"1","maxValue":"10"},"publishingPrinciples":"https:\/\/www.newsendip.com\/about-us\/","ownershipFundingInfo":"https:\/\/www.newsendip.com\/legal-notice\/","actionableFeedbackPolicy":"https:\/\/www.newsendip.com\/about-us\/","correctionsPolicy":"https:\/\/www.newsendip.com\/about-us\/","ethicsPolicy":"https:\/\/www.newsendip.com\/about-us\/","diversityPolicy":"https:\/\/www.newsendip.com\/about-us\/"},{"@type":"Person","@id":"https:\/\/www.newsendip.com\/fr\/#\/schema\/person\/ea22c01755f464a3cbc2c619584d6363","name":"Cl\u00e9ment V\u00e9rit\u00e9","description":"Cl\u00e9ment is the executive editor and founder of Newsendip. He started in the media industry as a freelance reporter at 16 for a local French newspaper after school and has never left it. He later worked for seven years at The New York Times, notably as a data analyst. He holds a Master of Management in France and a Master of Arts in the United Kingdom in International Marketing &amp; Communications Strategy. He has lived in France, the United Kingdom, and Italy.","sameAs":["https:\/\/www.newsendip.com\/","https:\/\/www.linkedin.com\/in\/clementverite\/","https:\/\/x.com\/https:\/\/twitter.com\/cverite"],"knowsAbout":["News","International","Business","Media monitoring"],"knowsLanguage":["English","French","Italian","Spanish"],"url":"https:\/\/www.newsendip.com\/fr\/author\/clement-verite\/"}]}},"_links":{"self":[{"href":"https:\/\/www.newsendip.com\/fr\/wp-json\/wp\/v2\/posts\/18869","targetHints":{"allow":["GET"]}}],"collection":[{"href":"https:\/\/www.newsendip.com\/fr\/wp-json\/wp\/v2\/posts"}],"about":[{"href":"https:\/\/www.newsendip.com\/fr\/wp-json\/wp\/v2\/types\/post"}],"author":[{"embeddable":true,"href":"https:\/\/www.newsendip.com\/fr\/wp-json\/wp\/v2\/users\/1"}],"replies":[{"embeddable":true,"href":"https:\/\/www.newsendip.com\/fr\/wp-json\/wp\/v2\/comments?post=18869"}],"version-history":[{"count":0,"href":"https:\/\/www.newsendip.com\/fr\/wp-json\/wp\/v2\/posts\/18869\/revisions"}],"wp:featuredmedia":[{"embeddable":true,"href":"https:\/\/www.newsendip.com\/fr\/wp-json\/wp\/v2\/media\/13551"}],"wp:attachment":[{"href":"https:\/\/www.newsendip.com\/fr\/wp-json\/wp\/v2\/media?parent=18869"}],"wp:term":[{"taxonomy":"category","embeddable":true,"href":"https:\/\/www.newsendip.com\/fr\/wp-json\/wp\/v2\/categories?post=18869"},{"taxonomy":"post_tag","embeddable":true,"href":"https:\/\/www.newsendip.com\/fr\/wp-json\/wp\/v2\/tags?post=18869"}],"curies":[{"name":"wp","href":"https:\/\/api.w.org\/{rel}","templated":true}]}}