{"id":18874,"date":"2022-01-24T16:34:32","date_gmt":"2022-01-24T15:34:32","guid":{"rendered":"https:\/\/www.newsendip.com\/?p=18874"},"modified":"2022-08-02T16:06:22","modified_gmt":"2022-08-02T14:06:22","slug":"bolsonaro-renonce-a-une-augmentation-de-salaire-promise-a-la-police-pour-linstant","status":"publish","type":"post","link":"https:\/\/www.newsendip.com\/fr\/bolsonaro-renonce-a-une-augmentation-de-salaire-promise-a-la-police-pour-linstant\/","title":{"rendered":"Bolsonaro renonce \u00e0 une augmentation de salaire promise \u00e0 la police, pour l\u2019instant"},"content":{"rendered":"<p><strong>Le pr\u00e9sident du Br\u00e9sil a sign\u00e9 le budget f\u00e9d\u00e9ral pour 2022 et n\u2019a pas augment\u00e9 le salaire des policiers pour le moment. Mais le budget pr\u00e9voit toujours cette d\u00e9pense. Son intention a r\u00e9veill\u00e9 les revendications des autres employ\u00e9s du secteur public.<br>\n<\/strong><\/p>\n<figure id=\"attachment_13953\" aria-describedby=\"caption-attachment-13953\" style=\"width: 1024px\" class=\"wp-caption aligncenter\"><img decoding=\"async\" class=\"wp-image-13953 size-large\" src=\"https:\/\/www.newsendip.com\/wp-content\/uploads\/2022\/01\/bolsonaro-brazil-federal-police-1024x683.webp\" alt=\"Discours de Jair Bolsonaro aux policiers f\u00e9d\u00e9raux du Br\u00e9sil\" width=\"1024\" height=\"683\" srcset=\"https:\/\/www.newsendip.com\/wp-content\/uploads\/2022\/01\/bolsonaro-brazil-federal-police-1024x683.webp 1024w, https:\/\/www.newsendip.com\/wp-content\/uploads\/2022\/01\/bolsonaro-brazil-federal-police-60x40.webp 60w, https:\/\/www.newsendip.com\/wp-content\/uploads\/2022\/01\/bolsonaro-brazil-federal-police-720x480.webp 720w, https:\/\/www.newsendip.com\/wp-content\/uploads\/2022\/01\/bolsonaro-brazil-federal-police-300x200.webp 300w, https:\/\/www.newsendip.com\/wp-content\/uploads\/2022\/01\/bolsonaro-brazil-federal-police-768x512.webp 768w, https:\/\/www.newsendip.com\/wp-content\/uploads\/2022\/01\/bolsonaro-brazil-federal-police-1536x1024.webp 1536w, https:\/\/www.newsendip.com\/wp-content\/uploads\/2022\/01\/bolsonaro-brazil-federal-police.webp 2048w\" sizes=\"(max-width: 1024px) 100vw, 1024px\"><figcaption id=\"caption-attachment-13953\" class=\"wp-caption-text\">Bolsonaro souhaiterait offrir une augmentation de salaire aux officiers de police f\u00e9d\u00e9raux | \u00a9 Pal\u00e1cio do Planalto, 2020<\/figcaption><\/figure>\n<p>Le pr\u00e9sident du Br\u00e9sil, Jair Bolsonaro, a sign\u00e9 le 21 janvier le budget f\u00e9d\u00e9ral pour 2022 et a \u00e9vit\u00e9 d\u2019ajouter de la tension en suspendant les augmentations de salaire des policiers.<\/p>\n<p>Mais s\u2019il repousse pour l\u2019instant l\u2019augmentation de salaire qu\u2019il voulait offrir aux policiers en 2022, <strong>la d\u00e9pense est toujours pr\u00e9vue dans le budget<\/strong>.<\/p>\n<p>Les <a href=\"https:\/\/www.newsendip.com\/fr\/74-de-la-police-bresilienne-favorables-a-lacces-aux-armes-a-feu-pour-les-civils\/\">policiers br\u00e9siliens<\/a> constituent une corporation de partisans fid\u00e8les de Bolsonaro et le pr\u00e9sident leur avait dit qu\u2019il augmenterait leur salaire en&nbsp;2022.<\/p>\n<p>La version finale du budget avait \u00e9t\u00e9 vot\u00e9e au Congr\u00e8s en d\u00e9cembre dernier et pr\u00e9voyait 1,7 milliard de r\u00e9aux (313 millions de dollars) pour les <a href=\"https:\/\/www.newsendip.com\/fr\/jair-bolsonaro-et-le-sujet-delicat-du-salaire-des-fonctionnaires-bresil-budget-inflation-elections\/\">augmentations de salaire dans le secteur public<\/a>, soit moins que ce que le pr\u00e9sident voulait initialement allouer aux forces de police.<\/p>\n<p>Mais le pr\u00e9sident a d\u00e9cid\u00e9 la semaine derni\u00e8re de <strong>suspendre les r\u00e9ajustements de salaires en avan\u00e7ant un manque de moyens<\/strong>.<\/p>\n<h2>Le Br\u00e9sil n\u2019a pas les ressources financi\u00e8res n\u00e9cessaires pour augmenter les salaires de tous les fonctionnaires<\/h2>\n<p>\u00ab\u202f<em>Les fonctionnaires m\u00e9ritent une augmentation mais il n\u2019y a pas de possibilit\u00e9s dans le budget pour cette ann\u00e9e\u202f\u00bb<\/em>, a expliqu\u00e9 M. Bolsonaro lors d\u2019une interview radio pour <a href=\"https:\/\/jovempan.com.br\/programas\/os-pingos-nos-is\/nao-quero-que-a-gente-cometa-injustica-com-servidores-publicos-afirma-bolsonaro.html\"><em>Jovem Pan News<\/em><\/a> le 19 janvier.<\/p>\n<p>Le Congr\u00e8s avait sous-estim\u00e9 le budget de 9 milliards de r\u00e9aux selon le minist\u00e8re de l\u2019\u00c9conomie. Environ 3 milliards \u00e9taient cens\u00e9s \u00eatre coup\u00e9 pour couvrir les d\u00e9penses de l\u2019administration.<\/p>\n<p>En signant le budget 2022, le pr\u00e9sident a d\u00e9clar\u00e9 qu\u2019il avait \u00e9t\u00e9 \u00ab\u202f<em>contraint d\u2019opposer son veto<\/em>\u202f\u00bb \u00e0 2,8 milliards de r\u00e9aux, soit moins qu\u2019attendu, dans les ressources allou\u00e9es \u00e0 la recherche, \u00e0 l\u2019\u00e9ducation ou \u00e0 l\u2019emploi par exemple.<\/p>\n<p><strong>Bolsonaro a toutefois conserv\u00e9 les 1,7 milliard de r\u00e9aux consacr\u00e9s aux augmentations de salaire des fonctionnaires<\/strong>. Aucune d\u00e9cision n\u2019a \u00e9t\u00e9 prise quant \u00e0 l\u2019affectation de cet argent pour le moment, \u00e9vitant de cr\u00e9er davantage de tension avec les cat\u00e9gories de fonctionnaires laiss\u00e9es de c\u00f4t\u00e9 dans le cadre de l\u2019augmentation des salaires.<\/p>\n<p>Il aurait \u00e9t\u00e9 conseill\u00e9 au pr\u00e9sident de <a href=\"https:\/\/www.cnnbrasil.com.br\/business\/bolsonaro-deve-manter-r-17-bi-para-reajuste-mas-aumento-a-servidores-segue-em-suspenso\/\">calmer la pol\u00e9mique<\/a> et d\u2019\u00e9viter de faire trop de remous autour des augmentations de salaire des fonctionnaires en pleine p\u00e9riode de propagation du variant Omicron et de la pression sur le syst\u00e8me de sant\u00e9 br\u00e9silien.<\/p>\n<p>\u00c0 l\u2019origine, Bolsonaro n\u2019avait pas fait myst\u00e8re de sa volont\u00e9 d\u2019offrir une augmentation aux employ\u00e9s de la police f\u00e9d\u00e9rale, de la police f\u00e9d\u00e9rale des autoroutes et du d\u00e9partement p\u00e9nitentiaire national.<\/p>\n<p>En d\u00e9cembre, le pr\u00e9sident avaient d\u00e9clar\u00e9 que les hausses s\u2019\u00e9l\u00e8veraient \u00e0 2,8 milliards de r\u00e9aux en 2022, soit plus que ce que le Congr\u00e8s a finalement approuv\u00e9. Il pr\u00e9voyait \u00e9galement une enveloppe d\u2019un <strong>total de 11 milliards de r\u00e9aux d\u2019ici 2024 pour les forces de police<\/strong>.<\/p>\n<p>Plus t\u00f4t en novembre, M. Bolsonaro avait \u00e9galement \u00e9voqu\u00e9 une augmentation de salaire pour tous les fonctionnaires.<\/p>\n<h2>Essayer de ne pas contrarier tout le monde en suspendant les augmentations de salaire de la police<\/h2>\n<p>La police br\u00e9silienne repr\u00e9sente une part importante de l\u2019\u00e9lectorat de Bolsonaro, qui briguera un nouveau mandat lors des <a href=\"https:\/\/www.newsendip.com\/fr\/jair-bolsonaro-se-prepare-aux-elections-presidentielles-de-2022-et-adhere-a-un-parti-politique\/\">\u00e9lections pr\u00e9sidentielles<\/a> d\u2019octobre 2022.<\/p>\n<p>Mais selon <em><a href=\"https:\/\/blogs.oglobo.globo.com\/lauro-jardim\/post\/o-conselho-de-dois-ministros-para-bolsonaro-sobre-o-reajuste-policiais-federais.html\">O Globo<\/a>,<\/em> des membres de son \u00e9quipe lui ont d\u00e9conseill\u00e9 d\u2019augmenter les salaires des policiers, estimant qu\u2019il \u00e9tait \u00ab\u202f<em>pr\u00e9f\u00e9rable d\u2019arr\u00eater de plaire \u00e0 6 000 plut\u00f4t que d\u2019en contrarier 600 000<\/em>\u2033.<\/p>\n<p>L\u2019intention initiale du pr\u00e9sident br\u00e9silien a en effet <strong>irrit\u00e9 d\u2019autres cat\u00e9gories du secteur public<\/strong>, entra\u00eenant des gr\u00e8ves et des manifestations comme \u00e0 la Banque nationale ou chez les douaniers.<\/p>\n<p>Plus d\u2019un <strong>millier de fonctionnaires ont remis leur lettre de d\u00e9mission<\/strong> afin de faire pression sur le gouvernement pour obtenir des augmentations de salaire. Les douanes ont \u00e9galement bloqu\u00e9 l\u2019entr\u00e9e dans le pays de camions transportant de la <a href=\"https:\/\/www.newsendip.com\/fr\/les-autorites-argentines-veulent-maintenir-les-restrictions-sur-les-exportations-de-boeuf-en-2022\/\">nourriture \u00e0 la fronti\u00e8re argentine<\/a>.<\/p>\n<p>Le Br\u00e9sil est confront\u00e9 \u00e0 des difficult\u00e9s \u00e9conomiques et des taux d\u2019inflation \u00e9lev\u00e9s. La hausse des prix \u00e0 la consommation a atteint un taux de 10\u202f% en&nbsp;2021.<\/p>\n<p>Dans ce contexte, le salaire minimum f\u00e9d\u00e9ral dans le pays a augment\u00e9 en janvier de 10\u202f%, passant de 1 100 \u00e0 1 212 r\u00e9aux (223 dollars\u202f; les gouvernements des \u00c9tats peuvent d\u00e9cider d\u2019un minimum plus \u00e9lev\u00e9). Mais les salaires de la plupart des fonctionnaires sont gel\u00e9s depuis cinq&nbsp;ans.<\/p>\n<p>M. Bolsonaro a assur\u00e9 qu\u2019il y aurait des augmentations de salaire pour le secteur public en 2023. Toutefois, le prochain budget sera d\u00e9cid\u00e9 par le Congr\u00e8s, et M. Bolsonaro, mais seulement s\u2019il est \u00e9lu pr\u00e9sident pour un nouveau mandat en octobre.<\/p>\n<p>M. Bolsonaro a d\u00fb signer le budget pour 2022 le 21 janvier, bien que sa m\u00e8re soit d\u00e9c\u00e9d\u00e9e le matin \u00e0 l\u2019\u00e2ge de 94 ans, et qu\u2019il n\u2019ait pas examin\u00e9 les d\u00e9tails avec attention, a\u2011t-il d\u00e9clar\u00e9.<\/p>\n<p>Il a \u00e9galement approuv\u00e9 les fonds pour les \u00e9lections municipales de 2022, l\u2019un des points les plus controvers\u00e9s car il les avait trouv\u00e9s excessifs.<\/p>\n<p><strong><a href=\"https:\/\/www.newsendip.com\/fr\/etiquette\/bresil\/\">D\u00e9couvrez plus d\u2019actualit\u00e9s sur le Br\u00e9sil<\/a><\/strong><\/p>\n","protected":false},"excerpt":{"rendered":"<p>Le pr\u00e9sident du Br\u00e9sil a sign\u00e9 le budget f\u00e9d\u00e9ral pour 2022 et n\u2019a pas augment\u00e9 le salaire des policiers pour le moment. Mais le budget pr\u00e9voit toujours cette d\u00e9pense.<\/p>\n","protected":false},"author":1,"featured_media":13953,"comment_status":"closed","ping_status":"closed","sticky":false,"template":"","format":"standard","meta":{"wp_typography_post_enhancements_disabled":false,"footnotes":""},"categories":[416],"tags":[455,421],"class_list":["post-18874","post","type-post","status-publish","format-standard","has-post-thumbnail","hentry","category-politique","tag-bresil","tag-vieux"],"yoast_head":"<!-- This site is optimized with the Yoast SEO Premium plugin v27.4 (Yoast SEO v27.4) - https:\/\/yoast.com\/product\/yoast-seo-premium-wordpress\/ -->\n<title>Bolsonaro renonce \u00e0 une augmentation de salaire promise \u00e0 la police, pour l&#039;instant<\/title>\n<meta name=\"description\" content=\"Le pr\u00e9sident du Br\u00e9sil a sign\u00e9 le budget f\u00e9d\u00e9ral pour 2022 et n&#039;a pas augment\u00e9 le salaire des policiers pour le moment. Mais le budget pr\u00e9voit toujours cette d\u00e9pense.\" \/>\n<meta name=\"robots\" content=\"index, follow, max-snippet:-1, max-image-preview:large, max-video-preview:-1\" \/>\n<link rel=\"canonical\" href=\"https:\/\/www.newsendip.com\/fr\/bolsonaro-renonce-a-une-augmentation-de-salaire-promise-a-la-police-pour-linstant\/\" \/>\n<meta property=\"og:locale\" content=\"fr_FR\" \/>\n<meta property=\"og:type\" content=\"article\" \/>\n<meta property=\"og:title\" content=\"Bolsonaro renonce \u00e0 une augmentation de salaire promise \u00e0 la police, pour l&#039;instant\" \/>\n<meta property=\"og:description\" content=\"Le pr\u00e9sident du Br\u00e9sil a sign\u00e9 le budget f\u00e9d\u00e9ral pour 2022 et n&#039;a pas augment\u00e9 le salaire des policiers pour le moment. Mais le budget pr\u00e9voit toujours cette d\u00e9pense.\" \/>\n<meta property=\"og:url\" content=\"https:\/\/www.newsendip.com\/fr\/bolsonaro-renonce-a-une-augmentation-de-salaire-promise-a-la-police-pour-linstant\/\" \/>\n<meta property=\"og:site_name\" content=\"Newsendip\" \/>\n<meta property=\"article:publisher\" content=\"https:\/\/www.facebook.com\/newsendip\" \/>\n<meta property=\"article:published_time\" content=\"2022-01-24T15:34:32+00:00\" \/>\n<meta property=\"article:modified_time\" content=\"2022-08-02T14:06:22+00:00\" \/>\n<meta property=\"og:image\" content=\"https:\/\/www.newsendip.com\/wp-content\/uploads\/2022\/01\/bolsonaro-brazil-federal-police-progressive.jpeg\" \/>\n\t<meta property=\"og:image:width\" content=\"2048\" \/>\n\t<meta property=\"og:image:height\" content=\"1365\" \/>\n\t<meta property=\"og:image:type\" content=\"image\/jpeg\" \/>\n<meta name=\"author\" content=\"Cl\u00e9ment V\u00e9rit\u00e9\" \/>\n<meta name=\"twitter:card\" content=\"summary_large_image\" \/>\n<meta name=\"twitter:creator\" content=\"@https:\/\/twitter.com\/cverite\" \/>\n<meta name=\"twitter:site\" content=\"@newsendip\" \/>\n<meta name=\"twitter:label1\" content=\"\u00c9crit par\" \/>\n\t<meta name=\"twitter:data1\" content=\"Cl\u00e9ment V\u00e9rit\u00e9\" \/>\n\t<meta name=\"twitter:label2\" content=\"Dur\u00e9e de lecture estim\u00e9e\" \/>\n\t<meta name=\"twitter:data2\" content=\"4 minutes\" \/>\n<!-- \/ Yoast SEO Premium plugin. -->","yoast_head_json":{"title":"Bolsonaro renonce \u00e0 une augmentation de salaire promise \u00e0 la police, pour l'instant","description":"Le pr\u00e9sident du Br\u00e9sil a sign\u00e9 le budget f\u00e9d\u00e9ral pour 2022 et n'a pas augment\u00e9 le salaire des policiers pour le moment. Mais le budget pr\u00e9voit toujours cette d\u00e9pense.","robots":{"index":"index","follow":"follow","max-snippet":"max-snippet:-1","max-image-preview":"max-image-preview:large","max-video-preview":"max-video-preview:-1"},"canonical":"https:\/\/www.newsendip.com\/fr\/bolsonaro-renonce-a-une-augmentation-de-salaire-promise-a-la-police-pour-linstant\/","og_locale":"fr_FR","og_type":"article","og_title":"Bolsonaro renonce \u00e0 une augmentation de salaire promise \u00e0 la police, pour l'instant","og_description":"Le pr\u00e9sident du Br\u00e9sil a sign\u00e9 le budget f\u00e9d\u00e9ral pour 2022 et n'a pas augment\u00e9 le salaire des policiers pour le moment. Mais le budget pr\u00e9voit toujours cette d\u00e9pense.","og_url":"https:\/\/www.newsendip.com\/fr\/bolsonaro-renonce-a-une-augmentation-de-salaire-promise-a-la-police-pour-linstant\/","og_site_name":"Newsendip","article_publisher":"https:\/\/www.facebook.com\/newsendip","article_published_time":"2022-01-24T15:34:32+00:00","article_modified_time":"2022-08-02T14:06:22+00:00","og_image":[{"width":2048,"height":1365,"url":"https:\/\/www.newsendip.com\/wp-content\/uploads\/2022\/01\/bolsonaro-brazil-federal-police-progressive.jpeg","type":"image\/jpeg"}],"author":"Cl\u00e9ment V\u00e9rit\u00e9","twitter_card":"summary_large_image","twitter_creator":"@https:\/\/twitter.com\/cverite","twitter_site":"@newsendip","twitter_misc":{"\u00c9crit par":"Cl\u00e9ment V\u00e9rit\u00e9","Dur\u00e9e de lecture estim\u00e9e":"4 minutes"},"schema":{"@context":"https:\/\/schema.org","@graph":[{"@type":"NewsArticle","@id":"https:\/\/www.newsendip.com\/fr\/bolsonaro-renonce-a-une-augmentation-de-salaire-promise-a-la-police-pour-linstant\/#article","isPartOf":{"@id":"https:\/\/www.newsendip.com\/fr\/bolsonaro-renonce-a-une-augmentation-de-salaire-promise-a-la-police-pour-linstant\/"},"author":{"name":"Cl\u00e9ment V\u00e9rit\u00e9","@id":"https:\/\/www.newsendip.com\/fr\/#\/schema\/person\/ea22c01755f464a3cbc2c619584d6363"},"headline":"Bolsonaro renonce \u00e0 une augmentation de salaire promise \u00e0 la police, pour l\u2019instant","datePublished":"2022-01-24T15:34:32+00:00","dateModified":"2022-08-02T14:06:22+00:00","mainEntityOfPage":{"@id":"https:\/\/www.newsendip.com\/fr\/bolsonaro-renonce-a-une-augmentation-de-salaire-promise-a-la-police-pour-linstant\/"},"wordCount":958,"publisher":{"@id":"https:\/\/www.newsendip.com\/fr\/#organization"},"image":{"@id":"https:\/\/www.newsendip.com\/fr\/bolsonaro-renonce-a-une-augmentation-de-salaire-promise-a-la-police-pour-linstant\/#primaryimage"},"thumbnailUrl":"https:\/\/www.newsendip.com\/wp-content\/uploads\/2022\/01\/bolsonaro-brazil-federal-police.webp","keywords":["Br\u00e9sil","Vieux"],"articleSection":["Politique"],"inLanguage":"fr-FR","copyrightYear":"2022","copyrightHolder":{"@id":"https:\/\/www.newsendip.com\/#organization"}},{"@type":"WebPage","@id":"https:\/\/www.newsendip.com\/fr\/bolsonaro-renonce-a-une-augmentation-de-salaire-promise-a-la-police-pour-linstant\/","url":"https:\/\/www.newsendip.com\/fr\/bolsonaro-renonce-a-une-augmentation-de-salaire-promise-a-la-police-pour-linstant\/","name":"Bolsonaro renonce \u00e0 une augmentation de salaire promise \u00e0 la police, pour l'instant","isPartOf":{"@id":"https:\/\/www.newsendip.com\/fr\/#website"},"primaryImageOfPage":{"@id":"https:\/\/www.newsendip.com\/fr\/bolsonaro-renonce-a-une-augmentation-de-salaire-promise-a-la-police-pour-linstant\/#primaryimage"},"image":{"@id":"https:\/\/www.newsendip.com\/fr\/bolsonaro-renonce-a-une-augmentation-de-salaire-promise-a-la-police-pour-linstant\/#primaryimage"},"thumbnailUrl":"https:\/\/www.newsendip.com\/wp-content\/uploads\/2022\/01\/bolsonaro-brazil-federal-police.webp","datePublished":"2022-01-24T15:34:32+00:00","dateModified":"2022-08-02T14:06:22+00:00","description":"Le pr\u00e9sident du Br\u00e9sil a sign\u00e9 le budget f\u00e9d\u00e9ral pour 2022 et n'a pas augment\u00e9 le salaire des policiers pour le moment. Mais le budget pr\u00e9voit toujours cette d\u00e9pense.","breadcrumb":{"@id":"https:\/\/www.newsendip.com\/fr\/bolsonaro-renonce-a-une-augmentation-de-salaire-promise-a-la-police-pour-linstant\/#breadcrumb"},"inLanguage":"fr-FR","potentialAction":[{"@type":"ReadAction","target":["https:\/\/www.newsendip.com\/fr\/bolsonaro-renonce-a-une-augmentation-de-salaire-promise-a-la-police-pour-linstant\/"]}]},{"@type":"ImageObject","inLanguage":"fr-FR","@id":"https:\/\/www.newsendip.com\/fr\/bolsonaro-renonce-a-une-augmentation-de-salaire-promise-a-la-police-pour-linstant\/#primaryimage","url":"https:\/\/www.newsendip.com\/wp-content\/uploads\/2022\/01\/bolsonaro-brazil-federal-police.webp","contentUrl":"https:\/\/www.newsendip.com\/wp-content\/uploads\/2022\/01\/bolsonaro-brazil-federal-police.webp","width":2048,"height":1365,"caption":"Bolsonaro souhaiterait offrir une augmentation de salaire aux officiers de police f\u00e9d\u00e9raux | \u00a9 Pal\u00e1cio do Planalto, 2020"},{"@type":"BreadcrumbList","@id":"https:\/\/www.newsendip.com\/fr\/bolsonaro-renonce-a-une-augmentation-de-salaire-promise-a-la-police-pour-linstant\/#breadcrumb","itemListElement":[{"@type":"ListItem","position":1,"name":"Accueil","item":"https:\/\/www.newsendip.com\/fr\/"},{"@type":"ListItem","position":2,"name":"Bolsonaro renonce \u00e0 une augmentation de salaire promise \u00e0 la police, pour l\u2019instant"}]},{"@type":"WebSite","@id":"https:\/\/www.newsendip.com\/fr\/#website","url":"https:\/\/www.newsendip.com\/fr\/","name":"Newsendip","description":"Red\u00e9couvrez l&#039;actualit\u00e9 internationale","publisher":{"@id":"https:\/\/www.newsendip.com\/fr\/#organization"},"potentialAction":[{"@type":"SearchAction","target":{"@type":"EntryPoint","urlTemplate":"https:\/\/www.newsendip.com\/fr\/?s={search_term_string}"},"query-input":{"@type":"PropertyValueSpecification","valueRequired":true,"valueName":"search_term_string"}}],"inLanguage":"fr-FR"},{"@type":"Organization","@id":"https:\/\/www.newsendip.com\/fr\/#organization","name":"Newsendip","url":"https:\/\/www.newsendip.com\/fr\/","logo":{"@type":"ImageObject","inLanguage":"fr-FR","@id":"https:\/\/www.newsendip.com\/fr\/#\/schema\/logo\/image\/","url":"https:\/\/www.newsendip.com\/wp-content\/uploads\/2023\/12\/512x512.svg","contentUrl":"https:\/\/www.newsendip.com\/wp-content\/uploads\/2023\/12\/512x512.svg","width":1,"height":1,"caption":"Newsendip"},"image":{"@id":"https:\/\/www.newsendip.com\/fr\/#\/schema\/logo\/image\/"},"sameAs":["https:\/\/www.facebook.com\/newsendip","https:\/\/x.com\/newsendip","https:\/\/mastodon.social\/@newsendip","https:\/\/www.linkedin.com\/company\/newsendip"],"description":"Newsendip est un site qui a pour mission de rendre l'actualit\u00e9 internationale accessible et diversifi\u00e9e","email":"contact@newsendip.com","legalName":"Newsendip SAS","foundingDate":"2022-11-04","vatID":"FR60921124723","numberOfEmployees":{"@type":"QuantitativeValue","minValue":"1","maxValue":"10"},"publishingPrinciples":"https:\/\/www.newsendip.com\/about-us\/","ownershipFundingInfo":"https:\/\/www.newsendip.com\/legal-notice\/","actionableFeedbackPolicy":"https:\/\/www.newsendip.com\/about-us\/","correctionsPolicy":"https:\/\/www.newsendip.com\/about-us\/","ethicsPolicy":"https:\/\/www.newsendip.com\/about-us\/","diversityPolicy":"https:\/\/www.newsendip.com\/about-us\/"},{"@type":"Person","@id":"https:\/\/www.newsendip.com\/fr\/#\/schema\/person\/ea22c01755f464a3cbc2c619584d6363","name":"Cl\u00e9ment V\u00e9rit\u00e9","description":"Cl\u00e9ment is the executive editor and founder of Newsendip. He started in the media industry as a freelance reporter at 16 for a local French newspaper after school and has never left it. He later worked for seven years at The New York Times, notably as a data analyst. He holds a Master of Management in France and a Master of Arts in the United Kingdom in International Marketing &amp; Communications Strategy. He has lived in France, the United Kingdom, and Italy.","sameAs":["https:\/\/www.newsendip.com\/","https:\/\/www.linkedin.com\/in\/clementverite\/","https:\/\/x.com\/https:\/\/twitter.com\/cverite"],"knowsAbout":["News","International","Business","Media monitoring"],"knowsLanguage":["English","French","Italian","Spanish"],"url":"https:\/\/www.newsendip.com\/fr\/author\/clement-verite\/"}]}},"_links":{"self":[{"href":"https:\/\/www.newsendip.com\/fr\/wp-json\/wp\/v2\/posts\/18874","targetHints":{"allow":["GET"]}}],"collection":[{"href":"https:\/\/www.newsendip.com\/fr\/wp-json\/wp\/v2\/posts"}],"about":[{"href":"https:\/\/www.newsendip.com\/fr\/wp-json\/wp\/v2\/types\/post"}],"author":[{"embeddable":true,"href":"https:\/\/www.newsendip.com\/fr\/wp-json\/wp\/v2\/users\/1"}],"replies":[{"embeddable":true,"href":"https:\/\/www.newsendip.com\/fr\/wp-json\/wp\/v2\/comments?post=18874"}],"version-history":[{"count":0,"href":"https:\/\/www.newsendip.com\/fr\/wp-json\/wp\/v2\/posts\/18874\/revisions"}],"wp:featuredmedia":[{"embeddable":true,"href":"https:\/\/www.newsendip.com\/fr\/wp-json\/wp\/v2\/media\/13953"}],"wp:attachment":[{"href":"https:\/\/www.newsendip.com\/fr\/wp-json\/wp\/v2\/media?parent=18874"}],"wp:term":[{"taxonomy":"category","embeddable":true,"href":"https:\/\/www.newsendip.com\/fr\/wp-json\/wp\/v2\/categories?post=18874"},{"taxonomy":"post_tag","embeddable":true,"href":"https:\/\/www.newsendip.com\/fr\/wp-json\/wp\/v2\/tags?post=18874"}],"curies":[{"name":"wp","href":"https:\/\/api.w.org\/{rel}","templated":true}]}}