{"id":18878,"date":"2022-01-06T11:32:43","date_gmt":"2022-01-06T10:32:43","guid":{"rendered":"https:\/\/www.newsendip.com\/?p=18878"},"modified":"2023-08-31T11:09:01","modified_gmt":"2023-08-31T09:09:01","slug":"le-president-bresilien-jair-bolsonaro-explique-son-occlusion-intestinale-a-cause-dune-crevette","status":"publish","type":"post","link":"https:\/\/www.newsendip.com\/fr\/le-president-bresilien-jair-bolsonaro-explique-son-occlusion-intestinale-a-cause-dune-crevette\/","title":{"rendered":"Le pr\u00e9sident br\u00e9silien Jair Bolsonaro explique son occlusion intestinale \u00e0 cause d\u2019une crevette"},"content":{"rendered":"<p><strong>Le pr\u00e9sident br\u00e9silien Jair Bolsonaro a pass\u00e9 deux jours \u00e0 l\u2019h\u00f4pital \u00e0 cause d\u2019une crevette qu\u2019il a aval\u00e9e mais qu\u2019il n\u2019a pas m\u00e2ch\u00e9e, selon lui et son m\u00e9decin. M. Bolsonaro avait \u00e9t\u00e9 poignard\u00e9 \u00e0 l\u2019abdomen en&nbsp;2018.<br>\n<\/strong><\/p>\n<figure id=\"attachment_13869\" aria-describedby=\"caption-attachment-13869\" style=\"width: 1024px\" class=\"wp-caption aligncenter\"><img decoding=\"async\" class=\"wp-image-13869 size-large\" src=\"https:\/\/www.newsendip.com\/wp-content\/uploads\/2022\/01\/brazil-president-jair-bolsonaro-gut-obstruction-hospital-shrimp-1024x747.webp\" alt=\"Le pr\u00e9sident br\u00e9silien Jair Bolsonaro \u00e0 l'h\u00f4pital apr\u00e8s son occlusion intestinale\" width=\"1024\" height=\"747\" srcset=\"https:\/\/www.newsendip.com\/wp-content\/uploads\/2022\/01\/brazil-president-jair-bolsonaro-gut-obstruction-hospital-shrimp-1024x747.webp 1024w, https:\/\/www.newsendip.com\/wp-content\/uploads\/2022\/01\/brazil-president-jair-bolsonaro-gut-obstruction-hospital-shrimp-60x44.webp 60w, https:\/\/www.newsendip.com\/wp-content\/uploads\/2022\/01\/brazil-president-jair-bolsonaro-gut-obstruction-hospital-shrimp-300x219.webp 300w, https:\/\/www.newsendip.com\/wp-content\/uploads\/2022\/01\/brazil-president-jair-bolsonaro-gut-obstruction-hospital-shrimp-768x560.webp 768w, https:\/\/www.newsendip.com\/wp-content\/uploads\/2022\/01\/brazil-president-jair-bolsonaro-gut-obstruction-hospital-shrimp-1536x1121.webp 1536w, https:\/\/www.newsendip.com\/wp-content\/uploads\/2022\/01\/brazil-president-jair-bolsonaro-gut-obstruction-hospital-shrimp.webp 1731w\" sizes=\"(max-width: 1024px) 100vw, 1024px\"><figcaption id=\"caption-attachment-13869\" class=\"wp-caption-text\">Le pr\u00e9sident br\u00e9silien Jair Bolsonaro \u00e0 l\u2019h\u00f4pital apr\u00e8s son occlusion intestinale | \u00a9 Twitter, jairbolsonaro<\/figcaption><\/figure>\n<p>Le 6 janvier, le <a href=\"https:\/\/www.newsendip.com\/fr\/jair-bolsonaro-le-chef-detat-le-moins-populaire-parmi-13-leaders-du-monde\/\">pr\u00e9sident br\u00e9silien Jair Bolsonaro<\/a> est sorti de l\u2019h\u00f4pital, deux jours apr\u00e8s avoir \u00e9t\u00e9 admis pour une obstruction intestinale.<\/p>\n<p>Les m\u00e9decins ont ins\u00e9r\u00e9 une sonde nasogastrique et envisag\u00e9 une intervention chirurgicale, mais l\u2019occlusion a \u00e9t\u00e9 r\u00e9sorb\u00e9e mardi. Jair Bolsonaro se portait bien en suivant un r\u00e9gime \u00e0 base de liquides et les m\u00e9decins ont fini par retirer la sonde nasogastrique.<\/p>\n<p>Le m\u00e9decin du pr\u00e9sident, Antonio Macedo, a d\u00e9clar\u00e9 aux journalistes qu\u2019il est pr\u00eat \u00e0 travailler, ajoutant qu\u2019il suivra un r\u00e9gime sp\u00e9cial pendant le week-end et ne pourra pas pratiquer d\u2019activit\u00e9s physiques intenses.<\/p>\n<p>\u00ab\u202f<em>Le rago\u00fbt de poisson contenait quelques crevettes. J\u2019ai mang\u00e9 le poisson et aval\u00e9 la crevette\u202f\u00bb<\/em>, a d\u00e9clar\u00e9 <a href=\"https:\/\/www.youtube.com\/watch?v=zej15sGjR_E\">Bolsonaro tout sourire devant les cam\u00e9ras<\/a>. Le m\u00e9decin a confirm\u00e9 que \u00ab\u202f<em>la crevette n\u2019a pas \u00e9t\u00e9 m\u00e2ch\u00e9e<\/em>\u202f\u00bb avant d\u2019ajouter qu\u2019il conseillait de m\u00e2cher au moins 15 fois chaque bouch\u00e9e.<\/p>\n<p>Il avait commenc\u00e9 \u00e0 se sentir mal dimanche apr\u00e8s le d\u00e9jeuner, alors qu\u2019il s\u2019agissait de sa deuxi\u00e8me hospitalisation \u00ab\u202f<em>avec les m\u00eames sympt\u00f4mes<\/em>\u202f\u00bb en quelques mois. En juillet 2021, il avait \u00e9t\u00e9 emmen\u00e9 dans le m\u00eame h\u00f4pital pour une occlusion intestinale apr\u00e8s avoir souffert d\u2019un hoquet chronique.<\/p>\n<h2>Jair Bolsonaro poignard\u00e9 pendant sa campagne en&nbsp;2018<\/h2>\n<p><!--more--><\/p>\n<p>L\u2019\u00e9pisode de la crevette est la derni\u00e8re complication de sant\u00e9 de Bolsonaro suite \u00e0 un coup de couteau en 2018. Le pr\u00e9sident a subi plusieurs op\u00e9rations chirurgicales urgentes depuis qu\u2019il a \u00e9t\u00e9 poignard\u00e9 lors d\u2019un \u00e9v\u00e9nement de campagne en septembre 2018.<\/p>\n<p>Il passait ses vacances dans l\u2019\u00c9tat de Santa Catarina, dans le sud du Br\u00e9sil, lorsqu\u2019il a \u00e9t\u00e9 emmen\u00e9 d\u2019urgence dans un h\u00f4pital de <a href=\"https:\/\/www.newsendip.com\/fr\/le-nombre-de-sans-abri-a-sao-paulo-a-augmente-de-plus-de-30-en-2-ans\/\">S\u00e3o Paulo<\/a> le lundi matin apr\u00e8s avoir souffert de douleurs abdominales.<\/p>\n<p>M. Bolsonaro, qui est au pouvoir depuis 2019 et pr\u00e9voit de se <a href=\"https:\/\/www.newsendip.com\/fr\/jair-bolsonaro-se-prepare-aux-elections-presidentielles-de-2022-et-adhere-a-un-parti-politique\/\">repr\u00e9senter aux \u00e9lections pr\u00e9sidentielles<\/a> en octobre, a d\u00e9clar\u00e9 qu\u2019il maintiendrait son agenda habituel.<\/p>\n<p>Selon le m\u00e9decin de Bolsonaro, qui le suit depuis le coup de couteau, le pr\u00e9sident pourrait conna\u00eetre une nouvelle obstruction intestinale \u00e0 l\u2019avenir.<\/p>\n<p><strong><a href=\"https:\/\/www.newsendip.com\/fr\/etiquette\/bresil\/\">D\u00e9couvrez plus d\u2019actualit\u00e9s sur le Br\u00e9sil<\/a><\/strong><\/p>\n","protected":false},"excerpt":{"rendered":"<p>Le pr\u00e9sident br\u00e9silien Jair Bolsonaro a pass\u00e9 deux jours \u00e0 l\u2019h\u00f4pital \u00e0 cause d\u2019une crevette qu\u2019il a aval\u00e9e mais qu\u2019il n\u2019a pas m\u00e2ch\u00e9e, selon lui et son m\u00e9decin<\/p>\n","protected":false},"author":2,"featured_media":13869,"comment_status":"closed","ping_status":"closed","sticky":false,"template":"","format":"standard","meta":{"wp_typography_post_enhancements_disabled":false,"footnotes":""},"categories":[412],"tags":[455,421],"class_list":["post-18878","post","type-post","status-publish","format-standard","has-post-thumbnail","hentry","category-sciences-et-sante","tag-bresil","tag-vieux"],"yoast_head":"<!-- This site is optimized with the Yoast SEO Premium plugin v27.4 (Yoast SEO v27.4) - https:\/\/yoast.com\/product\/yoast-seo-premium-wordpress\/ -->\n<title>Le pr\u00e9sident br\u00e9silien Jair Bolsonaro explique son occlusion intestinale \u00e0 cause d&#039;une crevette<\/title>\n<meta name=\"description\" content=\"Le pr\u00e9sident br\u00e9silien Jair Bolsonaro a pass\u00e9 deux jours \u00e0 l&#039;h\u00f4pital \u00e0 cause d&#039;une crevette qu&#039;il a aval\u00e9e mais qu&#039;il n&#039;a pas m\u00e2ch\u00e9e, selon lui et son m\u00e9decin\" \/>\n<meta name=\"robots\" content=\"index, follow, max-snippet:-1, max-image-preview:large, max-video-preview:-1\" \/>\n<link rel=\"canonical\" href=\"https:\/\/www.newsendip.com\/fr\/le-president-bresilien-jair-bolsonaro-explique-son-occlusion-intestinale-a-cause-dune-crevette\/\" \/>\n<meta property=\"og:locale\" content=\"fr_FR\" \/>\n<meta property=\"og:type\" content=\"article\" \/>\n<meta property=\"og:title\" content=\"Le pr\u00e9sident br\u00e9silien Jair Bolsonaro explique son occlusion intestinale \u00e0 cause d&#039;une crevette\" \/>\n<meta property=\"og:description\" content=\"Le pr\u00e9sident br\u00e9silien Jair Bolsonaro a pass\u00e9 deux jours \u00e0 l&#039;h\u00f4pital \u00e0 cause d&#039;une crevette qu&#039;il a aval\u00e9e mais qu&#039;il n&#039;a pas m\u00e2ch\u00e9e, selon lui et son m\u00e9decin\" \/>\n<meta property=\"og:url\" content=\"https:\/\/www.newsendip.com\/fr\/le-president-bresilien-jair-bolsonaro-explique-son-occlusion-intestinale-a-cause-dune-crevette\/\" \/>\n<meta property=\"og:site_name\" content=\"Newsendip\" \/>\n<meta property=\"article:publisher\" content=\"https:\/\/www.facebook.com\/newsendip\" \/>\n<meta property=\"article:published_time\" content=\"2022-01-06T10:32:43+00:00\" \/>\n<meta property=\"article:modified_time\" content=\"2023-08-31T09:09:01+00:00\" \/>\n<meta property=\"og:image\" content=\"https:\/\/www.newsendip.com\/wp-content\/uploads\/2022\/01\/brazil-president-jair-bolsonaro-gut-obstruction-hospital-shrimp-progressive.jpeg\" \/>\n\t<meta property=\"og:image:width\" content=\"1731\" \/>\n\t<meta property=\"og:image:height\" content=\"1263\" \/>\n\t<meta property=\"og:image:type\" content=\"image\/jpeg\" \/>\n<meta name=\"author\" content=\"Newsendip with Reuters\" \/>\n<meta name=\"twitter:card\" content=\"summary_large_image\" \/>\n<meta name=\"twitter:creator\" content=\"@newsendip\" \/>\n<meta name=\"twitter:site\" content=\"@newsendip\" \/>\n<meta name=\"twitter:label1\" content=\"\u00c9crit par\" \/>\n\t<meta name=\"twitter:data1\" content=\"Newsendip avec Reuters\" \/>\n\t<meta name=\"twitter:label2\" content=\"Dur\u00e9e de lecture estim\u00e9e\" \/>\n\t<meta name=\"twitter:data2\" content=\"2 minutes\" \/>\n<!-- \/ Yoast SEO Premium plugin. -->","yoast_head_json":{"title":"Le pr\u00e9sident br\u00e9silien Jair Bolsonaro explique son occlusion intestinale \u00e0 cause d'une crevette","description":"Le pr\u00e9sident br\u00e9silien Jair Bolsonaro a pass\u00e9 deux jours \u00e0 l'h\u00f4pital \u00e0 cause d'une crevette qu'il a aval\u00e9e mais qu'il n'a pas m\u00e2ch\u00e9e, selon lui et son m\u00e9decin","robots":{"index":"index","follow":"follow","max-snippet":"max-snippet:-1","max-image-preview":"max-image-preview:large","max-video-preview":"max-video-preview:-1"},"canonical":"https:\/\/www.newsendip.com\/fr\/le-president-bresilien-jair-bolsonaro-explique-son-occlusion-intestinale-a-cause-dune-crevette\/","og_locale":"fr_FR","og_type":"article","og_title":"Le pr\u00e9sident br\u00e9silien Jair Bolsonaro explique son occlusion intestinale \u00e0 cause d'une crevette","og_description":"Le pr\u00e9sident br\u00e9silien Jair Bolsonaro a pass\u00e9 deux jours \u00e0 l'h\u00f4pital \u00e0 cause d'une crevette qu'il a aval\u00e9e mais qu'il n'a pas m\u00e2ch\u00e9e, selon lui et son m\u00e9decin","og_url":"https:\/\/www.newsendip.com\/fr\/le-president-bresilien-jair-bolsonaro-explique-son-occlusion-intestinale-a-cause-dune-crevette\/","og_site_name":"Newsendip","article_publisher":"https:\/\/www.facebook.com\/newsendip","article_published_time":"2022-01-06T10:32:43+00:00","article_modified_time":"2023-08-31T09:09:01+00:00","og_image":[{"width":1731,"height":1263,"url":"https:\/\/www.newsendip.com\/wp-content\/uploads\/2022\/01\/brazil-president-jair-bolsonaro-gut-obstruction-hospital-shrimp-progressive.jpeg","type":"image\/jpeg"}],"author":"Newsendip with Reuters","twitter_card":"summary_large_image","twitter_creator":"@newsendip","twitter_site":"@newsendip","twitter_misc":{"\u00c9crit par":"Newsendip avec Reuters","Dur\u00e9e de lecture estim\u00e9e":"2 minutes"},"schema":{"@context":"https:\/\/schema.org","@graph":[{"@type":"NewsArticle","@id":"https:\/\/www.newsendip.com\/fr\/le-president-bresilien-jair-bolsonaro-explique-son-occlusion-intestinale-a-cause-dune-crevette\/#article","isPartOf":{"@id":"https:\/\/www.newsendip.com\/fr\/le-president-bresilien-jair-bolsonaro-explique-son-occlusion-intestinale-a-cause-dune-crevette\/"},"author":{"name":"Newsendip with Reuters","@id":"https:\/\/www.newsendip.com\/fr\/#\/schema\/person\/182bec5d3cd42e6d99fd38038be46ccb"},"headline":"Le pr\u00e9sident br\u00e9silien Jair Bolsonaro explique son occlusion intestinale \u00e0 cause d\u2019une crevette","datePublished":"2022-01-06T10:32:43+00:00","dateModified":"2023-08-31T09:09:01+00:00","mainEntityOfPage":{"@id":"https:\/\/www.newsendip.com\/fr\/le-president-bresilien-jair-bolsonaro-explique-son-occlusion-intestinale-a-cause-dune-crevette\/"},"wordCount":469,"publisher":{"@id":"https:\/\/www.newsendip.com\/fr\/#organization"},"image":{"@id":"https:\/\/www.newsendip.com\/fr\/le-president-bresilien-jair-bolsonaro-explique-son-occlusion-intestinale-a-cause-dune-crevette\/#primaryimage"},"thumbnailUrl":"https:\/\/www.newsendip.com\/wp-content\/uploads\/2022\/01\/brazil-president-jair-bolsonaro-gut-obstruction-hospital-shrimp.webp","keywords":["Br\u00e9sil","Vieux"],"articleSection":["Sciences et sant\u00e9"],"inLanguage":"fr-FR","copyrightYear":"2022","copyrightHolder":{"@id":"https:\/\/www.newsendip.com\/#organization"}},{"@type":"WebPage","@id":"https:\/\/www.newsendip.com\/fr\/le-president-bresilien-jair-bolsonaro-explique-son-occlusion-intestinale-a-cause-dune-crevette\/","url":"https:\/\/www.newsendip.com\/fr\/le-president-bresilien-jair-bolsonaro-explique-son-occlusion-intestinale-a-cause-dune-crevette\/","name":"Le pr\u00e9sident br\u00e9silien Jair Bolsonaro explique son occlusion intestinale \u00e0 cause d'une crevette","isPartOf":{"@id":"https:\/\/www.newsendip.com\/fr\/#website"},"primaryImageOfPage":{"@id":"https:\/\/www.newsendip.com\/fr\/le-president-bresilien-jair-bolsonaro-explique-son-occlusion-intestinale-a-cause-dune-crevette\/#primaryimage"},"image":{"@id":"https:\/\/www.newsendip.com\/fr\/le-president-bresilien-jair-bolsonaro-explique-son-occlusion-intestinale-a-cause-dune-crevette\/#primaryimage"},"thumbnailUrl":"https:\/\/www.newsendip.com\/wp-content\/uploads\/2022\/01\/brazil-president-jair-bolsonaro-gut-obstruction-hospital-shrimp.webp","datePublished":"2022-01-06T10:32:43+00:00","dateModified":"2023-08-31T09:09:01+00:00","description":"Le pr\u00e9sident br\u00e9silien Jair Bolsonaro a pass\u00e9 deux jours \u00e0 l'h\u00f4pital \u00e0 cause d'une crevette qu'il a aval\u00e9e mais qu'il n'a pas m\u00e2ch\u00e9e, selon lui et son m\u00e9decin","breadcrumb":{"@id":"https:\/\/www.newsendip.com\/fr\/le-president-bresilien-jair-bolsonaro-explique-son-occlusion-intestinale-a-cause-dune-crevette\/#breadcrumb"},"inLanguage":"fr-FR","potentialAction":[{"@type":"ReadAction","target":["https:\/\/www.newsendip.com\/fr\/le-president-bresilien-jair-bolsonaro-explique-son-occlusion-intestinale-a-cause-dune-crevette\/"]}]},{"@type":"ImageObject","inLanguage":"fr-FR","@id":"https:\/\/www.newsendip.com\/fr\/le-president-bresilien-jair-bolsonaro-explique-son-occlusion-intestinale-a-cause-dune-crevette\/#primaryimage","url":"https:\/\/www.newsendip.com\/wp-content\/uploads\/2022\/01\/brazil-president-jair-bolsonaro-gut-obstruction-hospital-shrimp.webp","contentUrl":"https:\/\/www.newsendip.com\/wp-content\/uploads\/2022\/01\/brazil-president-jair-bolsonaro-gut-obstruction-hospital-shrimp.webp","width":1731,"height":1263,"caption":"Le pr\u00e9sident br\u00e9silien Jair Bolsonaro \u00e0 l'h\u00f4pital apr\u00e8s son occlusion intestinale | \u00a9 Twitter, jairbolsonaro"},{"@type":"BreadcrumbList","@id":"https:\/\/www.newsendip.com\/fr\/le-president-bresilien-jair-bolsonaro-explique-son-occlusion-intestinale-a-cause-dune-crevette\/#breadcrumb","itemListElement":[{"@type":"ListItem","position":1,"name":"Accueil","item":"https:\/\/www.newsendip.com\/fr\/"},{"@type":"ListItem","position":2,"name":"Le pr\u00e9sident br\u00e9silien Jair Bolsonaro explique son occlusion intestinale \u00e0 cause d&#8217;une crevette"}]},{"@type":"WebSite","@id":"https:\/\/www.newsendip.com\/fr\/#website","url":"https:\/\/www.newsendip.com\/fr\/","name":"Newsendip","description":"Red\u00e9couvrez l&#039;actualit\u00e9 internationale","publisher":{"@id":"https:\/\/www.newsendip.com\/fr\/#organization"},"potentialAction":[{"@type":"SearchAction","target":{"@type":"EntryPoint","urlTemplate":"https:\/\/www.newsendip.com\/fr\/?s={search_term_string}"},"query-input":{"@type":"PropertyValueSpecification","valueRequired":true,"valueName":"search_term_string"}}],"inLanguage":"fr-FR"},{"@type":"Organization","@id":"https:\/\/www.newsendip.com\/fr\/#organization","name":"Newsendip","url":"https:\/\/www.newsendip.com\/fr\/","logo":{"@type":"ImageObject","inLanguage":"fr-FR","@id":"https:\/\/www.newsendip.com\/fr\/#\/schema\/logo\/image\/","url":"https:\/\/www.newsendip.com\/wp-content\/uploads\/2023\/12\/512x512.svg","contentUrl":"https:\/\/www.newsendip.com\/wp-content\/uploads\/2023\/12\/512x512.svg","width":1,"height":1,"caption":"Newsendip"},"image":{"@id":"https:\/\/www.newsendip.com\/fr\/#\/schema\/logo\/image\/"},"sameAs":["https:\/\/www.facebook.com\/newsendip","https:\/\/x.com\/newsendip","https:\/\/mastodon.social\/@newsendip","https:\/\/www.linkedin.com\/company\/newsendip"],"description":"Newsendip est un site qui a pour mission de rendre l'actualit\u00e9 internationale accessible et diversifi\u00e9e","email":"contact@newsendip.com","legalName":"Newsendip SAS","foundingDate":"2022-11-04","vatID":"FR60921124723","numberOfEmployees":{"@type":"QuantitativeValue","minValue":"1","maxValue":"10"},"publishingPrinciples":"https:\/\/www.newsendip.com\/about-us\/","ownershipFundingInfo":"https:\/\/www.newsendip.com\/legal-notice\/","actionableFeedbackPolicy":"https:\/\/www.newsendip.com\/about-us\/","correctionsPolicy":"https:\/\/www.newsendip.com\/about-us\/","ethicsPolicy":"https:\/\/www.newsendip.com\/about-us\/","diversityPolicy":"https:\/\/www.newsendip.com\/about-us\/"},{"@type":"Person","@id":"https:\/\/www.newsendip.com\/fr\/#\/schema\/person\/182bec5d3cd42e6d99fd38038be46ccb","name":"Newsendip with Reuters","description":"Newsendip newsroom articles with the support of Reuters newswire","knowsAbout":["News"],"url":"https:\/\/www.newsendip.com\/fr\/author\/newsendip-reuters\/"}]}},"_links":{"self":[{"href":"https:\/\/www.newsendip.com\/fr\/wp-json\/wp\/v2\/posts\/18878","targetHints":{"allow":["GET"]}}],"collection":[{"href":"https:\/\/www.newsendip.com\/fr\/wp-json\/wp\/v2\/posts"}],"about":[{"href":"https:\/\/www.newsendip.com\/fr\/wp-json\/wp\/v2\/types\/post"}],"author":[{"embeddable":true,"href":"https:\/\/www.newsendip.com\/fr\/wp-json\/wp\/v2\/users\/2"}],"replies":[{"embeddable":true,"href":"https:\/\/www.newsendip.com\/fr\/wp-json\/wp\/v2\/comments?post=18878"}],"version-history":[{"count":0,"href":"https:\/\/www.newsendip.com\/fr\/wp-json\/wp\/v2\/posts\/18878\/revisions"}],"wp:featuredmedia":[{"embeddable":true,"href":"https:\/\/www.newsendip.com\/fr\/wp-json\/wp\/v2\/media\/13869"}],"wp:attachment":[{"href":"https:\/\/www.newsendip.com\/fr\/wp-json\/wp\/v2\/media?parent=18878"}],"wp:term":[{"taxonomy":"category","embeddable":true,"href":"https:\/\/www.newsendip.com\/fr\/wp-json\/wp\/v2\/categories?post=18878"},{"taxonomy":"post_tag","embeddable":true,"href":"https:\/\/www.newsendip.com\/fr\/wp-json\/wp\/v2\/tags?post=18878"}],"curies":[{"name":"wp","href":"https:\/\/api.w.org\/{rel}","templated":true}]}}