{"id":18880,"date":"2021-12-03T14:00:59","date_gmt":"2021-12-03T13:00:59","guid":{"rendered":"https:\/\/www.newsendip.com\/?p=18880"},"modified":"2024-07-16T23:13:34","modified_gmt":"2024-07-16T21:13:34","slug":"jair-bolsonaro-se-prepare-aux-elections-presidentielles-de-2022-et-adhere-a-un-parti-politique","status":"publish","type":"post","link":"https:\/\/www.newsendip.com\/fr\/jair-bolsonaro-se-prepare-aux-elections-presidentielles-de-2022-et-adhere-a-un-parti-politique\/","title":{"rendered":"Jair Bolsonaro se pr\u00e9pare aux \u00e9lections pr\u00e9sidentielles de 2022 et adh\u00e8re \u00e0 un parti politique"},"content":{"rendered":"<p><strong>Le pr\u00e9sident du Br\u00e9sil Jair Bolsonaro rejoint le Parti lib\u00e9ral car il a besoin d\u2019un parti pour les \u00e9lections pr\u00e9sidentielles de 2022. Il en \u00e9tait sans parti politique depuis 2019. Cette d\u00e9cision marque un changement par rapport \u00e0 sa campagne pr\u00e9c\u00e9dente, men\u00e9e contre la vieille garde politique.<br>\n<\/strong><\/p>\n<figure id=\"attachment_13803\" aria-describedby=\"caption-attachment-13803\" style=\"width: 800px\" class=\"wp-caption aligncenter\"><img decoding=\"async\" class=\"wp-image-13803 size-full\" src=\"https:\/\/www.newsendip.com\/wp-content\/uploads\/2021\/12\/bolsonaro-brazil-political-party.webp\" alt=\"Jair Bolsonaro, pr\u00e9sident du Br\u00e9sil\" width=\"800\" height=\"412\" srcset=\"https:\/\/www.newsendip.com\/wp-content\/uploads\/2021\/12\/bolsonaro-brazil-political-party.webp 800w, https:\/\/www.newsendip.com\/wp-content\/uploads\/2021\/12\/bolsonaro-brazil-political-party-60x31.webp 60w, https:\/\/www.newsendip.com\/wp-content\/uploads\/2021\/12\/bolsonaro-brazil-political-party-300x155.webp 300w, https:\/\/www.newsendip.com\/wp-content\/uploads\/2021\/12\/bolsonaro-brazil-political-party-768x396.webp 768w\" sizes=\"(max-width: 800px) 100vw, 800px\"><figcaption id=\"caption-attachment-13803\" class=\"wp-caption-text\">Jair Bolsonaro, pr\u00e9sident du Br\u00e9sil, rejoint un parti politique en pr\u00e9vision des \u00e9lections pr\u00e9sidentielles de 2022 | \u00a9 Jeso Carneiro, 2018<\/figcaption><\/figure>\n<p>Le 30 novembre, le pr\u00e9sident br\u00e9silien Jair Bolsonaro a <a href=\"https:\/\/www.infomoney.com.br\/politica\/bolsonaro-filia-se-ao-pl-de-valdemar-costa-neto-em-aposta-no-centrao-para-2022-acompanhe\/\">officiellement rejoint le Parti Lib\u00e9ral<\/a>, orient\u00e9 centre-droit. Fl\u00e1vio Bolsonaro, son fils a\u00een\u00e9 et s\u00e9nateur f\u00e9d\u00e9ral de l\u2019\u00c9tat de Rio de Janeiro, rejoint \u00e9galement le&nbsp;parti.<\/p>\n<p>Jair Bolsonaro doit \u00eatre affili\u00e9 \u00e0 un parti <a href=\"https:\/\/www.newsendip.com\/fr\/politique\/\">politique<\/a> pour se pr\u00e9senter aux \u00e9lections pr\u00e9sidentielles de 2022 mais cela faisait deux ans qu\u2019il n\u2019en avait&nbsp;pas.<\/p>\n<p>Le pr\u00e9sident br\u00e9silien a voulu cr\u00e9er son propre parti, Alliance pour le Br\u00e9sil, mais n\u2019a pas r\u00e9ussi \u00e0 r\u00e9unir suffisamment de signatures.<!--more--><\/p>\n<p>En novembre 2019, <strong>M. Bolsonaro a quitt\u00e9 le Parti social lib\u00e9ral<\/strong> un an apr\u00e8s son \u00e9lection de 2018\u202fen raison de d\u00e9saccords avec le pr\u00e9sident du&nbsp;parti.<\/p>\n<p>Le Parti lib\u00e9ral est membre d\u2019une coalition de partis conservateurs qui ont aid\u00e9 Bolsonaro \u00e0 faire passer des lois au Congr\u00e8s r\u00e9cemment.<\/p>\n<p>Cette d\u00e9cision marque un <strong>changement dans la politique de M. Bolsonaro<\/strong> par rapport \u00e0 sa pr\u00e9c\u00e9dente campagne \u00ab\u202f<em>anti-syst\u00e8me<\/em>\u202f\u00bb.<\/p>\n<p>L\u2019<a href=\"https:\/\/www.newsendip.com\/fr\/jair-bolsonaro-le-chef-detat-le-moins-populaire-parmi-13-leaders-du-monde\/\">impopulaire pr\u00e9sident du Br\u00e9sil<\/a> se pr\u00e9sentera probablement \u00e0 sa r\u00e9\u00e9lection contre l\u2019ancien pr\u00e9sident Lula.<\/p>\n<p><a href=\"https:\/\/www.newsendip.com\/fr\/etiquette\/bresil\/\"><strong>D\u00e9couvrez plus d\u2019actualit\u00e9s sur le Br\u00e9sil<\/strong><\/a><\/p>\n","protected":false},"excerpt":{"rendered":"<p>Le pr\u00e9sident du Br\u00e9sil Jair Bolsonaro rejoint le Parti lib\u00e9ral car il a besoin d\u2019un parti pour les \u00e9lections pr\u00e9sidentielles de 2022. Il en \u00e9tait sans parti politique depuis 2019.<\/p>\n","protected":false},"author":1,"featured_media":13803,"comment_status":"closed","ping_status":"closed","sticky":false,"template":"","format":"standard","meta":{"wp_typography_post_enhancements_disabled":false,"footnotes":""},"categories":[416],"tags":[455,421],"class_list":["post-18880","post","type-post","status-publish","format-standard","has-post-thumbnail","hentry","category-politique","tag-bresil","tag-vieux"],"yoast_head":"<!-- This site is optimized with the Yoast SEO Premium plugin v27.4 (Yoast SEO v27.4) - https:\/\/yoast.com\/product\/yoast-seo-premium-wordpress\/ -->\n<title>Jair Bolsonaro se pr\u00e9pare aux \u00e9lections pr\u00e9sidentielles de 2022 et adh\u00e8re \u00e0 un parti politique<\/title>\n<meta name=\"description\" content=\"Le pr\u00e9sident du Br\u00e9sil Jair Bolsonaro rejoint le Parti lib\u00e9ral car il a besoin d&#039;un parti pour les \u00e9lections pr\u00e9sidentielles de 2022. Il en \u00e9tait sans parti politique depuis 2019.\" \/>\n<meta name=\"robots\" content=\"index, follow, max-snippet:-1, max-image-preview:large, max-video-preview:-1\" \/>\n<link rel=\"canonical\" href=\"https:\/\/www.newsendip.com\/fr\/jair-bolsonaro-se-prepare-aux-elections-presidentielles-de-2022-et-adhere-a-un-parti-politique\/\" \/>\n<meta property=\"og:locale\" content=\"fr_FR\" \/>\n<meta property=\"og:type\" content=\"article\" \/>\n<meta property=\"og:title\" content=\"Jair Bolsonaro se pr\u00e9pare aux \u00e9lections pr\u00e9sidentielles de 2022 et adh\u00e8re \u00e0 un parti politique\" \/>\n<meta property=\"og:description\" content=\"Le pr\u00e9sident du Br\u00e9sil Jair Bolsonaro rejoint le Parti lib\u00e9ral car il a besoin d&#039;un parti pour les \u00e9lections pr\u00e9sidentielles de 2022. Il en \u00e9tait sans parti politique depuis 2019.\" \/>\n<meta property=\"og:url\" content=\"https:\/\/www.newsendip.com\/fr\/jair-bolsonaro-se-prepare-aux-elections-presidentielles-de-2022-et-adhere-a-un-parti-politique\/\" \/>\n<meta property=\"og:site_name\" content=\"Newsendip\" \/>\n<meta property=\"article:publisher\" content=\"https:\/\/www.facebook.com\/newsendip\" \/>\n<meta property=\"article:published_time\" content=\"2021-12-03T13:00:59+00:00\" \/>\n<meta property=\"article:modified_time\" content=\"2024-07-16T21:13:34+00:00\" \/>\n<meta property=\"og:image\" content=\"https:\/\/www.newsendip.com\/wp-content\/uploads\/2021\/12\/bolsonaro-brazil-political-party-progressive.jpeg\" \/>\n\t<meta property=\"og:image:width\" content=\"800\" \/>\n\t<meta property=\"og:image:height\" content=\"412\" \/>\n\t<meta property=\"og:image:type\" content=\"image\/jpeg\" \/>\n<meta name=\"author\" content=\"Cl\u00e9ment V\u00e9rit\u00e9\" \/>\n<meta name=\"twitter:card\" content=\"summary_large_image\" \/>\n<meta name=\"twitter:creator\" content=\"@https:\/\/twitter.com\/cverite\" \/>\n<meta name=\"twitter:site\" content=\"@newsendip\" \/>\n<meta name=\"twitter:label1\" content=\"\u00c9crit par\" \/>\n\t<meta name=\"twitter:data1\" content=\"Cl\u00e9ment V\u00e9rit\u00e9\" \/>\n\t<meta name=\"twitter:label2\" content=\"Dur\u00e9e de lecture estim\u00e9e\" \/>\n\t<meta name=\"twitter:data2\" content=\"2 minutes\" \/>\n<!-- \/ Yoast SEO Premium plugin. -->","yoast_head_json":{"title":"Jair Bolsonaro se pr\u00e9pare aux \u00e9lections pr\u00e9sidentielles de 2022 et adh\u00e8re \u00e0 un parti politique","description":"Le pr\u00e9sident du Br\u00e9sil Jair Bolsonaro rejoint le Parti lib\u00e9ral car il a besoin d'un parti pour les \u00e9lections pr\u00e9sidentielles de 2022. Il en \u00e9tait sans parti politique depuis 2019.","robots":{"index":"index","follow":"follow","max-snippet":"max-snippet:-1","max-image-preview":"max-image-preview:large","max-video-preview":"max-video-preview:-1"},"canonical":"https:\/\/www.newsendip.com\/fr\/jair-bolsonaro-se-prepare-aux-elections-presidentielles-de-2022-et-adhere-a-un-parti-politique\/","og_locale":"fr_FR","og_type":"article","og_title":"Jair Bolsonaro se pr\u00e9pare aux \u00e9lections pr\u00e9sidentielles de 2022 et adh\u00e8re \u00e0 un parti politique","og_description":"Le pr\u00e9sident du Br\u00e9sil Jair Bolsonaro rejoint le Parti lib\u00e9ral car il a besoin d'un parti pour les \u00e9lections pr\u00e9sidentielles de 2022. Il en \u00e9tait sans parti politique depuis 2019.","og_url":"https:\/\/www.newsendip.com\/fr\/jair-bolsonaro-se-prepare-aux-elections-presidentielles-de-2022-et-adhere-a-un-parti-politique\/","og_site_name":"Newsendip","article_publisher":"https:\/\/www.facebook.com\/newsendip","article_published_time":"2021-12-03T13:00:59+00:00","article_modified_time":"2024-07-16T21:13:34+00:00","og_image":[{"width":800,"height":412,"url":"https:\/\/www.newsendip.com\/wp-content\/uploads\/2021\/12\/bolsonaro-brazil-political-party-progressive.jpeg","type":"image\/jpeg"}],"author":"Cl\u00e9ment V\u00e9rit\u00e9","twitter_card":"summary_large_image","twitter_creator":"@https:\/\/twitter.com\/cverite","twitter_site":"@newsendip","twitter_misc":{"\u00c9crit par":"Cl\u00e9ment V\u00e9rit\u00e9","Dur\u00e9e de lecture estim\u00e9e":"2 minutes"},"schema":{"@context":"https:\/\/schema.org","@graph":[{"@type":"NewsArticle","@id":"https:\/\/www.newsendip.com\/fr\/jair-bolsonaro-se-prepare-aux-elections-presidentielles-de-2022-et-adhere-a-un-parti-politique\/#article","isPartOf":{"@id":"https:\/\/www.newsendip.com\/fr\/jair-bolsonaro-se-prepare-aux-elections-presidentielles-de-2022-et-adhere-a-un-parti-politique\/"},"author":{"name":"Cl\u00e9ment V\u00e9rit\u00e9","@id":"https:\/\/www.newsendip.com\/fr\/#\/schema\/person\/ea22c01755f464a3cbc2c619584d6363"},"headline":"Jair Bolsonaro se pr\u00e9pare aux \u00e9lections pr\u00e9sidentielles de 2022 et adh\u00e8re \u00e0 un parti politique","datePublished":"2021-12-03T13:00:59+00:00","dateModified":"2024-07-16T21:13:34+00:00","mainEntityOfPage":{"@id":"https:\/\/www.newsendip.com\/fr\/jair-bolsonaro-se-prepare-aux-elections-presidentielles-de-2022-et-adhere-a-un-parti-politique\/"},"wordCount":300,"publisher":{"@id":"https:\/\/www.newsendip.com\/fr\/#organization"},"image":{"@id":"https:\/\/www.newsendip.com\/fr\/jair-bolsonaro-se-prepare-aux-elections-presidentielles-de-2022-et-adhere-a-un-parti-politique\/#primaryimage"},"thumbnailUrl":"https:\/\/www.newsendip.com\/wp-content\/uploads\/2021\/12\/bolsonaro-brazil-political-party.webp","keywords":["Br\u00e9sil","Vieux"],"articleSection":["Politique"],"inLanguage":"fr-FR","copyrightYear":"2021","copyrightHolder":{"@id":"https:\/\/www.newsendip.com\/#organization"}},{"@type":"WebPage","@id":"https:\/\/www.newsendip.com\/fr\/jair-bolsonaro-se-prepare-aux-elections-presidentielles-de-2022-et-adhere-a-un-parti-politique\/","url":"https:\/\/www.newsendip.com\/fr\/jair-bolsonaro-se-prepare-aux-elections-presidentielles-de-2022-et-adhere-a-un-parti-politique\/","name":"Jair Bolsonaro se pr\u00e9pare aux \u00e9lections pr\u00e9sidentielles de 2022 et adh\u00e8re \u00e0 un parti politique","isPartOf":{"@id":"https:\/\/www.newsendip.com\/fr\/#website"},"primaryImageOfPage":{"@id":"https:\/\/www.newsendip.com\/fr\/jair-bolsonaro-se-prepare-aux-elections-presidentielles-de-2022-et-adhere-a-un-parti-politique\/#primaryimage"},"image":{"@id":"https:\/\/www.newsendip.com\/fr\/jair-bolsonaro-se-prepare-aux-elections-presidentielles-de-2022-et-adhere-a-un-parti-politique\/#primaryimage"},"thumbnailUrl":"https:\/\/www.newsendip.com\/wp-content\/uploads\/2021\/12\/bolsonaro-brazil-political-party.webp","datePublished":"2021-12-03T13:00:59+00:00","dateModified":"2024-07-16T21:13:34+00:00","description":"Le pr\u00e9sident du Br\u00e9sil Jair Bolsonaro rejoint le Parti lib\u00e9ral car il a besoin d'un parti pour les \u00e9lections pr\u00e9sidentielles de 2022. Il en \u00e9tait sans parti politique depuis 2019.","breadcrumb":{"@id":"https:\/\/www.newsendip.com\/fr\/jair-bolsonaro-se-prepare-aux-elections-presidentielles-de-2022-et-adhere-a-un-parti-politique\/#breadcrumb"},"inLanguage":"fr-FR","potentialAction":[{"@type":"ReadAction","target":["https:\/\/www.newsendip.com\/fr\/jair-bolsonaro-se-prepare-aux-elections-presidentielles-de-2022-et-adhere-a-un-parti-politique\/"]}]},{"@type":"ImageObject","inLanguage":"fr-FR","@id":"https:\/\/www.newsendip.com\/fr\/jair-bolsonaro-se-prepare-aux-elections-presidentielles-de-2022-et-adhere-a-un-parti-politique\/#primaryimage","url":"https:\/\/www.newsendip.com\/wp-content\/uploads\/2021\/12\/bolsonaro-brazil-political-party.webp","contentUrl":"https:\/\/www.newsendip.com\/wp-content\/uploads\/2021\/12\/bolsonaro-brazil-political-party.webp","width":800,"height":412,"caption":"Jair Bolsonaro, pr\u00e9sident du Br\u00e9sil, rejoint un parti politique en pr\u00e9vision des \u00e9lections pr\u00e9sidentielles de 2022 | \u00a9 Jeso Carneiro, 2018"},{"@type":"BreadcrumbList","@id":"https:\/\/www.newsendip.com\/fr\/jair-bolsonaro-se-prepare-aux-elections-presidentielles-de-2022-et-adhere-a-un-parti-politique\/#breadcrumb","itemListElement":[{"@type":"ListItem","position":1,"name":"Accueil","item":"https:\/\/www.newsendip.com\/fr\/"},{"@type":"ListItem","position":2,"name":"Jair Bolsonaro se pr\u00e9pare aux \u00e9lections pr\u00e9sidentielles de 2022 et adh\u00e8re \u00e0 un parti politique"}]},{"@type":"WebSite","@id":"https:\/\/www.newsendip.com\/fr\/#website","url":"https:\/\/www.newsendip.com\/fr\/","name":"Newsendip","description":"Red\u00e9couvrez l&#039;actualit\u00e9 internationale","publisher":{"@id":"https:\/\/www.newsendip.com\/fr\/#organization"},"potentialAction":[{"@type":"SearchAction","target":{"@type":"EntryPoint","urlTemplate":"https:\/\/www.newsendip.com\/fr\/?s={search_term_string}"},"query-input":{"@type":"PropertyValueSpecification","valueRequired":true,"valueName":"search_term_string"}}],"inLanguage":"fr-FR"},{"@type":"Organization","@id":"https:\/\/www.newsendip.com\/fr\/#organization","name":"Newsendip","url":"https:\/\/www.newsendip.com\/fr\/","logo":{"@type":"ImageObject","inLanguage":"fr-FR","@id":"https:\/\/www.newsendip.com\/fr\/#\/schema\/logo\/image\/","url":"https:\/\/www.newsendip.com\/wp-content\/uploads\/2023\/12\/512x512.svg","contentUrl":"https:\/\/www.newsendip.com\/wp-content\/uploads\/2023\/12\/512x512.svg","width":1,"height":1,"caption":"Newsendip"},"image":{"@id":"https:\/\/www.newsendip.com\/fr\/#\/schema\/logo\/image\/"},"sameAs":["https:\/\/www.facebook.com\/newsendip","https:\/\/x.com\/newsendip","https:\/\/mastodon.social\/@newsendip","https:\/\/www.linkedin.com\/company\/newsendip"],"description":"Newsendip est un site qui a pour mission de rendre l'actualit\u00e9 internationale accessible et diversifi\u00e9e","email":"contact@newsendip.com","legalName":"Newsendip SAS","foundingDate":"2022-11-04","vatID":"FR60921124723","numberOfEmployees":{"@type":"QuantitativeValue","minValue":"1","maxValue":"10"},"publishingPrinciples":"https:\/\/www.newsendip.com\/about-us\/","ownershipFundingInfo":"https:\/\/www.newsendip.com\/legal-notice\/","actionableFeedbackPolicy":"https:\/\/www.newsendip.com\/about-us\/","correctionsPolicy":"https:\/\/www.newsendip.com\/about-us\/","ethicsPolicy":"https:\/\/www.newsendip.com\/about-us\/","diversityPolicy":"https:\/\/www.newsendip.com\/about-us\/"},{"@type":"Person","@id":"https:\/\/www.newsendip.com\/fr\/#\/schema\/person\/ea22c01755f464a3cbc2c619584d6363","name":"Cl\u00e9ment V\u00e9rit\u00e9","description":"Cl\u00e9ment is the executive editor and founder of Newsendip. He started in the media industry as a freelance reporter at 16 for a local French newspaper after school and has never left it. He later worked for seven years at The New York Times, notably as a data analyst. He holds a Master of Management in France and a Master of Arts in the United Kingdom in International Marketing &amp; Communications Strategy. He has lived in France, the United Kingdom, and Italy.","sameAs":["https:\/\/www.newsendip.com\/","https:\/\/www.linkedin.com\/in\/clementverite\/","https:\/\/x.com\/https:\/\/twitter.com\/cverite"],"knowsAbout":["News","International","Business","Media monitoring"],"knowsLanguage":["English","French","Italian","Spanish"],"url":"https:\/\/www.newsendip.com\/fr\/author\/clement-verite\/"}]}},"_links":{"self":[{"href":"https:\/\/www.newsendip.com\/fr\/wp-json\/wp\/v2\/posts\/18880","targetHints":{"allow":["GET"]}}],"collection":[{"href":"https:\/\/www.newsendip.com\/fr\/wp-json\/wp\/v2\/posts"}],"about":[{"href":"https:\/\/www.newsendip.com\/fr\/wp-json\/wp\/v2\/types\/post"}],"author":[{"embeddable":true,"href":"https:\/\/www.newsendip.com\/fr\/wp-json\/wp\/v2\/users\/1"}],"replies":[{"embeddable":true,"href":"https:\/\/www.newsendip.com\/fr\/wp-json\/wp\/v2\/comments?post=18880"}],"version-history":[{"count":0,"href":"https:\/\/www.newsendip.com\/fr\/wp-json\/wp\/v2\/posts\/18880\/revisions"}],"wp:featuredmedia":[{"embeddable":true,"href":"https:\/\/www.newsendip.com\/fr\/wp-json\/wp\/v2\/media\/13803"}],"wp:attachment":[{"href":"https:\/\/www.newsendip.com\/fr\/wp-json\/wp\/v2\/media?parent=18880"}],"wp:term":[{"taxonomy":"category","embeddable":true,"href":"https:\/\/www.newsendip.com\/fr\/wp-json\/wp\/v2\/categories?post=18880"},{"taxonomy":"post_tag","embeddable":true,"href":"https:\/\/www.newsendip.com\/fr\/wp-json\/wp\/v2\/tags?post=18880"}],"curies":[{"name":"wp","href":"https:\/\/api.w.org\/{rel}","templated":true}]}}