{"id":18905,"date":"2022-01-09T18:54:16","date_gmt":"2022-01-09T17:54:16","guid":{"rendered":"https:\/\/www.newsendip.com\/?p=18905"},"modified":"2024-07-23T10:51:09","modified_gmt":"2024-07-23T08:51:09","slug":"en-colombie-les-deux-premieres-euthanasies-legales-pour-des-patients-atteints-de-maladies-non-terminales","status":"publish","type":"post","link":"https:\/\/www.newsendip.com\/fr\/en-colombie-les-deux-premieres-euthanasies-legales-pour-des-patients-atteints-de-maladies-non-terminales\/","title":{"rendered":"En Colombie, les deux premi\u00e8res euthanasies l\u00e9gales pour des patients atteints de maladies non terminales"},"content":{"rendered":"<p><strong>Deux Colombiens sont morts par euthanasie sans \u00eatre en phase terminale d\u2019une maladie, apr\u00e8s de longues batailles juridiques.<\/strong><\/p>\n<figure id=\"attachment_13887\" aria-describedby=\"caption-attachment-13887\" style=\"width: 1024px\" class=\"wp-caption aligncenter\"><img decoding=\"async\" class=\"wp-image-13887 size-large\" src=\"https:\/\/www.newsendip.com\/wp-content\/uploads\/2022\/01\/colombia-euthanasia-assisted-suicide-terminal-illness-1024x683.webp\" alt=\"Le Colombien Victor Escobar en octobre 2021\" width=\"1024\" height=\"683\" srcset=\"https:\/\/www.newsendip.com\/wp-content\/uploads\/2022\/01\/colombia-euthanasia-assisted-suicide-terminal-illness-1024x683.webp 1024w, https:\/\/www.newsendip.com\/wp-content\/uploads\/2022\/01\/colombia-euthanasia-assisted-suicide-terminal-illness-2048x1365.webp 2048w, https:\/\/www.newsendip.com\/wp-content\/uploads\/2022\/01\/colombia-euthanasia-assisted-suicide-terminal-illness-60x40.webp 60w, https:\/\/www.newsendip.com\/wp-content\/uploads\/2022\/01\/colombia-euthanasia-assisted-suicide-terminal-illness-720x480.webp 720w, https:\/\/www.newsendip.com\/wp-content\/uploads\/2022\/01\/colombia-euthanasia-assisted-suicide-terminal-illness-300x200.webp 300w, https:\/\/www.newsendip.com\/wp-content\/uploads\/2022\/01\/colombia-euthanasia-assisted-suicide-terminal-illness-768x512.webp 768w, https:\/\/www.newsendip.com\/wp-content\/uploads\/2022\/01\/colombia-euthanasia-assisted-suicide-terminal-illness-1536x1024.webp 1536w\" sizes=\"(max-width: 1024px) 100vw, 1024px\"><figcaption id=\"caption-attachment-13887\" class=\"wp-caption-text\">Victor Escobar, 60 ans, est devenu la premi\u00e8re personne en Colombie \u00e0 d\u00e9c\u00e9der par euthanasie pour une maladie non mortelle | \u00a9 Edwin Rodriguez Pipicano via Reuters, octobre 2021<\/figcaption><\/figure>\n<p>Le 7 janvier, Victor Escobar est d\u00e9c\u00e9d\u00e9 par euthanasie de mani\u00e8re l\u00e9gale m\u00eame s\u2019il ne souffrait pas de maladie en phase terminale. C\u2019est une premi\u00e8re en Colombie, qui fut suivie d\u2019un autre <a href=\"https:\/\/www.newsendip.com\/fr\/le-president-portugais-rejette-a-nouveau-la-loi-sur-leuthanasie-et-le-suicide-assiste\/\">suicide assist\u00e9<\/a> le lendemain.<\/p>\n<p>\u00ab\u202f<em>Nous avons atteint l\u2019objectif pour les patients comme moi, qui ne sommes pas en phase terminale mais avec une maladie d\u00e9g\u00e9n\u00e9rative, de gagner cette bataille, une bataille qui ouvre les portes aux autres patients qui viennent apr\u00e8s moi et qui, d\u00e8s maintenant, veulent une mort digne<\/em>\u202f\u00bb, a d\u00e9clar\u00e9 Victor Escobar, 60 ans, dans un message vid\u00e9o.<\/p>\n<p>Il souffrait d\u2019une maladie pulmonaire obstructive chronique avanc\u00e9e. La maladie avait \u00e9t\u00e9 diagnostiqu\u00e9e en 2015. Elle diminuait consid\u00e9rablement sa qualit\u00e9 de vie et il souffrait de plusieurs autres pathologies, comme l\u2019h\u00e9mipl\u00e9gie ou le diab\u00e8te.<\/p>\n<p>M. Escobar se battait pour son droit \u00e0 l\u2019euthanasie depuis octobre 2020, malgr\u00e9 l\u2019opposition de m\u00e9decins, de cliniques et de tribunaux affirmant qu\u2019il n\u2019\u00e9tait pas un patient en phase terminale ou que la maladie n\u2019\u00e9tait pas incurable. Pourtant, la Cour constitutionnelle a reconnu l\u2019an dernier que la proc\u00e9dure ne devait <strong>pas \u00eatre r\u00e9serv\u00e9e uniquement aux malades en phase terminale<\/strong>.<\/p>\n<h2>Batailles juridiques pour \u00eatre euthanasi\u00e9<\/h2>\n<p>En novembre, un tribunal de Cali a annul\u00e9 sa demande, ce qui signifie qu\u2019il devait recommencer le processus depuis le d\u00e9but. Mais un mois plus tard, le tribunal civil de Cali a finalement ordonn\u00e9 aux m\u00e9decins de satisfaire sa demande. Il a pass\u00e9 ses derni\u00e8res heures entour\u00e9 de ses proches et a command\u00e9 un cochon d\u2019Inde pour son dernier repas.<!--more--><\/p>\n<p>Le 8 janvier, Martha Sepulveda, une Colombienne atteinte de la maladie de Lou Gehrig, a \u00e9t\u00e9 euthanasi\u00e9e \u00e0 Medellin. Sa scl\u00e9rose lat\u00e9rale amyotrophique (SLA), une maladie neuromusculaire progressive, avait \u00e9t\u00e9 diagnostiqu\u00e9e en 2018. Elle \u00e9tait cens\u00e9e \u00eatre euthanasi\u00e9e en octobre dernier, mais le processus avait \u00e9t\u00e9 interrompue deux jours avant. Un comit\u00e9 m\u00e9dical avait d\u00e9termin\u00e9 \u00e0 la derni\u00e8re minute qu\u2019elle ne remplissait plus les conditions.<\/p>\n<p>En Colombie, les sanctions pour l\u2019euthanasie dans certaines circonstances ont \u00e9t\u00e9 supprim\u00e9es par la Cour constitutionnelle depuis 1997. La Cour a \u00e9galement ordonn\u00e9 de r\u00e9glementer la proc\u00e9dure en 2014. La premi\u00e8re personne atteinte d\u2019une maladie en phase terminale est d\u00e9c\u00e9d\u00e9e l\u00e9galement gr\u00e2ce \u00e0 une euthanasie en&nbsp;2015.<\/p>\n<p>Jusqu\u2019\u00e0 octobre dernier, 178 personnes atteintes de maladies en phase terminale avaient \u00e9t\u00e9 l\u00e9galement euthanasi\u00e9es en Colombie depuis 2015, selon le groupe colombien de d\u00e9fense des droits juridiques DescLAB.<\/p>\n<p>La Cour constitutionnelle a commenc\u00e9 \u00e0 discuter de l\u2019<a href=\"https:\/\/www.newsendip.com\/fr\/la-colombie-depenalisera-t-elle-lavortement-cette-fois\/\">extension du droit \u00e0 l\u2019avortement<\/a> en novembre dernier et devrait rendre sa d\u00e9cision en&nbsp;2022.<\/p>\n<p><strong><a href=\"https:\/\/www.newsendip.com\/fr\/etiquette\/colombie\/\">D\u00e9couvrez plus d\u2019actualit\u00e9s sur la Colombie<\/a><\/strong><\/p>\n","protected":false},"excerpt":{"rendered":"<p>Deux Colombiens sont morts par euthanasie sans \u00eatre en phase terminale d\u2019une maladie, apr\u00e8s de longues batailles juridiques.<\/p>\n","protected":false},"author":2,"featured_media":13887,"comment_status":"closed","ping_status":"closed","sticky":false,"template":"","format":"standard","meta":{"wp_typography_post_enhancements_disabled":false,"footnotes":""},"categories":[412],"tags":[440,421],"class_list":["post-18905","post","type-post","status-publish","format-standard","has-post-thumbnail","hentry","category-sciences-et-sante","tag-colombie","tag-vieux"],"yoast_head":"<!-- This site is optimized with the Yoast SEO Premium plugin v27.4 (Yoast SEO v27.4) - https:\/\/yoast.com\/product\/yoast-seo-premium-wordpress\/ -->\n<title>En Colombie, les deux premi\u00e8res euthanasies l\u00e9gales pour des patients atteints de maladies non terminales<\/title>\n<meta name=\"description\" content=\"Deux Colombiens sont morts par euthanasie sans \u00eatre en phase terminale d&#039;une maladie, apr\u00e8s de longues batailles juridiques.\" \/>\n<meta name=\"robots\" content=\"index, follow, max-snippet:-1, max-image-preview:large, max-video-preview:-1\" \/>\n<link rel=\"canonical\" href=\"https:\/\/www.newsendip.com\/fr\/en-colombie-les-deux-premieres-euthanasies-legales-pour-des-patients-atteints-de-maladies-non-terminales\/\" \/>\n<meta property=\"og:locale\" content=\"fr_FR\" \/>\n<meta property=\"og:type\" content=\"article\" \/>\n<meta property=\"og:title\" content=\"En Colombie, les deux premi\u00e8res euthanasies l\u00e9gales pour des patients atteints de maladies non terminales\" \/>\n<meta property=\"og:description\" content=\"Deux Colombiens sont morts par euthanasie sans \u00eatre en phase terminale d&#039;une maladie, apr\u00e8s de longues batailles juridiques.\" \/>\n<meta property=\"og:url\" content=\"https:\/\/www.newsendip.com\/fr\/en-colombie-les-deux-premieres-euthanasies-legales-pour-des-patients-atteints-de-maladies-non-terminales\/\" \/>\n<meta property=\"og:site_name\" content=\"Newsendip\" \/>\n<meta property=\"article:publisher\" content=\"https:\/\/www.facebook.com\/newsendip\" \/>\n<meta property=\"article:published_time\" content=\"2022-01-09T17:54:16+00:00\" \/>\n<meta property=\"article:modified_time\" content=\"2024-07-23T08:51:09+00:00\" \/>\n<meta property=\"og:image\" content=\"https:\/\/www.newsendip.com\/wp-content\/uploads\/2022\/01\/colombia-euthanasia-assisted-suicide-terminal-illness-progressive.jpeg\" \/>\n<meta name=\"author\" content=\"Newsendip with Reuters\" \/>\n<meta name=\"twitter:card\" content=\"summary_large_image\" \/>\n<meta name=\"twitter:image\" content=\"https:\/\/www.newsendip.com\/wp-content\/uploads\/2022\/01\/colombia-euthanasia-assisted-suicide-terminal-illness-progressive.jpeg\" \/>\n<meta name=\"twitter:creator\" content=\"@newsendip\" \/>\n<meta name=\"twitter:site\" content=\"@newsendip\" \/>\n<meta name=\"twitter:label1\" content=\"\u00c9crit par\" \/>\n\t<meta name=\"twitter:data1\" content=\"Newsendip avec Reuters\" \/>\n\t<meta name=\"twitter:label2\" content=\"Dur\u00e9e de lecture estim\u00e9e\" \/>\n\t<meta name=\"twitter:data2\" content=\"3 minutes\" \/>\n<!-- \/ Yoast SEO Premium plugin. -->","yoast_head_json":{"title":"En Colombie, les deux premi\u00e8res euthanasies l\u00e9gales pour des patients atteints de maladies non terminales","description":"Deux Colombiens sont morts par euthanasie sans \u00eatre en phase terminale d'une maladie, apr\u00e8s de longues batailles juridiques.","robots":{"index":"index","follow":"follow","max-snippet":"max-snippet:-1","max-image-preview":"max-image-preview:large","max-video-preview":"max-video-preview:-1"},"canonical":"https:\/\/www.newsendip.com\/fr\/en-colombie-les-deux-premieres-euthanasies-legales-pour-des-patients-atteints-de-maladies-non-terminales\/","og_locale":"fr_FR","og_type":"article","og_title":"En Colombie, les deux premi\u00e8res euthanasies l\u00e9gales pour des patients atteints de maladies non terminales","og_description":"Deux Colombiens sont morts par euthanasie sans \u00eatre en phase terminale d'une maladie, apr\u00e8s de longues batailles juridiques.","og_url":"https:\/\/www.newsendip.com\/fr\/en-colombie-les-deux-premieres-euthanasies-legales-pour-des-patients-atteints-de-maladies-non-terminales\/","og_site_name":"Newsendip","article_publisher":"https:\/\/www.facebook.com\/newsendip","article_published_time":"2022-01-09T17:54:16+00:00","article_modified_time":"2024-07-23T08:51:09+00:00","og_image":[{"url":"https:\/\/www.newsendip.com\/wp-content\/uploads\/2022\/01\/colombia-euthanasia-assisted-suicide-terminal-illness-progressive.jpeg","type":"","width":"","height":""}],"author":"Newsendip with Reuters","twitter_card":"summary_large_image","twitter_image":"https:\/\/www.newsendip.com\/wp-content\/uploads\/2022\/01\/colombia-euthanasia-assisted-suicide-terminal-illness-progressive.jpeg","twitter_creator":"@newsendip","twitter_site":"@newsendip","twitter_misc":{"\u00c9crit par":"Newsendip avec Reuters","Dur\u00e9e de lecture estim\u00e9e":"3 minutes"},"schema":{"@context":"https:\/\/schema.org","@graph":[{"@type":"NewsArticle","@id":"https:\/\/www.newsendip.com\/fr\/en-colombie-les-deux-premieres-euthanasies-legales-pour-des-patients-atteints-de-maladies-non-terminales\/#article","isPartOf":{"@id":"https:\/\/www.newsendip.com\/fr\/en-colombie-les-deux-premieres-euthanasies-legales-pour-des-patients-atteints-de-maladies-non-terminales\/"},"author":{"name":"Newsendip with Reuters","@id":"https:\/\/www.newsendip.com\/fr\/#\/schema\/person\/182bec5d3cd42e6d99fd38038be46ccb"},"headline":"En Colombie, les deux premi\u00e8res euthanasies l\u00e9gales pour des patients atteints de maladies non terminales","datePublished":"2022-01-09T17:54:16+00:00","dateModified":"2024-07-23T08:51:09+00:00","mainEntityOfPage":{"@id":"https:\/\/www.newsendip.com\/fr\/en-colombie-les-deux-premieres-euthanasies-legales-pour-des-patients-atteints-de-maladies-non-terminales\/"},"wordCount":543,"publisher":{"@id":"https:\/\/www.newsendip.com\/fr\/#organization"},"image":{"@id":"https:\/\/www.newsendip.com\/fr\/en-colombie-les-deux-premieres-euthanasies-legales-pour-des-patients-atteints-de-maladies-non-terminales\/#primaryimage"},"thumbnailUrl":"https:\/\/www.newsendip.com\/wp-content\/uploads\/2022\/01\/colombia-euthanasia-assisted-suicide-terminal-illness-scaled.webp","keywords":["Colombie","Vieux"],"articleSection":["Sciences et sant\u00e9"],"inLanguage":"fr-FR","copyrightYear":"2022","copyrightHolder":{"@id":"https:\/\/www.newsendip.com\/#organization"}},{"@type":"WebPage","@id":"https:\/\/www.newsendip.com\/fr\/en-colombie-les-deux-premieres-euthanasies-legales-pour-des-patients-atteints-de-maladies-non-terminales\/","url":"https:\/\/www.newsendip.com\/fr\/en-colombie-les-deux-premieres-euthanasies-legales-pour-des-patients-atteints-de-maladies-non-terminales\/","name":"En Colombie, les deux premi\u00e8res euthanasies l\u00e9gales pour des patients atteints de maladies non terminales","isPartOf":{"@id":"https:\/\/www.newsendip.com\/fr\/#website"},"primaryImageOfPage":{"@id":"https:\/\/www.newsendip.com\/fr\/en-colombie-les-deux-premieres-euthanasies-legales-pour-des-patients-atteints-de-maladies-non-terminales\/#primaryimage"},"image":{"@id":"https:\/\/www.newsendip.com\/fr\/en-colombie-les-deux-premieres-euthanasies-legales-pour-des-patients-atteints-de-maladies-non-terminales\/#primaryimage"},"thumbnailUrl":"https:\/\/www.newsendip.com\/wp-content\/uploads\/2022\/01\/colombia-euthanasia-assisted-suicide-terminal-illness-scaled.webp","datePublished":"2022-01-09T17:54:16+00:00","dateModified":"2024-07-23T08:51:09+00:00","description":"Deux Colombiens sont morts par euthanasie sans \u00eatre en phase terminale d'une maladie, apr\u00e8s de longues batailles juridiques.","breadcrumb":{"@id":"https:\/\/www.newsendip.com\/fr\/en-colombie-les-deux-premieres-euthanasies-legales-pour-des-patients-atteints-de-maladies-non-terminales\/#breadcrumb"},"inLanguage":"fr-FR","potentialAction":[{"@type":"ReadAction","target":["https:\/\/www.newsendip.com\/fr\/en-colombie-les-deux-premieres-euthanasies-legales-pour-des-patients-atteints-de-maladies-non-terminales\/"]}]},{"@type":"ImageObject","inLanguage":"fr-FR","@id":"https:\/\/www.newsendip.com\/fr\/en-colombie-les-deux-premieres-euthanasies-legales-pour-des-patients-atteints-de-maladies-non-terminales\/#primaryimage","url":"https:\/\/www.newsendip.com\/wp-content\/uploads\/2022\/01\/colombia-euthanasia-assisted-suicide-terminal-illness-scaled.webp","contentUrl":"https:\/\/www.newsendip.com\/wp-content\/uploads\/2022\/01\/colombia-euthanasia-assisted-suicide-terminal-illness-scaled.webp","width":2560,"height":1707,"caption":"Victor Escobar, 60 ans, est devenu la premi\u00e8re personne en Colombie \u00e0 d\u00e9c\u00e9der par euthanasie pour une maladie non mortelle | \u00a9 Edwin Rodriguez Pipicano via Reuters, octobre 2021"},{"@type":"BreadcrumbList","@id":"https:\/\/www.newsendip.com\/fr\/en-colombie-les-deux-premieres-euthanasies-legales-pour-des-patients-atteints-de-maladies-non-terminales\/#breadcrumb","itemListElement":[{"@type":"ListItem","position":1,"name":"Accueil","item":"https:\/\/www.newsendip.com\/fr\/"},{"@type":"ListItem","position":2,"name":"En Colombie, les deux premi\u00e8res euthanasies l\u00e9gales pour des patients atteints de maladies non terminales"}]},{"@type":"WebSite","@id":"https:\/\/www.newsendip.com\/fr\/#website","url":"https:\/\/www.newsendip.com\/fr\/","name":"Newsendip","description":"Red\u00e9couvrez l&#039;actualit\u00e9 internationale","publisher":{"@id":"https:\/\/www.newsendip.com\/fr\/#organization"},"potentialAction":[{"@type":"SearchAction","target":{"@type":"EntryPoint","urlTemplate":"https:\/\/www.newsendip.com\/fr\/?s={search_term_string}"},"query-input":{"@type":"PropertyValueSpecification","valueRequired":true,"valueName":"search_term_string"}}],"inLanguage":"fr-FR"},{"@type":"Organization","@id":"https:\/\/www.newsendip.com\/fr\/#organization","name":"Newsendip","url":"https:\/\/www.newsendip.com\/fr\/","logo":{"@type":"ImageObject","inLanguage":"fr-FR","@id":"https:\/\/www.newsendip.com\/fr\/#\/schema\/logo\/image\/","url":"https:\/\/www.newsendip.com\/wp-content\/uploads\/2023\/12\/512x512.svg","contentUrl":"https:\/\/www.newsendip.com\/wp-content\/uploads\/2023\/12\/512x512.svg","width":1,"height":1,"caption":"Newsendip"},"image":{"@id":"https:\/\/www.newsendip.com\/fr\/#\/schema\/logo\/image\/"},"sameAs":["https:\/\/www.facebook.com\/newsendip","https:\/\/x.com\/newsendip","https:\/\/mastodon.social\/@newsendip","https:\/\/www.linkedin.com\/company\/newsendip"],"description":"Newsendip est un site qui a pour mission de rendre l'actualit\u00e9 internationale accessible et diversifi\u00e9e","email":"contact@newsendip.com","legalName":"Newsendip SAS","foundingDate":"2022-11-04","vatID":"FR60921124723","numberOfEmployees":{"@type":"QuantitativeValue","minValue":"1","maxValue":"10"},"publishingPrinciples":"https:\/\/www.newsendip.com\/about-us\/","ownershipFundingInfo":"https:\/\/www.newsendip.com\/legal-notice\/","actionableFeedbackPolicy":"https:\/\/www.newsendip.com\/about-us\/","correctionsPolicy":"https:\/\/www.newsendip.com\/about-us\/","ethicsPolicy":"https:\/\/www.newsendip.com\/about-us\/","diversityPolicy":"https:\/\/www.newsendip.com\/about-us\/"},{"@type":"Person","@id":"https:\/\/www.newsendip.com\/fr\/#\/schema\/person\/182bec5d3cd42e6d99fd38038be46ccb","name":"Newsendip with Reuters","description":"Newsendip newsroom articles with the support of Reuters newswire","knowsAbout":["News"],"url":"https:\/\/www.newsendip.com\/fr\/author\/newsendip-reuters\/"}]}},"_links":{"self":[{"href":"https:\/\/www.newsendip.com\/fr\/wp-json\/wp\/v2\/posts\/18905","targetHints":{"allow":["GET"]}}],"collection":[{"href":"https:\/\/www.newsendip.com\/fr\/wp-json\/wp\/v2\/posts"}],"about":[{"href":"https:\/\/www.newsendip.com\/fr\/wp-json\/wp\/v2\/types\/post"}],"author":[{"embeddable":true,"href":"https:\/\/www.newsendip.com\/fr\/wp-json\/wp\/v2\/users\/2"}],"replies":[{"embeddable":true,"href":"https:\/\/www.newsendip.com\/fr\/wp-json\/wp\/v2\/comments?post=18905"}],"version-history":[{"count":0,"href":"https:\/\/www.newsendip.com\/fr\/wp-json\/wp\/v2\/posts\/18905\/revisions"}],"wp:featuredmedia":[{"embeddable":true,"href":"https:\/\/www.newsendip.com\/fr\/wp-json\/wp\/v2\/media\/13887"}],"wp:attachment":[{"href":"https:\/\/www.newsendip.com\/fr\/wp-json\/wp\/v2\/media?parent=18905"}],"wp:term":[{"taxonomy":"category","embeddable":true,"href":"https:\/\/www.newsendip.com\/fr\/wp-json\/wp\/v2\/categories?post=18905"},{"taxonomy":"post_tag","embeddable":true,"href":"https:\/\/www.newsendip.com\/fr\/wp-json\/wp\/v2\/tags?post=18905"}],"curies":[{"name":"wp","href":"https:\/\/api.w.org\/{rel}","templated":true}]}}